{"id":975,"date":"2015-01-22T15:54:48","date_gmt":"2015-01-22T14:54:48","guid":{"rendered":"http:\/\/www.interpeace.org\/2015\/01\/22\/watch-the-stockholm-peace-talks-live\/"},"modified":"2015-07-24T10:53:07","modified_gmt":"2015-07-24T08:53:07","slug":"watch-the-stockholm-peace-talks-live","status":"publish","type":"post","link":"https:\/\/www.interpeace.org\/fr\/2015\/01\/watch-the-stockholm-peace-talks-live\/","title":{"rendered":"Watch the Stockholm Peace Talks live"},"content":{"rendered":"<p>With the Stockholm Peace Talks fast approaching, we are happy to announce that they will be webcast live from the Swedish Parliament buildings in Stockholm.<\/p>\n<p>Following on from the successful Geneva Peace Talks series, and co-organized by the Sveriges Riksdag and Interpeace, the Stockholm Peace Talks will feature speakers coming from diverse parts of society, including the UN, government, business, the arts, academia and civil society. Our speakers will explore what peace means to them and how everyone can contribute to peace, be it at home or in a far-away conflict zone.<\/p>\n<p>The live webcast will start at <strong>17:00 CET on Thursday 29 January<\/strong>, and is accessible <a href=\"http:\/\/peacetalks.net\/stockholm-webcast\/\">Cliquez ici<\/a>.<\/p>\n<p>We will also be live tweeting from the event, with the hashtag <a href=\"https:\/\/twitter.com\/hashtag\/StockholmPeaceTalks?src=hash\">#StockholmPeaceTalks<\/a>.<\/p>","protected":false},"excerpt":{"rendered":"<p>With the Stockholm Peace Talks fast approaching, we are happy to announce that they will be webcast live from the Swedish Parliament buildings in Stockholm. Following on from the successful Geneva Peace Talks series, and co-organized by the Sveriges Riksdag and Interpeace, the Stockholm Peace Talks will feature speakers coming from diverse parts of society, [&hellip;]<\/p>\n","protected":false},"author":5,"featured_media":974,"comment_status":"open","ping_status":"open","sticky":false,"template":"","format":"standard","meta":{"_acf_changed":false,"_editorskit_title_hidden":false,"_editorskit_reading_time":0,"_editorskit_is_block_options_detached":false,"_editorskit_block_options_position":"{}","editor_plus_copied_stylings":"{}","_exactmetrics_skip_tracking":false,"_exactmetrics_sitenote_active":false,"_exactmetrics_sitenote_note":"","_exactmetrics_sitenote_category":0,"footnotes":"","_links_to":"","_links_to_target":""},"categories":[1],"tags":[],"globales":[],"initiatives":[],"news_type":[],"programmes":[],"resource_theme":[],"videos_vimeo":[],"class_list":["post-975","post","type-post","status-publish","format-standard","has-post-thumbnail","hentry","category-uncategorized"],"acf":[],"yoast_head":"<!-- This site is optimized with the Yoast SEO Premium plugin v27.4 (Yoast SEO v27.4) - https:\/\/yoast.com\/product\/yoast-seo-premium-wordpress\/ -->\n<title>Watch the Stockholm Peace Talks live - Interpeace<\/title>\n<meta name=\"robots\" content=\"index, follow, max-snippet:-1, max-image-preview:large, max-video-preview:-1\" \/>\n<link rel=\"canonical\" href=\"https:\/\/www.interpeace.org\/fr\/2015\/01\/watch-the-stockholm-peace-talks-live\/\" \/>\n<meta property=\"og:locale\" content=\"fr_FR\" \/>\n<meta property=\"og:type\" content=\"article\" \/>\n<meta property=\"og:title\" content=\"Watch the Stockholm Peace Talks live\" \/>\n<meta property=\"og:description\" content=\"With the Stockholm Peace Talks fast approaching, we are happy to announce that they will be webcast live from the Swedish Parliament buildings in Stockholm. Following on from the successful Geneva Peace Talks series, and co-organized by the Sveriges Riksdag and Interpeace, the Stockholm Peace Talks will feature speakers coming from diverse parts of society, [&hellip;]\" \/>\n<meta property=\"og:url\" content=\"https:\/\/www.interpeace.org\/fr\/2015\/01\/watch-the-stockholm-peace-talks-live\/\" \/>\n<meta property=\"og:site_name\" content=\"Interpeace\" \/>\n<meta property=\"article:publisher\" content=\"https:\/\/www.facebook.com\/Interpeace\" \/>\n<meta property=\"article:published_time\" content=\"2015-01-22T14:54:48+00:00\" \/>\n<meta property=\"article:modified_time\" content=\"2015-07-24T08:53:07+00:00\" \/>\n<meta property=\"og:image\" content=\"https:\/\/www.interpeace.org\/wp-content\/uploads\/2015\/01\/2015_01_22_SPT_Webcast.jpg\" \/>\n\t<meta property=\"og:image:width\" content=\"298\" \/>\n\t<meta property=\"og:image:height\" content=\"222\" \/>\n\t<meta property=\"og:image:type\" content=\"image\/jpeg\" \/>\n<meta name=\"twitter:card\" content=\"summary_large_image\" \/>\n<meta name=\"twitter:creator\" content=\"@InterpeaceTweet\" \/>\n<meta name=\"twitter:site\" content=\"@InterpeaceTweet\" \/>\n<meta name=\"twitter:label1\" content=\"\u00c9crit par\" \/>\n\t<meta name=\"twitter:data1\" content=\"\" \/>\n\t<meta name=\"twitter:label2\" content=\"Dur\u00e9e de lecture estim\u00e9e\" \/>\n\t<meta name=\"twitter:data2\" content=\"1 minute\" \/>\n<script type=\"application\/ld+json\" class=\"yoast-schema-graph\">{\"@context\":\"https:\\\/\\\/schema.org\",\"@graph\":[{\"@type\":\"Article\",\"@id\":\"https:\\\/\\\/www.interpeace.org\\\/2015\\\/01\\\/watch-the-stockholm-peace-talks-live\\\/#article\",\"isPartOf\":{\"@id\":\"https:\\\/\\\/www.interpeace.org\\\/2015\\\/01\\\/watch-the-stockholm-peace-talks-live\\\/\"},\"author\":{\"name\":\"\",\"@id\":\"\"},\"headline\":\"Watch the Stockholm Peace Talks live\",\"datePublished\":\"2015-01-22T14:54:48+00:00\",\"dateModified\":\"2015-07-24T08:53:07+00:00\",\"mainEntityOfPage\":{\"@id\":\"https:\\\/\\\/www.interpeace.org\\\/2015\\\/01\\\/watch-the-stockholm-peace-talks-live\\\/\"},\"wordCount\":125,\"commentCount\":0,\"publisher\":{\"@id\":\"https:\\\/\\\/www.interpeace.org\\\/#organization\"},\"image\":{\"@id\":\"https:\\\/\\\/www.interpeace.org\\\/2015\\\/01\\\/watch-the-stockholm-peace-talks-live\\\/#primaryimage\"},\"thumbnailUrl\":\"https:\\\/\\\/www.interpeace.org\\\/wp-content\\\/uploads\\\/2015\\\/01\\\/2015_01_22_SPT_Webcast.jpg\",\"articleSection\":[\"Uncategorized\"],\"inLanguage\":\"fr-FR\",\"potentialAction\":[{\"@type\":\"CommentAction\",\"name\":\"Comment\",\"target\":[\"https:\\\/\\\/www.interpeace.org\\\/2015\\\/01\\\/watch-the-stockholm-peace-talks-live\\\/#respond\"]}]},{\"@type\":\"WebPage\",\"@id\":\"https:\\\/\\\/www.interpeace.org\\\/2015\\\/01\\\/watch-the-stockholm-peace-talks-live\\\/\",\"url\":\"https:\\\/\\\/www.interpeace.org\\\/2015\\\/01\\\/watch-the-stockholm-peace-talks-live\\\/\",\"name\":\"Watch the Stockholm Peace Talks live - Interpeace\",\"isPartOf\":{\"@id\":\"https:\\\/\\\/www.interpeace.org\\\/#website\"},\"primaryImageOfPage\":{\"@id\":\"https:\\\/\\\/www.interpeace.org\\\/2015\\\/01\\\/watch-the-stockholm-peace-talks-live\\\/#primaryimage\"},\"image\":{\"@id\":\"https:\\\/\\\/www.interpeace.org\\\/2015\\\/01\\\/watch-the-stockholm-peace-talks-live\\\/#primaryimage\"},\"thumbnailUrl\":\"https:\\\/\\\/www.interpeace.org\\\/wp-content\\\/uploads\\\/2015\\\/01\\\/2015_01_22_SPT_Webcast.jpg\",\"datePublished\":\"2015-01-22T14:54:48+00:00\",\"dateModified\":\"2015-07-24T08:53:07+00:00\",\"breadcrumb\":{\"@id\":\"https:\\\/\\\/www.interpeace.org\\\/2015\\\/01\\\/watch-the-stockholm-peace-talks-live\\\/#breadcrumb\"},\"inLanguage\":\"fr-FR\",\"potentialAction\":[{\"@type\":\"ReadAction\",\"target\":[\"https:\\\/\\\/www.interpeace.org\\\/2015\\\/01\\\/watch-the-stockholm-peace-talks-live\\\/\"]}]},{\"@type\":\"ImageObject\",\"inLanguage\":\"fr-FR\",\"@id\":\"https:\\\/\\\/www.interpeace.org\\\/2015\\\/01\\\/watch-the-stockholm-peace-talks-live\\\/#primaryimage\",\"url\":\"https:\\\/\\\/www.interpeace.org\\\/wp-content\\\/uploads\\\/2015\\\/01\\\/2015_01_22_SPT_Webcast.jpg\",\"contentUrl\":\"https:\\\/\\\/www.interpeace.org\\\/wp-content\\\/uploads\\\/2015\\\/01\\\/2015_01_22_SPT_Webcast.jpg\",\"width\":298,\"height\":222},{\"@type\":\"BreadcrumbList\",\"@id\":\"https:\\\/\\\/www.interpeace.org\\\/2015\\\/01\\\/watch-the-stockholm-peace-talks-live\\\/#breadcrumb\",\"itemListElement\":[{\"@type\":\"ListItem\",\"position\":1,\"name\":\"Home\",\"item\":\"https:\\\/\\\/www.interpeace.org\\\/\"},{\"@type\":\"ListItem\",\"position\":2,\"name\":\"Watch the Stockholm Peace Talks live\"}]},{\"@type\":\"WebSite\",\"@id\":\"https:\\\/\\\/www.interpeace.org\\\/#website\",\"url\":\"https:\\\/\\\/www.interpeace.org\\\/\",\"name\":\"Interpeace\",\"description\":\"Enabling people to build lasting peace since 1994\",\"publisher\":{\"@id\":\"https:\\\/\\\/www.interpeace.org\\\/#organization\"},\"potentialAction\":[{\"@type\":\"SearchAction\",\"target\":{\"@type\":\"EntryPoint\",\"urlTemplate\":\"https:\\\/\\\/www.interpeace.org\\\/?s={search_term_string}\"},\"query-input\":{\"@type\":\"PropertyValueSpecification\",\"valueRequired\":true,\"valueName\":\"search_term_string\"}}],\"inLanguage\":\"fr-FR\"},{\"@type\":\"Organization\",\"@id\":\"https:\\\/\\\/www.interpeace.org\\\/#organization\",\"name\":\"INTERPEACE\",\"url\":\"https:\\\/\\\/www.interpeace.org\\\/\",\"logo\":{\"@type\":\"ImageObject\",\"inLanguage\":\"fr-FR\",\"@id\":\"https:\\\/\\\/www.interpeace.org\\\/#\\\/schema\\\/logo\\\/image\\\/\",\"url\":\"https:\\\/\\\/www.interpeace.org\\\/wp-content\\\/uploads\\\/2019\\\/11\\\/EN-Interpeace-small.png\",\"contentUrl\":\"https:\\\/\\\/www.interpeace.org\\\/wp-content\\\/uploads\\\/2019\\\/11\\\/EN-Interpeace-small.png\",\"width\":111,\"height\":85,\"caption\":\"INTERPEACE\"},\"image\":{\"@id\":\"https:\\\/\\\/www.interpeace.org\\\/#\\\/schema\\\/logo\\\/image\\\/\"},\"sameAs\":[\"https:\\\/\\\/www.facebook.com\\\/Interpeace\",\"https:\\\/\\\/x.com\\\/InterpeaceTweet\",\"https:\\\/\\\/www.instagram.com\\\/interpeace\\\/\"]},{\"@type\":\"Person\",\"@id\":\"\",\"url\":\"https:\\\/\\\/www.interpeace.org\\\/fr\\\/author\\\/\"}]}<\/script>\n<!-- \/ Yoast SEO Premium plugin. -->","yoast_head_json":{"title":"Watch the Stockholm Peace Talks live - Interpeace","robots":{"index":"index","follow":"follow","max-snippet":"max-snippet:-1","max-image-preview":"max-image-preview:large","max-video-preview":"max-video-preview:-1"},"canonical":"https:\/\/www.interpeace.org\/fr\/2015\/01\/watch-the-stockholm-peace-talks-live\/","og_locale":"fr_FR","og_type":"article","og_title":"Watch the Stockholm Peace Talks live","og_description":"With the Stockholm Peace Talks fast approaching, we are happy to announce that they will be webcast live from the Swedish Parliament buildings in Stockholm. Following on from the successful Geneva Peace Talks series, and co-organized by the Sveriges Riksdag and Interpeace, the Stockholm Peace Talks will feature speakers coming from diverse parts of society, [&hellip;]","og_url":"https:\/\/www.interpeace.org\/fr\/2015\/01\/watch-the-stockholm-peace-talks-live\/","og_site_name":"Interpeace","article_publisher":"https:\/\/www.facebook.com\/Interpeace","article_published_time":"2015-01-22T14:54:48+00:00","article_modified_time":"2015-07-24T08:53:07+00:00","og_image":[{"width":298,"height":222,"url":"https:\/\/www.interpeace.org\/wp-content\/uploads\/2015\/01\/2015_01_22_SPT_Webcast.jpg","type":"image\/jpeg"}],"twitter_card":"summary_large_image","twitter_creator":"@InterpeaceTweet","twitter_site":"@InterpeaceTweet","twitter_misc":{"\u00c9crit par":"","Dur\u00e9e de lecture estim\u00e9e":"1 minute"},"schema":{"@context":"https:\/\/schema.org","@graph":[{"@type":"Article","@id":"https:\/\/www.interpeace.org\/2015\/01\/watch-the-stockholm-peace-talks-live\/#article","isPartOf":{"@id":"https:\/\/www.interpeace.org\/2015\/01\/watch-the-stockholm-peace-talks-live\/"},"author":{"name":"","@id":""},"headline":"Watch the Stockholm Peace Talks live","datePublished":"2015-01-22T14:54:48+00:00","dateModified":"2015-07-24T08:53:07+00:00","mainEntityOfPage":{"@id":"https:\/\/www.interpeace.org\/2015\/01\/watch-the-stockholm-peace-talks-live\/"},"wordCount":125,"commentCount":0,"publisher":{"@id":"https:\/\/www.interpeace.org\/#organization"},"image":{"@id":"https:\/\/www.interpeace.org\/2015\/01\/watch-the-stockholm-peace-talks-live\/#primaryimage"},"thumbnailUrl":"https:\/\/www.interpeace.org\/wp-content\/uploads\/2015\/01\/2015_01_22_SPT_Webcast.jpg","articleSection":["Uncategorized"],"inLanguage":"fr-FR","potentialAction":[{"@type":"CommentAction","name":"Comment","target":["https:\/\/www.interpeace.org\/2015\/01\/watch-the-stockholm-peace-talks-live\/#respond"]}]},{"@type":"WebPage","@id":"https:\/\/www.interpeace.org\/2015\/01\/watch-the-stockholm-peace-talks-live\/","url":"https:\/\/www.interpeace.org\/2015\/01\/watch-the-stockholm-peace-talks-live\/","name":"Watch the Stockholm Peace Talks live - Interpeace","isPartOf":{"@id":"https:\/\/www.interpeace.org\/#website"},"primaryImageOfPage":{"@id":"https:\/\/www.interpeace.org\/2015\/01\/watch-the-stockholm-peace-talks-live\/#primaryimage"},"image":{"@id":"https:\/\/www.interpeace.org\/2015\/01\/watch-the-stockholm-peace-talks-live\/#primaryimage"},"thumbnailUrl":"https:\/\/www.interpeace.org\/wp-content\/uploads\/2015\/01\/2015_01_22_SPT_Webcast.jpg","datePublished":"2015-01-22T14:54:48+00:00","dateModified":"2015-07-24T08:53:07+00:00","breadcrumb":{"@id":"https:\/\/www.interpeace.org\/2015\/01\/watch-the-stockholm-peace-talks-live\/#breadcrumb"},"inLanguage":"fr-FR","potentialAction":[{"@type":"ReadAction","target":["https:\/\/www.interpeace.org\/2015\/01\/watch-the-stockholm-peace-talks-live\/"]}]},{"@type":"ImageObject","inLanguage":"fr-FR","@id":"https:\/\/www.interpeace.org\/2015\/01\/watch-the-stockholm-peace-talks-live\/#primaryimage","url":"https:\/\/www.interpeace.org\/wp-content\/uploads\/2015\/01\/2015_01_22_SPT_Webcast.jpg","contentUrl":"https:\/\/www.interpeace.org\/wp-content\/uploads\/2015\/01\/2015_01_22_SPT_Webcast.jpg","width":298,"height":222},{"@type":"BreadcrumbList","@id":"https:\/\/www.interpeace.org\/2015\/01\/watch-the-stockholm-peace-talks-live\/#breadcrumb","itemListElement":[{"@type":"ListItem","position":1,"name":"Home","item":"https:\/\/www.interpeace.org\/"},{"@type":"ListItem","position":2,"name":"Watch the Stockholm Peace Talks live"}]},{"@type":"WebSite","@id":"https:\/\/www.interpeace.org\/#website","url":"https:\/\/www.interpeace.org\/","name":"Interpeace","description":"Permettre aux gens de construire une paix durable depuis 1994","publisher":{"@id":"https:\/\/www.interpeace.org\/#organization"},"potentialAction":[{"@type":"SearchAction","target":{"@type":"EntryPoint","urlTemplate":"https:\/\/www.interpeace.org\/?s={search_term_string}"},"query-input":{"@type":"PropertyValueSpecification","valueRequired":true,"valueName":"search_term_string"}}],"inLanguage":"fr-FR"},{"@type":"Organization","@id":"https:\/\/www.interpeace.org\/#organization","name":"INTERPEACE","url":"https:\/\/www.interpeace.org\/","logo":{"@type":"ImageObject","inLanguage":"fr-FR","@id":"https:\/\/www.interpeace.org\/#\/schema\/logo\/image\/","url":"https:\/\/www.interpeace.org\/wp-content\/uploads\/2019\/11\/EN-Interpeace-small.png","contentUrl":"https:\/\/www.interpeace.org\/wp-content\/uploads\/2019\/11\/EN-Interpeace-small.png","width":111,"height":85,"caption":"INTERPEACE"},"image":{"@id":"https:\/\/www.interpeace.org\/#\/schema\/logo\/image\/"},"sameAs":["https:\/\/www.facebook.com\/Interpeace","https:\/\/x.com\/InterpeaceTweet","https:\/\/www.instagram.com\/interpeace\/"]},{"@type":"Person","@id":"","url":"https:\/\/www.interpeace.org\/fr\/author\/"}]}},"_links":{"self":[{"href":"https:\/\/www.interpeace.org\/fr\/wp-json\/wp\/v2\/posts\/975","targetHints":{"allow":["GET"]}}],"collection":[{"href":"https:\/\/www.interpeace.org\/fr\/wp-json\/wp\/v2\/posts"}],"about":[{"href":"https:\/\/www.interpeace.org\/fr\/wp-json\/wp\/v2\/types\/post"}],"author":[{"embeddable":true,"href":"https:\/\/www.interpeace.org\/fr\/wp-json\/wp\/v2\/users\/5"}],"replies":[{"embeddable":true,"href":"https:\/\/www.interpeace.org\/fr\/wp-json\/wp\/v2\/comments?post=975"}],"version-history":[{"count":0,"href":"https:\/\/www.interpeace.org\/fr\/wp-json\/wp\/v2\/posts\/975\/revisions"}],"wp:featuredmedia":[{"embeddable":true,"href":"https:\/\/www.interpeace.org\/fr\/wp-json\/wp\/v2\/media\/974"}],"wp:attachment":[{"href":"https:\/\/www.interpeace.org\/fr\/wp-json\/wp\/v2\/media?parent=975"}],"wp:term":[{"taxonomy":"category","embeddable":true,"href":"https:\/\/www.interpeace.org\/fr\/wp-json\/wp\/v2\/categories?post=975"},{"taxonomy":"post_tag","embeddable":true,"href":"https:\/\/www.interpeace.org\/fr\/wp-json\/wp\/v2\/tags?post=975"},{"taxonomy":"globales","embeddable":true,"href":"https:\/\/www.interpeace.org\/fr\/wp-json\/wp\/v2\/globales?post=975"},{"taxonomy":"initiatives","embeddable":true,"href":"https:\/\/www.interpeace.org\/fr\/wp-json\/wp\/v2\/initiatives?post=975"},{"taxonomy":"news_type","embeddable":true,"href":"https:\/\/www.interpeace.org\/fr\/wp-json\/wp\/v2\/news_type?post=975"},{"taxonomy":"programmes","embeddable":true,"href":"https:\/\/www.interpeace.org\/fr\/wp-json\/wp\/v2\/programmes?post=975"},{"taxonomy":"resource_theme","embeddable":true,"href":"https:\/\/www.interpeace.org\/fr\/wp-json\/wp\/v2\/resource_theme?post=975"},{"taxonomy":"videos_vimeo","embeddable":true,"href":"https:\/\/www.interpeace.org\/fr\/wp-json\/wp\/v2\/videos_vimeo?post=975"}],"curies":[{"name":"wp","href":"https:\/\/api.w.org\/{rel}","templated":true}]}}