{"id":973,"date":"2015-01-19T15:56:18","date_gmt":"2015-01-19T14:56:18","guid":{"rendered":"http:\/\/www.interpeace.org\/2015\/01\/19\/mali-national-group\/"},"modified":"2015-07-24T10:54:11","modified_gmt":"2015-07-24T08:54:11","slug":"mali-national-group","status":"publish","type":"post","link":"https:\/\/www.interpeace.org\/fr\/2015\/01\/mali-national-group\/","title":{"rendered":"National conference to validate Mali's country note on obstacles to peace"},"content":{"rendered":"<p><em>Veuillez trouver ci-dessous la version fran\u00e7aise<\/em><\/p>\n<p>Bamako, Monday, 19 January 2015<\/p>\n<p>Communiqu\u00e9s de presse<\/p>\n<p>L' <a href=\"http:\/\/www.imrap-mali.org\/\" target=\"_blank\">Institut Malien de Recherche Action Pour la Paix (<strong>IMRAP<\/strong>)<\/a> is organizing, in partnership with Interpeace, its <strong>National Conference<\/strong> at the <strong>International Conference Centre of Bamako (CICB)<\/strong> on <strong>27, 28 and 29 January 2015<\/strong>. The objective of the event is to present, validate and prioritize the preliminary results of the consultative research on <strong>obstacles to peace in Mali<\/strong>.<\/p>\n<p>IMRAP aims to contribute to the renewal of a harmonious coexistence amongst Malians, and to anchor participatory dialogue as a mechanism for dealing with challenges to social cohesion and peacebuilding in Mali. IMRAP travelled across Mali as well as to Malian refugee camps in Mauritania and Niger (with the exception of the Kidal region, which could not be consulted due to security reasons). In focus groups and individual interviews, IMRAP has consulted more than 4,500 Malians on the main obstacles to peace in Mali.<\/p>\n<p>IMRAP\u2019s dialogue and research process is based on a three-step methodology, namely: (i) local consultations through 123 focus groups and approximately 60 individual and group interviews; (ii) regional gatherings that aimed to validate and deepen the preliminary analysis emerging from grassroots consultations; (iii) the presentation of the preliminary results at the National Conference. The National Conference, which is expected to bring together representatives from all walks of Malian society, namely from the eight regions that constitute the country and from refugee camps in neighboring Mauritania and Niger, will aim to:<\/p>\n<p>1)\u00a0\u00a0 \u00a0Present and validate the Malian point of view on the main obstacles to peace in the country;<br \/>\n2)\u00a0\u00a0 \u00a0Propose a space for dialogue and reflection on the main obstacles to peace; and<br \/>\n3)\u00a0\u00a0 \u00a0Prioritize the entry points for research with regards to finding solutions to the obstacles to peace.<\/p>\n<p><strong>IMRAP<\/strong>, the Institut Malien de Recherche Action pour la Paix, is a Malian association, founded under Malian law, license N\u00b00590\/G-DB on 21 May 2014 by Malians committed to reflecting on peacebuilding. The Institute is comprised of two governing bodies: the Board of Governors and the Executive. The latter oversees the implementation of the programme entitled \u201cAgenda pour la paix\u201d across Mali.<\/p>\n<p><strong>Interpeace<\/strong> is an independent, international peacebuilding organization. Interpeace was initially established in 1994 by the United Nations to develop innovative solutions to build peace. We have a proven and recognized approach to enable people to build lasting peace.\u00a0 As a strategic partner of the United Nations, Interpeace is headquartered in Geneva (Switzerland) and has offices in Abidjan (C\u00f4te d'Ivoire), Brussels (Belgium), Guatemala City (Guatemala), Nairobi (Kenya), New York (USA) and Stockholm (Sweden).\u00a0 Interpeace supports locally-led peacebuilding initiatives in over 21 countries across Central America, Africa, Europe, the Middle East and Asia.\u00a0 Interpeace established its Regional Office for West Africa in Abidjan, C\u00f4te d\u2019Ivoire in 2013, with the aim of strengthening local peacebuilding processes in C\u00f4te d\u2019Ivoire, Guinea-Bissau, Liberia and Mali.<\/p>\n<p>For interview requests, please contact Caroline Sipalla at <a href=\"mailto:sipalla@interpeace.org\">sipalla@interpeace.org<\/a><\/p>\n<p>INTERVIEW OPPORTUNITIES:<br \/>\n\u2022\u00a0\u00a0 \u00a0<strong>N\u00e9n\u00e9 Konat\u00e9<\/strong>, Director of IMRAP<br \/>\n\u2022\u00a0\u00a0 \u00a0<strong>Scott M. Weber<\/strong>, Director-General of Interpeace<\/p>\n<p><strong>MEDIA CONTACT<\/strong><\/p>\n<p><strong>IMRAP<\/strong><br \/>\nM. Dramane Yacouba DIALLO, Coordinateur Recherche<br \/>\nM. Abdou Sekou OUOLOGUEM, Coordinateur Dialogue<br \/>\nInstitut Malien de Recherche Action pour la Paix (IMRAP),<br \/>\nBadalabougou-Est, Av. de l'OUA, rue 27, porte 357<br \/>\nT : +223 20 22 18 48<br \/>\nE : <a href=\"mailto:info@imrap-mali.org\">info@imrap-mali.org<\/a>; <a href=\"http:\/\/www.imrap-mali.org\/\" target=\"_blank\">www.imrap-mali.org<\/a>.<\/p>\n<p><strong>INTERPEACE<\/strong><br \/>\nCaroline SIPALLA<br \/>\nE : <a href=\"mailto:sipalla@interpeace.org\">sipalla@interpeace.org<\/a><br \/>\nT : +225 06 54 41 19 (C\u00f4te d'Ivoire)<br \/>\nT : +223 95 15 83 46 (Mali)<\/p>\n<p><strong>ADDRESSES \u2013 INTERPEACE WEST AFRICA OFFICE<\/strong><br \/>\nInterpeace West Africa Office<br \/>\n06 BP 2100, Deux Plateaux, Cocody, Abidjan, C\u00f4te d\u2019Ivoire<br \/>\nT : +225 22 42 33 41 ;<br \/>\nE : <a href=\"mailto:wao@interpeace.org\">wao@interpeace.org<\/a>; interpeace.org.<br \/>\n@InterpeaceTweet<\/p>\n<p><em>The programme <strong>Agenda pour la Paix, la r\u00e9conciliation et la coh\u00e9sion sociale<\/strong> is implemented by IMRAP, in partnership with Interpeace, thanks to the generous financial support of the European Union and the Ministry of Foreign Affairs of Denmark.<\/em><\/p>\n<hr \/>\n<p>Bamako, Lundi 19 Janvier 2015<\/p>\n<p>Communiqu\u00e9 de Presse<\/p>\n<p>L'<a href=\"http:\/\/www.imrap-mali.org\/\" target=\"_blank\">Institut Malien de Recherche Action pour la Paix <strong>(IMRAP)<\/strong> <\/a>organise, en partenariat avec Interpeace, sa <strong>Conf\u00e9rence Nationale<\/strong> au <strong>Centre International de Conf\u00e9rence de Bamako (CICB)<\/strong>, les <strong>27, 28 et 29 janvier 2015<\/strong> afin de pr\u00e9senter, valider et prioriser les r\u00e9sultats de la recherche consultative sur les <strong>obstacles \u00e0 la paix au Mali.<\/strong><\/p>\n<p>Dans le but de contribuer au renouvellement d'un vouloir vivre ensemble harmonieux et \u00e0 l'enracinement du dialogue inclusif comme m\u00e9canisme permettant d'adresser de mani\u00e8re conjointe les d\u00e9fis pour la consolidation de la paix et la coh\u00e9sion sociale au Mali, l'IMRAP a sillonn\u00e9 l'ensemble du territoire malien et les camps de r\u00e9fugi\u00e9s en Mauritanie et au Niger (\u00e0 l'exception de la r\u00e9gion de Kidal n'ayant pu \u00eatre consult\u00e9e pour des raisons de s\u00e9curit\u00e9). A travers la facilitation de focus groupes et des entretiens individuels, l'IMRAP a consult\u00e9 plus de 4 500 maliens sur les principaux obstacles \u00e0 la paix.<\/p>\n<p>Le processus de dialogue et de recherche conduit par l'IMRAP se base sur une d\u00e9marche en trois \u00e9tapes : (i) les consultations au niveau des cercles par le biais de 123 focus groupes et une soixantaine d'entretiens individuels et collectifs; (ii) les restitutions r\u00e9gionales visant \u00e0 valider et approfondir l'analyse pr\u00e9liminaire des maliens \u00e9mergeants des consultations initiales; (iii) la restitution nationale (Conf\u00e9rence Nationale). Rassemblant des repr\u00e9sentants de toutes les couches de la soci\u00e9t\u00e9 des huit (8) r\u00e9gions du Mali et des camps de r\u00e9fugi\u00e9s, cette derni\u00e8re a pour but de :<\/p>\n<p>1. Pr\u00e9senter et valider le point de vue des maliens sur les obstacles \u00e0 la paix;<br \/>\n2. Offrir un espace de dialogue et de r\u00e9flexion sur les obstacles \u00e0 la paix;<br \/>\n3. Prioriser les points d'entr\u00e9e pour la recherche de solutions sur les obstacles \u00e0 la paix.<\/p>\n<p><strong>IMRAP<\/strong>, l'Institut Malien de Recherche Action pour la Paix, est une association malienne cr\u00e9\u00e9e sous le r\u00e9c\u00e9piss\u00e9 N\u00b00590\/G-DB du 21 Mai 2014 par des Maliens engag\u00e9s dans la r\u00e9flexion sur la consolidation de la paix. L\u2019Institut comprend deux organes dirigeants : le Conseil d\u2019Administration et la Direction Ex\u00e9cutive. Cette derni\u00e8re est charg\u00e9e de la mise en \u0153uvre du programme intitul\u00e9 \u00ab Agenda pour la paix \u00bb sur l\u2019ensemble du territoire.<\/p>\n<p><strong>Interpeace<\/strong> est une organisation internationale ind\u00e9pendante de consolidation de la paix. Cr\u00e9\u00e9e en 1994 par les Nations Unies afin de d\u00e9velopper des solutions innovantes pour construire la paix, Interpeace a une approche \u00e9prouv\u00e9e et reconnue pour permettre aux soci\u00e9t\u00e9s de construire une paix durable. En tant que parternaire strat\u00e9gique des Nations Unies, Interpeace a son si\u00e8ge \u00e0 Gen\u00e8ve (Suisse) et poss\u00e8de des bureaux \u00e0 Abidjan (C\u00f4te d'Ivoire), Bruxelles (Belgique), Guatemala (Guatemala), Nairobi (Kenya), New York (Etats-Unis) et Stockholm (Su\u00e8de). Interpeace soutient des initiatives locales de consolidation de la paix dans plus de 21 pays \u00e0 travers l'Am\u00e9rique centrale, l'Afrique, l'Europe, le Moyen-Orient et en Asie. Interpeace a ouvert son Bureau r\u00e9gional en Afrique de l'Ouest en 2007. Ce bureau m\u00e8ne des programmes dans quatre pays de la sous-r\u00e9gion, \u00e0 savoir, le Mali, la C\u00f4te d'Ivoire, le Guin\u00e9e-Bissau et le Liberia.<\/p>\n<p>Pour toute demande d'interview, merci d'envoyer un courriel \u00e0 Caroline Sipalla : sipalla@interpeace.org<\/p>\n<p><span style=\"font-size: 11pt;line-height: 115%;font-family: 'Calibri',sans-serif\">OPPORTUNIT\u00c9S D'INTERVIEW<\/span><br \/>\n<strong>\u2022 N\u00e9n\u00e9 Konat\u00e9,<\/strong> Directrice de l'IMRAP<br \/>\n<strong>\u2022 Scott M. Weber,<\/strong> Directeur G\u00e9n\u00e9ral d'Interpeace<\/p>\n<p><strong><span style=\"font-size: 11pt;line-height: 115%;font-family: 'Calibri',sans-serif\">CONTACT MEDIA<\/span><\/strong><\/p>\n<p><strong>IMRAP<\/strong><br \/>\nM. Dramane Yacouba DIALLO, Coordinateur Recherche<br \/>\nM. Abdou Sekou OUOLOGUEM, Coordinateur Dialogue<br \/>\nInstitut Malien de Recherche Action pour la Paix (IMRAP),<br \/>\nBadalabougou-Est, Av. de l'OUA, rue 27, porte 357<br \/>\nT : +223 20 22 18 48<br \/>\nE : <a href=\"mailto:info@imrap-mali.org\">info@imrap-mali.org;<\/a> <a href=\"http:\/\/www.imrap-mali.org\/\" target=\"_blank\">www.imrap-mali.org<\/a>.<\/p>\n<p><strong>INTERPEACE<\/strong><br \/>\nCaroline SIPALLA<br \/>\nE : sipalla@interpeace.org<br \/>\nT : +225 06 54 41 19 (C\u00f4te d'Ivoire)<br \/>\nT : +223 95 15 83 46 (Mali)<\/p>\n<p><strong>ADRESSES \u2013 INTERPEACE EN AFRIQUE DE L'OUEST<\/strong><br \/>\nBureau R\u00e9gional d'Interpeace pour l'Afrique de l'Ouest<br \/>\n06 BP 2100, Deux Plateaux, Cocody, Abidjan, C\u00f4te d'Ivoire<br \/>\nT : +225 22 42 33 41 ;<br \/>\nE : wao@interpeace.org; interpeace.org.<br \/>\n@InterpeaceTweet<\/p>\n<p><em>Le programme <strong>Agenda pour la Paix, la r\u00e9conciliation et la coh\u00e9sion sociale<\/strong> est mis en \u0153uvre par l'IMRAP en partenariat avec Interpeace, gr\u00e2ce au soutien financier de l'Union Europ\u00e9enne et du Minist\u00e8re des Affaires Etrang\u00e8res du Danemark.<\/em><\/p>","protected":false},"excerpt":{"rendered":"<p>Veuillez trouver ci-dessous la version fran\u00e7aise Bamako, Monday, 19 January 2015 Press Release The Institut Malien de Recherche Action Pour la Paix (IMRAP) is organizing, in partnership with Interpeace, its National Conference at the International Conference Centre of Bamako (CICB) on 27, 28 and 29 January 2015. The objective of the event is to present, [&hellip;]<\/p>\n","protected":false},"author":4,"featured_media":972,"comment_status":"open","ping_status":"open","sticky":false,"template":"","format":"standard","meta":{"_acf_changed":false,"_editorskit_title_hidden":false,"_editorskit_reading_time":0,"_editorskit_is_block_options_detached":false,"_editorskit_block_options_position":"{}","editor_plus_copied_stylings":"{}","_exactmetrics_skip_tracking":false,"_exactmetrics_sitenote_active":false,"_exactmetrics_sitenote_note":"","_exactmetrics_sitenote_category":0,"footnotes":"","_links_to":"","_links_to_target":""},"categories":[1],"tags":[],"globales":[],"initiatives":[],"news_type":[127],"programmes":[67,72],"resource_theme":[],"videos_vimeo":[],"class_list":["post-973","post","type-post","status-publish","format-standard","has-post-thumbnail","hentry","category-uncategorized","news_type-press-release","programmes-west-africa","programmes-mali"],"acf":[],"yoast_head":"<!-- This site is optimized with the Yoast SEO Premium plugin v27.4 (Yoast SEO v27.4) - https:\/\/yoast.com\/product\/yoast-seo-premium-wordpress\/ -->\n<title>National conference to validate Mali&#039;s country note on obstacles to peace - Interpeace<\/title>\n<meta name=\"robots\" content=\"index, follow, max-snippet:-1, max-image-preview:large, max-video-preview:-1\" \/>\n<link rel=\"canonical\" href=\"https:\/\/www.interpeace.org\/fr\/2015\/01\/mali-national-group\/\" \/>\n<meta property=\"og:locale\" content=\"fr_FR\" \/>\n<meta property=\"og:type\" content=\"article\" \/>\n<meta property=\"og:title\" content=\"National conference to validate Mali&#039;s country note on obstacles to peace\" \/>\n<meta property=\"og:description\" content=\"Veuillez trouver ci-dessous la version fran\u00e7aise Bamako, Monday, 19 January 2015 Press Release The Institut Malien de Recherche Action Pour la Paix (IMRAP) is organizing, in partnership with Interpeace, its National Conference at the International Conference Centre of Bamako (CICB) on 27, 28 and 29 January 2015. The objective of the event is to present, [&hellip;]\" \/>\n<meta property=\"og:url\" content=\"https:\/\/www.interpeace.org\/fr\/2015\/01\/mali-national-group\/\" \/>\n<meta property=\"og:site_name\" content=\"Interpeace\" \/>\n<meta property=\"article:publisher\" content=\"https:\/\/www.facebook.com\/Interpeace\" \/>\n<meta property=\"article:published_time\" content=\"2015-01-19T14:56:18+00:00\" \/>\n<meta property=\"article:modified_time\" content=\"2015-07-24T08:54:11+00:00\" \/>\n<meta property=\"og:image\" content=\"https:\/\/www.interpeace.org\/wp-content\/uploads\/2015\/01\/2015_01_19_Mali_National_Group_MA.jpg\" \/>\n\t<meta property=\"og:image:width\" content=\"300\" \/>\n\t<meta property=\"og:image:height\" content=\"222\" \/>\n\t<meta property=\"og:image:type\" content=\"image\/jpeg\" \/>\n<meta name=\"twitter:card\" content=\"summary_large_image\" \/>\n<meta name=\"twitter:creator\" content=\"@InterpeaceTweet\" \/>\n<meta name=\"twitter:site\" content=\"@InterpeaceTweet\" \/>\n<meta name=\"twitter:label1\" content=\"\u00c9crit par\" \/>\n\t<meta name=\"twitter:data1\" content=\"\" \/>\n\t<meta name=\"twitter:label2\" content=\"Dur\u00e9e de lecture estim\u00e9e\" \/>\n\t<meta name=\"twitter:data2\" content=\"6 minutes\" \/>\n<script type=\"application\/ld+json\" class=\"yoast-schema-graph\">{\"@context\":\"https:\\\/\\\/schema.org\",\"@graph\":[{\"@type\":\"Article\",\"@id\":\"https:\\\/\\\/www.interpeace.org\\\/2015\\\/01\\\/mali-national-group\\\/#article\",\"isPartOf\":{\"@id\":\"https:\\\/\\\/www.interpeace.org\\\/2015\\\/01\\\/mali-national-group\\\/\"},\"author\":{\"name\":\"\",\"@id\":\"\"},\"headline\":\"National conference to validate Mali's country note on obstacles to peace\",\"datePublished\":\"2015-01-19T14:56:18+00:00\",\"dateModified\":\"2015-07-24T08:54:11+00:00\",\"mainEntityOfPage\":{\"@id\":\"https:\\\/\\\/www.interpeace.org\\\/2015\\\/01\\\/mali-national-group\\\/\"},\"wordCount\":1339,\"commentCount\":0,\"publisher\":{\"@id\":\"https:\\\/\\\/www.interpeace.org\\\/#organization\"},\"image\":{\"@id\":\"https:\\\/\\\/www.interpeace.org\\\/2015\\\/01\\\/mali-national-group\\\/#primaryimage\"},\"thumbnailUrl\":\"https:\\\/\\\/www.interpeace.org\\\/wp-content\\\/uploads\\\/2015\\\/01\\\/2015_01_19_Mali_National_Group_MA.jpg\",\"articleSection\":[\"Uncategorized\"],\"inLanguage\":\"fr-FR\",\"potentialAction\":[{\"@type\":\"CommentAction\",\"name\":\"Comment\",\"target\":[\"https:\\\/\\\/www.interpeace.org\\\/2015\\\/01\\\/mali-national-group\\\/#respond\"]}]},{\"@type\":\"WebPage\",\"@id\":\"https:\\\/\\\/www.interpeace.org\\\/2015\\\/01\\\/mali-national-group\\\/\",\"url\":\"https:\\\/\\\/www.interpeace.org\\\/2015\\\/01\\\/mali-national-group\\\/\",\"name\":\"National conference to validate Mali's country note on obstacles to peace - Interpeace\",\"isPartOf\":{\"@id\":\"https:\\\/\\\/www.interpeace.org\\\/#website\"},\"primaryImageOfPage\":{\"@id\":\"https:\\\/\\\/www.interpeace.org\\\/2015\\\/01\\\/mali-national-group\\\/#primaryimage\"},\"image\":{\"@id\":\"https:\\\/\\\/www.interpeace.org\\\/2015\\\/01\\\/mali-national-group\\\/#primaryimage\"},\"thumbnailUrl\":\"https:\\\/\\\/www.interpeace.org\\\/wp-content\\\/uploads\\\/2015\\\/01\\\/2015_01_19_Mali_National_Group_MA.jpg\",\"datePublished\":\"2015-01-19T14:56:18+00:00\",\"dateModified\":\"2015-07-24T08:54:11+00:00\",\"breadcrumb\":{\"@id\":\"https:\\\/\\\/www.interpeace.org\\\/2015\\\/01\\\/mali-national-group\\\/#breadcrumb\"},\"inLanguage\":\"fr-FR\",\"potentialAction\":[{\"@type\":\"ReadAction\",\"target\":[\"https:\\\/\\\/www.interpeace.org\\\/2015\\\/01\\\/mali-national-group\\\/\"]}]},{\"@type\":\"ImageObject\",\"inLanguage\":\"fr-FR\",\"@id\":\"https:\\\/\\\/www.interpeace.org\\\/2015\\\/01\\\/mali-national-group\\\/#primaryimage\",\"url\":\"https:\\\/\\\/www.interpeace.org\\\/wp-content\\\/uploads\\\/2015\\\/01\\\/2015_01_19_Mali_National_Group_MA.jpg\",\"contentUrl\":\"https:\\\/\\\/www.interpeace.org\\\/wp-content\\\/uploads\\\/2015\\\/01\\\/2015_01_19_Mali_National_Group_MA.jpg\",\"width\":300,\"height\":222,\"caption\":\"Photo credit: IMRAP\"},{\"@type\":\"BreadcrumbList\",\"@id\":\"https:\\\/\\\/www.interpeace.org\\\/2015\\\/01\\\/mali-national-group\\\/#breadcrumb\",\"itemListElement\":[{\"@type\":\"ListItem\",\"position\":1,\"name\":\"Home\",\"item\":\"https:\\\/\\\/www.interpeace.org\\\/\"},{\"@type\":\"ListItem\",\"position\":2,\"name\":\"National conference to validate Mali's country note on obstacles to peace\"}]},{\"@type\":\"WebSite\",\"@id\":\"https:\\\/\\\/www.interpeace.org\\\/#website\",\"url\":\"https:\\\/\\\/www.interpeace.org\\\/\",\"name\":\"Interpeace\",\"description\":\"Enabling people to build lasting peace since 1994\",\"publisher\":{\"@id\":\"https:\\\/\\\/www.interpeace.org\\\/#organization\"},\"potentialAction\":[{\"@type\":\"SearchAction\",\"target\":{\"@type\":\"EntryPoint\",\"urlTemplate\":\"https:\\\/\\\/www.interpeace.org\\\/?s={search_term_string}\"},\"query-input\":{\"@type\":\"PropertyValueSpecification\",\"valueRequired\":true,\"valueName\":\"search_term_string\"}}],\"inLanguage\":\"fr-FR\"},{\"@type\":\"Organization\",\"@id\":\"https:\\\/\\\/www.interpeace.org\\\/#organization\",\"name\":\"INTERPEACE\",\"url\":\"https:\\\/\\\/www.interpeace.org\\\/\",\"logo\":{\"@type\":\"ImageObject\",\"inLanguage\":\"fr-FR\",\"@id\":\"https:\\\/\\\/www.interpeace.org\\\/#\\\/schema\\\/logo\\\/image\\\/\",\"url\":\"https:\\\/\\\/www.interpeace.org\\\/wp-content\\\/uploads\\\/2019\\\/11\\\/EN-Interpeace-small.png\",\"contentUrl\":\"https:\\\/\\\/www.interpeace.org\\\/wp-content\\\/uploads\\\/2019\\\/11\\\/EN-Interpeace-small.png\",\"width\":111,\"height\":85,\"caption\":\"INTERPEACE\"},\"image\":{\"@id\":\"https:\\\/\\\/www.interpeace.org\\\/#\\\/schema\\\/logo\\\/image\\\/\"},\"sameAs\":[\"https:\\\/\\\/www.facebook.com\\\/Interpeace\",\"https:\\\/\\\/x.com\\\/InterpeaceTweet\",\"https:\\\/\\\/www.instagram.com\\\/interpeace\\\/\"]},{\"@type\":\"Person\",\"@id\":\"\",\"url\":\"https:\\\/\\\/www.interpeace.org\\\/fr\\\/author\\\/\"}]}<\/script>\n<!-- \/ Yoast SEO Premium plugin. -->","yoast_head_json":{"title":"National conference to validate Mali's country note on obstacles to peace - Interpeace","robots":{"index":"index","follow":"follow","max-snippet":"max-snippet:-1","max-image-preview":"max-image-preview:large","max-video-preview":"max-video-preview:-1"},"canonical":"https:\/\/www.interpeace.org\/fr\/2015\/01\/mali-national-group\/","og_locale":"fr_FR","og_type":"article","og_title":"National conference to validate Mali's country note on obstacles to peace","og_description":"Veuillez trouver ci-dessous la version fran\u00e7aise Bamako, Monday, 19 January 2015 Press Release The Institut Malien de Recherche Action Pour la Paix (IMRAP) is organizing, in partnership with Interpeace, its National Conference at the International Conference Centre of Bamako (CICB) on 27, 28 and 29 January 2015. The objective of the event is to present, [&hellip;]","og_url":"https:\/\/www.interpeace.org\/fr\/2015\/01\/mali-national-group\/","og_site_name":"Interpeace","article_publisher":"https:\/\/www.facebook.com\/Interpeace","article_published_time":"2015-01-19T14:56:18+00:00","article_modified_time":"2015-07-24T08:54:11+00:00","og_image":[{"width":300,"height":222,"url":"https:\/\/www.interpeace.org\/wp-content\/uploads\/2015\/01\/2015_01_19_Mali_National_Group_MA.jpg","type":"image\/jpeg"}],"twitter_card":"summary_large_image","twitter_creator":"@InterpeaceTweet","twitter_site":"@InterpeaceTweet","twitter_misc":{"\u00c9crit par":"","Dur\u00e9e de lecture estim\u00e9e":"6 minutes"},"schema":{"@context":"https:\/\/schema.org","@graph":[{"@type":"Article","@id":"https:\/\/www.interpeace.org\/2015\/01\/mali-national-group\/#article","isPartOf":{"@id":"https:\/\/www.interpeace.org\/2015\/01\/mali-national-group\/"},"author":{"name":"","@id":""},"headline":"National conference to validate Mali's country note on obstacles to peace","datePublished":"2015-01-19T14:56:18+00:00","dateModified":"2015-07-24T08:54:11+00:00","mainEntityOfPage":{"@id":"https:\/\/www.interpeace.org\/2015\/01\/mali-national-group\/"},"wordCount":1339,"commentCount":0,"publisher":{"@id":"https:\/\/www.interpeace.org\/#organization"},"image":{"@id":"https:\/\/www.interpeace.org\/2015\/01\/mali-national-group\/#primaryimage"},"thumbnailUrl":"https:\/\/www.interpeace.org\/wp-content\/uploads\/2015\/01\/2015_01_19_Mali_National_Group_MA.jpg","articleSection":["Uncategorized"],"inLanguage":"fr-FR","potentialAction":[{"@type":"CommentAction","name":"Comment","target":["https:\/\/www.interpeace.org\/2015\/01\/mali-national-group\/#respond"]}]},{"@type":"WebPage","@id":"https:\/\/www.interpeace.org\/2015\/01\/mali-national-group\/","url":"https:\/\/www.interpeace.org\/2015\/01\/mali-national-group\/","name":"National conference to validate Mali's country note on obstacles to peace - Interpeace","isPartOf":{"@id":"https:\/\/www.interpeace.org\/#website"},"primaryImageOfPage":{"@id":"https:\/\/www.interpeace.org\/2015\/01\/mali-national-group\/#primaryimage"},"image":{"@id":"https:\/\/www.interpeace.org\/2015\/01\/mali-national-group\/#primaryimage"},"thumbnailUrl":"https:\/\/www.interpeace.org\/wp-content\/uploads\/2015\/01\/2015_01_19_Mali_National_Group_MA.jpg","datePublished":"2015-01-19T14:56:18+00:00","dateModified":"2015-07-24T08:54:11+00:00","breadcrumb":{"@id":"https:\/\/www.interpeace.org\/2015\/01\/mali-national-group\/#breadcrumb"},"inLanguage":"fr-FR","potentialAction":[{"@type":"ReadAction","target":["https:\/\/www.interpeace.org\/2015\/01\/mali-national-group\/"]}]},{"@type":"ImageObject","inLanguage":"fr-FR","@id":"https:\/\/www.interpeace.org\/2015\/01\/mali-national-group\/#primaryimage","url":"https:\/\/www.interpeace.org\/wp-content\/uploads\/2015\/01\/2015_01_19_Mali_National_Group_MA.jpg","contentUrl":"https:\/\/www.interpeace.org\/wp-content\/uploads\/2015\/01\/2015_01_19_Mali_National_Group_MA.jpg","width":300,"height":222,"caption":"Photo credit: IMRAP"},{"@type":"BreadcrumbList","@id":"https:\/\/www.interpeace.org\/2015\/01\/mali-national-group\/#breadcrumb","itemListElement":[{"@type":"ListItem","position":1,"name":"Home","item":"https:\/\/www.interpeace.org\/"},{"@type":"ListItem","position":2,"name":"National conference to validate Mali's country note on obstacles to peace"}]},{"@type":"WebSite","@id":"https:\/\/www.interpeace.org\/#website","url":"https:\/\/www.interpeace.org\/","name":"Interpeace","description":"Permettre aux gens de construire une paix durable depuis 1994","publisher":{"@id":"https:\/\/www.interpeace.org\/#organization"},"potentialAction":[{"@type":"SearchAction","target":{"@type":"EntryPoint","urlTemplate":"https:\/\/www.interpeace.org\/?s={search_term_string}"},"query-input":{"@type":"PropertyValueSpecification","valueRequired":true,"valueName":"search_term_string"}}],"inLanguage":"fr-FR"},{"@type":"Organization","@id":"https:\/\/www.interpeace.org\/#organization","name":"INTERPEACE","url":"https:\/\/www.interpeace.org\/","logo":{"@type":"ImageObject","inLanguage":"fr-FR","@id":"https:\/\/www.interpeace.org\/#\/schema\/logo\/image\/","url":"https:\/\/www.interpeace.org\/wp-content\/uploads\/2019\/11\/EN-Interpeace-small.png","contentUrl":"https:\/\/www.interpeace.org\/wp-content\/uploads\/2019\/11\/EN-Interpeace-small.png","width":111,"height":85,"caption":"INTERPEACE"},"image":{"@id":"https:\/\/www.interpeace.org\/#\/schema\/logo\/image\/"},"sameAs":["https:\/\/www.facebook.com\/Interpeace","https:\/\/x.com\/InterpeaceTweet","https:\/\/www.instagram.com\/interpeace\/"]},{"@type":"Person","@id":"","url":"https:\/\/www.interpeace.org\/fr\/author\/"}]}},"_links":{"self":[{"href":"https:\/\/www.interpeace.org\/fr\/wp-json\/wp\/v2\/posts\/973","targetHints":{"allow":["GET"]}}],"collection":[{"href":"https:\/\/www.interpeace.org\/fr\/wp-json\/wp\/v2\/posts"}],"about":[{"href":"https:\/\/www.interpeace.org\/fr\/wp-json\/wp\/v2\/types\/post"}],"author":[{"embeddable":true,"href":"https:\/\/www.interpeace.org\/fr\/wp-json\/wp\/v2\/users\/4"}],"replies":[{"embeddable":true,"href":"https:\/\/www.interpeace.org\/fr\/wp-json\/wp\/v2\/comments?post=973"}],"version-history":[{"count":0,"href":"https:\/\/www.interpeace.org\/fr\/wp-json\/wp\/v2\/posts\/973\/revisions"}],"wp:featuredmedia":[{"embeddable":true,"href":"https:\/\/www.interpeace.org\/fr\/wp-json\/wp\/v2\/media\/972"}],"wp:attachment":[{"href":"https:\/\/www.interpeace.org\/fr\/wp-json\/wp\/v2\/media?parent=973"}],"wp:term":[{"taxonomy":"category","embeddable":true,"href":"https:\/\/www.interpeace.org\/fr\/wp-json\/wp\/v2\/categories?post=973"},{"taxonomy":"post_tag","embeddable":true,"href":"https:\/\/www.interpeace.org\/fr\/wp-json\/wp\/v2\/tags?post=973"},{"taxonomy":"globales","embeddable":true,"href":"https:\/\/www.interpeace.org\/fr\/wp-json\/wp\/v2\/globales?post=973"},{"taxonomy":"initiatives","embeddable":true,"href":"https:\/\/www.interpeace.org\/fr\/wp-json\/wp\/v2\/initiatives?post=973"},{"taxonomy":"news_type","embeddable":true,"href":"https:\/\/www.interpeace.org\/fr\/wp-json\/wp\/v2\/news_type?post=973"},{"taxonomy":"programmes","embeddable":true,"href":"https:\/\/www.interpeace.org\/fr\/wp-json\/wp\/v2\/programmes?post=973"},{"taxonomy":"resource_theme","embeddable":true,"href":"https:\/\/www.interpeace.org\/fr\/wp-json\/wp\/v2\/resource_theme?post=973"},{"taxonomy":"videos_vimeo","embeddable":true,"href":"https:\/\/www.interpeace.org\/fr\/wp-json\/wp\/v2\/videos_vimeo?post=973"}],"curies":[{"name":"wp","href":"https:\/\/api.w.org\/{rel}","templated":true}]}}