{"id":863,"date":"2013-11-28T16:50:59","date_gmt":"2013-11-28T15:50:59","guid":{"rendered":"http:\/\/www.interpeace.org\/2013\/11\/28\/peace-exhibition\/"},"modified":"2015-07-24T15:17:26","modified_gmt":"2015-07-24T13:17:26","slug":"peace-exhibition","status":"publish","type":"post","link":"https:\/\/www.interpeace.org\/fr\/2013\/11\/peace-exhibition\/","title":{"rendered":"Peace art exhibition"},"content":{"rendered":"<p><strong>Peace Art Exhibition at Interpeace Geneva offices: open to the public 12:00-14:00, 2-6 December 2013.<\/strong><\/p>\n<p>The City of Geneva recently ran an art competition for International Peace Day, 21 September. The 20 works of art on display in this exhibition were selected by a panel of judges for their effective visualization of the competition theme: peace.<\/p>\n<p>The works of art will be on display at Interpeace's Geneva offices and is open to the public during lunch time from <strong>12:00 to 14:00<\/strong> from the<strong> 2 to 6 of December 2013<\/strong>.<\/p>\n<p><strong>The works of art<\/strong><\/p>\n<p>To promote the principles of the International Day of Peace, the City of Geneva organized a graphic art competition. The competition was open to all members of the public with participants being encouraged to be creative and express themselves using any form of drawing, graffiti or painting.<\/p>\n<p>The competition was highly successful with over eighty works being submitted. In the end the judges, who consisted of representatives of the municipality, the art world, the private sector and non-governmental organization such as Interpeace, selected 20 works. Four were reproduced into flags and flown alongside flags provided by Interpeace that presented the word \"peace\" in the six official languages of the United Nations. These flags took pride of place along the iconic Pont du Mont-Blanc from the 20 to the 27 of September this year.<\/p>\n<p><strong>Peace Day<\/strong><\/p>\n<p>The International Day of Peace is celebrated annually on 21 September. On this day the United Nations invites all countries and people to celebrate the values of non-violence and peace by ceasing hostilities and engaging in awareness raising activities that promote the ideals of peace.<\/p>","protected":false},"excerpt":{"rendered":"<p>Peace Art Exhibition at Interpeace Geneva offices: open to the public 12:00-14:00, 2-6 December 2013. The City of Geneva recently ran an art competition for International Peace Day, 21 September. The 20 works of art on display in this exhibition were selected by a panel of judges for their effective visualization of the competition theme: [&hellip;]<\/p>\n","protected":false},"author":4,"featured_media":862,"comment_status":"open","ping_status":"open","sticky":false,"template":"","format":"standard","meta":{"_acf_changed":false,"_editorskit_title_hidden":false,"_editorskit_reading_time":0,"_editorskit_is_block_options_detached":false,"_editorskit_block_options_position":"{}","editor_plus_copied_stylings":"{}","_exactmetrics_skip_tracking":false,"_exactmetrics_sitenote_active":false,"_exactmetrics_sitenote_note":"","_exactmetrics_sitenote_category":0,"footnotes":"","_links_to":"","_links_to_target":""},"categories":[1],"tags":[],"globales":[],"initiatives":[],"news_type":[],"programmes":[],"resource_theme":[],"videos_vimeo":[],"class_list":["post-863","post","type-post","status-publish","format-standard","has-post-thumbnail","hentry","category-uncategorized"],"acf":[],"yoast_head":"<!-- This site is optimized with the Yoast SEO Premium plugin v27.4 (Yoast SEO v27.4) - https:\/\/yoast.com\/product\/yoast-seo-premium-wordpress\/ -->\n<title>Peace art exhibition - Interpeace<\/title>\n<meta name=\"robots\" content=\"index, follow, max-snippet:-1, max-image-preview:large, max-video-preview:-1\" \/>\n<link rel=\"canonical\" href=\"https:\/\/www.interpeace.org\/fr\/2013\/11\/peace-exhibition\/\" \/>\n<meta property=\"og:locale\" content=\"fr_FR\" \/>\n<meta property=\"og:type\" content=\"article\" \/>\n<meta property=\"og:title\" content=\"Peace art exhibition\" \/>\n<meta property=\"og:description\" content=\"Peace Art Exhibition at Interpeace Geneva offices: open to the public 12:00-14:00, 2-6 December 2013. The City of Geneva recently ran an art competition for International Peace Day, 21 September. The 20 works of art on display in this exhibition were selected by a panel of judges for their effective visualization of the competition theme: [&hellip;]\" \/>\n<meta property=\"og:url\" content=\"https:\/\/www.interpeace.org\/fr\/2013\/11\/peace-exhibition\/\" \/>\n<meta property=\"og:site_name\" content=\"Interpeace\" \/>\n<meta property=\"article:publisher\" content=\"https:\/\/www.facebook.com\/Interpeace\" \/>\n<meta property=\"article:published_time\" content=\"2013-11-28T15:50:59+00:00\" \/>\n<meta property=\"article:modified_time\" content=\"2015-07-24T13:17:26+00:00\" \/>\n<meta property=\"og:image\" content=\"https:\/\/www.interpeace.org\/wp-content\/uploads\/2013\/11\/2013_11_28_Peace_Exhibition.jpg\" \/>\n\t<meta property=\"og:image:width\" content=\"300\" \/>\n\t<meta property=\"og:image:height\" content=\"200\" \/>\n\t<meta property=\"og:image:type\" content=\"image\/jpeg\" \/>\n<meta name=\"twitter:card\" content=\"summary_large_image\" \/>\n<meta name=\"twitter:creator\" content=\"@InterpeaceTweet\" \/>\n<meta name=\"twitter:site\" content=\"@InterpeaceTweet\" \/>\n<meta name=\"twitter:label1\" content=\"\u00c9crit par\" \/>\n\t<meta name=\"twitter:data1\" content=\"\" \/>\n\t<meta name=\"twitter:label2\" content=\"Dur\u00e9e de lecture estim\u00e9e\" \/>\n\t<meta name=\"twitter:data2\" content=\"1 minute\" \/>\n<script type=\"application\/ld+json\" class=\"yoast-schema-graph\">{\"@context\":\"https:\\\/\\\/schema.org\",\"@graph\":[{\"@type\":\"Article\",\"@id\":\"https:\\\/\\\/www.interpeace.org\\\/2013\\\/11\\\/peace-exhibition\\\/#article\",\"isPartOf\":{\"@id\":\"https:\\\/\\\/www.interpeace.org\\\/2013\\\/11\\\/peace-exhibition\\\/\"},\"author\":{\"name\":\"\",\"@id\":\"\"},\"headline\":\"Peace art exhibition\",\"datePublished\":\"2013-11-28T15:50:59+00:00\",\"dateModified\":\"2015-07-24T13:17:26+00:00\",\"mainEntityOfPage\":{\"@id\":\"https:\\\/\\\/www.interpeace.org\\\/2013\\\/11\\\/peace-exhibition\\\/\"},\"wordCount\":265,\"commentCount\":0,\"publisher\":{\"@id\":\"https:\\\/\\\/www.interpeace.org\\\/#organization\"},\"image\":{\"@id\":\"https:\\\/\\\/www.interpeace.org\\\/2013\\\/11\\\/peace-exhibition\\\/#primaryimage\"},\"thumbnailUrl\":\"https:\\\/\\\/www.interpeace.org\\\/wp-content\\\/uploads\\\/2013\\\/11\\\/2013_11_28_Peace_Exhibition.jpg\",\"articleSection\":[\"Uncategorized\"],\"inLanguage\":\"fr-FR\",\"potentialAction\":[{\"@type\":\"CommentAction\",\"name\":\"Comment\",\"target\":[\"https:\\\/\\\/www.interpeace.org\\\/2013\\\/11\\\/peace-exhibition\\\/#respond\"]}]},{\"@type\":\"WebPage\",\"@id\":\"https:\\\/\\\/www.interpeace.org\\\/2013\\\/11\\\/peace-exhibition\\\/\",\"url\":\"https:\\\/\\\/www.interpeace.org\\\/2013\\\/11\\\/peace-exhibition\\\/\",\"name\":\"Peace art exhibition - Interpeace\",\"isPartOf\":{\"@id\":\"https:\\\/\\\/www.interpeace.org\\\/#website\"},\"primaryImageOfPage\":{\"@id\":\"https:\\\/\\\/www.interpeace.org\\\/2013\\\/11\\\/peace-exhibition\\\/#primaryimage\"},\"image\":{\"@id\":\"https:\\\/\\\/www.interpeace.org\\\/2013\\\/11\\\/peace-exhibition\\\/#primaryimage\"},\"thumbnailUrl\":\"https:\\\/\\\/www.interpeace.org\\\/wp-content\\\/uploads\\\/2013\\\/11\\\/2013_11_28_Peace_Exhibition.jpg\",\"datePublished\":\"2013-11-28T15:50:59+00:00\",\"dateModified\":\"2015-07-24T13:17:26+00:00\",\"breadcrumb\":{\"@id\":\"https:\\\/\\\/www.interpeace.org\\\/2013\\\/11\\\/peace-exhibition\\\/#breadcrumb\"},\"inLanguage\":\"fr-FR\",\"potentialAction\":[{\"@type\":\"ReadAction\",\"target\":[\"https:\\\/\\\/www.interpeace.org\\\/2013\\\/11\\\/peace-exhibition\\\/\"]}]},{\"@type\":\"ImageObject\",\"inLanguage\":\"fr-FR\",\"@id\":\"https:\\\/\\\/www.interpeace.org\\\/2013\\\/11\\\/peace-exhibition\\\/#primaryimage\",\"url\":\"https:\\\/\\\/www.interpeace.org\\\/wp-content\\\/uploads\\\/2013\\\/11\\\/2013_11_28_Peace_Exhibition.jpg\",\"contentUrl\":\"https:\\\/\\\/www.interpeace.org\\\/wp-content\\\/uploads\\\/2013\\\/11\\\/2013_11_28_Peace_Exhibition.jpg\",\"width\":300,\"height\":200,\"caption\":\"Photo credit: Fran\u00e7ois Wavre for Interpeace\"},{\"@type\":\"BreadcrumbList\",\"@id\":\"https:\\\/\\\/www.interpeace.org\\\/2013\\\/11\\\/peace-exhibition\\\/#breadcrumb\",\"itemListElement\":[{\"@type\":\"ListItem\",\"position\":1,\"name\":\"Home\",\"item\":\"https:\\\/\\\/www.interpeace.org\\\/\"},{\"@type\":\"ListItem\",\"position\":2,\"name\":\"Peace art exhibition\"}]},{\"@type\":\"WebSite\",\"@id\":\"https:\\\/\\\/www.interpeace.org\\\/#website\",\"url\":\"https:\\\/\\\/www.interpeace.org\\\/\",\"name\":\"Interpeace\",\"description\":\"Enabling people to build lasting peace since 1994\",\"publisher\":{\"@id\":\"https:\\\/\\\/www.interpeace.org\\\/#organization\"},\"potentialAction\":[{\"@type\":\"SearchAction\",\"target\":{\"@type\":\"EntryPoint\",\"urlTemplate\":\"https:\\\/\\\/www.interpeace.org\\\/?s={search_term_string}\"},\"query-input\":{\"@type\":\"PropertyValueSpecification\",\"valueRequired\":true,\"valueName\":\"search_term_string\"}}],\"inLanguage\":\"fr-FR\"},{\"@type\":\"Organization\",\"@id\":\"https:\\\/\\\/www.interpeace.org\\\/#organization\",\"name\":\"INTERPEACE\",\"url\":\"https:\\\/\\\/www.interpeace.org\\\/\",\"logo\":{\"@type\":\"ImageObject\",\"inLanguage\":\"fr-FR\",\"@id\":\"https:\\\/\\\/www.interpeace.org\\\/#\\\/schema\\\/logo\\\/image\\\/\",\"url\":\"https:\\\/\\\/www.interpeace.org\\\/wp-content\\\/uploads\\\/2019\\\/11\\\/EN-Interpeace-small.png\",\"contentUrl\":\"https:\\\/\\\/www.interpeace.org\\\/wp-content\\\/uploads\\\/2019\\\/11\\\/EN-Interpeace-small.png\",\"width\":111,\"height\":85,\"caption\":\"INTERPEACE\"},\"image\":{\"@id\":\"https:\\\/\\\/www.interpeace.org\\\/#\\\/schema\\\/logo\\\/image\\\/\"},\"sameAs\":[\"https:\\\/\\\/www.facebook.com\\\/Interpeace\",\"https:\\\/\\\/x.com\\\/InterpeaceTweet\",\"https:\\\/\\\/www.instagram.com\\\/interpeace\\\/\"]},{\"@type\":\"Person\",\"@id\":\"\",\"url\":\"https:\\\/\\\/www.interpeace.org\\\/fr\\\/author\\\/\"}]}<\/script>\n<!-- \/ Yoast SEO Premium plugin. -->","yoast_head_json":{"title":"Peace art exhibition - Interpeace","robots":{"index":"index","follow":"follow","max-snippet":"max-snippet:-1","max-image-preview":"max-image-preview:large","max-video-preview":"max-video-preview:-1"},"canonical":"https:\/\/www.interpeace.org\/fr\/2013\/11\/peace-exhibition\/","og_locale":"fr_FR","og_type":"article","og_title":"Peace art exhibition","og_description":"Peace Art Exhibition at Interpeace Geneva offices: open to the public 12:00-14:00, 2-6 December 2013. The City of Geneva recently ran an art competition for International Peace Day, 21 September. The 20 works of art on display in this exhibition were selected by a panel of judges for their effective visualization of the competition theme: [&hellip;]","og_url":"https:\/\/www.interpeace.org\/fr\/2013\/11\/peace-exhibition\/","og_site_name":"Interpeace","article_publisher":"https:\/\/www.facebook.com\/Interpeace","article_published_time":"2013-11-28T15:50:59+00:00","article_modified_time":"2015-07-24T13:17:26+00:00","og_image":[{"width":300,"height":200,"url":"https:\/\/www.interpeace.org\/wp-content\/uploads\/2013\/11\/2013_11_28_Peace_Exhibition.jpg","type":"image\/jpeg"}],"twitter_card":"summary_large_image","twitter_creator":"@InterpeaceTweet","twitter_site":"@InterpeaceTweet","twitter_misc":{"\u00c9crit par":"","Dur\u00e9e de lecture estim\u00e9e":"1 minute"},"schema":{"@context":"https:\/\/schema.org","@graph":[{"@type":"Article","@id":"https:\/\/www.interpeace.org\/2013\/11\/peace-exhibition\/#article","isPartOf":{"@id":"https:\/\/www.interpeace.org\/2013\/11\/peace-exhibition\/"},"author":{"name":"","@id":""},"headline":"Peace art exhibition","datePublished":"2013-11-28T15:50:59+00:00","dateModified":"2015-07-24T13:17:26+00:00","mainEntityOfPage":{"@id":"https:\/\/www.interpeace.org\/2013\/11\/peace-exhibition\/"},"wordCount":265,"commentCount":0,"publisher":{"@id":"https:\/\/www.interpeace.org\/#organization"},"image":{"@id":"https:\/\/www.interpeace.org\/2013\/11\/peace-exhibition\/#primaryimage"},"thumbnailUrl":"https:\/\/www.interpeace.org\/wp-content\/uploads\/2013\/11\/2013_11_28_Peace_Exhibition.jpg","articleSection":["Uncategorized"],"inLanguage":"fr-FR","potentialAction":[{"@type":"CommentAction","name":"Comment","target":["https:\/\/www.interpeace.org\/2013\/11\/peace-exhibition\/#respond"]}]},{"@type":"WebPage","@id":"https:\/\/www.interpeace.org\/2013\/11\/peace-exhibition\/","url":"https:\/\/www.interpeace.org\/2013\/11\/peace-exhibition\/","name":"Peace art exhibition - Interpeace","isPartOf":{"@id":"https:\/\/www.interpeace.org\/#website"},"primaryImageOfPage":{"@id":"https:\/\/www.interpeace.org\/2013\/11\/peace-exhibition\/#primaryimage"},"image":{"@id":"https:\/\/www.interpeace.org\/2013\/11\/peace-exhibition\/#primaryimage"},"thumbnailUrl":"https:\/\/www.interpeace.org\/wp-content\/uploads\/2013\/11\/2013_11_28_Peace_Exhibition.jpg","datePublished":"2013-11-28T15:50:59+00:00","dateModified":"2015-07-24T13:17:26+00:00","breadcrumb":{"@id":"https:\/\/www.interpeace.org\/2013\/11\/peace-exhibition\/#breadcrumb"},"inLanguage":"fr-FR","potentialAction":[{"@type":"ReadAction","target":["https:\/\/www.interpeace.org\/2013\/11\/peace-exhibition\/"]}]},{"@type":"ImageObject","inLanguage":"fr-FR","@id":"https:\/\/www.interpeace.org\/2013\/11\/peace-exhibition\/#primaryimage","url":"https:\/\/www.interpeace.org\/wp-content\/uploads\/2013\/11\/2013_11_28_Peace_Exhibition.jpg","contentUrl":"https:\/\/www.interpeace.org\/wp-content\/uploads\/2013\/11\/2013_11_28_Peace_Exhibition.jpg","width":300,"height":200,"caption":"Photo credit: Fran\u00e7ois Wavre for Interpeace"},{"@type":"BreadcrumbList","@id":"https:\/\/www.interpeace.org\/2013\/11\/peace-exhibition\/#breadcrumb","itemListElement":[{"@type":"ListItem","position":1,"name":"Home","item":"https:\/\/www.interpeace.org\/"},{"@type":"ListItem","position":2,"name":"Peace art exhibition"}]},{"@type":"WebSite","@id":"https:\/\/www.interpeace.org\/#website","url":"https:\/\/www.interpeace.org\/","name":"Interpeace","description":"Permettre aux gens de construire une paix durable depuis 1994","publisher":{"@id":"https:\/\/www.interpeace.org\/#organization"},"potentialAction":[{"@type":"SearchAction","target":{"@type":"EntryPoint","urlTemplate":"https:\/\/www.interpeace.org\/?s={search_term_string}"},"query-input":{"@type":"PropertyValueSpecification","valueRequired":true,"valueName":"search_term_string"}}],"inLanguage":"fr-FR"},{"@type":"Organization","@id":"https:\/\/www.interpeace.org\/#organization","name":"INTERPEACE","url":"https:\/\/www.interpeace.org\/","logo":{"@type":"ImageObject","inLanguage":"fr-FR","@id":"https:\/\/www.interpeace.org\/#\/schema\/logo\/image\/","url":"https:\/\/www.interpeace.org\/wp-content\/uploads\/2019\/11\/EN-Interpeace-small.png","contentUrl":"https:\/\/www.interpeace.org\/wp-content\/uploads\/2019\/11\/EN-Interpeace-small.png","width":111,"height":85,"caption":"INTERPEACE"},"image":{"@id":"https:\/\/www.interpeace.org\/#\/schema\/logo\/image\/"},"sameAs":["https:\/\/www.facebook.com\/Interpeace","https:\/\/x.com\/InterpeaceTweet","https:\/\/www.instagram.com\/interpeace\/"]},{"@type":"Person","@id":"","url":"https:\/\/www.interpeace.org\/fr\/author\/"}]}},"_links":{"self":[{"href":"https:\/\/www.interpeace.org\/fr\/wp-json\/wp\/v2\/posts\/863","targetHints":{"allow":["GET"]}}],"collection":[{"href":"https:\/\/www.interpeace.org\/fr\/wp-json\/wp\/v2\/posts"}],"about":[{"href":"https:\/\/www.interpeace.org\/fr\/wp-json\/wp\/v2\/types\/post"}],"author":[{"embeddable":true,"href":"https:\/\/www.interpeace.org\/fr\/wp-json\/wp\/v2\/users\/4"}],"replies":[{"embeddable":true,"href":"https:\/\/www.interpeace.org\/fr\/wp-json\/wp\/v2\/comments?post=863"}],"version-history":[{"count":0,"href":"https:\/\/www.interpeace.org\/fr\/wp-json\/wp\/v2\/posts\/863\/revisions"}],"wp:featuredmedia":[{"embeddable":true,"href":"https:\/\/www.interpeace.org\/fr\/wp-json\/wp\/v2\/media\/862"}],"wp:attachment":[{"href":"https:\/\/www.interpeace.org\/fr\/wp-json\/wp\/v2\/media?parent=863"}],"wp:term":[{"taxonomy":"category","embeddable":true,"href":"https:\/\/www.interpeace.org\/fr\/wp-json\/wp\/v2\/categories?post=863"},{"taxonomy":"post_tag","embeddable":true,"href":"https:\/\/www.interpeace.org\/fr\/wp-json\/wp\/v2\/tags?post=863"},{"taxonomy":"globales","embeddable":true,"href":"https:\/\/www.interpeace.org\/fr\/wp-json\/wp\/v2\/globales?post=863"},{"taxonomy":"initiatives","embeddable":true,"href":"https:\/\/www.interpeace.org\/fr\/wp-json\/wp\/v2\/initiatives?post=863"},{"taxonomy":"news_type","embeddable":true,"href":"https:\/\/www.interpeace.org\/fr\/wp-json\/wp\/v2\/news_type?post=863"},{"taxonomy":"programmes","embeddable":true,"href":"https:\/\/www.interpeace.org\/fr\/wp-json\/wp\/v2\/programmes?post=863"},{"taxonomy":"resource_theme","embeddable":true,"href":"https:\/\/www.interpeace.org\/fr\/wp-json\/wp\/v2\/resource_theme?post=863"},{"taxonomy":"videos_vimeo","embeddable":true,"href":"https:\/\/www.interpeace.org\/fr\/wp-json\/wp\/v2\/videos_vimeo?post=863"}],"curies":[{"name":"wp","href":"https:\/\/api.w.org\/{rel}","templated":true}]}}