{"id":8461,"date":"2019-11-13T22:35:59","date_gmt":"2019-11-13T21:35:59","guid":{"rendered":"https:\/\/www.interpeace.org\/?p=8461"},"modified":"2019-11-13T23:15:59","modified_gmt":"2019-11-13T22:15:59","slug":"interpeaces-initiative-recognition","status":"publish","type":"post","link":"https:\/\/www.interpeace.org\/fr\/2019\/11\/interpeaces-initiative-recognition\/","title":{"rendered":"Interpeace\u2019s initiative \u201cPrinciples for Inclusive Peace\u201d receives global recognition at the Paris Peace Forum"},"content":{"rendered":"<p>Our new initiative, <a href=\"https:\/\/www.principles4peace.org\/\">\u201cPrinciples for Inclusive Peace\u201d<\/a> is among 10 of the most promising governance projects presented at the <a href=\"https:\/\/parispeaceforum.org\/\">2019 Paris Peace Forum (PPF)<\/a> that ended in the French capital on 13 November. The project was chosen from over 700 initial submissions and 114 projects presented at the Forum.<\/p>\n<p>\u201cPrinciples for Inclusive Peace\u201d is a project initiated by Interpeace and co-led by the Swedish Ministry for Foreign Affairs to open a global participatory process and establish a new normative framework and standard to guide inclusive and effective peace processes around the world. Interpeace developed the initiative after identifying fundamental challenges to peace processes today \u2013 as a fresh new approach to re-think the way these processes are conceived and structured.<\/p>\n<div id=\"attachment_8464\" style=\"width: 610px\" class=\"wp-caption aligncenter\"><img loading=\"lazy\" decoding=\"async\" aria-describedby=\"caption-attachment-8464\" class=\"wp-image-8464 size-large\" src=\"https:\/\/www.interpeace.org\/wp-content\/uploads\/2019\/11\/Paris-Peace-Forum-2019-600x400.jpeg\" alt=\"\" width=\"600\" height=\"400\" srcset=\"https:\/\/www.interpeace.org\/wp-content\/uploads\/2019\/11\/Paris-Peace-Forum-2019-600x400.jpeg 600w, https:\/\/www.interpeace.org\/wp-content\/uploads\/2019\/11\/Paris-Peace-Forum-2019-300x200.jpeg 300w, https:\/\/www.interpeace.org\/wp-content\/uploads\/2019\/11\/Paris-Peace-Forum-2019-150x100.jpeg 150w\" sizes=\"auto, (max-width: 600px) 100vw, 600px\" \/><p id=\"caption-attachment-8464\" class=\"wp-caption-text\">Paris Peace Forum 2019. Photo credit: Interpeace<\/p><\/div>\n<p>Announcing the selected projects for short-list of ten at the closing ceremony of the Paris Peace Forum, Trisha Shetty of the scale-up projects committee said: \u201cWe will provide mentorship to these 10 new projects. We will follow up with them; we will ask them how we can be of service, what is the best marriage we can have between our team and the project members\u201d.<\/p>\n<p>\u201cThis is a recognition of the critical need to re-think peace processes from a conceptual and practical point of view, but also to do it in a collective way so that robust principles can guide all those who will be leading peace efforts in the future,\u201d said President of Interpeace, Scott Weber.<\/p>\n<div id=\"attachment_8465\" style=\"width: 610px\" class=\"wp-caption aligncenter\"><img loading=\"lazy\" decoding=\"async\" aria-describedby=\"caption-attachment-8465\" class=\"wp-image-8465 size-large\" src=\"https:\/\/www.interpeace.org\/wp-content\/uploads\/2019\/11\/paris-peace-forum-1-600x400.jpg\" alt=\"\" width=\"600\" height=\"400\" srcset=\"https:\/\/www.interpeace.org\/wp-content\/uploads\/2019\/11\/paris-peace-forum-1-600x400.jpg 600w, https:\/\/www.interpeace.org\/wp-content\/uploads\/2019\/11\/paris-peace-forum-1-300x200.jpg 300w, https:\/\/www.interpeace.org\/wp-content\/uploads\/2019\/11\/paris-peace-forum-1-150x100.jpg 150w\" sizes=\"auto, (max-width: 600px) 100vw, 600px\" \/><p id=\"caption-attachment-8465\" class=\"wp-caption-text\">Paris Peace Forum 2019. Photo credit: PPF<\/p><\/div>\n<p>Other projects selected for the scale-up projects include \u201cModel Drug Law \u2013 West Africa\u201d submitted by the Global Commission on Drug Policy as well as projects from the United Nations Entity for Gender Equality (UNWomen), International Labour Organization among others.<\/p>\n<p>The second edition of the Paris Peace Forum, an annual international event for global governance and multilateral issues ended this Wednesday, 13 November 2019, after two days of intense conversations, talks, panels and debates.<\/p>\n<p>To learn more about our initiative, visit the website: <a href=\"https:\/\/www.principles4peace.org\/\">principles4inclusive.org<\/a>. We encourage all people who are interested in the subject to share their insights and contribute to this initiative, by subscribing to our Newsletter and\/or writing a message through the website\u2019s platform.<a href=\"https:\/\/www.principles4peace.org\/\"><img loading=\"lazy\" decoding=\"async\" class=\"aligncenter wp-image-8466 size-full\" src=\"https:\/\/www.interpeace.org\/wp-content\/uploads\/2019\/11\/Principles-for-inclusive-peace.jpg\" alt=\"\" width=\"770\" height=\"302\" srcset=\"https:\/\/www.interpeace.org\/wp-content\/uploads\/2019\/11\/Principles-for-inclusive-peace.jpg 770w, https:\/\/www.interpeace.org\/wp-content\/uploads\/2019\/11\/Principles-for-inclusive-peace-768x301.jpg 768w\" sizes=\"auto, (max-width: 770px) 100vw, 770px\" \/><\/a><\/p>","protected":false},"excerpt":{"rendered":"<p>Our new initiative, \u201cPrinciples for Inclusive Peace\u201d is among 10 of the most promising governance projects presented at the 2019 Paris Peace Forum (PPF) that ended in the French capital on 13 November. The project was chosen from over 700 initial submissions and 114 projects presented at the Forum. \u201cPrinciples for Inclusive Peace\u201d is a [&hellip;]<\/p>\n","protected":false},"author":1,"featured_media":8464,"comment_status":"closed","ping_status":"closed","sticky":false,"template":"","format":"standard","meta":{"_acf_changed":false,"_editorskit_title_hidden":false,"_editorskit_reading_time":0,"_editorskit_is_block_options_detached":false,"_editorskit_block_options_position":"{}","editor_plus_copied_stylings":"{}","_exactmetrics_skip_tracking":false,"_exactmetrics_sitenote_active":false,"_exactmetrics_sitenote_note":"","_exactmetrics_sitenote_category":0,"footnotes":"","_links_to":"","_links_to_target":""},"categories":[1],"tags":[],"globales":[],"initiatives":[],"news_type":[],"programmes":[87],"resource_theme":[510],"videos_vimeo":[],"class_list":["post-8461","post","type-post","status-publish","format-standard","has-post-thumbnail","hentry","category-uncategorized","programmes-global-programmes","resource_theme-dialogue"],"acf":[],"yoast_head":"<!-- This site is optimized with the Yoast SEO Premium plugin v27.4 (Yoast SEO v27.4) - https:\/\/yoast.com\/product\/yoast-seo-premium-wordpress\/ -->\n<title>Interpeace\u2019s initiative \u201cPrinciples for Inclusive Peace\u201d receives global recognition at the Paris Peace Forum - Interpeace<\/title>\n<meta name=\"robots\" content=\"index, follow, max-snippet:-1, max-image-preview:large, max-video-preview:-1\" \/>\n<link rel=\"canonical\" href=\"https:\/\/www.interpeace.org\/fr\/2019\/11\/interpeaces-initiative-recognition\/\" \/>\n<meta property=\"og:locale\" content=\"fr_FR\" \/>\n<meta property=\"og:type\" content=\"article\" \/>\n<meta property=\"og:title\" content=\"Interpeace\u2019s initiative \u201cPrinciples for Inclusive Peace\u201d receives global recognition at the Paris Peace Forum\" \/>\n<meta property=\"og:description\" content=\"Our new initiative, \u201cPrinciples for Inclusive Peace\u201d is among 10 of the most promising governance projects presented at the 2019 Paris Peace Forum (PPF) that ended in the French capital on 13 November. The project was chosen from over 700 initial submissions and 114 projects presented at the Forum. \u201cPrinciples for Inclusive Peace\u201d is a [&hellip;]\" \/>\n<meta property=\"og:url\" content=\"https:\/\/www.interpeace.org\/fr\/2019\/11\/interpeaces-initiative-recognition\/\" \/>\n<meta property=\"og:site_name\" content=\"Interpeace\" \/>\n<meta property=\"article:publisher\" content=\"https:\/\/www.facebook.com\/Interpeace\" \/>\n<meta property=\"article:published_time\" content=\"2019-11-13T21:35:59+00:00\" \/>\n<meta property=\"article:modified_time\" content=\"2019-11-13T22:15:59+00:00\" \/>\n<meta property=\"og:image\" content=\"https:\/\/www.interpeace.org\/wp-content\/uploads\/2019\/11\/Paris-Peace-Forum-2019-1280x500.jpeg\" \/>\n\t<meta property=\"og:image:width\" content=\"2048\" \/>\n\t<meta property=\"og:image:height\" content=\"1266\" \/>\n\t<meta property=\"og:image:type\" content=\"image\/jpeg\" \/>\n<meta name=\"author\" content=\"Alejandro\" \/>\n<meta name=\"twitter:card\" content=\"summary_large_image\" \/>\n<meta name=\"twitter:creator\" content=\"@InterpeaceTweet\" \/>\n<meta name=\"twitter:site\" content=\"@InterpeaceTweet\" \/>\n<meta name=\"twitter:label1\" content=\"\u00c9crit par\" \/>\n\t<meta name=\"twitter:data1\" content=\"Alejandro\" \/>\n\t<meta name=\"twitter:label2\" content=\"Dur\u00e9e de lecture estim\u00e9e\" \/>\n\t<meta name=\"twitter:data2\" content=\"2 minutes\" \/>\n<script type=\"application\/ld+json\" class=\"yoast-schema-graph\">{\"@context\":\"https:\\\/\\\/schema.org\",\"@graph\":[{\"@type\":\"Article\",\"@id\":\"https:\\\/\\\/www.interpeace.org\\\/2019\\\/11\\\/interpeaces-initiative-recognition\\\/#article\",\"isPartOf\":{\"@id\":\"https:\\\/\\\/www.interpeace.org\\\/2019\\\/11\\\/interpeaces-initiative-recognition\\\/\"},\"author\":{\"name\":\"Alejandro\",\"@id\":\"https:\\\/\\\/www.interpeace.org\\\/#\\\/schema\\\/person\\\/75fea8ede2ce310d5f1bea81166bf9a1\"},\"headline\":\"Interpeace\u2019s initiative \u201cPrinciples for Inclusive Peace\u201d receives global recognition at the Paris Peace Forum\",\"datePublished\":\"2019-11-13T21:35:59+00:00\",\"dateModified\":\"2019-11-13T22:15:59+00:00\",\"mainEntityOfPage\":{\"@id\":\"https:\\\/\\\/www.interpeace.org\\\/2019\\\/11\\\/interpeaces-initiative-recognition\\\/\"},\"wordCount\":388,\"publisher\":{\"@id\":\"https:\\\/\\\/www.interpeace.org\\\/#organization\"},\"image\":{\"@id\":\"https:\\\/\\\/www.interpeace.org\\\/2019\\\/11\\\/interpeaces-initiative-recognition\\\/#primaryimage\"},\"thumbnailUrl\":\"https:\\\/\\\/www.interpeace.org\\\/wp-content\\\/uploads\\\/2019\\\/11\\\/Paris-Peace-Forum-2019-1280x500.jpeg\",\"articleSection\":[\"Uncategorized\"],\"inLanguage\":\"fr-FR\"},{\"@type\":\"WebPage\",\"@id\":\"https:\\\/\\\/www.interpeace.org\\\/2019\\\/11\\\/interpeaces-initiative-recognition\\\/\",\"url\":\"https:\\\/\\\/www.interpeace.org\\\/2019\\\/11\\\/interpeaces-initiative-recognition\\\/\",\"name\":\"Interpeace\u2019s initiative \u201cPrinciples for Inclusive Peace\u201d receives global recognition at the Paris Peace Forum - Interpeace\",\"isPartOf\":{\"@id\":\"https:\\\/\\\/www.interpeace.org\\\/#website\"},\"primaryImageOfPage\":{\"@id\":\"https:\\\/\\\/www.interpeace.org\\\/2019\\\/11\\\/interpeaces-initiative-recognition\\\/#primaryimage\"},\"image\":{\"@id\":\"https:\\\/\\\/www.interpeace.org\\\/2019\\\/11\\\/interpeaces-initiative-recognition\\\/#primaryimage\"},\"thumbnailUrl\":\"https:\\\/\\\/www.interpeace.org\\\/wp-content\\\/uploads\\\/2019\\\/11\\\/Paris-Peace-Forum-2019-1280x500.jpeg\",\"datePublished\":\"2019-11-13T21:35:59+00:00\",\"dateModified\":\"2019-11-13T22:15:59+00:00\",\"breadcrumb\":{\"@id\":\"https:\\\/\\\/www.interpeace.org\\\/2019\\\/11\\\/interpeaces-initiative-recognition\\\/#breadcrumb\"},\"inLanguage\":\"fr-FR\",\"potentialAction\":[{\"@type\":\"ReadAction\",\"target\":[\"https:\\\/\\\/www.interpeace.org\\\/2019\\\/11\\\/interpeaces-initiative-recognition\\\/\"]}]},{\"@type\":\"ImageObject\",\"inLanguage\":\"fr-FR\",\"@id\":\"https:\\\/\\\/www.interpeace.org\\\/2019\\\/11\\\/interpeaces-initiative-recognition\\\/#primaryimage\",\"url\":\"https:\\\/\\\/www.interpeace.org\\\/wp-content\\\/uploads\\\/2019\\\/11\\\/Paris-Peace-Forum-2019-1280x500.jpeg\",\"contentUrl\":\"https:\\\/\\\/www.interpeace.org\\\/wp-content\\\/uploads\\\/2019\\\/11\\\/Paris-Peace-Forum-2019-1280x500.jpeg\",\"width\":2048,\"height\":1266,\"caption\":\"Paris Peace Forum 2019. Photo credit: Interpeace\"},{\"@type\":\"BreadcrumbList\",\"@id\":\"https:\\\/\\\/www.interpeace.org\\\/2019\\\/11\\\/interpeaces-initiative-recognition\\\/#breadcrumb\",\"itemListElement\":[{\"@type\":\"ListItem\",\"position\":1,\"name\":\"Home\",\"item\":\"https:\\\/\\\/www.interpeace.org\\\/\"},{\"@type\":\"ListItem\",\"position\":2,\"name\":\"Interpeace\u2019s initiative \u201cPrinciples for Inclusive Peace\u201d receives global recognition at the Paris Peace Forum\"}]},{\"@type\":\"WebSite\",\"@id\":\"https:\\\/\\\/www.interpeace.org\\\/#website\",\"url\":\"https:\\\/\\\/www.interpeace.org\\\/\",\"name\":\"Interpeace\",\"description\":\"Enabling people to build lasting peace since 1994\",\"publisher\":{\"@id\":\"https:\\\/\\\/www.interpeace.org\\\/#organization\"},\"potentialAction\":[{\"@type\":\"SearchAction\",\"target\":{\"@type\":\"EntryPoint\",\"urlTemplate\":\"https:\\\/\\\/www.interpeace.org\\\/?s={search_term_string}\"},\"query-input\":{\"@type\":\"PropertyValueSpecification\",\"valueRequired\":true,\"valueName\":\"search_term_string\"}}],\"inLanguage\":\"fr-FR\"},{\"@type\":\"Organization\",\"@id\":\"https:\\\/\\\/www.interpeace.org\\\/#organization\",\"name\":\"INTERPEACE\",\"url\":\"https:\\\/\\\/www.interpeace.org\\\/\",\"logo\":{\"@type\":\"ImageObject\",\"inLanguage\":\"fr-FR\",\"@id\":\"https:\\\/\\\/www.interpeace.org\\\/#\\\/schema\\\/logo\\\/image\\\/\",\"url\":\"https:\\\/\\\/www.interpeace.org\\\/wp-content\\\/uploads\\\/2019\\\/11\\\/EN-Interpeace-small.png\",\"contentUrl\":\"https:\\\/\\\/www.interpeace.org\\\/wp-content\\\/uploads\\\/2019\\\/11\\\/EN-Interpeace-small.png\",\"width\":111,\"height\":85,\"caption\":\"INTERPEACE\"},\"image\":{\"@id\":\"https:\\\/\\\/www.interpeace.org\\\/#\\\/schema\\\/logo\\\/image\\\/\"},\"sameAs\":[\"https:\\\/\\\/www.facebook.com\\\/Interpeace\",\"https:\\\/\\\/x.com\\\/InterpeaceTweet\",\"https:\\\/\\\/www.instagram.com\\\/interpeace\\\/\"]},{\"@type\":\"Person\",\"@id\":\"https:\\\/\\\/www.interpeace.org\\\/#\\\/schema\\\/person\\\/75fea8ede2ce310d5f1bea81166bf9a1\",\"name\":\"Alejandro\",\"image\":{\"@type\":\"ImageObject\",\"inLanguage\":\"fr-FR\",\"@id\":\"https:\\\/\\\/secure.gravatar.com\\\/avatar\\\/a5627fb156910981ea3ab2405e881b80c8234e50bb58a577081f805dd3bfd753?s=96&d=mm&r=g\",\"url\":\"https:\\\/\\\/secure.gravatar.com\\\/avatar\\\/a5627fb156910981ea3ab2405e881b80c8234e50bb58a577081f805dd3bfd753?s=96&d=mm&r=g\",\"contentUrl\":\"https:\\\/\\\/secure.gravatar.com\\\/avatar\\\/a5627fb156910981ea3ab2405e881b80c8234e50bb58a577081f805dd3bfd753?s=96&d=mm&r=g\",\"caption\":\"Alejandro\"},\"url\":\"https:\\\/\\\/www.interpeace.org\\\/fr\\\/author\\\/amoralesruiz-gm\\\/\"}]}<\/script>\n<!-- \/ Yoast SEO Premium plugin. -->","yoast_head_json":{"title":"Interpeace\u2019s initiative \u201cPrinciples for Inclusive Peace\u201d receives global recognition at the Paris Peace Forum - Interpeace","robots":{"index":"index","follow":"follow","max-snippet":"max-snippet:-1","max-image-preview":"max-image-preview:large","max-video-preview":"max-video-preview:-1"},"canonical":"https:\/\/www.interpeace.org\/fr\/2019\/11\/interpeaces-initiative-recognition\/","og_locale":"fr_FR","og_type":"article","og_title":"Interpeace\u2019s initiative \u201cPrinciples for Inclusive Peace\u201d receives global recognition at the Paris Peace Forum","og_description":"Our new initiative, \u201cPrinciples for Inclusive Peace\u201d is among 10 of the most promising governance projects presented at the 2019 Paris Peace Forum (PPF) that ended in the French capital on 13 November. The project was chosen from over 700 initial submissions and 114 projects presented at the Forum. \u201cPrinciples for Inclusive Peace\u201d is a [&hellip;]","og_url":"https:\/\/www.interpeace.org\/fr\/2019\/11\/interpeaces-initiative-recognition\/","og_site_name":"Interpeace","article_publisher":"https:\/\/www.facebook.com\/Interpeace","article_published_time":"2019-11-13T21:35:59+00:00","article_modified_time":"2019-11-13T22:15:59+00:00","og_image":[{"width":2048,"height":1266,"url":"https:\/\/www.interpeace.org\/wp-content\/uploads\/2019\/11\/Paris-Peace-Forum-2019-1280x500.jpeg","type":"image\/jpeg"}],"author":"Alejandro","twitter_card":"summary_large_image","twitter_creator":"@InterpeaceTweet","twitter_site":"@InterpeaceTweet","twitter_misc":{"\u00c9crit par":"Alejandro","Dur\u00e9e de lecture estim\u00e9e":"2 minutes"},"schema":{"@context":"https:\/\/schema.org","@graph":[{"@type":"Article","@id":"https:\/\/www.interpeace.org\/2019\/11\/interpeaces-initiative-recognition\/#article","isPartOf":{"@id":"https:\/\/www.interpeace.org\/2019\/11\/interpeaces-initiative-recognition\/"},"author":{"name":"Alejandro","@id":"https:\/\/www.interpeace.org\/#\/schema\/person\/75fea8ede2ce310d5f1bea81166bf9a1"},"headline":"Interpeace\u2019s initiative \u201cPrinciples for Inclusive Peace\u201d receives global recognition at the Paris Peace Forum","datePublished":"2019-11-13T21:35:59+00:00","dateModified":"2019-11-13T22:15:59+00:00","mainEntityOfPage":{"@id":"https:\/\/www.interpeace.org\/2019\/11\/interpeaces-initiative-recognition\/"},"wordCount":388,"publisher":{"@id":"https:\/\/www.interpeace.org\/#organization"},"image":{"@id":"https:\/\/www.interpeace.org\/2019\/11\/interpeaces-initiative-recognition\/#primaryimage"},"thumbnailUrl":"https:\/\/www.interpeace.org\/wp-content\/uploads\/2019\/11\/Paris-Peace-Forum-2019-1280x500.jpeg","articleSection":["Uncategorized"],"inLanguage":"fr-FR"},{"@type":"WebPage","@id":"https:\/\/www.interpeace.org\/2019\/11\/interpeaces-initiative-recognition\/","url":"https:\/\/www.interpeace.org\/2019\/11\/interpeaces-initiative-recognition\/","name":"Interpeace\u2019s initiative \u201cPrinciples for Inclusive Peace\u201d receives global recognition at the Paris Peace Forum - Interpeace","isPartOf":{"@id":"https:\/\/www.interpeace.org\/#website"},"primaryImageOfPage":{"@id":"https:\/\/www.interpeace.org\/2019\/11\/interpeaces-initiative-recognition\/#primaryimage"},"image":{"@id":"https:\/\/www.interpeace.org\/2019\/11\/interpeaces-initiative-recognition\/#primaryimage"},"thumbnailUrl":"https:\/\/www.interpeace.org\/wp-content\/uploads\/2019\/11\/Paris-Peace-Forum-2019-1280x500.jpeg","datePublished":"2019-11-13T21:35:59+00:00","dateModified":"2019-11-13T22:15:59+00:00","breadcrumb":{"@id":"https:\/\/www.interpeace.org\/2019\/11\/interpeaces-initiative-recognition\/#breadcrumb"},"inLanguage":"fr-FR","potentialAction":[{"@type":"ReadAction","target":["https:\/\/www.interpeace.org\/2019\/11\/interpeaces-initiative-recognition\/"]}]},{"@type":"ImageObject","inLanguage":"fr-FR","@id":"https:\/\/www.interpeace.org\/2019\/11\/interpeaces-initiative-recognition\/#primaryimage","url":"https:\/\/www.interpeace.org\/wp-content\/uploads\/2019\/11\/Paris-Peace-Forum-2019-1280x500.jpeg","contentUrl":"https:\/\/www.interpeace.org\/wp-content\/uploads\/2019\/11\/Paris-Peace-Forum-2019-1280x500.jpeg","width":2048,"height":1266,"caption":"Paris Peace Forum 2019. Photo credit: Interpeace"},{"@type":"BreadcrumbList","@id":"https:\/\/www.interpeace.org\/2019\/11\/interpeaces-initiative-recognition\/#breadcrumb","itemListElement":[{"@type":"ListItem","position":1,"name":"Home","item":"https:\/\/www.interpeace.org\/"},{"@type":"ListItem","position":2,"name":"Interpeace\u2019s initiative \u201cPrinciples for Inclusive Peace\u201d receives global recognition at the Paris Peace Forum"}]},{"@type":"WebSite","@id":"https:\/\/www.interpeace.org\/#website","url":"https:\/\/www.interpeace.org\/","name":"Interpeace","description":"Permettre aux gens de construire une paix durable depuis 1994","publisher":{"@id":"https:\/\/www.interpeace.org\/#organization"},"potentialAction":[{"@type":"SearchAction","target":{"@type":"EntryPoint","urlTemplate":"https:\/\/www.interpeace.org\/?s={search_term_string}"},"query-input":{"@type":"PropertyValueSpecification","valueRequired":true,"valueName":"search_term_string"}}],"inLanguage":"fr-FR"},{"@type":"Organization","@id":"https:\/\/www.interpeace.org\/#organization","name":"INTERPEACE","url":"https:\/\/www.interpeace.org\/","logo":{"@type":"ImageObject","inLanguage":"fr-FR","@id":"https:\/\/www.interpeace.org\/#\/schema\/logo\/image\/","url":"https:\/\/www.interpeace.org\/wp-content\/uploads\/2019\/11\/EN-Interpeace-small.png","contentUrl":"https:\/\/www.interpeace.org\/wp-content\/uploads\/2019\/11\/EN-Interpeace-small.png","width":111,"height":85,"caption":"INTERPEACE"},"image":{"@id":"https:\/\/www.interpeace.org\/#\/schema\/logo\/image\/"},"sameAs":["https:\/\/www.facebook.com\/Interpeace","https:\/\/x.com\/InterpeaceTweet","https:\/\/www.instagram.com\/interpeace\/"]},{"@type":"Person","@id":"https:\/\/www.interpeace.org\/#\/schema\/person\/75fea8ede2ce310d5f1bea81166bf9a1","name":"Alejandro","image":{"@type":"ImageObject","inLanguage":"fr-FR","@id":"https:\/\/secure.gravatar.com\/avatar\/a5627fb156910981ea3ab2405e881b80c8234e50bb58a577081f805dd3bfd753?s=96&d=mm&r=g","url":"https:\/\/secure.gravatar.com\/avatar\/a5627fb156910981ea3ab2405e881b80c8234e50bb58a577081f805dd3bfd753?s=96&d=mm&r=g","contentUrl":"https:\/\/secure.gravatar.com\/avatar\/a5627fb156910981ea3ab2405e881b80c8234e50bb58a577081f805dd3bfd753?s=96&d=mm&r=g","caption":"Alejandro"},"url":"https:\/\/www.interpeace.org\/fr\/author\/amoralesruiz-gm\/"}]}},"_links":{"self":[{"href":"https:\/\/www.interpeace.org\/fr\/wp-json\/wp\/v2\/posts\/8461","targetHints":{"allow":["GET"]}}],"collection":[{"href":"https:\/\/www.interpeace.org\/fr\/wp-json\/wp\/v2\/posts"}],"about":[{"href":"https:\/\/www.interpeace.org\/fr\/wp-json\/wp\/v2\/types\/post"}],"author":[{"embeddable":true,"href":"https:\/\/www.interpeace.org\/fr\/wp-json\/wp\/v2\/users\/1"}],"replies":[{"embeddable":true,"href":"https:\/\/www.interpeace.org\/fr\/wp-json\/wp\/v2\/comments?post=8461"}],"version-history":[{"count":0,"href":"https:\/\/www.interpeace.org\/fr\/wp-json\/wp\/v2\/posts\/8461\/revisions"}],"wp:featuredmedia":[{"embeddable":true,"href":"https:\/\/www.interpeace.org\/fr\/wp-json\/wp\/v2\/media\/8464"}],"wp:attachment":[{"href":"https:\/\/www.interpeace.org\/fr\/wp-json\/wp\/v2\/media?parent=8461"}],"wp:term":[{"taxonomy":"category","embeddable":true,"href":"https:\/\/www.interpeace.org\/fr\/wp-json\/wp\/v2\/categories?post=8461"},{"taxonomy":"post_tag","embeddable":true,"href":"https:\/\/www.interpeace.org\/fr\/wp-json\/wp\/v2\/tags?post=8461"},{"taxonomy":"globales","embeddable":true,"href":"https:\/\/www.interpeace.org\/fr\/wp-json\/wp\/v2\/globales?post=8461"},{"taxonomy":"initiatives","embeddable":true,"href":"https:\/\/www.interpeace.org\/fr\/wp-json\/wp\/v2\/initiatives?post=8461"},{"taxonomy":"news_type","embeddable":true,"href":"https:\/\/www.interpeace.org\/fr\/wp-json\/wp\/v2\/news_type?post=8461"},{"taxonomy":"programmes","embeddable":true,"href":"https:\/\/www.interpeace.org\/fr\/wp-json\/wp\/v2\/programmes?post=8461"},{"taxonomy":"resource_theme","embeddable":true,"href":"https:\/\/www.interpeace.org\/fr\/wp-json\/wp\/v2\/resource_theme?post=8461"},{"taxonomy":"videos_vimeo","embeddable":true,"href":"https:\/\/www.interpeace.org\/fr\/wp-json\/wp\/v2\/videos_vimeo?post=8461"}],"curies":[{"name":"wp","href":"https:\/\/api.w.org\/{rel}","templated":true}]}}