{"id":8315,"date":"2019-09-17T17:40:30","date_gmt":"2019-09-17T15:40:30","guid":{"rendered":"https:\/\/www.interpeace.org\/?p=8315"},"modified":"2019-09-17T17:40:48","modified_gmt":"2019-09-17T15:40:48","slug":"geneva-peace-talks-2019","status":"publish","type":"post","link":"https:\/\/www.interpeace.org\/fr\/2019\/09\/geneva-peace-talks-2019\/","title":{"rendered":"2019 Geneva Peace Talks: Building Peace, Trust Matters!"},"content":{"rendered":"<p><strong>GENEVA, 17 September 2019<\/strong> \u2013 Mistrust and suspicion are at the origin of the all too familiar violent conflicts around the world today. Violent conflicts tear apart society and destroy the trust that binds relationships. Trust is the foundation for lasting peace in society.<\/p>\n<p>On Thursday, 19 September 2019, ahead of the International Day of Peace on 21 September, peacebuilders from around the world will share their personal stories and experiences at the <a href=\"https:\/\/www.peacetalks.net\/pt-events\/geneva-peace-talks-2019\/\">2019 Geneva Peace Talks<\/a>, to highlight their efforts in promoting trust in conflict-affected regions of the world.<\/p>\n<p>The event will take place at the United Nations Office at Geneva (UNOG), Building E, Room XVIII from 4:00pm to 6:00pm, Geneva time.<\/p>\n<p>The Geneva Peace Talks are a public event co-organized by the <a href=\"https:\/\/www.unog.ch\/\">l'Office des Nations Unies \u00e0 Gen\u00e8ve<\/a>, <a href=\"https:\/\/www.interpeace.org\/fr\/\">Interpeace<\/a> et <a href=\"https:\/\/www.gpplatform.ch\/\">Plateforme de consolidation de la paix de Gen\u00e8ve<\/a> to celebrate the International Day of Peace.<\/p>\n<p>The 2019 Geneva Peace Talks is organized under the theme: <strong>Trust Matters<\/strong><strong>!<\/strong><\/p>\n<p>The meaning of trust in today\u2019s globalized world may vary across sectors, however, the essence of trust as a pillar for peace remains.\u00a0 Trust is the cornerstone for peace. It is the glue that holds relationships, societies and economies together.<\/p>\n<p>The 2019 Geneva Peace Talks will bring together speakers from across different professional and personal backgrounds to share their personal stories and experiences in promoting trust as the foundation for society, through a series of 8-minute talks.<\/p>\n<p>African entrepreneur and founder of Mo Ibrahim Foundation supporting good governance and great leadership in Africa, Mo Ibrahim, will join award winning filmmaker and winner of the 2019 Cannes Camera d\u2019Or to share his personal story and experiences at this high-profile annual event for peace.<\/p>\n<p>Other speakers include leading peace mediator, Antje Herrberg, Guatemalan global peacebuilder, Bernardo Ar\u00e9valo de Le\u00f3n and Colombian policewoman, Coronel Lurangeli Franco. Two young women, Zainab Nankya and Salama Ibrahim, involved in building bridges between religious communities in Nigeria and Uganda will also be sharing their stories and personal experiences alongside Dina Alami, a young person working to build bridges between youth and politicians in Sweden.<\/p>\n<p>This diversity of speakers emphasizes that each and every one of us, regardless of our age and background, can contribute to promoting trust and peace in our communities and beyond.<\/p>\n<p>The event will also feature live painting by Abbes Boukhobza and musical performance by Pososhok.<\/p>\n<p>&nbsp;<\/p>","protected":false},"excerpt":{"rendered":"<p>GENEVA, 17 September 2019 \u2013 Mistrust and suspicion are at the origin of the all too familiar violent conflicts around the world today. Violent conflicts tear apart society and destroy the trust that binds relationships. Trust is the foundation for lasting peace in society. On Thursday, 19 September 2019, ahead of the International Day of [&hellip;]<\/p>\n","protected":false},"author":1,"featured_media":8316,"comment_status":"closed","ping_status":"closed","sticky":false,"template":"","format":"standard","meta":{"_acf_changed":false,"_editorskit_title_hidden":false,"_editorskit_reading_time":0,"_editorskit_is_block_options_detached":false,"_editorskit_block_options_position":"{}","editor_plus_copied_stylings":"{}","_exactmetrics_skip_tracking":false,"_exactmetrics_sitenote_active":false,"_exactmetrics_sitenote_note":"","_exactmetrics_sitenote_category":0,"footnotes":"","_links_to":"","_links_to_target":""},"categories":[1],"tags":[],"globales":[],"initiatives":[],"news_type":[127],"programmes":[204],"resource_theme":[510],"videos_vimeo":[],"class_list":["post-8315","post","type-post","status-publish","format-standard","has-post-thumbnail","hentry","category-uncategorized","news_type-press-release","programmes-peace-talks","resource_theme-dialogue"],"acf":[],"yoast_head":"<!-- This site is optimized with the Yoast SEO Premium plugin v27.4 (Yoast SEO v27.4) - https:\/\/yoast.com\/product\/yoast-seo-premium-wordpress\/ -->\n<title>2019 Geneva Peace Talks: Building Peace, Trust Matters! - Interpeace<\/title>\n<meta name=\"robots\" content=\"index, follow, max-snippet:-1, max-image-preview:large, max-video-preview:-1\" \/>\n<link rel=\"canonical\" href=\"https:\/\/www.interpeace.org\/fr\/2019\/09\/geneva-peace-talks-2019\/\" \/>\n<meta property=\"og:locale\" content=\"fr_FR\" \/>\n<meta property=\"og:type\" content=\"article\" \/>\n<meta property=\"og:title\" content=\"2019 Geneva Peace Talks: Building Peace, Trust Matters!\" \/>\n<meta property=\"og:description\" content=\"GENEVA, 17 September 2019 \u2013 Mistrust and suspicion are at the origin of the all too familiar violent conflicts around the world today. Violent conflicts tear apart society and destroy the trust that binds relationships. Trust is the foundation for lasting peace in society. On Thursday, 19 September 2019, ahead of the International Day of [&hellip;]\" \/>\n<meta property=\"og:url\" content=\"https:\/\/www.interpeace.org\/fr\/2019\/09\/geneva-peace-talks-2019\/\" \/>\n<meta property=\"og:site_name\" content=\"Interpeace\" \/>\n<meta property=\"article:publisher\" content=\"https:\/\/www.facebook.com\/Interpeace\" \/>\n<meta property=\"article:published_time\" content=\"2019-09-17T15:40:30+00:00\" \/>\n<meta property=\"article:modified_time\" content=\"2019-09-17T15:40:48+00:00\" \/>\n<meta property=\"og:image\" content=\"https:\/\/www.interpeace.org\/wp-content\/uploads\/2019\/09\/Peace-Talks-2018-full-room-UNOG-1000x500.jpg\" \/>\n\t<meta property=\"og:image:width\" content=\"1000\" \/>\n\t<meta property=\"og:image:height\" content=\"666\" \/>\n\t<meta property=\"og:image:type\" content=\"image\/jpeg\" \/>\n<meta name=\"author\" content=\"Alejandro\" \/>\n<meta name=\"twitter:card\" content=\"summary_large_image\" \/>\n<meta name=\"twitter:creator\" content=\"@InterpeaceTweet\" \/>\n<meta name=\"twitter:site\" content=\"@InterpeaceTweet\" \/>\n<meta name=\"twitter:label1\" content=\"\u00c9crit par\" \/>\n\t<meta name=\"twitter:data1\" content=\"Alejandro\" \/>\n\t<meta name=\"twitter:label2\" content=\"Dur\u00e9e de lecture estim\u00e9e\" \/>\n\t<meta name=\"twitter:data2\" content=\"2 minutes\" \/>\n<script type=\"application\/ld+json\" class=\"yoast-schema-graph\">{\"@context\":\"https:\\\/\\\/schema.org\",\"@graph\":[{\"@type\":\"Article\",\"@id\":\"https:\\\/\\\/www.interpeace.org\\\/2019\\\/09\\\/geneva-peace-talks-2019\\\/#article\",\"isPartOf\":{\"@id\":\"https:\\\/\\\/www.interpeace.org\\\/2019\\\/09\\\/geneva-peace-talks-2019\\\/\"},\"author\":{\"name\":\"Alejandro\",\"@id\":\"https:\\\/\\\/www.interpeace.org\\\/#\\\/schema\\\/person\\\/75fea8ede2ce310d5f1bea81166bf9a1\"},\"headline\":\"2019 Geneva Peace Talks: Building Peace, Trust Matters!\",\"datePublished\":\"2019-09-17T15:40:30+00:00\",\"dateModified\":\"2019-09-17T15:40:48+00:00\",\"mainEntityOfPage\":{\"@id\":\"https:\\\/\\\/www.interpeace.org\\\/2019\\\/09\\\/geneva-peace-talks-2019\\\/\"},\"wordCount\":388,\"publisher\":{\"@id\":\"https:\\\/\\\/www.interpeace.org\\\/#organization\"},\"image\":{\"@id\":\"https:\\\/\\\/www.interpeace.org\\\/2019\\\/09\\\/geneva-peace-talks-2019\\\/#primaryimage\"},\"thumbnailUrl\":\"https:\\\/\\\/www.interpeace.org\\\/wp-content\\\/uploads\\\/2019\\\/09\\\/Peace-Talks-2018-full-room-UNOG-1000x500.jpg\",\"articleSection\":[\"Uncategorized\"],\"inLanguage\":\"fr-FR\"},{\"@type\":\"WebPage\",\"@id\":\"https:\\\/\\\/www.interpeace.org\\\/2019\\\/09\\\/geneva-peace-talks-2019\\\/\",\"url\":\"https:\\\/\\\/www.interpeace.org\\\/2019\\\/09\\\/geneva-peace-talks-2019\\\/\",\"name\":\"2019 Geneva Peace Talks: Building Peace, Trust Matters! - Interpeace\",\"isPartOf\":{\"@id\":\"https:\\\/\\\/www.interpeace.org\\\/#website\"},\"primaryImageOfPage\":{\"@id\":\"https:\\\/\\\/www.interpeace.org\\\/2019\\\/09\\\/geneva-peace-talks-2019\\\/#primaryimage\"},\"image\":{\"@id\":\"https:\\\/\\\/www.interpeace.org\\\/2019\\\/09\\\/geneva-peace-talks-2019\\\/#primaryimage\"},\"thumbnailUrl\":\"https:\\\/\\\/www.interpeace.org\\\/wp-content\\\/uploads\\\/2019\\\/09\\\/Peace-Talks-2018-full-room-UNOG-1000x500.jpg\",\"datePublished\":\"2019-09-17T15:40:30+00:00\",\"dateModified\":\"2019-09-17T15:40:48+00:00\",\"breadcrumb\":{\"@id\":\"https:\\\/\\\/www.interpeace.org\\\/2019\\\/09\\\/geneva-peace-talks-2019\\\/#breadcrumb\"},\"inLanguage\":\"fr-FR\",\"potentialAction\":[{\"@type\":\"ReadAction\",\"target\":[\"https:\\\/\\\/www.interpeace.org\\\/2019\\\/09\\\/geneva-peace-talks-2019\\\/\"]}]},{\"@type\":\"ImageObject\",\"inLanguage\":\"fr-FR\",\"@id\":\"https:\\\/\\\/www.interpeace.org\\\/2019\\\/09\\\/geneva-peace-talks-2019\\\/#primaryimage\",\"url\":\"https:\\\/\\\/www.interpeace.org\\\/wp-content\\\/uploads\\\/2019\\\/09\\\/Peace-Talks-2018-full-room-UNOG-1000x500.jpg\",\"contentUrl\":\"https:\\\/\\\/www.interpeace.org\\\/wp-content\\\/uploads\\\/2019\\\/09\\\/Peace-Talks-2018-full-room-UNOG-1000x500.jpg\",\"width\":1000,\"height\":666,\"caption\":\"Photo: Antoine Tardy for Interpeace\"},{\"@type\":\"BreadcrumbList\",\"@id\":\"https:\\\/\\\/www.interpeace.org\\\/2019\\\/09\\\/geneva-peace-talks-2019\\\/#breadcrumb\",\"itemListElement\":[{\"@type\":\"ListItem\",\"position\":1,\"name\":\"Home\",\"item\":\"https:\\\/\\\/www.interpeace.org\\\/\"},{\"@type\":\"ListItem\",\"position\":2,\"name\":\"2019 Geneva Peace Talks: Building Peace, Trust Matters!\"}]},{\"@type\":\"WebSite\",\"@id\":\"https:\\\/\\\/www.interpeace.org\\\/#website\",\"url\":\"https:\\\/\\\/www.interpeace.org\\\/\",\"name\":\"Interpeace\",\"description\":\"Enabling people to build lasting peace since 1994\",\"publisher\":{\"@id\":\"https:\\\/\\\/www.interpeace.org\\\/#organization\"},\"potentialAction\":[{\"@type\":\"SearchAction\",\"target\":{\"@type\":\"EntryPoint\",\"urlTemplate\":\"https:\\\/\\\/www.interpeace.org\\\/?s={search_term_string}\"},\"query-input\":{\"@type\":\"PropertyValueSpecification\",\"valueRequired\":true,\"valueName\":\"search_term_string\"}}],\"inLanguage\":\"fr-FR\"},{\"@type\":\"Organization\",\"@id\":\"https:\\\/\\\/www.interpeace.org\\\/#organization\",\"name\":\"INTERPEACE\",\"url\":\"https:\\\/\\\/www.interpeace.org\\\/\",\"logo\":{\"@type\":\"ImageObject\",\"inLanguage\":\"fr-FR\",\"@id\":\"https:\\\/\\\/www.interpeace.org\\\/#\\\/schema\\\/logo\\\/image\\\/\",\"url\":\"https:\\\/\\\/www.interpeace.org\\\/wp-content\\\/uploads\\\/2019\\\/11\\\/EN-Interpeace-small.png\",\"contentUrl\":\"https:\\\/\\\/www.interpeace.org\\\/wp-content\\\/uploads\\\/2019\\\/11\\\/EN-Interpeace-small.png\",\"width\":111,\"height\":85,\"caption\":\"INTERPEACE\"},\"image\":{\"@id\":\"https:\\\/\\\/www.interpeace.org\\\/#\\\/schema\\\/logo\\\/image\\\/\"},\"sameAs\":[\"https:\\\/\\\/www.facebook.com\\\/Interpeace\",\"https:\\\/\\\/x.com\\\/InterpeaceTweet\",\"https:\\\/\\\/www.instagram.com\\\/interpeace\\\/\"]},{\"@type\":\"Person\",\"@id\":\"https:\\\/\\\/www.interpeace.org\\\/#\\\/schema\\\/person\\\/75fea8ede2ce310d5f1bea81166bf9a1\",\"name\":\"Alejandro\",\"image\":{\"@type\":\"ImageObject\",\"inLanguage\":\"fr-FR\",\"@id\":\"https:\\\/\\\/secure.gravatar.com\\\/avatar\\\/a5627fb156910981ea3ab2405e881b80c8234e50bb58a577081f805dd3bfd753?s=96&d=mm&r=g\",\"url\":\"https:\\\/\\\/secure.gravatar.com\\\/avatar\\\/a5627fb156910981ea3ab2405e881b80c8234e50bb58a577081f805dd3bfd753?s=96&d=mm&r=g\",\"contentUrl\":\"https:\\\/\\\/secure.gravatar.com\\\/avatar\\\/a5627fb156910981ea3ab2405e881b80c8234e50bb58a577081f805dd3bfd753?s=96&d=mm&r=g\",\"caption\":\"Alejandro\"},\"url\":\"https:\\\/\\\/www.interpeace.org\\\/fr\\\/author\\\/amoralesruiz-gm\\\/\"}]}<\/script>\n<!-- \/ Yoast SEO Premium plugin. -->","yoast_head_json":{"title":"2019 Geneva Peace Talks: Building Peace, Trust Matters! - Interpeace","robots":{"index":"index","follow":"follow","max-snippet":"max-snippet:-1","max-image-preview":"max-image-preview:large","max-video-preview":"max-video-preview:-1"},"canonical":"https:\/\/www.interpeace.org\/fr\/2019\/09\/geneva-peace-talks-2019\/","og_locale":"fr_FR","og_type":"article","og_title":"2019 Geneva Peace Talks: Building Peace, Trust Matters!","og_description":"GENEVA, 17 September 2019 \u2013 Mistrust and suspicion are at the origin of the all too familiar violent conflicts around the world today. Violent conflicts tear apart society and destroy the trust that binds relationships. Trust is the foundation for lasting peace in society. On Thursday, 19 September 2019, ahead of the International Day of [&hellip;]","og_url":"https:\/\/www.interpeace.org\/fr\/2019\/09\/geneva-peace-talks-2019\/","og_site_name":"Interpeace","article_publisher":"https:\/\/www.facebook.com\/Interpeace","article_published_time":"2019-09-17T15:40:30+00:00","article_modified_time":"2019-09-17T15:40:48+00:00","og_image":[{"width":1000,"height":666,"url":"https:\/\/www.interpeace.org\/wp-content\/uploads\/2019\/09\/Peace-Talks-2018-full-room-UNOG-1000x500.jpg","type":"image\/jpeg"}],"author":"Alejandro","twitter_card":"summary_large_image","twitter_creator":"@InterpeaceTweet","twitter_site":"@InterpeaceTweet","twitter_misc":{"\u00c9crit par":"Alejandro","Dur\u00e9e de lecture estim\u00e9e":"2 minutes"},"schema":{"@context":"https:\/\/schema.org","@graph":[{"@type":"Article","@id":"https:\/\/www.interpeace.org\/2019\/09\/geneva-peace-talks-2019\/#article","isPartOf":{"@id":"https:\/\/www.interpeace.org\/2019\/09\/geneva-peace-talks-2019\/"},"author":{"name":"Alejandro","@id":"https:\/\/www.interpeace.org\/#\/schema\/person\/75fea8ede2ce310d5f1bea81166bf9a1"},"headline":"2019 Geneva Peace Talks: Building Peace, Trust Matters!","datePublished":"2019-09-17T15:40:30+00:00","dateModified":"2019-09-17T15:40:48+00:00","mainEntityOfPage":{"@id":"https:\/\/www.interpeace.org\/2019\/09\/geneva-peace-talks-2019\/"},"wordCount":388,"publisher":{"@id":"https:\/\/www.interpeace.org\/#organization"},"image":{"@id":"https:\/\/www.interpeace.org\/2019\/09\/geneva-peace-talks-2019\/#primaryimage"},"thumbnailUrl":"https:\/\/www.interpeace.org\/wp-content\/uploads\/2019\/09\/Peace-Talks-2018-full-room-UNOG-1000x500.jpg","articleSection":["Uncategorized"],"inLanguage":"fr-FR"},{"@type":"WebPage","@id":"https:\/\/www.interpeace.org\/2019\/09\/geneva-peace-talks-2019\/","url":"https:\/\/www.interpeace.org\/2019\/09\/geneva-peace-talks-2019\/","name":"2019 Geneva Peace Talks: Building Peace, Trust Matters! - Interpeace","isPartOf":{"@id":"https:\/\/www.interpeace.org\/#website"},"primaryImageOfPage":{"@id":"https:\/\/www.interpeace.org\/2019\/09\/geneva-peace-talks-2019\/#primaryimage"},"image":{"@id":"https:\/\/www.interpeace.org\/2019\/09\/geneva-peace-talks-2019\/#primaryimage"},"thumbnailUrl":"https:\/\/www.interpeace.org\/wp-content\/uploads\/2019\/09\/Peace-Talks-2018-full-room-UNOG-1000x500.jpg","datePublished":"2019-09-17T15:40:30+00:00","dateModified":"2019-09-17T15:40:48+00:00","breadcrumb":{"@id":"https:\/\/www.interpeace.org\/2019\/09\/geneva-peace-talks-2019\/#breadcrumb"},"inLanguage":"fr-FR","potentialAction":[{"@type":"ReadAction","target":["https:\/\/www.interpeace.org\/2019\/09\/geneva-peace-talks-2019\/"]}]},{"@type":"ImageObject","inLanguage":"fr-FR","@id":"https:\/\/www.interpeace.org\/2019\/09\/geneva-peace-talks-2019\/#primaryimage","url":"https:\/\/www.interpeace.org\/wp-content\/uploads\/2019\/09\/Peace-Talks-2018-full-room-UNOG-1000x500.jpg","contentUrl":"https:\/\/www.interpeace.org\/wp-content\/uploads\/2019\/09\/Peace-Talks-2018-full-room-UNOG-1000x500.jpg","width":1000,"height":666,"caption":"Photo: Antoine Tardy for Interpeace"},{"@type":"BreadcrumbList","@id":"https:\/\/www.interpeace.org\/2019\/09\/geneva-peace-talks-2019\/#breadcrumb","itemListElement":[{"@type":"ListItem","position":1,"name":"Home","item":"https:\/\/www.interpeace.org\/"},{"@type":"ListItem","position":2,"name":"2019 Geneva Peace Talks: Building Peace, Trust Matters!"}]},{"@type":"WebSite","@id":"https:\/\/www.interpeace.org\/#website","url":"https:\/\/www.interpeace.org\/","name":"Interpeace","description":"Permettre aux gens de construire une paix durable depuis 1994","publisher":{"@id":"https:\/\/www.interpeace.org\/#organization"},"potentialAction":[{"@type":"SearchAction","target":{"@type":"EntryPoint","urlTemplate":"https:\/\/www.interpeace.org\/?s={search_term_string}"},"query-input":{"@type":"PropertyValueSpecification","valueRequired":true,"valueName":"search_term_string"}}],"inLanguage":"fr-FR"},{"@type":"Organization","@id":"https:\/\/www.interpeace.org\/#organization","name":"INTERPEACE","url":"https:\/\/www.interpeace.org\/","logo":{"@type":"ImageObject","inLanguage":"fr-FR","@id":"https:\/\/www.interpeace.org\/#\/schema\/logo\/image\/","url":"https:\/\/www.interpeace.org\/wp-content\/uploads\/2019\/11\/EN-Interpeace-small.png","contentUrl":"https:\/\/www.interpeace.org\/wp-content\/uploads\/2019\/11\/EN-Interpeace-small.png","width":111,"height":85,"caption":"INTERPEACE"},"image":{"@id":"https:\/\/www.interpeace.org\/#\/schema\/logo\/image\/"},"sameAs":["https:\/\/www.facebook.com\/Interpeace","https:\/\/x.com\/InterpeaceTweet","https:\/\/www.instagram.com\/interpeace\/"]},{"@type":"Person","@id":"https:\/\/www.interpeace.org\/#\/schema\/person\/75fea8ede2ce310d5f1bea81166bf9a1","name":"Alejandro","image":{"@type":"ImageObject","inLanguage":"fr-FR","@id":"https:\/\/secure.gravatar.com\/avatar\/a5627fb156910981ea3ab2405e881b80c8234e50bb58a577081f805dd3bfd753?s=96&d=mm&r=g","url":"https:\/\/secure.gravatar.com\/avatar\/a5627fb156910981ea3ab2405e881b80c8234e50bb58a577081f805dd3bfd753?s=96&d=mm&r=g","contentUrl":"https:\/\/secure.gravatar.com\/avatar\/a5627fb156910981ea3ab2405e881b80c8234e50bb58a577081f805dd3bfd753?s=96&d=mm&r=g","caption":"Alejandro"},"url":"https:\/\/www.interpeace.org\/fr\/author\/amoralesruiz-gm\/"}]}},"_links":{"self":[{"href":"https:\/\/www.interpeace.org\/fr\/wp-json\/wp\/v2\/posts\/8315","targetHints":{"allow":["GET"]}}],"collection":[{"href":"https:\/\/www.interpeace.org\/fr\/wp-json\/wp\/v2\/posts"}],"about":[{"href":"https:\/\/www.interpeace.org\/fr\/wp-json\/wp\/v2\/types\/post"}],"author":[{"embeddable":true,"href":"https:\/\/www.interpeace.org\/fr\/wp-json\/wp\/v2\/users\/1"}],"replies":[{"embeddable":true,"href":"https:\/\/www.interpeace.org\/fr\/wp-json\/wp\/v2\/comments?post=8315"}],"version-history":[{"count":0,"href":"https:\/\/www.interpeace.org\/fr\/wp-json\/wp\/v2\/posts\/8315\/revisions"}],"wp:featuredmedia":[{"embeddable":true,"href":"https:\/\/www.interpeace.org\/fr\/wp-json\/wp\/v2\/media\/8316"}],"wp:attachment":[{"href":"https:\/\/www.interpeace.org\/fr\/wp-json\/wp\/v2\/media?parent=8315"}],"wp:term":[{"taxonomy":"category","embeddable":true,"href":"https:\/\/www.interpeace.org\/fr\/wp-json\/wp\/v2\/categories?post=8315"},{"taxonomy":"post_tag","embeddable":true,"href":"https:\/\/www.interpeace.org\/fr\/wp-json\/wp\/v2\/tags?post=8315"},{"taxonomy":"globales","embeddable":true,"href":"https:\/\/www.interpeace.org\/fr\/wp-json\/wp\/v2\/globales?post=8315"},{"taxonomy":"initiatives","embeddable":true,"href":"https:\/\/www.interpeace.org\/fr\/wp-json\/wp\/v2\/initiatives?post=8315"},{"taxonomy":"news_type","embeddable":true,"href":"https:\/\/www.interpeace.org\/fr\/wp-json\/wp\/v2\/news_type?post=8315"},{"taxonomy":"programmes","embeddable":true,"href":"https:\/\/www.interpeace.org\/fr\/wp-json\/wp\/v2\/programmes?post=8315"},{"taxonomy":"resource_theme","embeddable":true,"href":"https:\/\/www.interpeace.org\/fr\/wp-json\/wp\/v2\/resource_theme?post=8315"},{"taxonomy":"videos_vimeo","embeddable":true,"href":"https:\/\/www.interpeace.org\/fr\/wp-json\/wp\/v2\/videos_vimeo?post=8315"}],"curies":[{"name":"wp","href":"https:\/\/api.w.org\/{rel}","templated":true}]}}