{"id":8054,"date":"2019-07-05T18:39:43","date_gmt":"2019-07-05T16:39:43","guid":{"rendered":"https:\/\/www.interpeace.org\/?p=8054"},"modified":"2019-07-11T22:43:23","modified_gmt":"2019-07-11T20:43:23","slug":"interpeace-sallient-renforcer","status":"publish","type":"post","link":"https:\/\/www.interpeace.org\/fr\/2019\/07\/interpeace-sallient-renforcer\/","title":{"rendered":"Interpeace et la FICR s\u2019allient pour renforcer les acteurs locaux"},"content":{"rendered":"<p>Ils sont plus de 13 millions dans 191 pays. Ils s\u2019activent au nom de la <a href=\"https:\/\/media.ifrc.org\/ifrc\/?lang=fr\">Croix-Rouge et du Croissant-Rouge<\/a>, la plus grande \u00ab\u00a0arm\u00e9e de volontaires\u00a0\u00bb humanitaires dans le monde qui \u0153uvrent dans les zones fragiles, rassembl\u00e9e en F\u00e9d\u00e9ration internationale, la FICR. Face aux d\u00e9fis qui s\u2019annoncent avec des conflits de plus en plus violents, le r\u00e9chauffement climatique, les migrations, ces membres des diff\u00e9rentes soci\u00e9t\u00e9s nationales sont en premi\u00e8re ligne aupr\u00e8s des personnes dans le besoin.<\/p>\n<p>L\u2019institution veut d\u00e9sormais, davantage qu\u2019auparavant, contribuer par sa r\u00e9ponse \u00e0 augmenter \u00e0 plus long terme la capacit\u00e9 de ces milliers de b\u00e9n\u00e9ficiaires de s\u2019organiser et de surmonter les crises \u00e0 venir. Pour ce faire, et avoir un impact durable, elle doit mettre ces ressources locales au centre du dispositif. Pr\u00e9venir aujourd\u2019hui pour \u00e9viter de devoir gu\u00e9rir demain, tous y trouvent leur int\u00e9r\u00eat. Si les communaut\u00e9s sont plus r\u00e9silientes, les besoins humanitaires seront moins importants, le tout dans un contexte favorisant une paix durable.<\/p>\n<p>De son c\u00f4t\u00e9, Interpeace d\u00e9fend et facilite depuis 25 ans le renforcement des acteurs locaux en tant qu\u2019organisation internationale de consolidation de la paix. Or, trop longtemps, cet environnement et celui de l\u2019humanitaire se sont c\u00f4toy\u00e9s sans forc\u00e9ment se parler, encore moins dialoguer sur les possibilit\u00e9s de collaborer pour davantage de r\u00e9silience des populations.<\/p>\n<p>Depuis Gen\u00e8ve, les deux institutions veulent d\u00e9cloisonner ces contextes et ont d\u00e9cid\u00e9 de rassembler leurs comp\u00e9tences dans une d\u00e9claration d\u2019intention sign\u00e9e la semaine derni\u00e8re. Pour tenter de garantir une action durable pour les communaut\u00e9s locales, Interpeace, et son expertise dans l\u2019appui de m\u00e9canismes inclusifs dans plus de 20 pays, et la FICR vont travailler ensemble.<\/p>\n<p>Objectif affich\u00e9, les deux institutions internationales veulent \u00e9valuer les effets positifs mais aussi, parfois, les cons\u00e9quences n\u00e9gatives, bien que non souhait\u00e9es, de l\u2019intervention humanitaire sur ces populations. Pendant les 3 prochaines ann\u00e9es, leur union doit permettre de mieux identifier les premiers gr\u00e2ce aux nouveaux instruments lanc\u00e9s par des acteurs comme Interpeace pour mesurer les facteurs de r\u00e9silience dans une soci\u00e9t\u00e9.<\/p>\n<p>Comment y arriver, au plus pr\u00e8s des personnes affect\u00e9es, pour \u00e9viter qu\u2019une intervention \u00e0 court terme ne soit plus pertinente ou pire encore contreproductive sur une p\u00e9riode plus longue\u00a0? Interpeace va appuyer des soci\u00e9t\u00e9s nationales de la Croix-Rouge et du Croissant-Rouge pour mieux comprendre leur mode de fonctionnement et les accompagner dans cette nouvelle \u00e8re. Une plateforme participative et interactive sera \u00e9tablie pour r\u00e9colter les priorit\u00e9s et les besoins identifi\u00e9s par les populations elles-m\u00eames. Une marque de fabrique d\u2019Interpeace qui doit ensuite donner lieu \u00e0 un barom\u00e8tre.<\/p>\n<p>Pour la premi\u00e8re fois, une institution humanitaire b\u00e9n\u00e9ficiera de cet outil pour mieux mesurer la r\u00e9silience \u00e0 tous les niveaux, qu\u2019ils soient individuel, familial, communautaire ou institutionnel. Dix pays constitueront le pilote de ce nouveau partenariat pour d\u00e9marrer. Une contribution parmi celles qui rendront au moins 1 milliard de personnes plus r\u00e9silientes comme l\u2019ambitionne la FICR dans sa nouvelle strat\u00e9gie. De quoi aussi pouvoir diss\u00e9miner les le\u00e7ons apprises par cette nouvelle approche vers d\u2019autres institutions humanitaires et les bailleurs de fonds pour peut-\u00eatre modifier l\u2019ensemble de ces \u00e9cosyst\u00e8mes qui assistent les populations.<\/p>\n<div id=\"attachment_8058\" style=\"width: 669px\" class=\"wp-caption aligncenter\"><img loading=\"lazy\" decoding=\"async\" aria-describedby=\"caption-attachment-8058\" class=\"wp-image-8058\" src=\"https:\/\/www.interpeace.org\/wp-content\/uploads\/2019\/07\/MOU-FICR-2-A.jpg\" alt=\"\" width=\"659\" height=\"840\" srcset=\"https:\/\/www.interpeace.org\/wp-content\/uploads\/2019\/07\/MOU-FICR-2-A.jpg 1000w, https:\/\/www.interpeace.org\/wp-content\/uploads\/2019\/07\/MOU-FICR-2-A-768x979.jpg 768w\" sizes=\"auto, (max-width: 659px) 100vw, 659px\" \/><p id=\"caption-attachment-8058\" class=\"wp-caption-text\">President of Interpeace, Scott Weber and Secretary General of the IFRC, Elhadj As Sy. Photo credit: Interpeace<\/p><\/div>","protected":false},"excerpt":{"rendered":"<p>Ils sont plus de 13 millions dans 191 pays. Ils s\u2019activent au nom de la Croix-Rouge et du Croissant-Rouge, la plus grande \u00ab\u00a0arm\u00e9e de volontaires\u00a0\u00bb humanitaires dans le monde qui \u0153uvrent dans les zones fragiles, rassembl\u00e9e en F\u00e9d\u00e9ration internationale, la FICR. Face aux d\u00e9fis qui s\u2019annoncent avec des conflits de plus en plus violents, le [&hellip;]<\/p>\n","protected":false},"author":1,"featured_media":8057,"comment_status":"closed","ping_status":"closed","sticky":false,"template":"","format":"standard","meta":{"_acf_changed":false,"_editorskit_title_hidden":false,"_editorskit_reading_time":0,"_editorskit_is_block_options_detached":false,"_editorskit_block_options_position":"{}","editor_plus_copied_stylings":"{}","_exactmetrics_skip_tracking":false,"_exactmetrics_sitenote_active":false,"_exactmetrics_sitenote_note":"","_exactmetrics_sitenote_category":0,"footnotes":"","_links_to":"","_links_to_target":""},"categories":[1],"tags":[],"globales":[],"initiatives":[],"news_type":[],"programmes":[216],"resource_theme":[510],"videos_vimeo":[],"class_list":["post-8054","post","type-post","status-publish","format-standard","has-post-thumbnail","hentry","category-uncategorized","programmes-geneva","resource_theme-dialogue"],"acf":[],"yoast_head":"<!-- This site is optimized with the Yoast SEO Premium plugin v27.4 (Yoast SEO v27.4) - https:\/\/yoast.com\/product\/yoast-seo-premium-wordpress\/ -->\n<title>Interpeace et la FICR s\u2019allient pour renforcer les acteurs locaux - Interpeace<\/title>\n<meta name=\"robots\" content=\"index, follow, max-snippet:-1, max-image-preview:large, max-video-preview:-1\" \/>\n<link rel=\"canonical\" href=\"https:\/\/www.interpeace.org\/fr\/2019\/07\/interpeace-sallient-renforcer\/\" \/>\n<meta property=\"og:locale\" content=\"fr_FR\" \/>\n<meta property=\"og:type\" content=\"article\" \/>\n<meta property=\"og:title\" content=\"Interpeace et la FICR s\u2019allient pour renforcer les acteurs locaux\" \/>\n<meta property=\"og:description\" content=\"Ils sont plus de 13 millions dans 191 pays. Ils s\u2019activent au nom de la Croix-Rouge et du Croissant-Rouge, la plus grande \u00ab\u00a0arm\u00e9e de volontaires\u00a0\u00bb humanitaires dans le monde qui \u0153uvrent dans les zones fragiles, rassembl\u00e9e en F\u00e9d\u00e9ration internationale, la FICR. Face aux d\u00e9fis qui s\u2019annoncent avec des conflits de plus en plus violents, le [&hellip;]\" \/>\n<meta property=\"og:url\" content=\"https:\/\/www.interpeace.org\/fr\/2019\/07\/interpeace-sallient-renforcer\/\" \/>\n<meta property=\"og:site_name\" content=\"Interpeace\" \/>\n<meta property=\"article:publisher\" content=\"https:\/\/www.facebook.com\/Interpeace\" \/>\n<meta property=\"article:published_time\" content=\"2019-07-05T16:39:43+00:00\" \/>\n<meta property=\"article:modified_time\" content=\"2019-07-11T20:43:23+00:00\" \/>\n<meta property=\"og:image\" content=\"https:\/\/www.interpeace.org\/wp-content\/uploads\/2019\/07\/MOU-FICR-1-A-1280x500.jpeg\" \/>\n\t<meta property=\"og:image:width\" content=\"1297\" \/>\n\t<meta property=\"og:image:height\" content=\"1105\" \/>\n\t<meta property=\"og:image:type\" content=\"image\/jpeg\" \/>\n<meta name=\"author\" content=\"Alejandro\" \/>\n<meta name=\"twitter:card\" content=\"summary_large_image\" \/>\n<meta name=\"twitter:creator\" content=\"@InterpeaceTweet\" \/>\n<meta name=\"twitter:site\" content=\"@InterpeaceTweet\" \/>\n<meta name=\"twitter:label1\" content=\"\u00c9crit par\" \/>\n\t<meta name=\"twitter:data1\" content=\"Alejandro\" \/>\n\t<meta name=\"twitter:label2\" content=\"Dur\u00e9e de lecture estim\u00e9e\" \/>\n\t<meta name=\"twitter:data2\" content=\"3 minutes\" \/>\n<script type=\"application\/ld+json\" class=\"yoast-schema-graph\">{\"@context\":\"https:\\\/\\\/schema.org\",\"@graph\":[{\"@type\":\"Article\",\"@id\":\"https:\\\/\\\/www.interpeace.org\\\/2019\\\/07\\\/interpeace-sallient-renforcer\\\/#article\",\"isPartOf\":{\"@id\":\"https:\\\/\\\/www.interpeace.org\\\/2019\\\/07\\\/interpeace-sallient-renforcer\\\/\"},\"author\":{\"name\":\"Alejandro\",\"@id\":\"https:\\\/\\\/www.interpeace.org\\\/#\\\/schema\\\/person\\\/75fea8ede2ce310d5f1bea81166bf9a1\"},\"headline\":\"Interpeace et la FICR s\u2019allient pour renforcer les acteurs locaux\",\"datePublished\":\"2019-07-05T16:39:43+00:00\",\"dateModified\":\"2019-07-11T20:43:23+00:00\",\"mainEntityOfPage\":{\"@id\":\"https:\\\/\\\/www.interpeace.org\\\/2019\\\/07\\\/interpeace-sallient-renforcer\\\/\"},\"wordCount\":612,\"publisher\":{\"@id\":\"https:\\\/\\\/www.interpeace.org\\\/#organization\"},\"image\":{\"@id\":\"https:\\\/\\\/www.interpeace.org\\\/2019\\\/07\\\/interpeace-sallient-renforcer\\\/#primaryimage\"},\"thumbnailUrl\":\"https:\\\/\\\/www.interpeace.org\\\/wp-content\\\/uploads\\\/2019\\\/07\\\/MOU-FICR-1-A-1280x500.jpeg\",\"articleSection\":[\"Uncategorized\"],\"inLanguage\":\"fr-FR\"},{\"@type\":\"WebPage\",\"@id\":\"https:\\\/\\\/www.interpeace.org\\\/2019\\\/07\\\/interpeace-sallient-renforcer\\\/\",\"url\":\"https:\\\/\\\/www.interpeace.org\\\/2019\\\/07\\\/interpeace-sallient-renforcer\\\/\",\"name\":\"Interpeace et la FICR s\u2019allient pour renforcer les acteurs locaux - Interpeace\",\"isPartOf\":{\"@id\":\"https:\\\/\\\/www.interpeace.org\\\/#website\"},\"primaryImageOfPage\":{\"@id\":\"https:\\\/\\\/www.interpeace.org\\\/2019\\\/07\\\/interpeace-sallient-renforcer\\\/#primaryimage\"},\"image\":{\"@id\":\"https:\\\/\\\/www.interpeace.org\\\/2019\\\/07\\\/interpeace-sallient-renforcer\\\/#primaryimage\"},\"thumbnailUrl\":\"https:\\\/\\\/www.interpeace.org\\\/wp-content\\\/uploads\\\/2019\\\/07\\\/MOU-FICR-1-A-1280x500.jpeg\",\"datePublished\":\"2019-07-05T16:39:43+00:00\",\"dateModified\":\"2019-07-11T20:43:23+00:00\",\"breadcrumb\":{\"@id\":\"https:\\\/\\\/www.interpeace.org\\\/2019\\\/07\\\/interpeace-sallient-renforcer\\\/#breadcrumb\"},\"inLanguage\":\"fr-FR\",\"potentialAction\":[{\"@type\":\"ReadAction\",\"target\":[\"https:\\\/\\\/www.interpeace.org\\\/2019\\\/07\\\/interpeace-sallient-renforcer\\\/\"]}]},{\"@type\":\"ImageObject\",\"inLanguage\":\"fr-FR\",\"@id\":\"https:\\\/\\\/www.interpeace.org\\\/2019\\\/07\\\/interpeace-sallient-renforcer\\\/#primaryimage\",\"url\":\"https:\\\/\\\/www.interpeace.org\\\/wp-content\\\/uploads\\\/2019\\\/07\\\/MOU-FICR-1-A-1280x500.jpeg\",\"contentUrl\":\"https:\\\/\\\/www.interpeace.org\\\/wp-content\\\/uploads\\\/2019\\\/07\\\/MOU-FICR-1-A-1280x500.jpeg\",\"width\":1297,\"height\":1105,\"caption\":\"President of Interpeace, Scott Weber, and Secretary General of the IFRC, Elhadj As Sy. Photo credit: Interpeace\"},{\"@type\":\"BreadcrumbList\",\"@id\":\"https:\\\/\\\/www.interpeace.org\\\/2019\\\/07\\\/interpeace-sallient-renforcer\\\/#breadcrumb\",\"itemListElement\":[{\"@type\":\"ListItem\",\"position\":1,\"name\":\"Home\",\"item\":\"https:\\\/\\\/www.interpeace.org\\\/\"},{\"@type\":\"ListItem\",\"position\":2,\"name\":\"Interpeace et la FICR s\u2019allient pour renforcer les acteurs locaux\"}]},{\"@type\":\"WebSite\",\"@id\":\"https:\\\/\\\/www.interpeace.org\\\/#website\",\"url\":\"https:\\\/\\\/www.interpeace.org\\\/\",\"name\":\"Interpeace\",\"description\":\"Enabling people to build lasting peace since 1994\",\"publisher\":{\"@id\":\"https:\\\/\\\/www.interpeace.org\\\/#organization\"},\"potentialAction\":[{\"@type\":\"SearchAction\",\"target\":{\"@type\":\"EntryPoint\",\"urlTemplate\":\"https:\\\/\\\/www.interpeace.org\\\/?s={search_term_string}\"},\"query-input\":{\"@type\":\"PropertyValueSpecification\",\"valueRequired\":true,\"valueName\":\"search_term_string\"}}],\"inLanguage\":\"fr-FR\"},{\"@type\":\"Organization\",\"@id\":\"https:\\\/\\\/www.interpeace.org\\\/#organization\",\"name\":\"INTERPEACE\",\"url\":\"https:\\\/\\\/www.interpeace.org\\\/\",\"logo\":{\"@type\":\"ImageObject\",\"inLanguage\":\"fr-FR\",\"@id\":\"https:\\\/\\\/www.interpeace.org\\\/#\\\/schema\\\/logo\\\/image\\\/\",\"url\":\"https:\\\/\\\/www.interpeace.org\\\/wp-content\\\/uploads\\\/2019\\\/11\\\/EN-Interpeace-small.png\",\"contentUrl\":\"https:\\\/\\\/www.interpeace.org\\\/wp-content\\\/uploads\\\/2019\\\/11\\\/EN-Interpeace-small.png\",\"width\":111,\"height\":85,\"caption\":\"INTERPEACE\"},\"image\":{\"@id\":\"https:\\\/\\\/www.interpeace.org\\\/#\\\/schema\\\/logo\\\/image\\\/\"},\"sameAs\":[\"https:\\\/\\\/www.facebook.com\\\/Interpeace\",\"https:\\\/\\\/x.com\\\/InterpeaceTweet\",\"https:\\\/\\\/www.instagram.com\\\/interpeace\\\/\"]},{\"@type\":\"Person\",\"@id\":\"https:\\\/\\\/www.interpeace.org\\\/#\\\/schema\\\/person\\\/75fea8ede2ce310d5f1bea81166bf9a1\",\"name\":\"Alejandro\",\"image\":{\"@type\":\"ImageObject\",\"inLanguage\":\"fr-FR\",\"@id\":\"https:\\\/\\\/secure.gravatar.com\\\/avatar\\\/a5627fb156910981ea3ab2405e881b80c8234e50bb58a577081f805dd3bfd753?s=96&d=mm&r=g\",\"url\":\"https:\\\/\\\/secure.gravatar.com\\\/avatar\\\/a5627fb156910981ea3ab2405e881b80c8234e50bb58a577081f805dd3bfd753?s=96&d=mm&r=g\",\"contentUrl\":\"https:\\\/\\\/secure.gravatar.com\\\/avatar\\\/a5627fb156910981ea3ab2405e881b80c8234e50bb58a577081f805dd3bfd753?s=96&d=mm&r=g\",\"caption\":\"Alejandro\"},\"url\":\"https:\\\/\\\/www.interpeace.org\\\/fr\\\/author\\\/amoralesruiz-gm\\\/\"}]}<\/script>\n<!-- \/ Yoast SEO Premium plugin. -->","yoast_head_json":{"title":"Interpeace et la FICR s\u2019allient pour renforcer les acteurs locaux - Interpeace","robots":{"index":"index","follow":"follow","max-snippet":"max-snippet:-1","max-image-preview":"max-image-preview:large","max-video-preview":"max-video-preview:-1"},"canonical":"https:\/\/www.interpeace.org\/fr\/2019\/07\/interpeace-sallient-renforcer\/","og_locale":"fr_FR","og_type":"article","og_title":"Interpeace et la FICR s\u2019allient pour renforcer les acteurs locaux","og_description":"Ils sont plus de 13 millions dans 191 pays. Ils s\u2019activent au nom de la Croix-Rouge et du Croissant-Rouge, la plus grande \u00ab\u00a0arm\u00e9e de volontaires\u00a0\u00bb humanitaires dans le monde qui \u0153uvrent dans les zones fragiles, rassembl\u00e9e en F\u00e9d\u00e9ration internationale, la FICR. Face aux d\u00e9fis qui s\u2019annoncent avec des conflits de plus en plus violents, le [&hellip;]","og_url":"https:\/\/www.interpeace.org\/fr\/2019\/07\/interpeace-sallient-renforcer\/","og_site_name":"Interpeace","article_publisher":"https:\/\/www.facebook.com\/Interpeace","article_published_time":"2019-07-05T16:39:43+00:00","article_modified_time":"2019-07-11T20:43:23+00:00","og_image":[{"width":1297,"height":1105,"url":"https:\/\/www.interpeace.org\/wp-content\/uploads\/2019\/07\/MOU-FICR-1-A-1280x500.jpeg","type":"image\/jpeg"}],"author":"Alejandro","twitter_card":"summary_large_image","twitter_creator":"@InterpeaceTweet","twitter_site":"@InterpeaceTweet","twitter_misc":{"\u00c9crit par":"Alejandro","Dur\u00e9e de lecture estim\u00e9e":"3 minutes"},"schema":{"@context":"https:\/\/schema.org","@graph":[{"@type":"Article","@id":"https:\/\/www.interpeace.org\/2019\/07\/interpeace-sallient-renforcer\/#article","isPartOf":{"@id":"https:\/\/www.interpeace.org\/2019\/07\/interpeace-sallient-renforcer\/"},"author":{"name":"Alejandro","@id":"https:\/\/www.interpeace.org\/#\/schema\/person\/75fea8ede2ce310d5f1bea81166bf9a1"},"headline":"Interpeace et la FICR s\u2019allient pour renforcer les acteurs locaux","datePublished":"2019-07-05T16:39:43+00:00","dateModified":"2019-07-11T20:43:23+00:00","mainEntityOfPage":{"@id":"https:\/\/www.interpeace.org\/2019\/07\/interpeace-sallient-renforcer\/"},"wordCount":612,"publisher":{"@id":"https:\/\/www.interpeace.org\/#organization"},"image":{"@id":"https:\/\/www.interpeace.org\/2019\/07\/interpeace-sallient-renforcer\/#primaryimage"},"thumbnailUrl":"https:\/\/www.interpeace.org\/wp-content\/uploads\/2019\/07\/MOU-FICR-1-A-1280x500.jpeg","articleSection":["Uncategorized"],"inLanguage":"fr-FR"},{"@type":"WebPage","@id":"https:\/\/www.interpeace.org\/2019\/07\/interpeace-sallient-renforcer\/","url":"https:\/\/www.interpeace.org\/2019\/07\/interpeace-sallient-renforcer\/","name":"Interpeace et la FICR s\u2019allient pour renforcer les acteurs locaux - Interpeace","isPartOf":{"@id":"https:\/\/www.interpeace.org\/#website"},"primaryImageOfPage":{"@id":"https:\/\/www.interpeace.org\/2019\/07\/interpeace-sallient-renforcer\/#primaryimage"},"image":{"@id":"https:\/\/www.interpeace.org\/2019\/07\/interpeace-sallient-renforcer\/#primaryimage"},"thumbnailUrl":"https:\/\/www.interpeace.org\/wp-content\/uploads\/2019\/07\/MOU-FICR-1-A-1280x500.jpeg","datePublished":"2019-07-05T16:39:43+00:00","dateModified":"2019-07-11T20:43:23+00:00","breadcrumb":{"@id":"https:\/\/www.interpeace.org\/2019\/07\/interpeace-sallient-renforcer\/#breadcrumb"},"inLanguage":"fr-FR","potentialAction":[{"@type":"ReadAction","target":["https:\/\/www.interpeace.org\/2019\/07\/interpeace-sallient-renforcer\/"]}]},{"@type":"ImageObject","inLanguage":"fr-FR","@id":"https:\/\/www.interpeace.org\/2019\/07\/interpeace-sallient-renforcer\/#primaryimage","url":"https:\/\/www.interpeace.org\/wp-content\/uploads\/2019\/07\/MOU-FICR-1-A-1280x500.jpeg","contentUrl":"https:\/\/www.interpeace.org\/wp-content\/uploads\/2019\/07\/MOU-FICR-1-A-1280x500.jpeg","width":1297,"height":1105,"caption":"President of Interpeace, Scott Weber, and Secretary General of the IFRC, Elhadj As Sy. Photo credit: Interpeace"},{"@type":"BreadcrumbList","@id":"https:\/\/www.interpeace.org\/2019\/07\/interpeace-sallient-renforcer\/#breadcrumb","itemListElement":[{"@type":"ListItem","position":1,"name":"Home","item":"https:\/\/www.interpeace.org\/"},{"@type":"ListItem","position":2,"name":"Interpeace et la FICR s\u2019allient pour renforcer les acteurs locaux"}]},{"@type":"WebSite","@id":"https:\/\/www.interpeace.org\/#website","url":"https:\/\/www.interpeace.org\/","name":"Interpeace","description":"Permettre aux gens de construire une paix durable depuis 1994","publisher":{"@id":"https:\/\/www.interpeace.org\/#organization"},"potentialAction":[{"@type":"SearchAction","target":{"@type":"EntryPoint","urlTemplate":"https:\/\/www.interpeace.org\/?s={search_term_string}"},"query-input":{"@type":"PropertyValueSpecification","valueRequired":true,"valueName":"search_term_string"}}],"inLanguage":"fr-FR"},{"@type":"Organization","@id":"https:\/\/www.interpeace.org\/#organization","name":"INTERPEACE","url":"https:\/\/www.interpeace.org\/","logo":{"@type":"ImageObject","inLanguage":"fr-FR","@id":"https:\/\/www.interpeace.org\/#\/schema\/logo\/image\/","url":"https:\/\/www.interpeace.org\/wp-content\/uploads\/2019\/11\/EN-Interpeace-small.png","contentUrl":"https:\/\/www.interpeace.org\/wp-content\/uploads\/2019\/11\/EN-Interpeace-small.png","width":111,"height":85,"caption":"INTERPEACE"},"image":{"@id":"https:\/\/www.interpeace.org\/#\/schema\/logo\/image\/"},"sameAs":["https:\/\/www.facebook.com\/Interpeace","https:\/\/x.com\/InterpeaceTweet","https:\/\/www.instagram.com\/interpeace\/"]},{"@type":"Person","@id":"https:\/\/www.interpeace.org\/#\/schema\/person\/75fea8ede2ce310d5f1bea81166bf9a1","name":"Alejandro","image":{"@type":"ImageObject","inLanguage":"fr-FR","@id":"https:\/\/secure.gravatar.com\/avatar\/a5627fb156910981ea3ab2405e881b80c8234e50bb58a577081f805dd3bfd753?s=96&d=mm&r=g","url":"https:\/\/secure.gravatar.com\/avatar\/a5627fb156910981ea3ab2405e881b80c8234e50bb58a577081f805dd3bfd753?s=96&d=mm&r=g","contentUrl":"https:\/\/secure.gravatar.com\/avatar\/a5627fb156910981ea3ab2405e881b80c8234e50bb58a577081f805dd3bfd753?s=96&d=mm&r=g","caption":"Alejandro"},"url":"https:\/\/www.interpeace.org\/fr\/author\/amoralesruiz-gm\/"}]}},"_links":{"self":[{"href":"https:\/\/www.interpeace.org\/fr\/wp-json\/wp\/v2\/posts\/8054","targetHints":{"allow":["GET"]}}],"collection":[{"href":"https:\/\/www.interpeace.org\/fr\/wp-json\/wp\/v2\/posts"}],"about":[{"href":"https:\/\/www.interpeace.org\/fr\/wp-json\/wp\/v2\/types\/post"}],"author":[{"embeddable":true,"href":"https:\/\/www.interpeace.org\/fr\/wp-json\/wp\/v2\/users\/1"}],"replies":[{"embeddable":true,"href":"https:\/\/www.interpeace.org\/fr\/wp-json\/wp\/v2\/comments?post=8054"}],"version-history":[{"count":0,"href":"https:\/\/www.interpeace.org\/fr\/wp-json\/wp\/v2\/posts\/8054\/revisions"}],"wp:featuredmedia":[{"embeddable":true,"href":"https:\/\/www.interpeace.org\/fr\/wp-json\/wp\/v2\/media\/8057"}],"wp:attachment":[{"href":"https:\/\/www.interpeace.org\/fr\/wp-json\/wp\/v2\/media?parent=8054"}],"wp:term":[{"taxonomy":"category","embeddable":true,"href":"https:\/\/www.interpeace.org\/fr\/wp-json\/wp\/v2\/categories?post=8054"},{"taxonomy":"post_tag","embeddable":true,"href":"https:\/\/www.interpeace.org\/fr\/wp-json\/wp\/v2\/tags?post=8054"},{"taxonomy":"globales","embeddable":true,"href":"https:\/\/www.interpeace.org\/fr\/wp-json\/wp\/v2\/globales?post=8054"},{"taxonomy":"initiatives","embeddable":true,"href":"https:\/\/www.interpeace.org\/fr\/wp-json\/wp\/v2\/initiatives?post=8054"},{"taxonomy":"news_type","embeddable":true,"href":"https:\/\/www.interpeace.org\/fr\/wp-json\/wp\/v2\/news_type?post=8054"},{"taxonomy":"programmes","embeddable":true,"href":"https:\/\/www.interpeace.org\/fr\/wp-json\/wp\/v2\/programmes?post=8054"},{"taxonomy":"resource_theme","embeddable":true,"href":"https:\/\/www.interpeace.org\/fr\/wp-json\/wp\/v2\/resource_theme?post=8054"},{"taxonomy":"videos_vimeo","embeddable":true,"href":"https:\/\/www.interpeace.org\/fr\/wp-json\/wp\/v2\/videos_vimeo?post=8054"}],"curies":[{"name":"wp","href":"https:\/\/api.w.org\/{rel}","templated":true}]}}