{"id":8000,"date":"2019-06-18T17:53:16","date_gmt":"2019-06-18T15:53:16","guid":{"rendered":"https:\/\/www.interpeace.org\/?p=8000"},"modified":"2019-06-18T18:02:50","modified_gmt":"2019-06-18T16:02:50","slug":"batir-commence-jeune","status":"publish","type":"post","link":"https:\/\/www.interpeace.org\/fr\/2019\/06\/batir-commence-jeune\/","title":{"rendered":"B\u00e2tir la paix commence d\u00e8s le plus jeune \u00e2ge"},"content":{"rendered":"<p>\u00ab\u00a0Il faut que tout le monde choisisse les r\u00e8gles\u00a0\u00bb. La conclusion d\u2019un jeune de 13 ans, limpide, claque comme une \u00e9vidence au bout d\u2019une heure et quart d\u2019effervescence puis de r\u00e9flexion. Comme lui, une vingtaine d\u2019enfants genevois sont venus se frotter, dans les locaux d\u2019Interpeace, \u00e0 une exp\u00e9rience autour d\u2019un jeu pour mieux se confronter \u00e0 l\u2019injustice. L\u2019un des neuf ateliers organis\u00e9s \u00e0 nouveau cette ann\u00e9e dans le cadre des \u00ab\u00a0B\u00e2tisseurs de paix\u00a0\u00bb, rencontre de plusieurs centaines d\u2019\u00e9l\u00e8ves du secondaire avec les institutions abrit\u00e9es au sein de la Maison de la Paix.<\/p>\n<p>Il aura suffi d\u2019un subterfuge dans un jeu de cartes, d\u2019un groupe de jeunes autoris\u00e9 \u00e0 appliquer les r\u00e8gles les plus discriminatoires \u00e0 l\u2019encontre de leurs camarades, pour provoquer un \u00e9lectrochoc dans l\u2019assistance r\u00e9unie dans une petite salle d\u2019Interpeace. Les cons\u00e9quences de ces \u00ab\u00a0superpouvoirs\u00a0\u00bb ne tardent pas \u00e0 se faire sentir. Parmi elles, l\u2019apprentissage de la position difficile du marginalis\u00e9, du vuln\u00e9rable qui n\u2019a pas voix aux d\u00e9cisions qui l\u2019affectent. Comme dans les conflits ou les situations fragiles o\u00f9 Interpeace op\u00e8re. \u00ab\u00a0Toutes les r\u00e8gles sont contre moi\u00a0\u00bb, souffle avec d\u00e9pit une participante, sans se d\u00e9partir de son sourire.<\/p>\n<p>\u00ab\u00a0C\u2019est de la tyrannie. Vive la r\u00e9publique\u00a0\u00bb, lance un autre qui tente de constituer des alliances tout en se disant r\u00e9volt\u00e9 par le poids attribu\u00e9 \u00e0 ces camarades qui peuvent tout se permettre. Et certains ne se privent pas d\u2019utiliser cette autorit\u00e9 offerte, faisant ressortir instinctivement les fragmentations qui peuvent faire basculer les soci\u00e9t\u00e9s dans la violence. Genre, identit\u00e9, nationalit\u00e9, confession religieuse, les p\u00e9nalit\u00e9s impos\u00e9es par ces arbitres du jeu refl\u00e8tent les facteurs de division observ\u00e9es dans certains pays.<\/p>\n<p>La salle incarne autant de diversit\u00e9s sur chacune de ces composantes. Les difficult\u00e9s constat\u00e9es dans certains pays sont mentionn\u00e9es. A chaque fois, le jeune qui en est le ressortissant acquiesce. Certains doutent encore de l\u2019opportunit\u00e9 de faire la paix dans le leur ou avec un Etat avec celui-ci est en guerre. Mais ils entendent malgr\u00e9 tout, souvent r\u00e9ceptifs au besoin d\u2019inclure tous les groupes pour pouvoir peut-\u00eatre atteindre une paix durable. \u00ab\u00a0Racistes\u00a0\u00bb, \u00ab\u00a0sexistes\u00a0\u00bb, \u00ab\u00a0in\u00e9galitaires\u00a0\u00bb, \u00ab\u00a0discriminatoires\u00a0\u00bb, les qualificatifs s\u2019encha\u00eenent pour refl\u00e9ter la situation \u00e9prouv\u00e9e face aux r\u00e8gles dans le jeu de cartes comme il aurait pu l\u2019\u00eatre dans une population enti\u00e8re confront\u00e9e aux violences dans des soci\u00e9t\u00e9s aux m\u00e9canismes injustes. Beaucoup rel\u00e8vent une frustration. L\u2019importance du contenu d\u2019une d\u00e9cision mais aussi et surtout de comment celle-ci a \u00e9t\u00e9 prise, la l\u00e9gitimit\u00e9 qu\u2019elle rassemble. Interpeace rel\u00e8ve elle-m\u00eame r\u00e9guli\u00e8rement que les jeunes doivent \u00eatre associ\u00e9s enti\u00e8rement au dialogue dans la consolidation de la paix. Mais l\u2019exp\u00e9rience n\u2019a pas b\u00e9n\u00e9fici\u00e9 seulement aux enfants. \u00ab\u00a0Un certain nombre de professeurs devraient venir la faire\u00a0\u00bb, glisse l\u2019une des enseignantes qui encadrent le groupe. Comme Interpeace le d\u00e9fend dans toute son action, tous les acteurs doivent \u00eatre pris en compte dans les soci\u00e9t\u00e9s.<\/p>\n<div id=\"attachment_8002\" style=\"width: 487px\" class=\"wp-caption aligncenter\"><img loading=\"lazy\" decoding=\"async\" aria-describedby=\"caption-attachment-8002\" class=\"wp-image-8002\" src=\"https:\/\/www.interpeace.org\/wp-content\/uploads\/2019\/06\/Geneva-event-Jun-17-2019-2.jpg\" alt=\"\" width=\"477\" height=\"636\" srcset=\"https:\/\/www.interpeace.org\/wp-content\/uploads\/2019\/06\/Geneva-event-Jun-17-2019-2.jpg 1000w, https:\/\/www.interpeace.org\/wp-content\/uploads\/2019\/06\/Geneva-event-Jun-17-2019-2-768x1024.jpg 768w\" sizes=\"auto, (max-width: 477px) 100vw, 477px\" \/><p id=\"caption-attachment-8002\" class=\"wp-caption-text\">Cr\u00e9dit photo : Interpeace<\/p><\/div>","protected":false},"excerpt":{"rendered":"<p>\u00ab\u00a0Il faut que tout le monde choisisse les r\u00e8gles\u00a0\u00bb. La conclusion d\u2019un jeune de 13 ans, limpide, claque comme une \u00e9vidence au bout d\u2019une heure et quart d\u2019effervescence puis de r\u00e9flexion. Comme lui, une vingtaine d\u2019enfants genevois sont venus se frotter, dans les locaux d\u2019Interpeace, \u00e0 une exp\u00e9rience autour d\u2019un jeu pour mieux se confronter [&hellip;]<\/p>\n","protected":false},"author":1,"featured_media":8001,"comment_status":"closed","ping_status":"closed","sticky":false,"template":"","format":"standard","meta":{"_acf_changed":false,"_editorskit_title_hidden":false,"_editorskit_reading_time":0,"_editorskit_is_block_options_detached":false,"_editorskit_block_options_position":"{}","editor_plus_copied_stylings":"{}","_exactmetrics_skip_tracking":false,"_exactmetrics_sitenote_active":false,"_exactmetrics_sitenote_note":"","_exactmetrics_sitenote_category":0,"footnotes":"","_links_to":"","_links_to_target":""},"categories":[1],"tags":[],"globales":[],"initiatives":[],"news_type":[],"programmes":[216],"resource_theme":[510],"videos_vimeo":[],"class_list":["post-8000","post","type-post","status-publish","format-standard","has-post-thumbnail","hentry","category-uncategorized","programmes-geneva","resource_theme-dialogue"],"acf":[],"yoast_head":"<!-- This site is optimized with the Yoast SEO Premium plugin v27.4 (Yoast SEO v27.4) - https:\/\/yoast.com\/product\/yoast-seo-premium-wordpress\/ -->\n<title>B\u00e2tir la paix commence d\u00e8s le plus jeune \u00e2ge - Interpeace<\/title>\n<meta name=\"robots\" content=\"index, follow, max-snippet:-1, max-image-preview:large, max-video-preview:-1\" \/>\n<link rel=\"canonical\" href=\"https:\/\/www.interpeace.org\/fr\/2019\/06\/batir-commence-jeune\/\" \/>\n<meta property=\"og:locale\" content=\"fr_FR\" \/>\n<meta property=\"og:type\" content=\"article\" \/>\n<meta property=\"og:title\" content=\"B\u00e2tir la paix commence d\u00e8s le plus jeune \u00e2ge\" \/>\n<meta property=\"og:description\" content=\"\u00ab\u00a0Il faut que tout le monde choisisse les r\u00e8gles\u00a0\u00bb. La conclusion d\u2019un jeune de 13 ans, limpide, claque comme une \u00e9vidence au bout d\u2019une heure et quart d\u2019effervescence puis de r\u00e9flexion. Comme lui, une vingtaine d\u2019enfants genevois sont venus se frotter, dans les locaux d\u2019Interpeace, \u00e0 une exp\u00e9rience autour d\u2019un jeu pour mieux se confronter [&hellip;]\" \/>\n<meta property=\"og:url\" content=\"https:\/\/www.interpeace.org\/fr\/2019\/06\/batir-commence-jeune\/\" \/>\n<meta property=\"og:site_name\" content=\"Interpeace\" \/>\n<meta property=\"article:publisher\" content=\"https:\/\/www.facebook.com\/Interpeace\" \/>\n<meta property=\"article:published_time\" content=\"2019-06-18T15:53:16+00:00\" \/>\n<meta property=\"article:modified_time\" content=\"2019-06-18T16:02:50+00:00\" \/>\n<meta property=\"og:image\" content=\"https:\/\/www.interpeace.org\/wp-content\/uploads\/2019\/06\/Geneva-event-Jun-17-2019-1-1000x500.jpg\" \/>\n\t<meta property=\"og:image:width\" content=\"1000\" \/>\n\t<meta property=\"og:image:height\" content=\"750\" \/>\n\t<meta property=\"og:image:type\" content=\"image\/jpeg\" \/>\n<meta name=\"author\" content=\"Alejandro\" \/>\n<meta name=\"twitter:card\" content=\"summary_large_image\" \/>\n<meta name=\"twitter:creator\" content=\"@InterpeaceTweet\" \/>\n<meta name=\"twitter:site\" content=\"@InterpeaceTweet\" \/>\n<meta name=\"twitter:label1\" content=\"\u00c9crit par\" \/>\n\t<meta name=\"twitter:data1\" content=\"Alejandro\" \/>\n\t<meta name=\"twitter:label2\" content=\"Dur\u00e9e de lecture estim\u00e9e\" \/>\n\t<meta name=\"twitter:data2\" content=\"3 minutes\" \/>\n<script type=\"application\/ld+json\" class=\"yoast-schema-graph\">{\"@context\":\"https:\\\/\\\/schema.org\",\"@graph\":[{\"@type\":\"Article\",\"@id\":\"https:\\\/\\\/www.interpeace.org\\\/fr\\\/2019\\\/06\\\/batir-commence-jeune\\\/#article\",\"isPartOf\":{\"@id\":\"https:\\\/\\\/www.interpeace.org\\\/fr\\\/2019\\\/06\\\/batir-commence-jeune\\\/\"},\"author\":{\"name\":\"Alejandro\",\"@id\":\"https:\\\/\\\/www.interpeace.org\\\/#\\\/schema\\\/person\\\/75fea8ede2ce310d5f1bea81166bf9a1\"},\"headline\":\"B\u00e2tir la paix commence d\u00e8s le plus jeune \u00e2ge\",\"datePublished\":\"2019-06-18T15:53:16+00:00\",\"dateModified\":\"2019-06-18T16:02:50+00:00\",\"mainEntityOfPage\":{\"@id\":\"https:\\\/\\\/www.interpeace.org\\\/fr\\\/2019\\\/06\\\/batir-commence-jeune\\\/\"},\"wordCount\":563,\"publisher\":{\"@id\":\"https:\\\/\\\/www.interpeace.org\\\/#organization\"},\"image\":{\"@id\":\"https:\\\/\\\/www.interpeace.org\\\/fr\\\/2019\\\/06\\\/batir-commence-jeune\\\/#primaryimage\"},\"thumbnailUrl\":\"https:\\\/\\\/www.interpeace.org\\\/wp-content\\\/uploads\\\/2019\\\/06\\\/Geneva-event-Jun-17-2019-1-1000x500.jpg\",\"articleSection\":[\"Uncategorized\"],\"inLanguage\":\"fr-FR\"},{\"@type\":\"WebPage\",\"@id\":\"https:\\\/\\\/www.interpeace.org\\\/fr\\\/2019\\\/06\\\/batir-commence-jeune\\\/\",\"url\":\"https:\\\/\\\/www.interpeace.org\\\/fr\\\/2019\\\/06\\\/batir-commence-jeune\\\/\",\"name\":\"B\u00e2tir la paix commence d\u00e8s le plus jeune \u00e2ge - Interpeace\",\"isPartOf\":{\"@id\":\"https:\\\/\\\/www.interpeace.org\\\/#website\"},\"primaryImageOfPage\":{\"@id\":\"https:\\\/\\\/www.interpeace.org\\\/fr\\\/2019\\\/06\\\/batir-commence-jeune\\\/#primaryimage\"},\"image\":{\"@id\":\"https:\\\/\\\/www.interpeace.org\\\/fr\\\/2019\\\/06\\\/batir-commence-jeune\\\/#primaryimage\"},\"thumbnailUrl\":\"https:\\\/\\\/www.interpeace.org\\\/wp-content\\\/uploads\\\/2019\\\/06\\\/Geneva-event-Jun-17-2019-1-1000x500.jpg\",\"datePublished\":\"2019-06-18T15:53:16+00:00\",\"dateModified\":\"2019-06-18T16:02:50+00:00\",\"breadcrumb\":{\"@id\":\"https:\\\/\\\/www.interpeace.org\\\/fr\\\/2019\\\/06\\\/batir-commence-jeune\\\/#breadcrumb\"},\"inLanguage\":\"fr-FR\",\"potentialAction\":[{\"@type\":\"ReadAction\",\"target\":[\"https:\\\/\\\/www.interpeace.org\\\/fr\\\/2019\\\/06\\\/batir-commence-jeune\\\/\"]}]},{\"@type\":\"ImageObject\",\"inLanguage\":\"fr-FR\",\"@id\":\"https:\\\/\\\/www.interpeace.org\\\/fr\\\/2019\\\/06\\\/batir-commence-jeune\\\/#primaryimage\",\"url\":\"https:\\\/\\\/www.interpeace.org\\\/wp-content\\\/uploads\\\/2019\\\/06\\\/Geneva-event-Jun-17-2019-1-1000x500.jpg\",\"contentUrl\":\"https:\\\/\\\/www.interpeace.org\\\/wp-content\\\/uploads\\\/2019\\\/06\\\/Geneva-event-Jun-17-2019-1-1000x500.jpg\",\"width\":1000,\"height\":750,\"caption\":\"Photo credit: Interpeace\"},{\"@type\":\"BreadcrumbList\",\"@id\":\"https:\\\/\\\/www.interpeace.org\\\/fr\\\/2019\\\/06\\\/batir-commence-jeune\\\/#breadcrumb\",\"itemListElement\":[{\"@type\":\"ListItem\",\"position\":1,\"name\":\"Home\",\"item\":\"https:\\\/\\\/www.interpeace.org\\\/\"},{\"@type\":\"ListItem\",\"position\":2,\"name\":\"B\u00e2tir la paix commence d\u00e8s le plus jeune \u00e2ge\"}]},{\"@type\":\"WebSite\",\"@id\":\"https:\\\/\\\/www.interpeace.org\\\/#website\",\"url\":\"https:\\\/\\\/www.interpeace.org\\\/\",\"name\":\"Interpeace\",\"description\":\"Enabling people to build lasting peace since 1994\",\"publisher\":{\"@id\":\"https:\\\/\\\/www.interpeace.org\\\/#organization\"},\"potentialAction\":[{\"@type\":\"SearchAction\",\"target\":{\"@type\":\"EntryPoint\",\"urlTemplate\":\"https:\\\/\\\/www.interpeace.org\\\/?s={search_term_string}\"},\"query-input\":{\"@type\":\"PropertyValueSpecification\",\"valueRequired\":true,\"valueName\":\"search_term_string\"}}],\"inLanguage\":\"fr-FR\"},{\"@type\":\"Organization\",\"@id\":\"https:\\\/\\\/www.interpeace.org\\\/#organization\",\"name\":\"INTERPEACE\",\"url\":\"https:\\\/\\\/www.interpeace.org\\\/\",\"logo\":{\"@type\":\"ImageObject\",\"inLanguage\":\"fr-FR\",\"@id\":\"https:\\\/\\\/www.interpeace.org\\\/#\\\/schema\\\/logo\\\/image\\\/\",\"url\":\"https:\\\/\\\/www.interpeace.org\\\/wp-content\\\/uploads\\\/2019\\\/11\\\/EN-Interpeace-small.png\",\"contentUrl\":\"https:\\\/\\\/www.interpeace.org\\\/wp-content\\\/uploads\\\/2019\\\/11\\\/EN-Interpeace-small.png\",\"width\":111,\"height\":85,\"caption\":\"INTERPEACE\"},\"image\":{\"@id\":\"https:\\\/\\\/www.interpeace.org\\\/#\\\/schema\\\/logo\\\/image\\\/\"},\"sameAs\":[\"https:\\\/\\\/www.facebook.com\\\/Interpeace\",\"https:\\\/\\\/x.com\\\/InterpeaceTweet\",\"https:\\\/\\\/www.instagram.com\\\/interpeace\\\/\"]},{\"@type\":\"Person\",\"@id\":\"https:\\\/\\\/www.interpeace.org\\\/#\\\/schema\\\/person\\\/75fea8ede2ce310d5f1bea81166bf9a1\",\"name\":\"Alejandro\",\"image\":{\"@type\":\"ImageObject\",\"inLanguage\":\"fr-FR\",\"@id\":\"https:\\\/\\\/secure.gravatar.com\\\/avatar\\\/a5627fb156910981ea3ab2405e881b80c8234e50bb58a577081f805dd3bfd753?s=96&d=mm&r=g\",\"url\":\"https:\\\/\\\/secure.gravatar.com\\\/avatar\\\/a5627fb156910981ea3ab2405e881b80c8234e50bb58a577081f805dd3bfd753?s=96&d=mm&r=g\",\"contentUrl\":\"https:\\\/\\\/secure.gravatar.com\\\/avatar\\\/a5627fb156910981ea3ab2405e881b80c8234e50bb58a577081f805dd3bfd753?s=96&d=mm&r=g\",\"caption\":\"Alejandro\"},\"url\":\"https:\\\/\\\/www.interpeace.org\\\/fr\\\/author\\\/amoralesruiz-gm\\\/\"}]}<\/script>\n<!-- \/ Yoast SEO Premium plugin. -->","yoast_head_json":{"title":"B\u00e2tir la paix commence d\u00e8s le plus jeune \u00e2ge - Interpeace","robots":{"index":"index","follow":"follow","max-snippet":"max-snippet:-1","max-image-preview":"max-image-preview:large","max-video-preview":"max-video-preview:-1"},"canonical":"https:\/\/www.interpeace.org\/fr\/2019\/06\/batir-commence-jeune\/","og_locale":"fr_FR","og_type":"article","og_title":"B\u00e2tir la paix commence d\u00e8s le plus jeune \u00e2ge","og_description":"\u00ab\u00a0Il faut que tout le monde choisisse les r\u00e8gles\u00a0\u00bb. La conclusion d\u2019un jeune de 13 ans, limpide, claque comme une \u00e9vidence au bout d\u2019une heure et quart d\u2019effervescence puis de r\u00e9flexion. Comme lui, une vingtaine d\u2019enfants genevois sont venus se frotter, dans les locaux d\u2019Interpeace, \u00e0 une exp\u00e9rience autour d\u2019un jeu pour mieux se confronter [&hellip;]","og_url":"https:\/\/www.interpeace.org\/fr\/2019\/06\/batir-commence-jeune\/","og_site_name":"Interpeace","article_publisher":"https:\/\/www.facebook.com\/Interpeace","article_published_time":"2019-06-18T15:53:16+00:00","article_modified_time":"2019-06-18T16:02:50+00:00","og_image":[{"width":1000,"height":750,"url":"https:\/\/www.interpeace.org\/wp-content\/uploads\/2019\/06\/Geneva-event-Jun-17-2019-1-1000x500.jpg","type":"image\/jpeg"}],"author":"Alejandro","twitter_card":"summary_large_image","twitter_creator":"@InterpeaceTweet","twitter_site":"@InterpeaceTweet","twitter_misc":{"\u00c9crit par":"Alejandro","Dur\u00e9e de lecture estim\u00e9e":"3 minutes"},"schema":{"@context":"https:\/\/schema.org","@graph":[{"@type":"Article","@id":"https:\/\/www.interpeace.org\/fr\/2019\/06\/batir-commence-jeune\/#article","isPartOf":{"@id":"https:\/\/www.interpeace.org\/fr\/2019\/06\/batir-commence-jeune\/"},"author":{"name":"Alejandro","@id":"https:\/\/www.interpeace.org\/#\/schema\/person\/75fea8ede2ce310d5f1bea81166bf9a1"},"headline":"B\u00e2tir la paix commence d\u00e8s le plus jeune \u00e2ge","datePublished":"2019-06-18T15:53:16+00:00","dateModified":"2019-06-18T16:02:50+00:00","mainEntityOfPage":{"@id":"https:\/\/www.interpeace.org\/fr\/2019\/06\/batir-commence-jeune\/"},"wordCount":563,"publisher":{"@id":"https:\/\/www.interpeace.org\/#organization"},"image":{"@id":"https:\/\/www.interpeace.org\/fr\/2019\/06\/batir-commence-jeune\/#primaryimage"},"thumbnailUrl":"https:\/\/www.interpeace.org\/wp-content\/uploads\/2019\/06\/Geneva-event-Jun-17-2019-1-1000x500.jpg","articleSection":["Uncategorized"],"inLanguage":"fr-FR"},{"@type":"WebPage","@id":"https:\/\/www.interpeace.org\/fr\/2019\/06\/batir-commence-jeune\/","url":"https:\/\/www.interpeace.org\/fr\/2019\/06\/batir-commence-jeune\/","name":"B\u00e2tir la paix commence d\u00e8s le plus jeune \u00e2ge - Interpeace","isPartOf":{"@id":"https:\/\/www.interpeace.org\/#website"},"primaryImageOfPage":{"@id":"https:\/\/www.interpeace.org\/fr\/2019\/06\/batir-commence-jeune\/#primaryimage"},"image":{"@id":"https:\/\/www.interpeace.org\/fr\/2019\/06\/batir-commence-jeune\/#primaryimage"},"thumbnailUrl":"https:\/\/www.interpeace.org\/wp-content\/uploads\/2019\/06\/Geneva-event-Jun-17-2019-1-1000x500.jpg","datePublished":"2019-06-18T15:53:16+00:00","dateModified":"2019-06-18T16:02:50+00:00","breadcrumb":{"@id":"https:\/\/www.interpeace.org\/fr\/2019\/06\/batir-commence-jeune\/#breadcrumb"},"inLanguage":"fr-FR","potentialAction":[{"@type":"ReadAction","target":["https:\/\/www.interpeace.org\/fr\/2019\/06\/batir-commence-jeune\/"]}]},{"@type":"ImageObject","inLanguage":"fr-FR","@id":"https:\/\/www.interpeace.org\/fr\/2019\/06\/batir-commence-jeune\/#primaryimage","url":"https:\/\/www.interpeace.org\/wp-content\/uploads\/2019\/06\/Geneva-event-Jun-17-2019-1-1000x500.jpg","contentUrl":"https:\/\/www.interpeace.org\/wp-content\/uploads\/2019\/06\/Geneva-event-Jun-17-2019-1-1000x500.jpg","width":1000,"height":750,"caption":"Photo credit: Interpeace"},{"@type":"BreadcrumbList","@id":"https:\/\/www.interpeace.org\/fr\/2019\/06\/batir-commence-jeune\/#breadcrumb","itemListElement":[{"@type":"ListItem","position":1,"name":"Home","item":"https:\/\/www.interpeace.org\/"},{"@type":"ListItem","position":2,"name":"B\u00e2tir la paix commence d\u00e8s le plus jeune \u00e2ge"}]},{"@type":"WebSite","@id":"https:\/\/www.interpeace.org\/#website","url":"https:\/\/www.interpeace.org\/","name":"Interpeace","description":"Permettre aux gens de construire une paix durable depuis 1994","publisher":{"@id":"https:\/\/www.interpeace.org\/#organization"},"potentialAction":[{"@type":"SearchAction","target":{"@type":"EntryPoint","urlTemplate":"https:\/\/www.interpeace.org\/?s={search_term_string}"},"query-input":{"@type":"PropertyValueSpecification","valueRequired":true,"valueName":"search_term_string"}}],"inLanguage":"fr-FR"},{"@type":"Organization","@id":"https:\/\/www.interpeace.org\/#organization","name":"INTERPEACE","url":"https:\/\/www.interpeace.org\/","logo":{"@type":"ImageObject","inLanguage":"fr-FR","@id":"https:\/\/www.interpeace.org\/#\/schema\/logo\/image\/","url":"https:\/\/www.interpeace.org\/wp-content\/uploads\/2019\/11\/EN-Interpeace-small.png","contentUrl":"https:\/\/www.interpeace.org\/wp-content\/uploads\/2019\/11\/EN-Interpeace-small.png","width":111,"height":85,"caption":"INTERPEACE"},"image":{"@id":"https:\/\/www.interpeace.org\/#\/schema\/logo\/image\/"},"sameAs":["https:\/\/www.facebook.com\/Interpeace","https:\/\/x.com\/InterpeaceTweet","https:\/\/www.instagram.com\/interpeace\/"]},{"@type":"Person","@id":"https:\/\/www.interpeace.org\/#\/schema\/person\/75fea8ede2ce310d5f1bea81166bf9a1","name":"Alejandro","image":{"@type":"ImageObject","inLanguage":"fr-FR","@id":"https:\/\/secure.gravatar.com\/avatar\/a5627fb156910981ea3ab2405e881b80c8234e50bb58a577081f805dd3bfd753?s=96&d=mm&r=g","url":"https:\/\/secure.gravatar.com\/avatar\/a5627fb156910981ea3ab2405e881b80c8234e50bb58a577081f805dd3bfd753?s=96&d=mm&r=g","contentUrl":"https:\/\/secure.gravatar.com\/avatar\/a5627fb156910981ea3ab2405e881b80c8234e50bb58a577081f805dd3bfd753?s=96&d=mm&r=g","caption":"Alejandro"},"url":"https:\/\/www.interpeace.org\/fr\/author\/amoralesruiz-gm\/"}]}},"_links":{"self":[{"href":"https:\/\/www.interpeace.org\/fr\/wp-json\/wp\/v2\/posts\/8000","targetHints":{"allow":["GET"]}}],"collection":[{"href":"https:\/\/www.interpeace.org\/fr\/wp-json\/wp\/v2\/posts"}],"about":[{"href":"https:\/\/www.interpeace.org\/fr\/wp-json\/wp\/v2\/types\/post"}],"author":[{"embeddable":true,"href":"https:\/\/www.interpeace.org\/fr\/wp-json\/wp\/v2\/users\/1"}],"replies":[{"embeddable":true,"href":"https:\/\/www.interpeace.org\/fr\/wp-json\/wp\/v2\/comments?post=8000"}],"version-history":[{"count":0,"href":"https:\/\/www.interpeace.org\/fr\/wp-json\/wp\/v2\/posts\/8000\/revisions"}],"wp:featuredmedia":[{"embeddable":true,"href":"https:\/\/www.interpeace.org\/fr\/wp-json\/wp\/v2\/media\/8001"}],"wp:attachment":[{"href":"https:\/\/www.interpeace.org\/fr\/wp-json\/wp\/v2\/media?parent=8000"}],"wp:term":[{"taxonomy":"category","embeddable":true,"href":"https:\/\/www.interpeace.org\/fr\/wp-json\/wp\/v2\/categories?post=8000"},{"taxonomy":"post_tag","embeddable":true,"href":"https:\/\/www.interpeace.org\/fr\/wp-json\/wp\/v2\/tags?post=8000"},{"taxonomy":"globales","embeddable":true,"href":"https:\/\/www.interpeace.org\/fr\/wp-json\/wp\/v2\/globales?post=8000"},{"taxonomy":"initiatives","embeddable":true,"href":"https:\/\/www.interpeace.org\/fr\/wp-json\/wp\/v2\/initiatives?post=8000"},{"taxonomy":"news_type","embeddable":true,"href":"https:\/\/www.interpeace.org\/fr\/wp-json\/wp\/v2\/news_type?post=8000"},{"taxonomy":"programmes","embeddable":true,"href":"https:\/\/www.interpeace.org\/fr\/wp-json\/wp\/v2\/programmes?post=8000"},{"taxonomy":"resource_theme","embeddable":true,"href":"https:\/\/www.interpeace.org\/fr\/wp-json\/wp\/v2\/resource_theme?post=8000"},{"taxonomy":"videos_vimeo","embeddable":true,"href":"https:\/\/www.interpeace.org\/fr\/wp-json\/wp\/v2\/videos_vimeo?post=8000"}],"curies":[{"name":"wp","href":"https:\/\/api.w.org\/{rel}","templated":true}]}}