{"id":740,"date":"2013-03-19T09:19:41","date_gmt":"2013-03-19T08:19:41","guid":{"rendered":"http:\/\/www.interpeace.org\/2013\/03\/19\/strengthing-cooperation\/"},"modified":"2015-07-28T10:07:35","modified_gmt":"2015-07-28T08:07:35","slug":"strengthing-cooperation","status":"publish","type":"post","link":"https:\/\/www.interpeace.org\/fr\/2013\/03\/strengthing-cooperation\/","title":{"rendered":"Strengthing cooperation on violence prevention in Guatemala"},"content":{"rendered":"<p>At the beginning of March, Scott M. Weber, Director-General of Interpeace, met with the President of Guatemala, Otto P\u00e9rez Molina.<\/p>\n<p>The meeting gave President P\u00e9rez Molina an opportunity to become personally acquainted with the programmes that Interpeace has been implementing in the region: the Central American Youth Programme, whose purpose it is to strengthen the capacity of youth, of society in general, and of the state to address violence and its negative effects on the youth of the region; the Central American Security and Justice Programme, which seeks to enhance the capacity of Central American countries to cope with insecurity by strengthening its institutions, empowering civil society and the role it plays in defining policies, and promoting cooperation between the state and society; and the newly launched Conflict Transformation Programme.<\/p>\n<p><strong>An invaluable opportunity<\/strong><\/p>\n<p>The meeting between Interpeace and President P\u00e9rez Molina provided an invaluable opportunity to jointly explore possible future synergies and alliances that would consolidate Interpeace\u2019s work in the region. \u201cWe are very encouraged by the President\u2019s enthusiasm and support for our work on these critical issues in the region and look forward to strengthening our cooperation to help reduce violence in Guatemala and the region,\u201d said Scott M. Weber after the meeting.<\/p>\n<p>Also present at the meeting were the Minister of National Defense, Ulises Anzueto, and the Minister of the Interior, Mauricio L\u00f3pez Bonilla; and from Interpeace Ana Glenda Tager, Regional Director for Latin America; Isabel Aguilar Uma\u00f1a, Coordinator of the Central American Youth Programme; and Francisco Jim\u00e9nez, Coordinator of the Central American Security and Justice Programme.<\/p>","protected":false},"excerpt":{"rendered":"<p>At the beginning of March, Scott M. Weber, Director-General of Interpeace, met with the President of Guatemala, Otto P\u00e9rez Molina. The meeting gave President P\u00e9rez Molina an opportunity to become personally acquainted with the programmes that Interpeace has been implementing in the region: the Central American Youth Programme, whose purpose it is to strengthen the [&hellip;]<\/p>\n","protected":false},"author":4,"featured_media":739,"comment_status":"open","ping_status":"open","sticky":false,"template":"","format":"standard","meta":{"_acf_changed":false,"_editorskit_title_hidden":false,"_editorskit_reading_time":0,"_editorskit_is_block_options_detached":false,"_editorskit_block_options_position":"{}","editor_plus_copied_stylings":"{}","_exactmetrics_skip_tracking":false,"_exactmetrics_sitenote_active":false,"_exactmetrics_sitenote_note":"","_exactmetrics_sitenote_category":0,"footnotes":"","_links_to":"","_links_to_target":""},"categories":[1],"tags":[],"globales":[],"initiatives":[],"news_type":[],"programmes":[86,83],"resource_theme":[],"videos_vimeo":[],"class_list":["post-740","post","type-post","status-publish","format-standard","has-post-thumbnail","hentry","category-uncategorized","programmes-guatemala","programmes-latin-america"],"acf":[],"yoast_head":"<!-- This site is optimized with the Yoast SEO Premium plugin v27.4 (Yoast SEO v27.4) - https:\/\/yoast.com\/product\/yoast-seo-premium-wordpress\/ -->\n<title>Strengthing cooperation on violence prevention in Guatemala - Interpeace<\/title>\n<meta name=\"robots\" content=\"index, follow, max-snippet:-1, max-image-preview:large, max-video-preview:-1\" \/>\n<link rel=\"canonical\" href=\"https:\/\/www.interpeace.org\/fr\/2013\/03\/strengthing-cooperation\/\" \/>\n<meta property=\"og:locale\" content=\"fr_FR\" \/>\n<meta property=\"og:type\" content=\"article\" \/>\n<meta property=\"og:title\" content=\"Strengthing cooperation on violence prevention in Guatemala\" \/>\n<meta property=\"og:description\" content=\"At the beginning of March, Scott M. Weber, Director-General of Interpeace, met with the President of Guatemala, Otto P\u00e9rez Molina. The meeting gave President P\u00e9rez Molina an opportunity to become personally acquainted with the programmes that Interpeace has been implementing in the region: the Central American Youth Programme, whose purpose it is to strengthen the [&hellip;]\" \/>\n<meta property=\"og:url\" content=\"https:\/\/www.interpeace.org\/fr\/2013\/03\/strengthing-cooperation\/\" \/>\n<meta property=\"og:site_name\" content=\"Interpeace\" \/>\n<meta property=\"article:publisher\" content=\"https:\/\/www.facebook.com\/Interpeace\" \/>\n<meta property=\"article:published_time\" content=\"2013-03-19T08:19:41+00:00\" \/>\n<meta property=\"article:modified_time\" content=\"2015-07-28T08:07:35+00:00\" \/>\n<meta property=\"og:image\" content=\"https:\/\/www.interpeace.org\/wp-content\/uploads\/2013\/03\/2013_03_19_CYP_President-1280x500.jpg\" \/>\n\t<meta property=\"og:image:width\" content=\"1632\" \/>\n\t<meta property=\"og:image:height\" content=\"1088\" \/>\n\t<meta property=\"og:image:type\" content=\"image\/jpeg\" \/>\n<meta name=\"twitter:card\" content=\"summary_large_image\" \/>\n<meta name=\"twitter:creator\" content=\"@InterpeaceTweet\" \/>\n<meta name=\"twitter:site\" content=\"@InterpeaceTweet\" \/>\n<meta name=\"twitter:label1\" content=\"\u00c9crit par\" \/>\n\t<meta name=\"twitter:data1\" content=\"\" \/>\n\t<meta name=\"twitter:label2\" content=\"Dur\u00e9e de lecture estim\u00e9e\" \/>\n\t<meta name=\"twitter:data2\" content=\"1 minute\" \/>\n<script type=\"application\/ld+json\" class=\"yoast-schema-graph\">{\"@context\":\"https:\\\/\\\/schema.org\",\"@graph\":[{\"@type\":\"Article\",\"@id\":\"https:\\\/\\\/www.interpeace.org\\\/2013\\\/03\\\/strengthing-cooperation\\\/#article\",\"isPartOf\":{\"@id\":\"https:\\\/\\\/www.interpeace.org\\\/2013\\\/03\\\/strengthing-cooperation\\\/\"},\"author\":{\"name\":\"\",\"@id\":\"\"},\"headline\":\"Strengthing cooperation on violence prevention in Guatemala\",\"datePublished\":\"2013-03-19T08:19:41+00:00\",\"dateModified\":\"2015-07-28T08:07:35+00:00\",\"mainEntityOfPage\":{\"@id\":\"https:\\\/\\\/www.interpeace.org\\\/2013\\\/03\\\/strengthing-cooperation\\\/\"},\"wordCount\":274,\"commentCount\":0,\"publisher\":{\"@id\":\"https:\\\/\\\/www.interpeace.org\\\/#organization\"},\"image\":{\"@id\":\"https:\\\/\\\/www.interpeace.org\\\/2013\\\/03\\\/strengthing-cooperation\\\/#primaryimage\"},\"thumbnailUrl\":\"https:\\\/\\\/www.interpeace.org\\\/wp-content\\\/uploads\\\/2013\\\/03\\\/2013_03_19_CYP_President-1280x500.jpg\",\"articleSection\":[\"Uncategorized\"],\"inLanguage\":\"fr-FR\",\"potentialAction\":[{\"@type\":\"CommentAction\",\"name\":\"Comment\",\"target\":[\"https:\\\/\\\/www.interpeace.org\\\/2013\\\/03\\\/strengthing-cooperation\\\/#respond\"]}]},{\"@type\":\"WebPage\",\"@id\":\"https:\\\/\\\/www.interpeace.org\\\/2013\\\/03\\\/strengthing-cooperation\\\/\",\"url\":\"https:\\\/\\\/www.interpeace.org\\\/2013\\\/03\\\/strengthing-cooperation\\\/\",\"name\":\"Strengthing cooperation on violence prevention in Guatemala - Interpeace\",\"isPartOf\":{\"@id\":\"https:\\\/\\\/www.interpeace.org\\\/#website\"},\"primaryImageOfPage\":{\"@id\":\"https:\\\/\\\/www.interpeace.org\\\/2013\\\/03\\\/strengthing-cooperation\\\/#primaryimage\"},\"image\":{\"@id\":\"https:\\\/\\\/www.interpeace.org\\\/2013\\\/03\\\/strengthing-cooperation\\\/#primaryimage\"},\"thumbnailUrl\":\"https:\\\/\\\/www.interpeace.org\\\/wp-content\\\/uploads\\\/2013\\\/03\\\/2013_03_19_CYP_President-1280x500.jpg\",\"datePublished\":\"2013-03-19T08:19:41+00:00\",\"dateModified\":\"2015-07-28T08:07:35+00:00\",\"breadcrumb\":{\"@id\":\"https:\\\/\\\/www.interpeace.org\\\/2013\\\/03\\\/strengthing-cooperation\\\/#breadcrumb\"},\"inLanguage\":\"fr-FR\",\"potentialAction\":[{\"@type\":\"ReadAction\",\"target\":[\"https:\\\/\\\/www.interpeace.org\\\/2013\\\/03\\\/strengthing-cooperation\\\/\"]}]},{\"@type\":\"ImageObject\",\"inLanguage\":\"fr-FR\",\"@id\":\"https:\\\/\\\/www.interpeace.org\\\/2013\\\/03\\\/strengthing-cooperation\\\/#primaryimage\",\"url\":\"https:\\\/\\\/www.interpeace.org\\\/wp-content\\\/uploads\\\/2013\\\/03\\\/2013_03_19_CYP_President-1280x500.jpg\",\"contentUrl\":\"https:\\\/\\\/www.interpeace.org\\\/wp-content\\\/uploads\\\/2013\\\/03\\\/2013_03_19_CYP_President-1280x500.jpg\",\"width\":1632,\"height\":1088,\"caption\":\"Photo credit: Interpeace\"},{\"@type\":\"BreadcrumbList\",\"@id\":\"https:\\\/\\\/www.interpeace.org\\\/2013\\\/03\\\/strengthing-cooperation\\\/#breadcrumb\",\"itemListElement\":[{\"@type\":\"ListItem\",\"position\":1,\"name\":\"Home\",\"item\":\"https:\\\/\\\/www.interpeace.org\\\/\"},{\"@type\":\"ListItem\",\"position\":2,\"name\":\"Strengthing cooperation on violence prevention in Guatemala\"}]},{\"@type\":\"WebSite\",\"@id\":\"https:\\\/\\\/www.interpeace.org\\\/#website\",\"url\":\"https:\\\/\\\/www.interpeace.org\\\/\",\"name\":\"Interpeace\",\"description\":\"Enabling people to build lasting peace since 1994\",\"publisher\":{\"@id\":\"https:\\\/\\\/www.interpeace.org\\\/#organization\"},\"potentialAction\":[{\"@type\":\"SearchAction\",\"target\":{\"@type\":\"EntryPoint\",\"urlTemplate\":\"https:\\\/\\\/www.interpeace.org\\\/?s={search_term_string}\"},\"query-input\":{\"@type\":\"PropertyValueSpecification\",\"valueRequired\":true,\"valueName\":\"search_term_string\"}}],\"inLanguage\":\"fr-FR\"},{\"@type\":\"Organization\",\"@id\":\"https:\\\/\\\/www.interpeace.org\\\/#organization\",\"name\":\"INTERPEACE\",\"url\":\"https:\\\/\\\/www.interpeace.org\\\/\",\"logo\":{\"@type\":\"ImageObject\",\"inLanguage\":\"fr-FR\",\"@id\":\"https:\\\/\\\/www.interpeace.org\\\/#\\\/schema\\\/logo\\\/image\\\/\",\"url\":\"https:\\\/\\\/www.interpeace.org\\\/wp-content\\\/uploads\\\/2019\\\/11\\\/EN-Interpeace-small.png\",\"contentUrl\":\"https:\\\/\\\/www.interpeace.org\\\/wp-content\\\/uploads\\\/2019\\\/11\\\/EN-Interpeace-small.png\",\"width\":111,\"height\":85,\"caption\":\"INTERPEACE\"},\"image\":{\"@id\":\"https:\\\/\\\/www.interpeace.org\\\/#\\\/schema\\\/logo\\\/image\\\/\"},\"sameAs\":[\"https:\\\/\\\/www.facebook.com\\\/Interpeace\",\"https:\\\/\\\/x.com\\\/InterpeaceTweet\",\"https:\\\/\\\/www.instagram.com\\\/interpeace\\\/\"]},{\"@type\":\"Person\",\"@id\":\"\",\"url\":\"https:\\\/\\\/www.interpeace.org\\\/fr\\\/author\\\/\"}]}<\/script>\n<!-- \/ Yoast SEO Premium plugin. -->","yoast_head_json":{"title":"Strengthing cooperation on violence prevention in Guatemala - Interpeace","robots":{"index":"index","follow":"follow","max-snippet":"max-snippet:-1","max-image-preview":"max-image-preview:large","max-video-preview":"max-video-preview:-1"},"canonical":"https:\/\/www.interpeace.org\/fr\/2013\/03\/strengthing-cooperation\/","og_locale":"fr_FR","og_type":"article","og_title":"Strengthing cooperation on violence prevention in Guatemala","og_description":"At the beginning of March, Scott M. Weber, Director-General of Interpeace, met with the President of Guatemala, Otto P\u00e9rez Molina. The meeting gave President P\u00e9rez Molina an opportunity to become personally acquainted with the programmes that Interpeace has been implementing in the region: the Central American Youth Programme, whose purpose it is to strengthen the [&hellip;]","og_url":"https:\/\/www.interpeace.org\/fr\/2013\/03\/strengthing-cooperation\/","og_site_name":"Interpeace","article_publisher":"https:\/\/www.facebook.com\/Interpeace","article_published_time":"2013-03-19T08:19:41+00:00","article_modified_time":"2015-07-28T08:07:35+00:00","og_image":[{"width":1632,"height":1088,"url":"https:\/\/www.interpeace.org\/wp-content\/uploads\/2013\/03\/2013_03_19_CYP_President-1280x500.jpg","type":"image\/jpeg"}],"twitter_card":"summary_large_image","twitter_creator":"@InterpeaceTweet","twitter_site":"@InterpeaceTweet","twitter_misc":{"\u00c9crit par":"","Dur\u00e9e de lecture estim\u00e9e":"1 minute"},"schema":{"@context":"https:\/\/schema.org","@graph":[{"@type":"Article","@id":"https:\/\/www.interpeace.org\/2013\/03\/strengthing-cooperation\/#article","isPartOf":{"@id":"https:\/\/www.interpeace.org\/2013\/03\/strengthing-cooperation\/"},"author":{"name":"","@id":""},"headline":"Strengthing cooperation on violence prevention in Guatemala","datePublished":"2013-03-19T08:19:41+00:00","dateModified":"2015-07-28T08:07:35+00:00","mainEntityOfPage":{"@id":"https:\/\/www.interpeace.org\/2013\/03\/strengthing-cooperation\/"},"wordCount":274,"commentCount":0,"publisher":{"@id":"https:\/\/www.interpeace.org\/#organization"},"image":{"@id":"https:\/\/www.interpeace.org\/2013\/03\/strengthing-cooperation\/#primaryimage"},"thumbnailUrl":"https:\/\/www.interpeace.org\/wp-content\/uploads\/2013\/03\/2013_03_19_CYP_President-1280x500.jpg","articleSection":["Uncategorized"],"inLanguage":"fr-FR","potentialAction":[{"@type":"CommentAction","name":"Comment","target":["https:\/\/www.interpeace.org\/2013\/03\/strengthing-cooperation\/#respond"]}]},{"@type":"WebPage","@id":"https:\/\/www.interpeace.org\/2013\/03\/strengthing-cooperation\/","url":"https:\/\/www.interpeace.org\/2013\/03\/strengthing-cooperation\/","name":"Strengthing cooperation on violence prevention in Guatemala - Interpeace","isPartOf":{"@id":"https:\/\/www.interpeace.org\/#website"},"primaryImageOfPage":{"@id":"https:\/\/www.interpeace.org\/2013\/03\/strengthing-cooperation\/#primaryimage"},"image":{"@id":"https:\/\/www.interpeace.org\/2013\/03\/strengthing-cooperation\/#primaryimage"},"thumbnailUrl":"https:\/\/www.interpeace.org\/wp-content\/uploads\/2013\/03\/2013_03_19_CYP_President-1280x500.jpg","datePublished":"2013-03-19T08:19:41+00:00","dateModified":"2015-07-28T08:07:35+00:00","breadcrumb":{"@id":"https:\/\/www.interpeace.org\/2013\/03\/strengthing-cooperation\/#breadcrumb"},"inLanguage":"fr-FR","potentialAction":[{"@type":"ReadAction","target":["https:\/\/www.interpeace.org\/2013\/03\/strengthing-cooperation\/"]}]},{"@type":"ImageObject","inLanguage":"fr-FR","@id":"https:\/\/www.interpeace.org\/2013\/03\/strengthing-cooperation\/#primaryimage","url":"https:\/\/www.interpeace.org\/wp-content\/uploads\/2013\/03\/2013_03_19_CYP_President-1280x500.jpg","contentUrl":"https:\/\/www.interpeace.org\/wp-content\/uploads\/2013\/03\/2013_03_19_CYP_President-1280x500.jpg","width":1632,"height":1088,"caption":"Photo credit: Interpeace"},{"@type":"BreadcrumbList","@id":"https:\/\/www.interpeace.org\/2013\/03\/strengthing-cooperation\/#breadcrumb","itemListElement":[{"@type":"ListItem","position":1,"name":"Home","item":"https:\/\/www.interpeace.org\/"},{"@type":"ListItem","position":2,"name":"Strengthing cooperation on violence prevention in Guatemala"}]},{"@type":"WebSite","@id":"https:\/\/www.interpeace.org\/#website","url":"https:\/\/www.interpeace.org\/","name":"Interpeace","description":"Permettre aux gens de construire une paix durable depuis 1994","publisher":{"@id":"https:\/\/www.interpeace.org\/#organization"},"potentialAction":[{"@type":"SearchAction","target":{"@type":"EntryPoint","urlTemplate":"https:\/\/www.interpeace.org\/?s={search_term_string}"},"query-input":{"@type":"PropertyValueSpecification","valueRequired":true,"valueName":"search_term_string"}}],"inLanguage":"fr-FR"},{"@type":"Organization","@id":"https:\/\/www.interpeace.org\/#organization","name":"INTERPEACE","url":"https:\/\/www.interpeace.org\/","logo":{"@type":"ImageObject","inLanguage":"fr-FR","@id":"https:\/\/www.interpeace.org\/#\/schema\/logo\/image\/","url":"https:\/\/www.interpeace.org\/wp-content\/uploads\/2019\/11\/EN-Interpeace-small.png","contentUrl":"https:\/\/www.interpeace.org\/wp-content\/uploads\/2019\/11\/EN-Interpeace-small.png","width":111,"height":85,"caption":"INTERPEACE"},"image":{"@id":"https:\/\/www.interpeace.org\/#\/schema\/logo\/image\/"},"sameAs":["https:\/\/www.facebook.com\/Interpeace","https:\/\/x.com\/InterpeaceTweet","https:\/\/www.instagram.com\/interpeace\/"]},{"@type":"Person","@id":"","url":"https:\/\/www.interpeace.org\/fr\/author\/"}]}},"_links":{"self":[{"href":"https:\/\/www.interpeace.org\/fr\/wp-json\/wp\/v2\/posts\/740","targetHints":{"allow":["GET"]}}],"collection":[{"href":"https:\/\/www.interpeace.org\/fr\/wp-json\/wp\/v2\/posts"}],"about":[{"href":"https:\/\/www.interpeace.org\/fr\/wp-json\/wp\/v2\/types\/post"}],"author":[{"embeddable":true,"href":"https:\/\/www.interpeace.org\/fr\/wp-json\/wp\/v2\/users\/4"}],"replies":[{"embeddable":true,"href":"https:\/\/www.interpeace.org\/fr\/wp-json\/wp\/v2\/comments?post=740"}],"version-history":[{"count":0,"href":"https:\/\/www.interpeace.org\/fr\/wp-json\/wp\/v2\/posts\/740\/revisions"}],"wp:featuredmedia":[{"embeddable":true,"href":"https:\/\/www.interpeace.org\/fr\/wp-json\/wp\/v2\/media\/739"}],"wp:attachment":[{"href":"https:\/\/www.interpeace.org\/fr\/wp-json\/wp\/v2\/media?parent=740"}],"wp:term":[{"taxonomy":"category","embeddable":true,"href":"https:\/\/www.interpeace.org\/fr\/wp-json\/wp\/v2\/categories?post=740"},{"taxonomy":"post_tag","embeddable":true,"href":"https:\/\/www.interpeace.org\/fr\/wp-json\/wp\/v2\/tags?post=740"},{"taxonomy":"globales","embeddable":true,"href":"https:\/\/www.interpeace.org\/fr\/wp-json\/wp\/v2\/globales?post=740"},{"taxonomy":"initiatives","embeddable":true,"href":"https:\/\/www.interpeace.org\/fr\/wp-json\/wp\/v2\/initiatives?post=740"},{"taxonomy":"news_type","embeddable":true,"href":"https:\/\/www.interpeace.org\/fr\/wp-json\/wp\/v2\/news_type?post=740"},{"taxonomy":"programmes","embeddable":true,"href":"https:\/\/www.interpeace.org\/fr\/wp-json\/wp\/v2\/programmes?post=740"},{"taxonomy":"resource_theme","embeddable":true,"href":"https:\/\/www.interpeace.org\/fr\/wp-json\/wp\/v2\/resource_theme?post=740"},{"taxonomy":"videos_vimeo","embeddable":true,"href":"https:\/\/www.interpeace.org\/fr\/wp-json\/wp\/v2\/videos_vimeo?post=740"}],"curies":[{"name":"wp","href":"https:\/\/api.w.org\/{rel}","templated":true}]}}