{"id":6913,"date":"2018-07-18T23:13:42","date_gmt":"2018-07-18T21:13:42","guid":{"rendered":"https:\/\/www.interpeace.org\/?p=6913"},"modified":"2018-07-18T23:33:40","modified_gmt":"2018-07-18T21:33:40","slug":"new-partnership-to-sustain-peace-in-latin-america","status":"publish","type":"post","link":"https:\/\/www.interpeace.org\/fr\/2018\/07\/new-partnership-to-sustain-peace-in-latin-america\/","title":{"rendered":"A New Partnership to Sustain Peace in Latin America"},"content":{"rendered":"<p>In 1994, Interpeace (under its previous name, the War-torn Societies Project), initiated a peacebuilding pilot project in post-conflict Guatemala. That work launched a series of peacebuilding processes that the organization would carry out in the region over the next 24 years.<\/p>\n<div id=\"attachment_6916\" style=\"width: 610px\" class=\"wp-caption alignnone\"><img loading=\"lazy\" decoding=\"async\" aria-describedby=\"caption-attachment-6916\" class=\"wp-image-6916 size-large\" src=\"https:\/\/www.interpeace.org\/wp-content\/uploads\/2018\/07\/LAO_2007-020-600x400.jpg\" alt=\"\" width=\"600\" height=\"400\" srcset=\"https:\/\/www.interpeace.org\/wp-content\/uploads\/2018\/07\/LAO_2007-020-600x400.jpg 600w, https:\/\/www.interpeace.org\/wp-content\/uploads\/2018\/07\/LAO_2007-020-300x200.jpg 300w, https:\/\/www.interpeace.org\/wp-content\/uploads\/2018\/07\/LAO_2007-020-150x100.jpg 150w\" sizes=\"auto, (max-width: 600px) 100vw, 600px\" \/><p id=\"caption-attachment-6916\" class=\"wp-caption-text\">Guatemala. Photo credit: Sandra Sebastian<\/p><\/div>\n<p>One of the values that defines the unique nature of Interpeace is the commitment to ensuring that peacebuilding is locally-owned and locally-driven. This is done by strengthening local capacities to build peace, so that the people living in conflict are responsible for implementing and developing initiatives in their own context. In this same manner, <a href=\"https:\/\/www.alianzaparalapaz.org\/\">Alianza para la Paz (APAZ)<\/a> was established in 2015 as a result of Interpeace\u2019s core value of strengthening regional capacities to build peace.<\/p>\n<p>Today APAZ begins its independent work with a vision of \u201cthe Americas for the Americas\u201d, which is based on trust, mutual understanding, dialogue and inclusion. APAZ and Interpeace are joining forces in a new partnership to explore peacebuilding challenges in Latin America. This alliance will build on a long track record of peacebuilding engagements in the region with a strengthened ability to link local action to global policy influence and resources.<\/p>\n<div id=\"attachment_6583\" style=\"width: 610px\" class=\"wp-caption alignnone\"><img loading=\"lazy\" decoding=\"async\" aria-describedby=\"caption-attachment-6583\" class=\"wp-image-6583 size-large\" src=\"https:\/\/www.interpeace.org\/wp-content\/uploads\/2015\/07\/home-page-banner-El-Gallo-visit-in-Colombia-600x400.jpg\" alt=\"\" width=\"600\" height=\"400\" srcset=\"https:\/\/www.interpeace.org\/wp-content\/uploads\/2015\/07\/home-page-banner-El-Gallo-visit-in-Colombia-600x400.jpg 600w, https:\/\/www.interpeace.org\/wp-content\/uploads\/2015\/07\/home-page-banner-El-Gallo-visit-in-Colombia-300x200.jpg 300w, https:\/\/www.interpeace.org\/wp-content\/uploads\/2015\/07\/home-page-banner-El-Gallo-visit-in-Colombia-150x100.jpg 150w\" sizes=\"auto, (max-width: 600px) 100vw, 600px\" \/><p id=\"caption-attachment-6583\" class=\"wp-caption-text\">Colombia. Photo credit: Interpeace<\/p><\/div>\n<p>The new partnership agreement signed is for the benefit of the mission that Interpeace and APAZ share to sustain peace in Latin America. This exciting milestone is possible due to the commitment and passion of peacebuilders across Latin America and to the support of all those that have believed in our work.<\/p>\n<p>Learn more about APAZ <a href=\"https:\/\/www.alianzaparalapaz.org\/\">Cliquez ici<\/a>.<\/p>\n<p>&nbsp;<\/p>\n<p><img loading=\"lazy\" decoding=\"async\" class=\"alignnone wp-image-6919\" src=\"https:\/\/www.interpeace.org\/wp-content\/uploads\/2018\/07\/LOGOAPAZPORTADAHD-002.png\" alt=\"\" width=\"629\" height=\"273\" srcset=\"https:\/\/www.interpeace.org\/wp-content\/uploads\/2018\/07\/LOGOAPAZPORTADAHD-002.png 1000w, https:\/\/www.interpeace.org\/wp-content\/uploads\/2018\/07\/LOGOAPAZPORTADAHD-002-768x333.png 768w\" sizes=\"auto, (max-width: 629px) 100vw, 629px\" \/><\/p>","protected":false},"excerpt":{"rendered":"<p>In 1994, Interpeace (under its previous name, the War-torn Societies Project), initiated a peacebuilding pilot project in post-conflict Guatemala. That work launched a series of peacebuilding processes that the organization would carry out in the region over the next 24 years. One of the values that defines the unique nature of Interpeace is the commitment [&hellip;]<\/p>\n","protected":false},"author":1,"featured_media":6914,"comment_status":"closed","ping_status":"closed","sticky":false,"template":"","format":"standard","meta":{"_acf_changed":false,"_editorskit_title_hidden":false,"_editorskit_reading_time":0,"_editorskit_is_block_options_detached":false,"_editorskit_block_options_position":"{}","editor_plus_copied_stylings":"{}","_exactmetrics_skip_tracking":false,"_exactmetrics_sitenote_active":false,"_exactmetrics_sitenote_note":"","_exactmetrics_sitenote_category":0,"footnotes":"","_links_to":"","_links_to_target":""},"categories":[1],"tags":[],"globales":[],"initiatives":[],"news_type":[127],"programmes":[86,83],"resource_theme":[],"videos_vimeo":[],"class_list":["post-6913","post","type-post","status-publish","format-standard","has-post-thumbnail","hentry","category-uncategorized","news_type-press-release","programmes-guatemala","programmes-latin-america"],"acf":[],"yoast_head":"<!-- This site is optimized with the Yoast SEO Premium plugin v27.4 (Yoast SEO v27.4) - https:\/\/yoast.com\/product\/yoast-seo-premium-wordpress\/ -->\n<title>A New Partnership to Sustain Peace in Latin America - Interpeace<\/title>\n<meta name=\"robots\" content=\"index, follow, max-snippet:-1, max-image-preview:large, max-video-preview:-1\" \/>\n<link rel=\"canonical\" href=\"https:\/\/www.interpeace.org\/fr\/2018\/07\/new-partnership-to-sustain-peace-in-latin-america\/\" \/>\n<meta property=\"og:locale\" content=\"fr_FR\" \/>\n<meta property=\"og:type\" content=\"article\" \/>\n<meta property=\"og:title\" content=\"A New Partnership to Sustain Peace in Latin America\" \/>\n<meta property=\"og:description\" content=\"In 1994, Interpeace (under its previous name, the War-torn Societies Project), initiated a peacebuilding pilot project in post-conflict Guatemala. That work launched a series of peacebuilding processes that the organization would carry out in the region over the next 24 years. One of the values that defines the unique nature of Interpeace is the commitment [&hellip;]\" \/>\n<meta property=\"og:url\" content=\"https:\/\/www.interpeace.org\/fr\/2018\/07\/new-partnership-to-sustain-peace-in-latin-america\/\" \/>\n<meta property=\"og:site_name\" content=\"Interpeace\" \/>\n<meta property=\"article:publisher\" content=\"https:\/\/www.facebook.com\/Interpeace\" \/>\n<meta property=\"article:published_time\" content=\"2018-07-18T21:13:42+00:00\" \/>\n<meta property=\"article:modified_time\" content=\"2018-07-18T21:33:40+00:00\" \/>\n<meta property=\"og:image\" content=\"https:\/\/www.interpeace.org\/wp-content\/uploads\/2018\/07\/El-Salvador_San-Vicente-600x400.jpg\" \/>\n\t<meta property=\"og:image:width\" content=\"600\" \/>\n\t<meta property=\"og:image:height\" content=\"400\" \/>\n\t<meta property=\"og:image:type\" content=\"image\/jpeg\" \/>\n<meta name=\"author\" content=\"Alejandro\" \/>\n<meta name=\"twitter:card\" content=\"summary_large_image\" \/>\n<meta name=\"twitter:creator\" content=\"@InterpeaceTweet\" \/>\n<meta name=\"twitter:site\" content=\"@InterpeaceTweet\" \/>\n<meta name=\"twitter:label1\" content=\"\u00c9crit par\" \/>\n\t<meta name=\"twitter:data1\" content=\"Alejandro\" \/>\n\t<meta name=\"twitter:label2\" content=\"Dur\u00e9e de lecture estim\u00e9e\" \/>\n\t<meta name=\"twitter:data2\" content=\"1 minute\" \/>\n<script type=\"application\/ld+json\" class=\"yoast-schema-graph\">{\"@context\":\"https:\\\/\\\/schema.org\",\"@graph\":[{\"@type\":\"Article\",\"@id\":\"https:\\\/\\\/www.interpeace.org\\\/2018\\\/07\\\/new-partnership-to-sustain-peace-in-latin-america\\\/#article\",\"isPartOf\":{\"@id\":\"https:\\\/\\\/www.interpeace.org\\\/2018\\\/07\\\/new-partnership-to-sustain-peace-in-latin-america\\\/\"},\"author\":{\"name\":\"Alejandro\",\"@id\":\"https:\\\/\\\/www.interpeace.org\\\/#\\\/schema\\\/person\\\/75fea8ede2ce310d5f1bea81166bf9a1\"},\"headline\":\"A New Partnership to Sustain Peace in Latin America\",\"datePublished\":\"2018-07-18T21:13:42+00:00\",\"dateModified\":\"2018-07-18T21:33:40+00:00\",\"mainEntityOfPage\":{\"@id\":\"https:\\\/\\\/www.interpeace.org\\\/2018\\\/07\\\/new-partnership-to-sustain-peace-in-latin-america\\\/\"},\"wordCount\":277,\"publisher\":{\"@id\":\"https:\\\/\\\/www.interpeace.org\\\/#organization\"},\"image\":{\"@id\":\"https:\\\/\\\/www.interpeace.org\\\/2018\\\/07\\\/new-partnership-to-sustain-peace-in-latin-america\\\/#primaryimage\"},\"thumbnailUrl\":\"https:\\\/\\\/www.interpeace.org\\\/wp-content\\\/uploads\\\/2018\\\/07\\\/El-Salvador_San-Vicente-1280x500.jpg\",\"articleSection\":[\"Uncategorized\"],\"inLanguage\":\"fr-FR\"},{\"@type\":\"WebPage\",\"@id\":\"https:\\\/\\\/www.interpeace.org\\\/2018\\\/07\\\/new-partnership-to-sustain-peace-in-latin-america\\\/\",\"url\":\"https:\\\/\\\/www.interpeace.org\\\/2018\\\/07\\\/new-partnership-to-sustain-peace-in-latin-america\\\/\",\"name\":\"A New Partnership to Sustain Peace in Latin America - Interpeace\",\"isPartOf\":{\"@id\":\"https:\\\/\\\/www.interpeace.org\\\/#website\"},\"primaryImageOfPage\":{\"@id\":\"https:\\\/\\\/www.interpeace.org\\\/2018\\\/07\\\/new-partnership-to-sustain-peace-in-latin-america\\\/#primaryimage\"},\"image\":{\"@id\":\"https:\\\/\\\/www.interpeace.org\\\/2018\\\/07\\\/new-partnership-to-sustain-peace-in-latin-america\\\/#primaryimage\"},\"thumbnailUrl\":\"https:\\\/\\\/www.interpeace.org\\\/wp-content\\\/uploads\\\/2018\\\/07\\\/El-Salvador_San-Vicente-1280x500.jpg\",\"datePublished\":\"2018-07-18T21:13:42+00:00\",\"dateModified\":\"2018-07-18T21:33:40+00:00\",\"breadcrumb\":{\"@id\":\"https:\\\/\\\/www.interpeace.org\\\/2018\\\/07\\\/new-partnership-to-sustain-peace-in-latin-america\\\/#breadcrumb\"},\"inLanguage\":\"fr-FR\",\"potentialAction\":[{\"@type\":\"ReadAction\",\"target\":[\"https:\\\/\\\/www.interpeace.org\\\/2018\\\/07\\\/new-partnership-to-sustain-peace-in-latin-america\\\/\"]}]},{\"@type\":\"ImageObject\",\"inLanguage\":\"fr-FR\",\"@id\":\"https:\\\/\\\/www.interpeace.org\\\/2018\\\/07\\\/new-partnership-to-sustain-peace-in-latin-america\\\/#primaryimage\",\"url\":\"https:\\\/\\\/www.interpeace.org\\\/wp-content\\\/uploads\\\/2018\\\/07\\\/El-Salvador_San-Vicente-1280x500.jpg\",\"contentUrl\":\"https:\\\/\\\/www.interpeace.org\\\/wp-content\\\/uploads\\\/2018\\\/07\\\/El-Salvador_San-Vicente-1280x500.jpg\",\"width\":5184,\"height\":3888,\"caption\":\"El Salvador. Photo credit: Interpeace\"},{\"@type\":\"BreadcrumbList\",\"@id\":\"https:\\\/\\\/www.interpeace.org\\\/2018\\\/07\\\/new-partnership-to-sustain-peace-in-latin-america\\\/#breadcrumb\",\"itemListElement\":[{\"@type\":\"ListItem\",\"position\":1,\"name\":\"Home\",\"item\":\"https:\\\/\\\/www.interpeace.org\\\/\"},{\"@type\":\"ListItem\",\"position\":2,\"name\":\"A New Partnership to Sustain Peace in Latin America\"}]},{\"@type\":\"WebSite\",\"@id\":\"https:\\\/\\\/www.interpeace.org\\\/#website\",\"url\":\"https:\\\/\\\/www.interpeace.org\\\/\",\"name\":\"Interpeace\",\"description\":\"Enabling people to build lasting peace since 1994\",\"publisher\":{\"@id\":\"https:\\\/\\\/www.interpeace.org\\\/#organization\"},\"potentialAction\":[{\"@type\":\"SearchAction\",\"target\":{\"@type\":\"EntryPoint\",\"urlTemplate\":\"https:\\\/\\\/www.interpeace.org\\\/?s={search_term_string}\"},\"query-input\":{\"@type\":\"PropertyValueSpecification\",\"valueRequired\":true,\"valueName\":\"search_term_string\"}}],\"inLanguage\":\"fr-FR\"},{\"@type\":\"Organization\",\"@id\":\"https:\\\/\\\/www.interpeace.org\\\/#organization\",\"name\":\"INTERPEACE\",\"url\":\"https:\\\/\\\/www.interpeace.org\\\/\",\"logo\":{\"@type\":\"ImageObject\",\"inLanguage\":\"fr-FR\",\"@id\":\"https:\\\/\\\/www.interpeace.org\\\/#\\\/schema\\\/logo\\\/image\\\/\",\"url\":\"https:\\\/\\\/www.interpeace.org\\\/wp-content\\\/uploads\\\/2019\\\/11\\\/EN-Interpeace-small.png\",\"contentUrl\":\"https:\\\/\\\/www.interpeace.org\\\/wp-content\\\/uploads\\\/2019\\\/11\\\/EN-Interpeace-small.png\",\"width\":111,\"height\":85,\"caption\":\"INTERPEACE\"},\"image\":{\"@id\":\"https:\\\/\\\/www.interpeace.org\\\/#\\\/schema\\\/logo\\\/image\\\/\"},\"sameAs\":[\"https:\\\/\\\/www.facebook.com\\\/Interpeace\",\"https:\\\/\\\/x.com\\\/InterpeaceTweet\",\"https:\\\/\\\/www.instagram.com\\\/interpeace\\\/\"]},{\"@type\":\"Person\",\"@id\":\"https:\\\/\\\/www.interpeace.org\\\/#\\\/schema\\\/person\\\/75fea8ede2ce310d5f1bea81166bf9a1\",\"name\":\"Alejandro\",\"image\":{\"@type\":\"ImageObject\",\"inLanguage\":\"fr-FR\",\"@id\":\"https:\\\/\\\/secure.gravatar.com\\\/avatar\\\/a5627fb156910981ea3ab2405e881b80c8234e50bb58a577081f805dd3bfd753?s=96&d=mm&r=g\",\"url\":\"https:\\\/\\\/secure.gravatar.com\\\/avatar\\\/a5627fb156910981ea3ab2405e881b80c8234e50bb58a577081f805dd3bfd753?s=96&d=mm&r=g\",\"contentUrl\":\"https:\\\/\\\/secure.gravatar.com\\\/avatar\\\/a5627fb156910981ea3ab2405e881b80c8234e50bb58a577081f805dd3bfd753?s=96&d=mm&r=g\",\"caption\":\"Alejandro\"},\"url\":\"https:\\\/\\\/www.interpeace.org\\\/fr\\\/author\\\/amoralesruiz-gm\\\/\"}]}<\/script>\n<!-- \/ Yoast SEO Premium plugin. -->","yoast_head_json":{"title":"A New Partnership to Sustain Peace in Latin America - Interpeace","robots":{"index":"index","follow":"follow","max-snippet":"max-snippet:-1","max-image-preview":"max-image-preview:large","max-video-preview":"max-video-preview:-1"},"canonical":"https:\/\/www.interpeace.org\/fr\/2018\/07\/new-partnership-to-sustain-peace-in-latin-america\/","og_locale":"fr_FR","og_type":"article","og_title":"A New Partnership to Sustain Peace in Latin America","og_description":"In 1994, Interpeace (under its previous name, the War-torn Societies Project), initiated a peacebuilding pilot project in post-conflict Guatemala. That work launched a series of peacebuilding processes that the organization would carry out in the region over the next 24 years. One of the values that defines the unique nature of Interpeace is the commitment [&hellip;]","og_url":"https:\/\/www.interpeace.org\/fr\/2018\/07\/new-partnership-to-sustain-peace-in-latin-america\/","og_site_name":"Interpeace","article_publisher":"https:\/\/www.facebook.com\/Interpeace","article_published_time":"2018-07-18T21:13:42+00:00","article_modified_time":"2018-07-18T21:33:40+00:00","og_image":[{"width":600,"height":400,"url":"https:\/\/www.interpeace.org\/wp-content\/uploads\/2018\/07\/El-Salvador_San-Vicente-600x400.jpg","type":"image\/jpeg"}],"author":"Alejandro","twitter_card":"summary_large_image","twitter_creator":"@InterpeaceTweet","twitter_site":"@InterpeaceTweet","twitter_misc":{"\u00c9crit par":"Alejandro","Dur\u00e9e de lecture estim\u00e9e":"1 minute"},"schema":{"@context":"https:\/\/schema.org","@graph":[{"@type":"Article","@id":"https:\/\/www.interpeace.org\/2018\/07\/new-partnership-to-sustain-peace-in-latin-america\/#article","isPartOf":{"@id":"https:\/\/www.interpeace.org\/2018\/07\/new-partnership-to-sustain-peace-in-latin-america\/"},"author":{"name":"Alejandro","@id":"https:\/\/www.interpeace.org\/#\/schema\/person\/75fea8ede2ce310d5f1bea81166bf9a1"},"headline":"A New Partnership to Sustain Peace in Latin America","datePublished":"2018-07-18T21:13:42+00:00","dateModified":"2018-07-18T21:33:40+00:00","mainEntityOfPage":{"@id":"https:\/\/www.interpeace.org\/2018\/07\/new-partnership-to-sustain-peace-in-latin-america\/"},"wordCount":277,"publisher":{"@id":"https:\/\/www.interpeace.org\/#organization"},"image":{"@id":"https:\/\/www.interpeace.org\/2018\/07\/new-partnership-to-sustain-peace-in-latin-america\/#primaryimage"},"thumbnailUrl":"https:\/\/www.interpeace.org\/wp-content\/uploads\/2018\/07\/El-Salvador_San-Vicente-1280x500.jpg","articleSection":["Uncategorized"],"inLanguage":"fr-FR"},{"@type":"WebPage","@id":"https:\/\/www.interpeace.org\/2018\/07\/new-partnership-to-sustain-peace-in-latin-america\/","url":"https:\/\/www.interpeace.org\/2018\/07\/new-partnership-to-sustain-peace-in-latin-america\/","name":"A New Partnership to Sustain Peace in Latin America - Interpeace","isPartOf":{"@id":"https:\/\/www.interpeace.org\/#website"},"primaryImageOfPage":{"@id":"https:\/\/www.interpeace.org\/2018\/07\/new-partnership-to-sustain-peace-in-latin-america\/#primaryimage"},"image":{"@id":"https:\/\/www.interpeace.org\/2018\/07\/new-partnership-to-sustain-peace-in-latin-america\/#primaryimage"},"thumbnailUrl":"https:\/\/www.interpeace.org\/wp-content\/uploads\/2018\/07\/El-Salvador_San-Vicente-1280x500.jpg","datePublished":"2018-07-18T21:13:42+00:00","dateModified":"2018-07-18T21:33:40+00:00","breadcrumb":{"@id":"https:\/\/www.interpeace.org\/2018\/07\/new-partnership-to-sustain-peace-in-latin-america\/#breadcrumb"},"inLanguage":"fr-FR","potentialAction":[{"@type":"ReadAction","target":["https:\/\/www.interpeace.org\/2018\/07\/new-partnership-to-sustain-peace-in-latin-america\/"]}]},{"@type":"ImageObject","inLanguage":"fr-FR","@id":"https:\/\/www.interpeace.org\/2018\/07\/new-partnership-to-sustain-peace-in-latin-america\/#primaryimage","url":"https:\/\/www.interpeace.org\/wp-content\/uploads\/2018\/07\/El-Salvador_San-Vicente-1280x500.jpg","contentUrl":"https:\/\/www.interpeace.org\/wp-content\/uploads\/2018\/07\/El-Salvador_San-Vicente-1280x500.jpg","width":5184,"height":3888,"caption":"El Salvador. Photo credit: Interpeace"},{"@type":"BreadcrumbList","@id":"https:\/\/www.interpeace.org\/2018\/07\/new-partnership-to-sustain-peace-in-latin-america\/#breadcrumb","itemListElement":[{"@type":"ListItem","position":1,"name":"Home","item":"https:\/\/www.interpeace.org\/"},{"@type":"ListItem","position":2,"name":"A New Partnership to Sustain Peace in Latin America"}]},{"@type":"WebSite","@id":"https:\/\/www.interpeace.org\/#website","url":"https:\/\/www.interpeace.org\/","name":"Interpeace","description":"Permettre aux gens de construire une paix durable depuis 1994","publisher":{"@id":"https:\/\/www.interpeace.org\/#organization"},"potentialAction":[{"@type":"SearchAction","target":{"@type":"EntryPoint","urlTemplate":"https:\/\/www.interpeace.org\/?s={search_term_string}"},"query-input":{"@type":"PropertyValueSpecification","valueRequired":true,"valueName":"search_term_string"}}],"inLanguage":"fr-FR"},{"@type":"Organization","@id":"https:\/\/www.interpeace.org\/#organization","name":"INTERPEACE","url":"https:\/\/www.interpeace.org\/","logo":{"@type":"ImageObject","inLanguage":"fr-FR","@id":"https:\/\/www.interpeace.org\/#\/schema\/logo\/image\/","url":"https:\/\/www.interpeace.org\/wp-content\/uploads\/2019\/11\/EN-Interpeace-small.png","contentUrl":"https:\/\/www.interpeace.org\/wp-content\/uploads\/2019\/11\/EN-Interpeace-small.png","width":111,"height":85,"caption":"INTERPEACE"},"image":{"@id":"https:\/\/www.interpeace.org\/#\/schema\/logo\/image\/"},"sameAs":["https:\/\/www.facebook.com\/Interpeace","https:\/\/x.com\/InterpeaceTweet","https:\/\/www.instagram.com\/interpeace\/"]},{"@type":"Person","@id":"https:\/\/www.interpeace.org\/#\/schema\/person\/75fea8ede2ce310d5f1bea81166bf9a1","name":"Alejandro","image":{"@type":"ImageObject","inLanguage":"fr-FR","@id":"https:\/\/secure.gravatar.com\/avatar\/a5627fb156910981ea3ab2405e881b80c8234e50bb58a577081f805dd3bfd753?s=96&d=mm&r=g","url":"https:\/\/secure.gravatar.com\/avatar\/a5627fb156910981ea3ab2405e881b80c8234e50bb58a577081f805dd3bfd753?s=96&d=mm&r=g","contentUrl":"https:\/\/secure.gravatar.com\/avatar\/a5627fb156910981ea3ab2405e881b80c8234e50bb58a577081f805dd3bfd753?s=96&d=mm&r=g","caption":"Alejandro"},"url":"https:\/\/www.interpeace.org\/fr\/author\/amoralesruiz-gm\/"}]}},"_links":{"self":[{"href":"https:\/\/www.interpeace.org\/fr\/wp-json\/wp\/v2\/posts\/6913","targetHints":{"allow":["GET"]}}],"collection":[{"href":"https:\/\/www.interpeace.org\/fr\/wp-json\/wp\/v2\/posts"}],"about":[{"href":"https:\/\/www.interpeace.org\/fr\/wp-json\/wp\/v2\/types\/post"}],"author":[{"embeddable":true,"href":"https:\/\/www.interpeace.org\/fr\/wp-json\/wp\/v2\/users\/1"}],"replies":[{"embeddable":true,"href":"https:\/\/www.interpeace.org\/fr\/wp-json\/wp\/v2\/comments?post=6913"}],"version-history":[{"count":0,"href":"https:\/\/www.interpeace.org\/fr\/wp-json\/wp\/v2\/posts\/6913\/revisions"}],"wp:featuredmedia":[{"embeddable":true,"href":"https:\/\/www.interpeace.org\/fr\/wp-json\/wp\/v2\/media\/6914"}],"wp:attachment":[{"href":"https:\/\/www.interpeace.org\/fr\/wp-json\/wp\/v2\/media?parent=6913"}],"wp:term":[{"taxonomy":"category","embeddable":true,"href":"https:\/\/www.interpeace.org\/fr\/wp-json\/wp\/v2\/categories?post=6913"},{"taxonomy":"post_tag","embeddable":true,"href":"https:\/\/www.interpeace.org\/fr\/wp-json\/wp\/v2\/tags?post=6913"},{"taxonomy":"globales","embeddable":true,"href":"https:\/\/www.interpeace.org\/fr\/wp-json\/wp\/v2\/globales?post=6913"},{"taxonomy":"initiatives","embeddable":true,"href":"https:\/\/www.interpeace.org\/fr\/wp-json\/wp\/v2\/initiatives?post=6913"},{"taxonomy":"news_type","embeddable":true,"href":"https:\/\/www.interpeace.org\/fr\/wp-json\/wp\/v2\/news_type?post=6913"},{"taxonomy":"programmes","embeddable":true,"href":"https:\/\/www.interpeace.org\/fr\/wp-json\/wp\/v2\/programmes?post=6913"},{"taxonomy":"resource_theme","embeddable":true,"href":"https:\/\/www.interpeace.org\/fr\/wp-json\/wp\/v2\/resource_theme?post=6913"},{"taxonomy":"videos_vimeo","embeddable":true,"href":"https:\/\/www.interpeace.org\/fr\/wp-json\/wp\/v2\/videos_vimeo?post=6913"}],"curies":[{"name":"wp","href":"https:\/\/api.w.org\/{rel}","templated":true}]}}