{"id":6896,"date":"2018-07-03T18:42:48","date_gmt":"2018-07-03T16:42:48","guid":{"rendered":"https:\/\/www.interpeace.org\/?p=6896"},"modified":"2018-07-03T18:44:20","modified_gmt":"2018-07-03T16:44:20","slug":"aspirations-future-burundi","status":"publish","type":"post","link":"https:\/\/www.interpeace.org\/fr\/2018\/07\/aspirations-future-burundi\/","title":{"rendered":"The Aspirations of Young People for the Future of Burundi"},"content":{"rendered":"<p>In 2017, the <a href=\"http:\/\/www.cenap.bi\/\">Conflict Alert and Prevention Centre<\/a> (CENAP) and Interpeace carried out a research to understand the priority concerns of Burundi\u2019s young people regarding the future of their country.<\/p>\n<p>Inspired by the various crises experienced in Burundi, in which the youth have always been involved, the research was conducted in all the 18 provinces of Burundi. It collected the view of over 4,000 young people of varying origins and affiliations, all aged between 15 and 29 years. The youth constitute the majority of Burundi\u2019s population.<\/p>\n<p>The study took into consideration various aspects of national life in Burundi that could serve as a reference in the development of national policies concerning the youth. It had both quantitative and qualitative dimensions, and also addressed topics relating to gender, the education system in Burundi, regional integration as well as access to information. The research findings were validated on 21-22 December 2017 at a national stakeholders\u2019 <a href=\"http:\/\/www.cenap.bi\/index.php\/9-apropos-de-cenap\/activites\/33-les-aspirations-des-jeunes-pour-le-burundi-de-demain\">conference <\/a>\u00a0in the country\u2019s capital, Bujumbura.<\/p>\n<p>A key finding was that Burundi\u2019s young people consider peace their main priority. Of the youth sampled, 57.3% prioritized the need to live and prosper in a peaceful environment, without having to worry about their security.<\/p>\n<p>In terms of affiliation, many youths expressed a lack of interest in active politics. The research revealed that over 70% had no desire to join a political party. Conversely, 81.4% of the young people are open to joining various types of non-political associations. \u201cThis means that the decision-makers have to think 1,000 times to regain our confidence, and to no longer consider us [easy targets] during election periods,\u201d remarked Levy Nelson, a young member of the Burundian non-profit, New Generation Association.<\/p>\n<p><strong>The great challenge of material well-being<\/strong><\/p>\n<p>In the study, the youth raised issues of unemployment and concerns over their material wellbeing, which they said often exposed them to manipulation by political actors. One interesting finding of the study is the widespread inclination of young people, especially those from the rural areas, towards careers in the health and educational fields. Some participants attributed this to a pervasive sense of insecurity for the future, which pushes many young people towards the more \u201cjob-driven\u201d sectors, when they could try in other areas.<\/p>\n<p>Jacques Nelson, Chairman of the National Federation of Associations Engaged in Children's Welfare in Burundi (FENADEB), encouraged meritocracy in employment. \u201cFor the benefit of the nation, recruitment should be done on a merit basis, to choose the best candidates,\u201d he said.<\/p>\n<p><strong>Understanding the past, for a better future<\/strong><\/p>\n<p>The study also showed that the youth place premium value on the need to understand the history of Burundi. In the opinion of many respondents, the fateful, undocumented and \u201ctaboo\u201d parts of the country\u2019s history are a critical reason for the vicious cycle of violence in Burundi. \u201cBefore turning the page of history, one must first read it and understand it. Then we will have the strength to turn it,\u201d noted one young student consulted in the study.<\/p>\n<p>This aspiration to understand the country\u2019s past received encouragement from the Chairman of the Truth and Reconciliation Commission (TRC), Bishop Jean Louis Nahimana. \u00a0\u201cI am very pleased to see that young people can talk about history objectively and without emotions,\u201d Bishop Nahimana said at the stakeholders\u2019 conference. \u201cThe road is still long and CENAP should put its expertise in the field of transitional justice, at the service of the TRC.\u201d<\/p>\n<p>On his part, the Permanent Secretary of the Interior ministry, D\u00e9o Ruberintwari, lauded the study as a useful resource for the country\u2019s future orientation. \"[This is] a real dashboard through which all political decision-makers and NGOs working with youth must now draw inspiration,\" the Permanent Secretary said in his remarks at the conference.<\/p>\n<p><a href=\"https:\/\/www.interpeace.org\/wp-content\/uploads\/2018\/07\/Burundi-Aspirations_des_jeunes-WEB_Version.pdf\"><strong>Read the full report (in French, PDF)<\/strong><\/a><\/p>\n<p><em>Adapted from CENAP\u2019s account of the national stakeholders\u2019 conference, available <a href=\"http:\/\/www.cenap.bi\/index.php\/9-apropos-de-cenap\/activites\/33-les-aspirations-des-jeunes-pour-le-burundi-de-demain\">here<\/a> (in French)<\/em><\/p>\n<p><a href=\"https:\/\/www.interpeace.org\/wp-content\/uploads\/2018\/07\/Burundi-Aspirations_des_jeunes-WEB_Version.pdf\"><img loading=\"lazy\" decoding=\"async\" class=\"alignnone wp-image-6898\" src=\"https:\/\/www.interpeace.org\/wp-content\/uploads\/2018\/07\/Book-Cover-002.jpg\" alt=\"\" width=\"354\" height=\"506\" \/><\/a><\/p>\n","protected":false},"excerpt":{"rendered":"<p>In 2017, the Conflict Alert and Prevention Centre (CENAP) and Interpeace carried out a research to understand the priority concerns of Burundi\u2019s young people regarding the future of their country. Inspired by the various crises experienced in Burundi, in which the youth have always been involved, the research was conducted in all the 18 provinces [&hellip;]<\/p>\n","protected":false},"author":1,"featured_media":6897,"comment_status":"closed","ping_status":"closed","sticky":false,"template":"","format":"standard","meta":{"_acf_changed":false,"_editorskit_title_hidden":false,"_editorskit_reading_time":0,"_editorskit_is_block_options_detached":false,"_editorskit_block_options_position":"{}","editor_plus_copied_stylings":"{}","_exactmetrics_skip_tracking":false,"_exactmetrics_sitenote_active":false,"_exactmetrics_sitenote_note":"","_exactmetrics_sitenote_category":0,"footnotes":"","_links_to":"","_links_to_target":""},"categories":[1],"tags":[],"globales":[],"initiatives":[],"news_type":[],"programmes":[68,73],"resource_theme":[],"videos_vimeo":[],"class_list":["post-6896","post","type-post","status-publish","format-standard","has-post-thumbnail","hentry","category-uncategorized","programmes-eastern-and-central-africa","programmes-burundi"],"acf":[],"yoast_head":"<!-- This site is optimized with the Yoast SEO Premium plugin v27.4 (Yoast SEO v27.4) - https:\/\/yoast.com\/product\/yoast-seo-premium-wordpress\/ -->\n<title>The Aspirations of Young People for the Future of Burundi - Interpeace<\/title>\n<meta name=\"robots\" content=\"index, follow, max-snippet:-1, max-image-preview:large, max-video-preview:-1\" \/>\n<link rel=\"canonical\" href=\"https:\/\/www.interpeace.org\/fr\/2018\/07\/aspirations-future-burundi\/\" \/>\n<meta property=\"og:locale\" content=\"fr_FR\" \/>\n<meta property=\"og:type\" content=\"article\" \/>\n<meta property=\"og:title\" content=\"The Aspirations of Young People for the Future of Burundi\" \/>\n<meta property=\"og:description\" content=\"In 2017, the Conflict Alert and Prevention Centre (CENAP) and Interpeace carried out a research to understand the priority concerns of Burundi\u2019s young people regarding the future of their country. Inspired by the various crises experienced in Burundi, in which the youth have always been involved, the research was conducted in all the 18 provinces [&hellip;]\" \/>\n<meta property=\"og:url\" content=\"https:\/\/www.interpeace.org\/fr\/2018\/07\/aspirations-future-burundi\/\" \/>\n<meta property=\"og:site_name\" content=\"Interpeace\" \/>\n<meta property=\"article:publisher\" content=\"https:\/\/www.facebook.com\/Interpeace\" \/>\n<meta property=\"article:published_time\" content=\"2018-07-03T16:42:48+00:00\" \/>\n<meta property=\"article:modified_time\" content=\"2018-07-03T16:44:20+00:00\" \/>\n<meta property=\"og:image\" content=\"https:\/\/www.interpeace.org\/wp-content\/uploads\/2018\/07\/Youth-make-their-contributions-at-the-national-stakeholders-conference-in-Bujumbura.-Photo-Credit-CENAP-1280x500.jpg\" \/>\n\t<meta property=\"og:image:width\" content=\"1383\" \/>\n\t<meta property=\"og:image:height\" content=\"922\" \/>\n\t<meta property=\"og:image:type\" content=\"image\/jpeg\" \/>\n<meta name=\"author\" content=\"Alejandro\" \/>\n<meta name=\"twitter:card\" content=\"summary_large_image\" \/>\n<meta name=\"twitter:creator\" content=\"@InterpeaceTweet\" \/>\n<meta name=\"twitter:site\" content=\"@InterpeaceTweet\" \/>\n<meta name=\"twitter:label1\" content=\"\u00c9crit par\" \/>\n\t<meta name=\"twitter:data1\" content=\"Alejandro\" \/>\n\t<meta name=\"twitter:label2\" content=\"Dur\u00e9e de lecture estim\u00e9e\" \/>\n\t<meta name=\"twitter:data2\" content=\"3 minutes\" \/>\n<script type=\"application\/ld+json\" class=\"yoast-schema-graph\">{\"@context\":\"https:\\\/\\\/schema.org\",\"@graph\":[{\"@type\":\"Article\",\"@id\":\"https:\\\/\\\/www.interpeace.org\\\/2018\\\/07\\\/aspirations-future-burundi\\\/#article\",\"isPartOf\":{\"@id\":\"https:\\\/\\\/www.interpeace.org\\\/2018\\\/07\\\/aspirations-future-burundi\\\/\"},\"author\":{\"name\":\"Alejandro\",\"@id\":\"https:\\\/\\\/www.interpeace.org\\\/#\\\/schema\\\/person\\\/75fea8ede2ce310d5f1bea81166bf9a1\"},\"headline\":\"The Aspirations of Young People for the Future of Burundi\",\"datePublished\":\"2018-07-03T16:42:48+00:00\",\"dateModified\":\"2018-07-03T16:44:20+00:00\",\"mainEntityOfPage\":{\"@id\":\"https:\\\/\\\/www.interpeace.org\\\/2018\\\/07\\\/aspirations-future-burundi\\\/\"},\"wordCount\":644,\"publisher\":{\"@id\":\"https:\\\/\\\/www.interpeace.org\\\/#organization\"},\"image\":{\"@id\":\"https:\\\/\\\/www.interpeace.org\\\/2018\\\/07\\\/aspirations-future-burundi\\\/#primaryimage\"},\"thumbnailUrl\":\"https:\\\/\\\/www.interpeace.org\\\/wp-content\\\/uploads\\\/2018\\\/07\\\/Youth-make-their-contributions-at-the-national-stakeholders-conference-in-Bujumbura.-Photo-Credit-CENAP-1280x500.jpg\",\"articleSection\":[\"Uncategorized\"],\"inLanguage\":\"fr-FR\"},{\"@type\":\"WebPage\",\"@id\":\"https:\\\/\\\/www.interpeace.org\\\/2018\\\/07\\\/aspirations-future-burundi\\\/\",\"url\":\"https:\\\/\\\/www.interpeace.org\\\/2018\\\/07\\\/aspirations-future-burundi\\\/\",\"name\":\"The Aspirations of Young People for the Future of Burundi - Interpeace\",\"isPartOf\":{\"@id\":\"https:\\\/\\\/www.interpeace.org\\\/#website\"},\"primaryImageOfPage\":{\"@id\":\"https:\\\/\\\/www.interpeace.org\\\/2018\\\/07\\\/aspirations-future-burundi\\\/#primaryimage\"},\"image\":{\"@id\":\"https:\\\/\\\/www.interpeace.org\\\/2018\\\/07\\\/aspirations-future-burundi\\\/#primaryimage\"},\"thumbnailUrl\":\"https:\\\/\\\/www.interpeace.org\\\/wp-content\\\/uploads\\\/2018\\\/07\\\/Youth-make-their-contributions-at-the-national-stakeholders-conference-in-Bujumbura.-Photo-Credit-CENAP-1280x500.jpg\",\"datePublished\":\"2018-07-03T16:42:48+00:00\",\"dateModified\":\"2018-07-03T16:44:20+00:00\",\"breadcrumb\":{\"@id\":\"https:\\\/\\\/www.interpeace.org\\\/2018\\\/07\\\/aspirations-future-burundi\\\/#breadcrumb\"},\"inLanguage\":\"fr-FR\",\"potentialAction\":[{\"@type\":\"ReadAction\",\"target\":[\"https:\\\/\\\/www.interpeace.org\\\/2018\\\/07\\\/aspirations-future-burundi\\\/\"]}]},{\"@type\":\"ImageObject\",\"inLanguage\":\"fr-FR\",\"@id\":\"https:\\\/\\\/www.interpeace.org\\\/2018\\\/07\\\/aspirations-future-burundi\\\/#primaryimage\",\"url\":\"https:\\\/\\\/www.interpeace.org\\\/wp-content\\\/uploads\\\/2018\\\/07\\\/Youth-make-their-contributions-at-the-national-stakeholders-conference-in-Bujumbura.-Photo-Credit-CENAP-1280x500.jpg\",\"contentUrl\":\"https:\\\/\\\/www.interpeace.org\\\/wp-content\\\/uploads\\\/2018\\\/07\\\/Youth-make-their-contributions-at-the-national-stakeholders-conference-in-Bujumbura.-Photo-Credit-CENAP-1280x500.jpg\",\"width\":1383,\"height\":922,\"caption\":\"Photo credit: CENAP\"},{\"@type\":\"BreadcrumbList\",\"@id\":\"https:\\\/\\\/www.interpeace.org\\\/2018\\\/07\\\/aspirations-future-burundi\\\/#breadcrumb\",\"itemListElement\":[{\"@type\":\"ListItem\",\"position\":1,\"name\":\"Home\",\"item\":\"https:\\\/\\\/www.interpeace.org\\\/\"},{\"@type\":\"ListItem\",\"position\":2,\"name\":\"The Aspirations of Young People for the Future of Burundi\"}]},{\"@type\":\"WebSite\",\"@id\":\"https:\\\/\\\/www.interpeace.org\\\/#website\",\"url\":\"https:\\\/\\\/www.interpeace.org\\\/\",\"name\":\"Interpeace\",\"description\":\"Enabling people to build lasting peace since 1994\",\"publisher\":{\"@id\":\"https:\\\/\\\/www.interpeace.org\\\/#organization\"},\"potentialAction\":[{\"@type\":\"SearchAction\",\"target\":{\"@type\":\"EntryPoint\",\"urlTemplate\":\"https:\\\/\\\/www.interpeace.org\\\/?s={search_term_string}\"},\"query-input\":{\"@type\":\"PropertyValueSpecification\",\"valueRequired\":true,\"valueName\":\"search_term_string\"}}],\"inLanguage\":\"fr-FR\"},{\"@type\":\"Organization\",\"@id\":\"https:\\\/\\\/www.interpeace.org\\\/#organization\",\"name\":\"INTERPEACE\",\"url\":\"https:\\\/\\\/www.interpeace.org\\\/\",\"logo\":{\"@type\":\"ImageObject\",\"inLanguage\":\"fr-FR\",\"@id\":\"https:\\\/\\\/www.interpeace.org\\\/#\\\/schema\\\/logo\\\/image\\\/\",\"url\":\"https:\\\/\\\/www.interpeace.org\\\/wp-content\\\/uploads\\\/2019\\\/11\\\/EN-Interpeace-small.png\",\"contentUrl\":\"https:\\\/\\\/www.interpeace.org\\\/wp-content\\\/uploads\\\/2019\\\/11\\\/EN-Interpeace-small.png\",\"width\":111,\"height\":85,\"caption\":\"INTERPEACE\"},\"image\":{\"@id\":\"https:\\\/\\\/www.interpeace.org\\\/#\\\/schema\\\/logo\\\/image\\\/\"},\"sameAs\":[\"https:\\\/\\\/www.facebook.com\\\/Interpeace\",\"https:\\\/\\\/x.com\\\/InterpeaceTweet\",\"https:\\\/\\\/www.instagram.com\\\/interpeace\\\/\"]},{\"@type\":\"Person\",\"@id\":\"https:\\\/\\\/www.interpeace.org\\\/#\\\/schema\\\/person\\\/75fea8ede2ce310d5f1bea81166bf9a1\",\"name\":\"Alejandro\",\"image\":{\"@type\":\"ImageObject\",\"inLanguage\":\"fr-FR\",\"@id\":\"https:\\\/\\\/secure.gravatar.com\\\/avatar\\\/a5627fb156910981ea3ab2405e881b80c8234e50bb58a577081f805dd3bfd753?s=96&d=mm&r=g\",\"url\":\"https:\\\/\\\/secure.gravatar.com\\\/avatar\\\/a5627fb156910981ea3ab2405e881b80c8234e50bb58a577081f805dd3bfd753?s=96&d=mm&r=g\",\"contentUrl\":\"https:\\\/\\\/secure.gravatar.com\\\/avatar\\\/a5627fb156910981ea3ab2405e881b80c8234e50bb58a577081f805dd3bfd753?s=96&d=mm&r=g\",\"caption\":\"Alejandro\"},\"url\":\"https:\\\/\\\/www.interpeace.org\\\/fr\\\/author\\\/amoralesruiz-gm\\\/\"}]}<\/script>\n<!-- \/ Yoast SEO Premium plugin. -->","yoast_head_json":{"title":"The Aspirations of Young People for the Future of Burundi - Interpeace","robots":{"index":"index","follow":"follow","max-snippet":"max-snippet:-1","max-image-preview":"max-image-preview:large","max-video-preview":"max-video-preview:-1"},"canonical":"https:\/\/www.interpeace.org\/fr\/2018\/07\/aspirations-future-burundi\/","og_locale":"fr_FR","og_type":"article","og_title":"The Aspirations of Young People for the Future of Burundi","og_description":"In 2017, the Conflict Alert and Prevention Centre (CENAP) and Interpeace carried out a research to understand the priority concerns of Burundi\u2019s young people regarding the future of their country. Inspired by the various crises experienced in Burundi, in which the youth have always been involved, the research was conducted in all the 18 provinces [&hellip;]","og_url":"https:\/\/www.interpeace.org\/fr\/2018\/07\/aspirations-future-burundi\/","og_site_name":"Interpeace","article_publisher":"https:\/\/www.facebook.com\/Interpeace","article_published_time":"2018-07-03T16:42:48+00:00","article_modified_time":"2018-07-03T16:44:20+00:00","og_image":[{"width":1383,"height":922,"url":"https:\/\/www.interpeace.org\/wp-content\/uploads\/2018\/07\/Youth-make-their-contributions-at-the-national-stakeholders-conference-in-Bujumbura.-Photo-Credit-CENAP-1280x500.jpg","type":"image\/jpeg"}],"author":"Alejandro","twitter_card":"summary_large_image","twitter_creator":"@InterpeaceTweet","twitter_site":"@InterpeaceTweet","twitter_misc":{"\u00c9crit par":"Alejandro","Dur\u00e9e de lecture estim\u00e9e":"3 minutes"},"schema":{"@context":"https:\/\/schema.org","@graph":[{"@type":"Article","@id":"https:\/\/www.interpeace.org\/2018\/07\/aspirations-future-burundi\/#article","isPartOf":{"@id":"https:\/\/www.interpeace.org\/2018\/07\/aspirations-future-burundi\/"},"author":{"name":"Alejandro","@id":"https:\/\/www.interpeace.org\/#\/schema\/person\/75fea8ede2ce310d5f1bea81166bf9a1"},"headline":"The Aspirations of Young People for the Future of Burundi","datePublished":"2018-07-03T16:42:48+00:00","dateModified":"2018-07-03T16:44:20+00:00","mainEntityOfPage":{"@id":"https:\/\/www.interpeace.org\/2018\/07\/aspirations-future-burundi\/"},"wordCount":644,"publisher":{"@id":"https:\/\/www.interpeace.org\/#organization"},"image":{"@id":"https:\/\/www.interpeace.org\/2018\/07\/aspirations-future-burundi\/#primaryimage"},"thumbnailUrl":"https:\/\/www.interpeace.org\/wp-content\/uploads\/2018\/07\/Youth-make-their-contributions-at-the-national-stakeholders-conference-in-Bujumbura.-Photo-Credit-CENAP-1280x500.jpg","articleSection":["Uncategorized"],"inLanguage":"fr-FR"},{"@type":"WebPage","@id":"https:\/\/www.interpeace.org\/2018\/07\/aspirations-future-burundi\/","url":"https:\/\/www.interpeace.org\/2018\/07\/aspirations-future-burundi\/","name":"The Aspirations of Young People for the Future of Burundi - Interpeace","isPartOf":{"@id":"https:\/\/www.interpeace.org\/#website"},"primaryImageOfPage":{"@id":"https:\/\/www.interpeace.org\/2018\/07\/aspirations-future-burundi\/#primaryimage"},"image":{"@id":"https:\/\/www.interpeace.org\/2018\/07\/aspirations-future-burundi\/#primaryimage"},"thumbnailUrl":"https:\/\/www.interpeace.org\/wp-content\/uploads\/2018\/07\/Youth-make-their-contributions-at-the-national-stakeholders-conference-in-Bujumbura.-Photo-Credit-CENAP-1280x500.jpg","datePublished":"2018-07-03T16:42:48+00:00","dateModified":"2018-07-03T16:44:20+00:00","breadcrumb":{"@id":"https:\/\/www.interpeace.org\/2018\/07\/aspirations-future-burundi\/#breadcrumb"},"inLanguage":"fr-FR","potentialAction":[{"@type":"ReadAction","target":["https:\/\/www.interpeace.org\/2018\/07\/aspirations-future-burundi\/"]}]},{"@type":"ImageObject","inLanguage":"fr-FR","@id":"https:\/\/www.interpeace.org\/2018\/07\/aspirations-future-burundi\/#primaryimage","url":"https:\/\/www.interpeace.org\/wp-content\/uploads\/2018\/07\/Youth-make-their-contributions-at-the-national-stakeholders-conference-in-Bujumbura.-Photo-Credit-CENAP-1280x500.jpg","contentUrl":"https:\/\/www.interpeace.org\/wp-content\/uploads\/2018\/07\/Youth-make-their-contributions-at-the-national-stakeholders-conference-in-Bujumbura.-Photo-Credit-CENAP-1280x500.jpg","width":1383,"height":922,"caption":"Photo credit: CENAP"},{"@type":"BreadcrumbList","@id":"https:\/\/www.interpeace.org\/2018\/07\/aspirations-future-burundi\/#breadcrumb","itemListElement":[{"@type":"ListItem","position":1,"name":"Home","item":"https:\/\/www.interpeace.org\/"},{"@type":"ListItem","position":2,"name":"The Aspirations of Young People for the Future of Burundi"}]},{"@type":"WebSite","@id":"https:\/\/www.interpeace.org\/#website","url":"https:\/\/www.interpeace.org\/","name":"Interpeace","description":"Permettre aux gens de construire une paix durable depuis 1994","publisher":{"@id":"https:\/\/www.interpeace.org\/#organization"},"potentialAction":[{"@type":"SearchAction","target":{"@type":"EntryPoint","urlTemplate":"https:\/\/www.interpeace.org\/?s={search_term_string}"},"query-input":{"@type":"PropertyValueSpecification","valueRequired":true,"valueName":"search_term_string"}}],"inLanguage":"fr-FR"},{"@type":"Organization","@id":"https:\/\/www.interpeace.org\/#organization","name":"INTERPEACE","url":"https:\/\/www.interpeace.org\/","logo":{"@type":"ImageObject","inLanguage":"fr-FR","@id":"https:\/\/www.interpeace.org\/#\/schema\/logo\/image\/","url":"https:\/\/www.interpeace.org\/wp-content\/uploads\/2019\/11\/EN-Interpeace-small.png","contentUrl":"https:\/\/www.interpeace.org\/wp-content\/uploads\/2019\/11\/EN-Interpeace-small.png","width":111,"height":85,"caption":"INTERPEACE"},"image":{"@id":"https:\/\/www.interpeace.org\/#\/schema\/logo\/image\/"},"sameAs":["https:\/\/www.facebook.com\/Interpeace","https:\/\/x.com\/InterpeaceTweet","https:\/\/www.instagram.com\/interpeace\/"]},{"@type":"Person","@id":"https:\/\/www.interpeace.org\/#\/schema\/person\/75fea8ede2ce310d5f1bea81166bf9a1","name":"Alejandro","image":{"@type":"ImageObject","inLanguage":"fr-FR","@id":"https:\/\/secure.gravatar.com\/avatar\/a5627fb156910981ea3ab2405e881b80c8234e50bb58a577081f805dd3bfd753?s=96&d=mm&r=g","url":"https:\/\/secure.gravatar.com\/avatar\/a5627fb156910981ea3ab2405e881b80c8234e50bb58a577081f805dd3bfd753?s=96&d=mm&r=g","contentUrl":"https:\/\/secure.gravatar.com\/avatar\/a5627fb156910981ea3ab2405e881b80c8234e50bb58a577081f805dd3bfd753?s=96&d=mm&r=g","caption":"Alejandro"},"url":"https:\/\/www.interpeace.org\/fr\/author\/amoralesruiz-gm\/"}]}},"_links":{"self":[{"href":"https:\/\/www.interpeace.org\/fr\/wp-json\/wp\/v2\/posts\/6896","targetHints":{"allow":["GET"]}}],"collection":[{"href":"https:\/\/www.interpeace.org\/fr\/wp-json\/wp\/v2\/posts"}],"about":[{"href":"https:\/\/www.interpeace.org\/fr\/wp-json\/wp\/v2\/types\/post"}],"author":[{"embeddable":true,"href":"https:\/\/www.interpeace.org\/fr\/wp-json\/wp\/v2\/users\/1"}],"replies":[{"embeddable":true,"href":"https:\/\/www.interpeace.org\/fr\/wp-json\/wp\/v2\/comments?post=6896"}],"version-history":[{"count":0,"href":"https:\/\/www.interpeace.org\/fr\/wp-json\/wp\/v2\/posts\/6896\/revisions"}],"wp:featuredmedia":[{"embeddable":true,"href":"https:\/\/www.interpeace.org\/fr\/wp-json\/wp\/v2\/media\/6897"}],"wp:attachment":[{"href":"https:\/\/www.interpeace.org\/fr\/wp-json\/wp\/v2\/media?parent=6896"}],"wp:term":[{"taxonomy":"category","embeddable":true,"href":"https:\/\/www.interpeace.org\/fr\/wp-json\/wp\/v2\/categories?post=6896"},{"taxonomy":"post_tag","embeddable":true,"href":"https:\/\/www.interpeace.org\/fr\/wp-json\/wp\/v2\/tags?post=6896"},{"taxonomy":"globales","embeddable":true,"href":"https:\/\/www.interpeace.org\/fr\/wp-json\/wp\/v2\/globales?post=6896"},{"taxonomy":"initiatives","embeddable":true,"href":"https:\/\/www.interpeace.org\/fr\/wp-json\/wp\/v2\/initiatives?post=6896"},{"taxonomy":"news_type","embeddable":true,"href":"https:\/\/www.interpeace.org\/fr\/wp-json\/wp\/v2\/news_type?post=6896"},{"taxonomy":"programmes","embeddable":true,"href":"https:\/\/www.interpeace.org\/fr\/wp-json\/wp\/v2\/programmes?post=6896"},{"taxonomy":"resource_theme","embeddable":true,"href":"https:\/\/www.interpeace.org\/fr\/wp-json\/wp\/v2\/resource_theme?post=6896"},{"taxonomy":"videos_vimeo","embeddable":true,"href":"https:\/\/www.interpeace.org\/fr\/wp-json\/wp\/v2\/videos_vimeo?post=6896"}],"curies":[{"name":"wp","href":"https:\/\/api.w.org\/{rel}","templated":true}]}}