{"id":669,"date":"2012-10-31T09:16:20","date_gmt":"2012-10-31T08:16:20","guid":{"rendered":"http:\/\/www.interpeace.org\/2012\/10\/31\/cyprus-developing-a-reconciliation-index\/"},"modified":"2015-07-28T11:17:44","modified_gmt":"2015-07-28T09:17:44","slug":"cyprus-developing-a-reconciliation-index","status":"publish","type":"post","link":"https:\/\/www.interpeace.org\/fr\/2012\/10\/cyprus-developing-a-reconciliation-index\/","title":{"rendered":"Cyprus: Developing a reconciliation index"},"content":{"rendered":"<p>In 2011, Cyprus 2015, the\u00a0Interpeace initiative in Cyprus,\u00a0was chosen by the United Nations Development Programme \u2013 Action for Cooperation and Trust in Cyprus (UNDP-ACT) to design a monitoring and evaluation mechanism to regularly measure the state of reconciliation on the divided island. This \u2018Reconciliation Index\u2019 is intended to allow governmental and non-governmental institutions, the donor community and other relevant actors to assess the state of reconciliation in Cyprus, and better target efforts to consolidate peace. An effective reconciliation index is also a tool that could eventually be adapted and put into operation in other contexts as well.<\/p>\n<p><strong>A multidisciplinary approach<\/strong><\/p>\n<p>In line with this new project, the team organized a four-day\u00a0workshop on Social Cohesion and Reconciliation in September. It brought together ten leading experts on reconciliation, both academics and practitioners, to discuss options to measure social cohesion. The presentations and discussions looked at the issue of reconciliation from different angles, including sociology, political science and psychology, and were enriched by lessons learned from experiences in Israel, Northern Ireland, Rwanda, Bosnia and South Africa.<\/p>\n<p>Bernardo Ar\u00e9valo de Le\u00f3n, Deputy Director-General, Research and Development at Interpeace explains: \u201cThis workshop is a great opportunity for academics and practitioners to get together and share their knowledge. We have a great deal to learn from each other and can benefit from the different experiences. That is why I think it is excellent news that the participants agreed to collaborate in the future.\u201d<\/p>\n<p><strong>Filling a gap in the later phase of post-conflict process<\/strong><\/p>\n<p>In order to prepare the ground for setting up a reconciliation index, the experts examined methods to measure the roles of actors at different stages of conflict and its transformation. They also discussed the conceptual aspect of reconciliation.<\/p>\n<p>Dr Naasson Munyandamutsa, from Interpeace\u2019s partner in Rwanda, the Institute of Research and Dialogue for Peace (IRDP), stressed the importance of regularly monitoring the state of reconciliation. \u201cRebuilding people\u2019s trust in each other and in political structures, values and leadership is one of the main challenges in a post-conflict situation,\u201d shares Naasson.<\/p>\n<p>A public conference was also organized and took place within the United Nations buffer zone. It was attended by Greek- and Turkish-Cypriot officials, the United States Ambassador to Cyprus, civil society and media representatives, as well as most of the experts from the workshop.<\/p>","protected":false},"excerpt":{"rendered":"<p>In 2011, Cyprus 2015, the\u00a0Interpeace initiative in Cyprus,\u00a0was chosen by the United Nations Development Programme \u2013 Action for Cooperation and Trust in Cyprus (UNDP-ACT) to design a monitoring and evaluation mechanism to regularly measure the state of reconciliation on the divided island. This \u2018Reconciliation Index\u2019 is intended to allow governmental and non-governmental institutions, the donor [&hellip;]<\/p>\n","protected":false},"author":3,"featured_media":668,"comment_status":"open","ping_status":"open","sticky":false,"template":"","format":"standard","meta":{"_acf_changed":false,"_editorskit_title_hidden":false,"_editorskit_reading_time":0,"_editorskit_is_block_options_detached":false,"_editorskit_block_options_position":"{}","editor_plus_copied_stylings":"{}","_exactmetrics_skip_tracking":false,"_exactmetrics_sitenote_active":false,"_exactmetrics_sitenote_note":"","_exactmetrics_sitenote_category":0,"footnotes":"","_links_to":"","_links_to_target":""},"categories":[1],"tags":[],"globales":[],"initiatives":[],"news_type":[],"programmes":[76,77],"resource_theme":[],"videos_vimeo":[],"class_list":["post-669","post","type-post","status-publish","format-standard","has-post-thumbnail","hentry","category-uncategorized","programmes-europe-and-the-middle-east","programmes-cyprus"],"acf":[],"yoast_head":"<!-- This site is optimized with the Yoast SEO Premium plugin v27.4 (Yoast SEO v27.4) - https:\/\/yoast.com\/product\/yoast-seo-premium-wordpress\/ -->\n<title>Cyprus: Developing a reconciliation index - Interpeace<\/title>\n<meta name=\"robots\" content=\"index, follow, max-snippet:-1, max-image-preview:large, max-video-preview:-1\" \/>\n<link rel=\"canonical\" href=\"https:\/\/www.interpeace.org\/fr\/2012\/10\/cyprus-developing-a-reconciliation-index\/\" \/>\n<meta property=\"og:locale\" content=\"fr_FR\" \/>\n<meta property=\"og:type\" content=\"article\" \/>\n<meta property=\"og:title\" content=\"Cyprus: Developing a reconciliation index\" \/>\n<meta property=\"og:description\" content=\"In 2011, Cyprus 2015, the\u00a0Interpeace initiative in Cyprus,\u00a0was chosen by the United Nations Development Programme \u2013 Action for Cooperation and Trust in Cyprus (UNDP-ACT) to design a monitoring and evaluation mechanism to regularly measure the state of reconciliation on the divided island. This \u2018Reconciliation Index\u2019 is intended to allow governmental and non-governmental institutions, the donor [&hellip;]\" \/>\n<meta property=\"og:url\" content=\"https:\/\/www.interpeace.org\/fr\/2012\/10\/cyprus-developing-a-reconciliation-index\/\" \/>\n<meta property=\"og:site_name\" content=\"Interpeace\" \/>\n<meta property=\"article:publisher\" content=\"https:\/\/www.facebook.com\/Interpeace\" \/>\n<meta property=\"article:published_time\" content=\"2012-10-31T08:16:20+00:00\" \/>\n<meta property=\"article:modified_time\" content=\"2015-07-28T09:17:44+00:00\" \/>\n<meta property=\"og:image\" content=\"https:\/\/www.interpeace.org\/wp-content\/uploads\/2012\/10\/2012_10_31_cyp_naasson.jpg\" \/>\n\t<meta property=\"og:image:width\" content=\"448\" \/>\n\t<meta property=\"og:image:height\" content=\"298\" \/>\n\t<meta property=\"og:image:type\" content=\"image\/jpeg\" \/>\n<meta name=\"twitter:card\" content=\"summary_large_image\" \/>\n<meta name=\"twitter:creator\" content=\"@InterpeaceTweet\" \/>\n<meta name=\"twitter:site\" content=\"@InterpeaceTweet\" \/>\n<meta name=\"twitter:label1\" content=\"\u00c9crit par\" \/>\n\t<meta name=\"twitter:data1\" content=\"\" \/>\n\t<meta name=\"twitter:label2\" content=\"Dur\u00e9e de lecture estim\u00e9e\" \/>\n\t<meta name=\"twitter:data2\" content=\"2 minutes\" \/>\n<script type=\"application\/ld+json\" class=\"yoast-schema-graph\">{\"@context\":\"https:\\\/\\\/schema.org\",\"@graph\":[{\"@type\":\"Article\",\"@id\":\"https:\\\/\\\/www.interpeace.org\\\/2012\\\/10\\\/cyprus-developing-a-reconciliation-index\\\/#article\",\"isPartOf\":{\"@id\":\"https:\\\/\\\/www.interpeace.org\\\/2012\\\/10\\\/cyprus-developing-a-reconciliation-index\\\/\"},\"author\":{\"name\":\"\",\"@id\":\"\"},\"headline\":\"Cyprus: Developing a reconciliation index\",\"datePublished\":\"2012-10-31T08:16:20+00:00\",\"dateModified\":\"2015-07-28T09:17:44+00:00\",\"mainEntityOfPage\":{\"@id\":\"https:\\\/\\\/www.interpeace.org\\\/2012\\\/10\\\/cyprus-developing-a-reconciliation-index\\\/\"},\"wordCount\":390,\"commentCount\":0,\"publisher\":{\"@id\":\"https:\\\/\\\/www.interpeace.org\\\/#organization\"},\"image\":{\"@id\":\"https:\\\/\\\/www.interpeace.org\\\/2012\\\/10\\\/cyprus-developing-a-reconciliation-index\\\/#primaryimage\"},\"thumbnailUrl\":\"https:\\\/\\\/www.interpeace.org\\\/wp-content\\\/uploads\\\/2012\\\/10\\\/2012_10_31_cyp_naasson.jpg\",\"articleSection\":[\"Uncategorized\"],\"inLanguage\":\"fr-FR\",\"potentialAction\":[{\"@type\":\"CommentAction\",\"name\":\"Comment\",\"target\":[\"https:\\\/\\\/www.interpeace.org\\\/2012\\\/10\\\/cyprus-developing-a-reconciliation-index\\\/#respond\"]}]},{\"@type\":\"WebPage\",\"@id\":\"https:\\\/\\\/www.interpeace.org\\\/2012\\\/10\\\/cyprus-developing-a-reconciliation-index\\\/\",\"url\":\"https:\\\/\\\/www.interpeace.org\\\/2012\\\/10\\\/cyprus-developing-a-reconciliation-index\\\/\",\"name\":\"Cyprus: Developing a reconciliation index - Interpeace\",\"isPartOf\":{\"@id\":\"https:\\\/\\\/www.interpeace.org\\\/#website\"},\"primaryImageOfPage\":{\"@id\":\"https:\\\/\\\/www.interpeace.org\\\/2012\\\/10\\\/cyprus-developing-a-reconciliation-index\\\/#primaryimage\"},\"image\":{\"@id\":\"https:\\\/\\\/www.interpeace.org\\\/2012\\\/10\\\/cyprus-developing-a-reconciliation-index\\\/#primaryimage\"},\"thumbnailUrl\":\"https:\\\/\\\/www.interpeace.org\\\/wp-content\\\/uploads\\\/2012\\\/10\\\/2012_10_31_cyp_naasson.jpg\",\"datePublished\":\"2012-10-31T08:16:20+00:00\",\"dateModified\":\"2015-07-28T09:17:44+00:00\",\"breadcrumb\":{\"@id\":\"https:\\\/\\\/www.interpeace.org\\\/2012\\\/10\\\/cyprus-developing-a-reconciliation-index\\\/#breadcrumb\"},\"inLanguage\":\"fr-FR\",\"potentialAction\":[{\"@type\":\"ReadAction\",\"target\":[\"https:\\\/\\\/www.interpeace.org\\\/2012\\\/10\\\/cyprus-developing-a-reconciliation-index\\\/\"]}]},{\"@type\":\"ImageObject\",\"inLanguage\":\"fr-FR\",\"@id\":\"https:\\\/\\\/www.interpeace.org\\\/2012\\\/10\\\/cyprus-developing-a-reconciliation-index\\\/#primaryimage\",\"url\":\"https:\\\/\\\/www.interpeace.org\\\/wp-content\\\/uploads\\\/2012\\\/10\\\/2012_10_31_cyp_naasson.jpg\",\"contentUrl\":\"https:\\\/\\\/www.interpeace.org\\\/wp-content\\\/uploads\\\/2012\\\/10\\\/2012_10_31_cyp_naasson.jpg\",\"width\":448,\"height\":298,\"caption\":\"Dr. Naasson Munyandamutsa. Photo credit: cips Marcos Gittis for Cyprus 2015\"},{\"@type\":\"BreadcrumbList\",\"@id\":\"https:\\\/\\\/www.interpeace.org\\\/2012\\\/10\\\/cyprus-developing-a-reconciliation-index\\\/#breadcrumb\",\"itemListElement\":[{\"@type\":\"ListItem\",\"position\":1,\"name\":\"Home\",\"item\":\"https:\\\/\\\/www.interpeace.org\\\/\"},{\"@type\":\"ListItem\",\"position\":2,\"name\":\"Cyprus: Developing a reconciliation index\"}]},{\"@type\":\"WebSite\",\"@id\":\"https:\\\/\\\/www.interpeace.org\\\/#website\",\"url\":\"https:\\\/\\\/www.interpeace.org\\\/\",\"name\":\"Interpeace\",\"description\":\"Enabling people to build lasting peace since 1994\",\"publisher\":{\"@id\":\"https:\\\/\\\/www.interpeace.org\\\/#organization\"},\"potentialAction\":[{\"@type\":\"SearchAction\",\"target\":{\"@type\":\"EntryPoint\",\"urlTemplate\":\"https:\\\/\\\/www.interpeace.org\\\/?s={search_term_string}\"},\"query-input\":{\"@type\":\"PropertyValueSpecification\",\"valueRequired\":true,\"valueName\":\"search_term_string\"}}],\"inLanguage\":\"fr-FR\"},{\"@type\":\"Organization\",\"@id\":\"https:\\\/\\\/www.interpeace.org\\\/#organization\",\"name\":\"INTERPEACE\",\"url\":\"https:\\\/\\\/www.interpeace.org\\\/\",\"logo\":{\"@type\":\"ImageObject\",\"inLanguage\":\"fr-FR\",\"@id\":\"https:\\\/\\\/www.interpeace.org\\\/#\\\/schema\\\/logo\\\/image\\\/\",\"url\":\"https:\\\/\\\/www.interpeace.org\\\/wp-content\\\/uploads\\\/2019\\\/11\\\/EN-Interpeace-small.png\",\"contentUrl\":\"https:\\\/\\\/www.interpeace.org\\\/wp-content\\\/uploads\\\/2019\\\/11\\\/EN-Interpeace-small.png\",\"width\":111,\"height\":85,\"caption\":\"INTERPEACE\"},\"image\":{\"@id\":\"https:\\\/\\\/www.interpeace.org\\\/#\\\/schema\\\/logo\\\/image\\\/\"},\"sameAs\":[\"https:\\\/\\\/www.facebook.com\\\/Interpeace\",\"https:\\\/\\\/x.com\\\/InterpeaceTweet\",\"https:\\\/\\\/www.instagram.com\\\/interpeace\\\/\"]},{\"@type\":\"Person\",\"@id\":\"\",\"url\":\"https:\\\/\\\/www.interpeace.org\\\/fr\\\/author\\\/\"}]}<\/script>\n<!-- \/ Yoast SEO Premium plugin. -->","yoast_head_json":{"title":"Cyprus: Developing a reconciliation index - Interpeace","robots":{"index":"index","follow":"follow","max-snippet":"max-snippet:-1","max-image-preview":"max-image-preview:large","max-video-preview":"max-video-preview:-1"},"canonical":"https:\/\/www.interpeace.org\/fr\/2012\/10\/cyprus-developing-a-reconciliation-index\/","og_locale":"fr_FR","og_type":"article","og_title":"Cyprus: Developing a reconciliation index","og_description":"In 2011, Cyprus 2015, the\u00a0Interpeace initiative in Cyprus,\u00a0was chosen by the United Nations Development Programme \u2013 Action for Cooperation and Trust in Cyprus (UNDP-ACT) to design a monitoring and evaluation mechanism to regularly measure the state of reconciliation on the divided island. This \u2018Reconciliation Index\u2019 is intended to allow governmental and non-governmental institutions, the donor [&hellip;]","og_url":"https:\/\/www.interpeace.org\/fr\/2012\/10\/cyprus-developing-a-reconciliation-index\/","og_site_name":"Interpeace","article_publisher":"https:\/\/www.facebook.com\/Interpeace","article_published_time":"2012-10-31T08:16:20+00:00","article_modified_time":"2015-07-28T09:17:44+00:00","og_image":[{"width":448,"height":298,"url":"https:\/\/www.interpeace.org\/wp-content\/uploads\/2012\/10\/2012_10_31_cyp_naasson.jpg","type":"image\/jpeg"}],"twitter_card":"summary_large_image","twitter_creator":"@InterpeaceTweet","twitter_site":"@InterpeaceTweet","twitter_misc":{"\u00c9crit par":"","Dur\u00e9e de lecture estim\u00e9e":"2 minutes"},"schema":{"@context":"https:\/\/schema.org","@graph":[{"@type":"Article","@id":"https:\/\/www.interpeace.org\/2012\/10\/cyprus-developing-a-reconciliation-index\/#article","isPartOf":{"@id":"https:\/\/www.interpeace.org\/2012\/10\/cyprus-developing-a-reconciliation-index\/"},"author":{"name":"","@id":""},"headline":"Cyprus: Developing a reconciliation index","datePublished":"2012-10-31T08:16:20+00:00","dateModified":"2015-07-28T09:17:44+00:00","mainEntityOfPage":{"@id":"https:\/\/www.interpeace.org\/2012\/10\/cyprus-developing-a-reconciliation-index\/"},"wordCount":390,"commentCount":0,"publisher":{"@id":"https:\/\/www.interpeace.org\/#organization"},"image":{"@id":"https:\/\/www.interpeace.org\/2012\/10\/cyprus-developing-a-reconciliation-index\/#primaryimage"},"thumbnailUrl":"https:\/\/www.interpeace.org\/wp-content\/uploads\/2012\/10\/2012_10_31_cyp_naasson.jpg","articleSection":["Uncategorized"],"inLanguage":"fr-FR","potentialAction":[{"@type":"CommentAction","name":"Comment","target":["https:\/\/www.interpeace.org\/2012\/10\/cyprus-developing-a-reconciliation-index\/#respond"]}]},{"@type":"WebPage","@id":"https:\/\/www.interpeace.org\/2012\/10\/cyprus-developing-a-reconciliation-index\/","url":"https:\/\/www.interpeace.org\/2012\/10\/cyprus-developing-a-reconciliation-index\/","name":"Cyprus: Developing a reconciliation index - Interpeace","isPartOf":{"@id":"https:\/\/www.interpeace.org\/#website"},"primaryImageOfPage":{"@id":"https:\/\/www.interpeace.org\/2012\/10\/cyprus-developing-a-reconciliation-index\/#primaryimage"},"image":{"@id":"https:\/\/www.interpeace.org\/2012\/10\/cyprus-developing-a-reconciliation-index\/#primaryimage"},"thumbnailUrl":"https:\/\/www.interpeace.org\/wp-content\/uploads\/2012\/10\/2012_10_31_cyp_naasson.jpg","datePublished":"2012-10-31T08:16:20+00:00","dateModified":"2015-07-28T09:17:44+00:00","breadcrumb":{"@id":"https:\/\/www.interpeace.org\/2012\/10\/cyprus-developing-a-reconciliation-index\/#breadcrumb"},"inLanguage":"fr-FR","potentialAction":[{"@type":"ReadAction","target":["https:\/\/www.interpeace.org\/2012\/10\/cyprus-developing-a-reconciliation-index\/"]}]},{"@type":"ImageObject","inLanguage":"fr-FR","@id":"https:\/\/www.interpeace.org\/2012\/10\/cyprus-developing-a-reconciliation-index\/#primaryimage","url":"https:\/\/www.interpeace.org\/wp-content\/uploads\/2012\/10\/2012_10_31_cyp_naasson.jpg","contentUrl":"https:\/\/www.interpeace.org\/wp-content\/uploads\/2012\/10\/2012_10_31_cyp_naasson.jpg","width":448,"height":298,"caption":"Dr. Naasson Munyandamutsa. Photo credit: cips Marcos Gittis for Cyprus 2015"},{"@type":"BreadcrumbList","@id":"https:\/\/www.interpeace.org\/2012\/10\/cyprus-developing-a-reconciliation-index\/#breadcrumb","itemListElement":[{"@type":"ListItem","position":1,"name":"Home","item":"https:\/\/www.interpeace.org\/"},{"@type":"ListItem","position":2,"name":"Cyprus: Developing a reconciliation index"}]},{"@type":"WebSite","@id":"https:\/\/www.interpeace.org\/#website","url":"https:\/\/www.interpeace.org\/","name":"Interpeace","description":"Permettre aux gens de construire une paix durable depuis 1994","publisher":{"@id":"https:\/\/www.interpeace.org\/#organization"},"potentialAction":[{"@type":"SearchAction","target":{"@type":"EntryPoint","urlTemplate":"https:\/\/www.interpeace.org\/?s={search_term_string}"},"query-input":{"@type":"PropertyValueSpecification","valueRequired":true,"valueName":"search_term_string"}}],"inLanguage":"fr-FR"},{"@type":"Organization","@id":"https:\/\/www.interpeace.org\/#organization","name":"INTERPEACE","url":"https:\/\/www.interpeace.org\/","logo":{"@type":"ImageObject","inLanguage":"fr-FR","@id":"https:\/\/www.interpeace.org\/#\/schema\/logo\/image\/","url":"https:\/\/www.interpeace.org\/wp-content\/uploads\/2019\/11\/EN-Interpeace-small.png","contentUrl":"https:\/\/www.interpeace.org\/wp-content\/uploads\/2019\/11\/EN-Interpeace-small.png","width":111,"height":85,"caption":"INTERPEACE"},"image":{"@id":"https:\/\/www.interpeace.org\/#\/schema\/logo\/image\/"},"sameAs":["https:\/\/www.facebook.com\/Interpeace","https:\/\/x.com\/InterpeaceTweet","https:\/\/www.instagram.com\/interpeace\/"]},{"@type":"Person","@id":"","url":"https:\/\/www.interpeace.org\/fr\/author\/"}]}},"_links":{"self":[{"href":"https:\/\/www.interpeace.org\/fr\/wp-json\/wp\/v2\/posts\/669","targetHints":{"allow":["GET"]}}],"collection":[{"href":"https:\/\/www.interpeace.org\/fr\/wp-json\/wp\/v2\/posts"}],"about":[{"href":"https:\/\/www.interpeace.org\/fr\/wp-json\/wp\/v2\/types\/post"}],"author":[{"embeddable":true,"href":"https:\/\/www.interpeace.org\/fr\/wp-json\/wp\/v2\/users\/3"}],"replies":[{"embeddable":true,"href":"https:\/\/www.interpeace.org\/fr\/wp-json\/wp\/v2\/comments?post=669"}],"version-history":[{"count":0,"href":"https:\/\/www.interpeace.org\/fr\/wp-json\/wp\/v2\/posts\/669\/revisions"}],"wp:featuredmedia":[{"embeddable":true,"href":"https:\/\/www.interpeace.org\/fr\/wp-json\/wp\/v2\/media\/668"}],"wp:attachment":[{"href":"https:\/\/www.interpeace.org\/fr\/wp-json\/wp\/v2\/media?parent=669"}],"wp:term":[{"taxonomy":"category","embeddable":true,"href":"https:\/\/www.interpeace.org\/fr\/wp-json\/wp\/v2\/categories?post=669"},{"taxonomy":"post_tag","embeddable":true,"href":"https:\/\/www.interpeace.org\/fr\/wp-json\/wp\/v2\/tags?post=669"},{"taxonomy":"globales","embeddable":true,"href":"https:\/\/www.interpeace.org\/fr\/wp-json\/wp\/v2\/globales?post=669"},{"taxonomy":"initiatives","embeddable":true,"href":"https:\/\/www.interpeace.org\/fr\/wp-json\/wp\/v2\/initiatives?post=669"},{"taxonomy":"news_type","embeddable":true,"href":"https:\/\/www.interpeace.org\/fr\/wp-json\/wp\/v2\/news_type?post=669"},{"taxonomy":"programmes","embeddable":true,"href":"https:\/\/www.interpeace.org\/fr\/wp-json\/wp\/v2\/programmes?post=669"},{"taxonomy":"resource_theme","embeddable":true,"href":"https:\/\/www.interpeace.org\/fr\/wp-json\/wp\/v2\/resource_theme?post=669"},{"taxonomy":"videos_vimeo","embeddable":true,"href":"https:\/\/www.interpeace.org\/fr\/wp-json\/wp\/v2\/videos_vimeo?post=669"}],"curies":[{"name":"wp","href":"https:\/\/api.w.org\/{rel}","templated":true}]}}