{"id":667,"date":"2012-10-30T09:07:01","date_gmt":"2012-10-30T08:07:01","guid":{"rendered":"http:\/\/www.interpeace.org\/2012\/10\/30\/agneta-johannsen\/"},"modified":"2015-07-28T11:19:17","modified_gmt":"2015-07-28T09:19:17","slug":"agneta-johannsen","status":"publish","type":"post","link":"https:\/\/www.interpeace.org\/fr\/2012\/10\/agneta-johannsen\/","title":{"rendered":"Mourning former colleague Agneta Johannsen"},"content":{"rendered":"<p>It is with great sadness that we must inform you that our former colleague, Agneta Johannsen, passed away yesterday.<\/p>\n<p>Agneta devoted nine years to the organization during the early stages of Interpeace, when it was still a United Nations initiative. Agneta was a great colleague and truly lived the values of the organization. She had a firm belief in the power of local capacities, ideas and solutions. She was a role model and mentor to those who worked with her and was dedicated to bringing the Interpeace approach to life. She will always have a special place in the history of the institution.<\/p>\n<p>Agneta went on to start a successful second career in psychology. She believed that individuals are the essential building blocks of societies and focused her work on their behaviour, desires and hopes.<\/p>\n<p>Our thoughts go out to her family and her friends.<\/p>","protected":false},"excerpt":{"rendered":"<p>It is with great sadness that we must inform you that our former colleague, Agneta Johannsen, passed away yesterday. Agneta devoted nine years to the organization during the early stages of Interpeace, when it was still a United Nations initiative. Agneta was a great colleague and truly lived the values of the organization. She had [&hellip;]<\/p>\n","protected":false},"author":3,"featured_media":666,"comment_status":"open","ping_status":"open","sticky":false,"template":"","format":"standard","meta":{"_acf_changed":false,"_editorskit_title_hidden":false,"_editorskit_reading_time":0,"_editorskit_is_block_options_detached":false,"_editorskit_block_options_position":"{}","editor_plus_copied_stylings":"{}","_exactmetrics_skip_tracking":false,"_exactmetrics_sitenote_active":false,"_exactmetrics_sitenote_note":"","_exactmetrics_sitenote_category":0,"footnotes":"","_links_to":"","_links_to_target":""},"categories":[1],"tags":[],"globales":[],"initiatives":[],"news_type":[],"programmes":[],"resource_theme":[],"videos_vimeo":[],"class_list":["post-667","post","type-post","status-publish","format-standard","has-post-thumbnail","hentry","category-uncategorized"],"acf":[],"yoast_head":"<!-- This site is optimized with the Yoast SEO Premium plugin v27.4 (Yoast SEO v27.4) - https:\/\/yoast.com\/product\/yoast-seo-premium-wordpress\/ -->\n<title>Mourning former colleague Agneta Johannsen - Interpeace<\/title>\n<meta name=\"robots\" content=\"index, follow, max-snippet:-1, max-image-preview:large, max-video-preview:-1\" \/>\n<link rel=\"canonical\" href=\"https:\/\/www.interpeace.org\/fr\/2012\/10\/agneta-johannsen\/\" \/>\n<meta property=\"og:locale\" content=\"fr_FR\" \/>\n<meta property=\"og:type\" content=\"article\" \/>\n<meta property=\"og:title\" content=\"Mourning former colleague Agneta Johannsen\" \/>\n<meta property=\"og:description\" content=\"It is with great sadness that we must inform you that our former colleague, Agneta Johannsen, passed away yesterday. Agneta devoted nine years to the organization during the early stages of Interpeace, when it was still a United Nations initiative. Agneta was a great colleague and truly lived the values of the organization. She had [&hellip;]\" \/>\n<meta property=\"og:url\" content=\"https:\/\/www.interpeace.org\/fr\/2012\/10\/agneta-johannsen\/\" \/>\n<meta property=\"og:site_name\" content=\"Interpeace\" \/>\n<meta property=\"article:publisher\" content=\"https:\/\/www.facebook.com\/Interpeace\" \/>\n<meta property=\"article:published_time\" content=\"2012-10-30T08:07:01+00:00\" \/>\n<meta property=\"article:modified_time\" content=\"2015-07-28T09:19:17+00:00\" \/>\n<meta property=\"og:image\" content=\"https:\/\/www.interpeace.org\/wp-content\/uploads\/2012\/10\/2011_11_01_somp_abdulkadir_yassin_jama.jpg\" \/>\n\t<meta property=\"og:image:width\" content=\"294\" \/>\n\t<meta property=\"og:image:height\" content=\"211\" \/>\n\t<meta property=\"og:image:type\" content=\"image\/jpeg\" \/>\n<meta name=\"twitter:card\" content=\"summary_large_image\" \/>\n<meta name=\"twitter:creator\" content=\"@InterpeaceTweet\" \/>\n<meta name=\"twitter:site\" content=\"@InterpeaceTweet\" \/>\n<meta name=\"twitter:label1\" content=\"\u00c9crit par\" \/>\n\t<meta name=\"twitter:data1\" content=\"\" \/>\n\t<meta name=\"twitter:label2\" content=\"Dur\u00e9e de lecture estim\u00e9e\" \/>\n\t<meta name=\"twitter:data2\" content=\"1 minute\" \/>\n<script type=\"application\/ld+json\" class=\"yoast-schema-graph\">{\"@context\":\"https:\\\/\\\/schema.org\",\"@graph\":[{\"@type\":\"Article\",\"@id\":\"https:\\\/\\\/www.interpeace.org\\\/2012\\\/10\\\/agneta-johannsen\\\/#article\",\"isPartOf\":{\"@id\":\"https:\\\/\\\/www.interpeace.org\\\/2012\\\/10\\\/agneta-johannsen\\\/\"},\"author\":{\"name\":\"\",\"@id\":\"\"},\"headline\":\"Mourning former colleague Agneta Johannsen\",\"datePublished\":\"2012-10-30T08:07:01+00:00\",\"dateModified\":\"2015-07-28T09:19:17+00:00\",\"mainEntityOfPage\":{\"@id\":\"https:\\\/\\\/www.interpeace.org\\\/2012\\\/10\\\/agneta-johannsen\\\/\"},\"wordCount\":150,\"commentCount\":0,\"publisher\":{\"@id\":\"https:\\\/\\\/www.interpeace.org\\\/#organization\"},\"image\":{\"@id\":\"https:\\\/\\\/www.interpeace.org\\\/2012\\\/10\\\/agneta-johannsen\\\/#primaryimage\"},\"thumbnailUrl\":\"https:\\\/\\\/www.interpeace.org\\\/wp-content\\\/uploads\\\/2012\\\/10\\\/2011_11_01_somp_abdulkadir_yassin_jama.jpg\",\"articleSection\":[\"Uncategorized\"],\"inLanguage\":\"fr-FR\",\"potentialAction\":[{\"@type\":\"CommentAction\",\"name\":\"Comment\",\"target\":[\"https:\\\/\\\/www.interpeace.org\\\/2012\\\/10\\\/agneta-johannsen\\\/#respond\"]}]},{\"@type\":\"WebPage\",\"@id\":\"https:\\\/\\\/www.interpeace.org\\\/2012\\\/10\\\/agneta-johannsen\\\/\",\"url\":\"https:\\\/\\\/www.interpeace.org\\\/2012\\\/10\\\/agneta-johannsen\\\/\",\"name\":\"Mourning former colleague Agneta Johannsen - Interpeace\",\"isPartOf\":{\"@id\":\"https:\\\/\\\/www.interpeace.org\\\/#website\"},\"primaryImageOfPage\":{\"@id\":\"https:\\\/\\\/www.interpeace.org\\\/2012\\\/10\\\/agneta-johannsen\\\/#primaryimage\"},\"image\":{\"@id\":\"https:\\\/\\\/www.interpeace.org\\\/2012\\\/10\\\/agneta-johannsen\\\/#primaryimage\"},\"thumbnailUrl\":\"https:\\\/\\\/www.interpeace.org\\\/wp-content\\\/uploads\\\/2012\\\/10\\\/2011_11_01_somp_abdulkadir_yassin_jama.jpg\",\"datePublished\":\"2012-10-30T08:07:01+00:00\",\"dateModified\":\"2015-07-28T09:19:17+00:00\",\"breadcrumb\":{\"@id\":\"https:\\\/\\\/www.interpeace.org\\\/2012\\\/10\\\/agneta-johannsen\\\/#breadcrumb\"},\"inLanguage\":\"fr-FR\",\"potentialAction\":[{\"@type\":\"ReadAction\",\"target\":[\"https:\\\/\\\/www.interpeace.org\\\/2012\\\/10\\\/agneta-johannsen\\\/\"]}]},{\"@type\":\"ImageObject\",\"inLanguage\":\"fr-FR\",\"@id\":\"https:\\\/\\\/www.interpeace.org\\\/2012\\\/10\\\/agneta-johannsen\\\/#primaryimage\",\"url\":\"https:\\\/\\\/www.interpeace.org\\\/wp-content\\\/uploads\\\/2012\\\/10\\\/2011_11_01_somp_abdulkadir_yassin_jama.jpg\",\"contentUrl\":\"https:\\\/\\\/www.interpeace.org\\\/wp-content\\\/uploads\\\/2012\\\/10\\\/2011_11_01_somp_abdulkadir_yassin_jama.jpg\",\"width\":294,\"height\":211,\"caption\":\"Photo credit: Claudio Vasquez\"},{\"@type\":\"BreadcrumbList\",\"@id\":\"https:\\\/\\\/www.interpeace.org\\\/2012\\\/10\\\/agneta-johannsen\\\/#breadcrumb\",\"itemListElement\":[{\"@type\":\"ListItem\",\"position\":1,\"name\":\"Home\",\"item\":\"https:\\\/\\\/www.interpeace.org\\\/\"},{\"@type\":\"ListItem\",\"position\":2,\"name\":\"Mourning former colleague Agneta Johannsen\"}]},{\"@type\":\"WebSite\",\"@id\":\"https:\\\/\\\/www.interpeace.org\\\/#website\",\"url\":\"https:\\\/\\\/www.interpeace.org\\\/\",\"name\":\"Interpeace\",\"description\":\"Enabling people to build lasting peace since 1994\",\"publisher\":{\"@id\":\"https:\\\/\\\/www.interpeace.org\\\/#organization\"},\"potentialAction\":[{\"@type\":\"SearchAction\",\"target\":{\"@type\":\"EntryPoint\",\"urlTemplate\":\"https:\\\/\\\/www.interpeace.org\\\/?s={search_term_string}\"},\"query-input\":{\"@type\":\"PropertyValueSpecification\",\"valueRequired\":true,\"valueName\":\"search_term_string\"}}],\"inLanguage\":\"fr-FR\"},{\"@type\":\"Organization\",\"@id\":\"https:\\\/\\\/www.interpeace.org\\\/#organization\",\"name\":\"INTERPEACE\",\"url\":\"https:\\\/\\\/www.interpeace.org\\\/\",\"logo\":{\"@type\":\"ImageObject\",\"inLanguage\":\"fr-FR\",\"@id\":\"https:\\\/\\\/www.interpeace.org\\\/#\\\/schema\\\/logo\\\/image\\\/\",\"url\":\"https:\\\/\\\/www.interpeace.org\\\/wp-content\\\/uploads\\\/2019\\\/11\\\/EN-Interpeace-small.png\",\"contentUrl\":\"https:\\\/\\\/www.interpeace.org\\\/wp-content\\\/uploads\\\/2019\\\/11\\\/EN-Interpeace-small.png\",\"width\":111,\"height\":85,\"caption\":\"INTERPEACE\"},\"image\":{\"@id\":\"https:\\\/\\\/www.interpeace.org\\\/#\\\/schema\\\/logo\\\/image\\\/\"},\"sameAs\":[\"https:\\\/\\\/www.facebook.com\\\/Interpeace\",\"https:\\\/\\\/x.com\\\/InterpeaceTweet\",\"https:\\\/\\\/www.instagram.com\\\/interpeace\\\/\"]},{\"@type\":\"Person\",\"@id\":\"\",\"url\":\"https:\\\/\\\/www.interpeace.org\\\/fr\\\/author\\\/\"}]}<\/script>\n<!-- \/ Yoast SEO Premium plugin. -->","yoast_head_json":{"title":"Mourning former colleague Agneta Johannsen - Interpeace","robots":{"index":"index","follow":"follow","max-snippet":"max-snippet:-1","max-image-preview":"max-image-preview:large","max-video-preview":"max-video-preview:-1"},"canonical":"https:\/\/www.interpeace.org\/fr\/2012\/10\/agneta-johannsen\/","og_locale":"fr_FR","og_type":"article","og_title":"Mourning former colleague Agneta Johannsen","og_description":"It is with great sadness that we must inform you that our former colleague, Agneta Johannsen, passed away yesterday. Agneta devoted nine years to the organization during the early stages of Interpeace, when it was still a United Nations initiative. Agneta was a great colleague and truly lived the values of the organization. She had [&hellip;]","og_url":"https:\/\/www.interpeace.org\/fr\/2012\/10\/agneta-johannsen\/","og_site_name":"Interpeace","article_publisher":"https:\/\/www.facebook.com\/Interpeace","article_published_time":"2012-10-30T08:07:01+00:00","article_modified_time":"2015-07-28T09:19:17+00:00","og_image":[{"width":294,"height":211,"url":"https:\/\/www.interpeace.org\/wp-content\/uploads\/2012\/10\/2011_11_01_somp_abdulkadir_yassin_jama.jpg","type":"image\/jpeg"}],"twitter_card":"summary_large_image","twitter_creator":"@InterpeaceTweet","twitter_site":"@InterpeaceTweet","twitter_misc":{"\u00c9crit par":"","Dur\u00e9e de lecture estim\u00e9e":"1 minute"},"schema":{"@context":"https:\/\/schema.org","@graph":[{"@type":"Article","@id":"https:\/\/www.interpeace.org\/2012\/10\/agneta-johannsen\/#article","isPartOf":{"@id":"https:\/\/www.interpeace.org\/2012\/10\/agneta-johannsen\/"},"author":{"name":"","@id":""},"headline":"Mourning former colleague Agneta Johannsen","datePublished":"2012-10-30T08:07:01+00:00","dateModified":"2015-07-28T09:19:17+00:00","mainEntityOfPage":{"@id":"https:\/\/www.interpeace.org\/2012\/10\/agneta-johannsen\/"},"wordCount":150,"commentCount":0,"publisher":{"@id":"https:\/\/www.interpeace.org\/#organization"},"image":{"@id":"https:\/\/www.interpeace.org\/2012\/10\/agneta-johannsen\/#primaryimage"},"thumbnailUrl":"https:\/\/www.interpeace.org\/wp-content\/uploads\/2012\/10\/2011_11_01_somp_abdulkadir_yassin_jama.jpg","articleSection":["Uncategorized"],"inLanguage":"fr-FR","potentialAction":[{"@type":"CommentAction","name":"Comment","target":["https:\/\/www.interpeace.org\/2012\/10\/agneta-johannsen\/#respond"]}]},{"@type":"WebPage","@id":"https:\/\/www.interpeace.org\/2012\/10\/agneta-johannsen\/","url":"https:\/\/www.interpeace.org\/2012\/10\/agneta-johannsen\/","name":"Mourning former colleague Agneta Johannsen - Interpeace","isPartOf":{"@id":"https:\/\/www.interpeace.org\/#website"},"primaryImageOfPage":{"@id":"https:\/\/www.interpeace.org\/2012\/10\/agneta-johannsen\/#primaryimage"},"image":{"@id":"https:\/\/www.interpeace.org\/2012\/10\/agneta-johannsen\/#primaryimage"},"thumbnailUrl":"https:\/\/www.interpeace.org\/wp-content\/uploads\/2012\/10\/2011_11_01_somp_abdulkadir_yassin_jama.jpg","datePublished":"2012-10-30T08:07:01+00:00","dateModified":"2015-07-28T09:19:17+00:00","breadcrumb":{"@id":"https:\/\/www.interpeace.org\/2012\/10\/agneta-johannsen\/#breadcrumb"},"inLanguage":"fr-FR","potentialAction":[{"@type":"ReadAction","target":["https:\/\/www.interpeace.org\/2012\/10\/agneta-johannsen\/"]}]},{"@type":"ImageObject","inLanguage":"fr-FR","@id":"https:\/\/www.interpeace.org\/2012\/10\/agneta-johannsen\/#primaryimage","url":"https:\/\/www.interpeace.org\/wp-content\/uploads\/2012\/10\/2011_11_01_somp_abdulkadir_yassin_jama.jpg","contentUrl":"https:\/\/www.interpeace.org\/wp-content\/uploads\/2012\/10\/2011_11_01_somp_abdulkadir_yassin_jama.jpg","width":294,"height":211,"caption":"Photo credit: Claudio Vasquez"},{"@type":"BreadcrumbList","@id":"https:\/\/www.interpeace.org\/2012\/10\/agneta-johannsen\/#breadcrumb","itemListElement":[{"@type":"ListItem","position":1,"name":"Home","item":"https:\/\/www.interpeace.org\/"},{"@type":"ListItem","position":2,"name":"Mourning former colleague Agneta Johannsen"}]},{"@type":"WebSite","@id":"https:\/\/www.interpeace.org\/#website","url":"https:\/\/www.interpeace.org\/","name":"Interpeace","description":"Permettre aux gens de construire une paix durable depuis 1994","publisher":{"@id":"https:\/\/www.interpeace.org\/#organization"},"potentialAction":[{"@type":"SearchAction","target":{"@type":"EntryPoint","urlTemplate":"https:\/\/www.interpeace.org\/?s={search_term_string}"},"query-input":{"@type":"PropertyValueSpecification","valueRequired":true,"valueName":"search_term_string"}}],"inLanguage":"fr-FR"},{"@type":"Organization","@id":"https:\/\/www.interpeace.org\/#organization","name":"INTERPEACE","url":"https:\/\/www.interpeace.org\/","logo":{"@type":"ImageObject","inLanguage":"fr-FR","@id":"https:\/\/www.interpeace.org\/#\/schema\/logo\/image\/","url":"https:\/\/www.interpeace.org\/wp-content\/uploads\/2019\/11\/EN-Interpeace-small.png","contentUrl":"https:\/\/www.interpeace.org\/wp-content\/uploads\/2019\/11\/EN-Interpeace-small.png","width":111,"height":85,"caption":"INTERPEACE"},"image":{"@id":"https:\/\/www.interpeace.org\/#\/schema\/logo\/image\/"},"sameAs":["https:\/\/www.facebook.com\/Interpeace","https:\/\/x.com\/InterpeaceTweet","https:\/\/www.instagram.com\/interpeace\/"]},{"@type":"Person","@id":"","url":"https:\/\/www.interpeace.org\/fr\/author\/"}]}},"_links":{"self":[{"href":"https:\/\/www.interpeace.org\/fr\/wp-json\/wp\/v2\/posts\/667","targetHints":{"allow":["GET"]}}],"collection":[{"href":"https:\/\/www.interpeace.org\/fr\/wp-json\/wp\/v2\/posts"}],"about":[{"href":"https:\/\/www.interpeace.org\/fr\/wp-json\/wp\/v2\/types\/post"}],"author":[{"embeddable":true,"href":"https:\/\/www.interpeace.org\/fr\/wp-json\/wp\/v2\/users\/3"}],"replies":[{"embeddable":true,"href":"https:\/\/www.interpeace.org\/fr\/wp-json\/wp\/v2\/comments?post=667"}],"version-history":[{"count":0,"href":"https:\/\/www.interpeace.org\/fr\/wp-json\/wp\/v2\/posts\/667\/revisions"}],"wp:featuredmedia":[{"embeddable":true,"href":"https:\/\/www.interpeace.org\/fr\/wp-json\/wp\/v2\/media\/666"}],"wp:attachment":[{"href":"https:\/\/www.interpeace.org\/fr\/wp-json\/wp\/v2\/media?parent=667"}],"wp:term":[{"taxonomy":"category","embeddable":true,"href":"https:\/\/www.interpeace.org\/fr\/wp-json\/wp\/v2\/categories?post=667"},{"taxonomy":"post_tag","embeddable":true,"href":"https:\/\/www.interpeace.org\/fr\/wp-json\/wp\/v2\/tags?post=667"},{"taxonomy":"globales","embeddable":true,"href":"https:\/\/www.interpeace.org\/fr\/wp-json\/wp\/v2\/globales?post=667"},{"taxonomy":"initiatives","embeddable":true,"href":"https:\/\/www.interpeace.org\/fr\/wp-json\/wp\/v2\/initiatives?post=667"},{"taxonomy":"news_type","embeddable":true,"href":"https:\/\/www.interpeace.org\/fr\/wp-json\/wp\/v2\/news_type?post=667"},{"taxonomy":"programmes","embeddable":true,"href":"https:\/\/www.interpeace.org\/fr\/wp-json\/wp\/v2\/programmes?post=667"},{"taxonomy":"resource_theme","embeddable":true,"href":"https:\/\/www.interpeace.org\/fr\/wp-json\/wp\/v2\/resource_theme?post=667"},{"taxonomy":"videos_vimeo","embeddable":true,"href":"https:\/\/www.interpeace.org\/fr\/wp-json\/wp\/v2\/videos_vimeo?post=667"}],"curies":[{"name":"wp","href":"https:\/\/api.w.org\/{rel}","templated":true}]}}