{"id":665,"date":"2012-10-29T09:23:59","date_gmt":"2012-10-29T08:23:59","guid":{"rendered":"http:\/\/www.interpeace.org\/2012\/10\/29\/rwanda-a-film-festival-focusing-on-youth\/"},"modified":"2015-07-28T11:20:11","modified_gmt":"2015-07-28T09:20:11","slug":"rwanda-a-film-festival-focusing-on-youth","status":"publish","type":"post","link":"https:\/\/www.interpeace.org\/fr\/2012\/10\/rwanda-a-film-festival-focusing-on-youth\/","title":{"rendered":"Rwanda: A film festival focusing on youth"},"content":{"rendered":"<p>Interpeace\u2019s local partner in Rwanda, the Institute of Research and Dialogue for Peace (IRDP) organized a Film Festival for young people in Gisozi, Kigali \u2013 where the Genocide Memorial Site is located \u2013 to raise awareness about and promote peace. Held for the second time, the festival aims to bring Rwandan youth together and engage in debates around films on peace, non-violence and social justice. Students from several universities and high schools were welcomed to join IRDP\u2019s researchers to discuss what peace and good governance mean for them.<\/p>\n<p><strong>An opportunity to unite<\/strong><\/p>\n<p>The films showcased during the festival included <em>Invictus a<\/em>nd two films produced by IRDP, <em>Are My Priorities Your Concern? <\/em>et un <em>Road to Peace,<\/em> which deal with the political, social and economic situation in Rwanda. At the end of the screenings, the students were invited to express their thoughts on the issues raised by the films. They were extremely enthusiastic and keen to voice their thoughts and concerns. \u201cThese thought-provoking films provide an opportunity to get more united\u201d, said a university student. \u201cWe shall seek ways for better social, political and economic participation which will pave the way to a stronger and more united Rwanda\u201d.<\/p>\n<p>As a part of IRDP\u2019s cultural and education outreach programme, the purpose of the screenings is to expand the peace dialogue to all parts of Rwandan society. \u201cI am grateful to learn about how people around the country are trying to achieve peace\u201d, added Professor Pierre Rwanyindo, the Director of IRDP.<\/p>\n<p><strong>Talking about political and economic inclusion<\/strong><\/p>\n<p>In the discussion following the screenings, the students raised some challenges and obstacles to good governance and sustainable development that they feel are critical if Rwandans are to reach lasting peace. Some of them mentioned that political leaders were often disconnected from the people and their needs. This is consistent with what came out of IRDP\u2019s previous research phase, and one of the main areas of focus of the current IRDP programme is \u2018citizen participation in democratic governance.\u2019<\/p>\n<p>Unemployment and future prospects were the main concerns of several students. During the evening, the young people came up with many suggestions and initiatives, notably to improve the educational programmes, which they identified as a key path to development.<\/p>\n<p>At the end of the event, the students showed a strong desire to take matters in hand and be a part of the process that will bring change to their country.<\/p>","protected":false},"excerpt":{"rendered":"<p>Interpeace\u2019s local partner in Rwanda, the Institute of Research and Dialogue for Peace (IRDP) organized a Film Festival for young people in Gisozi, Kigali \u2013 where the Genocide Memorial Site is located \u2013 to raise awareness about and promote peace. Held for the second time, the festival aims to bring Rwandan youth together and engage [&hellip;]<\/p>\n","protected":false},"author":3,"featured_media":664,"comment_status":"open","ping_status":"open","sticky":false,"template":"","format":"standard","meta":{"_acf_changed":false,"_editorskit_title_hidden":false,"_editorskit_reading_time":0,"_editorskit_is_block_options_detached":false,"_editorskit_block_options_position":"{}","editor_plus_copied_stylings":"{}","_exactmetrics_skip_tracking":false,"_exactmetrics_sitenote_active":false,"_exactmetrics_sitenote_note":"","_exactmetrics_sitenote_category":0,"footnotes":"","_links_to":"","_links_to_target":""},"categories":[1],"tags":[],"globales":[],"initiatives":[],"news_type":[],"programmes":[68,74],"resource_theme":[],"videos_vimeo":[],"class_list":["post-665","post","type-post","status-publish","format-standard","has-post-thumbnail","hentry","category-uncategorized","programmes-eastern-and-central-africa","programmes-rwanda"],"acf":[],"yoast_head":"<!-- This site is optimized with the Yoast SEO Premium plugin v27.4 (Yoast SEO v27.4) - https:\/\/yoast.com\/product\/yoast-seo-premium-wordpress\/ -->\n<title>Rwanda: A film festival focusing on youth - Interpeace<\/title>\n<meta name=\"robots\" content=\"index, follow, max-snippet:-1, max-image-preview:large, max-video-preview:-1\" \/>\n<link rel=\"canonical\" href=\"https:\/\/www.interpeace.org\/fr\/2012\/10\/rwanda-a-film-festival-focusing-on-youth\/\" \/>\n<meta property=\"og:locale\" content=\"fr_FR\" \/>\n<meta property=\"og:type\" content=\"article\" \/>\n<meta property=\"og:title\" content=\"Rwanda: A film festival focusing on youth\" \/>\n<meta property=\"og:description\" content=\"Interpeace\u2019s local partner in Rwanda, the Institute of Research and Dialogue for Peace (IRDP) organized a Film Festival for young people in Gisozi, Kigali \u2013 where the Genocide Memorial Site is located \u2013 to raise awareness about and promote peace. Held for the second time, the festival aims to bring Rwandan youth together and engage [&hellip;]\" \/>\n<meta property=\"og:url\" content=\"https:\/\/www.interpeace.org\/fr\/2012\/10\/rwanda-a-film-festival-focusing-on-youth\/\" \/>\n<meta property=\"og:site_name\" content=\"Interpeace\" \/>\n<meta property=\"article:publisher\" content=\"https:\/\/www.facebook.com\/Interpeace\" \/>\n<meta property=\"article:published_time\" content=\"2012-10-29T08:23:59+00:00\" \/>\n<meta property=\"article:modified_time\" content=\"2015-07-28T09:20:11+00:00\" \/>\n<meta property=\"og:image\" content=\"https:\/\/www.interpeace.org\/wp-content\/uploads\/2012\/10\/2012_10_29_rwa_film_festival.png\" \/>\n\t<meta property=\"og:image:width\" content=\"380\" \/>\n\t<meta property=\"og:image:height\" content=\"253\" \/>\n\t<meta property=\"og:image:type\" content=\"image\/png\" \/>\n<meta name=\"twitter:card\" content=\"summary_large_image\" \/>\n<meta name=\"twitter:creator\" content=\"@InterpeaceTweet\" \/>\n<meta name=\"twitter:site\" content=\"@InterpeaceTweet\" \/>\n<meta name=\"twitter:label1\" content=\"\u00c9crit par\" \/>\n\t<meta name=\"twitter:data1\" content=\"\" \/>\n\t<meta name=\"twitter:label2\" content=\"Dur\u00e9e de lecture estim\u00e9e\" \/>\n\t<meta name=\"twitter:data2\" content=\"2 minutes\" \/>\n<script type=\"application\/ld+json\" class=\"yoast-schema-graph\">{\"@context\":\"https:\\\/\\\/schema.org\",\"@graph\":[{\"@type\":\"Article\",\"@id\":\"https:\\\/\\\/www.interpeace.org\\\/2012\\\/10\\\/rwanda-a-film-festival-focusing-on-youth\\\/#article\",\"isPartOf\":{\"@id\":\"https:\\\/\\\/www.interpeace.org\\\/2012\\\/10\\\/rwanda-a-film-festival-focusing-on-youth\\\/\"},\"author\":{\"name\":\"\",\"@id\":\"\"},\"headline\":\"Rwanda: A film festival focusing on youth\",\"datePublished\":\"2012-10-29T08:23:59+00:00\",\"dateModified\":\"2015-07-28T09:20:11+00:00\",\"mainEntityOfPage\":{\"@id\":\"https:\\\/\\\/www.interpeace.org\\\/2012\\\/10\\\/rwanda-a-film-festival-focusing-on-youth\\\/\"},\"wordCount\":410,\"commentCount\":0,\"publisher\":{\"@id\":\"https:\\\/\\\/www.interpeace.org\\\/#organization\"},\"image\":{\"@id\":\"https:\\\/\\\/www.interpeace.org\\\/2012\\\/10\\\/rwanda-a-film-festival-focusing-on-youth\\\/#primaryimage\"},\"thumbnailUrl\":\"https:\\\/\\\/www.interpeace.org\\\/wp-content\\\/uploads\\\/2012\\\/10\\\/2012_10_29_rwa_film_festival.png\",\"articleSection\":[\"Uncategorized\"],\"inLanguage\":\"fr-FR\",\"potentialAction\":[{\"@type\":\"CommentAction\",\"name\":\"Comment\",\"target\":[\"https:\\\/\\\/www.interpeace.org\\\/2012\\\/10\\\/rwanda-a-film-festival-focusing-on-youth\\\/#respond\"]}]},{\"@type\":\"WebPage\",\"@id\":\"https:\\\/\\\/www.interpeace.org\\\/2012\\\/10\\\/rwanda-a-film-festival-focusing-on-youth\\\/\",\"url\":\"https:\\\/\\\/www.interpeace.org\\\/2012\\\/10\\\/rwanda-a-film-festival-focusing-on-youth\\\/\",\"name\":\"Rwanda: A film festival focusing on youth - Interpeace\",\"isPartOf\":{\"@id\":\"https:\\\/\\\/www.interpeace.org\\\/#website\"},\"primaryImageOfPage\":{\"@id\":\"https:\\\/\\\/www.interpeace.org\\\/2012\\\/10\\\/rwanda-a-film-festival-focusing-on-youth\\\/#primaryimage\"},\"image\":{\"@id\":\"https:\\\/\\\/www.interpeace.org\\\/2012\\\/10\\\/rwanda-a-film-festival-focusing-on-youth\\\/#primaryimage\"},\"thumbnailUrl\":\"https:\\\/\\\/www.interpeace.org\\\/wp-content\\\/uploads\\\/2012\\\/10\\\/2012_10_29_rwa_film_festival.png\",\"datePublished\":\"2012-10-29T08:23:59+00:00\",\"dateModified\":\"2015-07-28T09:20:11+00:00\",\"breadcrumb\":{\"@id\":\"https:\\\/\\\/www.interpeace.org\\\/2012\\\/10\\\/rwanda-a-film-festival-focusing-on-youth\\\/#breadcrumb\"},\"inLanguage\":\"fr-FR\",\"potentialAction\":[{\"@type\":\"ReadAction\",\"target\":[\"https:\\\/\\\/www.interpeace.org\\\/2012\\\/10\\\/rwanda-a-film-festival-focusing-on-youth\\\/\"]}]},{\"@type\":\"ImageObject\",\"inLanguage\":\"fr-FR\",\"@id\":\"https:\\\/\\\/www.interpeace.org\\\/2012\\\/10\\\/rwanda-a-film-festival-focusing-on-youth\\\/#primaryimage\",\"url\":\"https:\\\/\\\/www.interpeace.org\\\/wp-content\\\/uploads\\\/2012\\\/10\\\/2012_10_29_rwa_film_festival.png\",\"contentUrl\":\"https:\\\/\\\/www.interpeace.org\\\/wp-content\\\/uploads\\\/2012\\\/10\\\/2012_10_29_rwa_film_festival.png\",\"width\":380,\"height\":253,\"caption\":\"Photo credit: IRDP\"},{\"@type\":\"BreadcrumbList\",\"@id\":\"https:\\\/\\\/www.interpeace.org\\\/2012\\\/10\\\/rwanda-a-film-festival-focusing-on-youth\\\/#breadcrumb\",\"itemListElement\":[{\"@type\":\"ListItem\",\"position\":1,\"name\":\"Home\",\"item\":\"https:\\\/\\\/www.interpeace.org\\\/\"},{\"@type\":\"ListItem\",\"position\":2,\"name\":\"Rwanda: A film festival focusing on youth\"}]},{\"@type\":\"WebSite\",\"@id\":\"https:\\\/\\\/www.interpeace.org\\\/#website\",\"url\":\"https:\\\/\\\/www.interpeace.org\\\/\",\"name\":\"Interpeace\",\"description\":\"Enabling people to build lasting peace since 1994\",\"publisher\":{\"@id\":\"https:\\\/\\\/www.interpeace.org\\\/#organization\"},\"potentialAction\":[{\"@type\":\"SearchAction\",\"target\":{\"@type\":\"EntryPoint\",\"urlTemplate\":\"https:\\\/\\\/www.interpeace.org\\\/?s={search_term_string}\"},\"query-input\":{\"@type\":\"PropertyValueSpecification\",\"valueRequired\":true,\"valueName\":\"search_term_string\"}}],\"inLanguage\":\"fr-FR\"},{\"@type\":\"Organization\",\"@id\":\"https:\\\/\\\/www.interpeace.org\\\/#organization\",\"name\":\"INTERPEACE\",\"url\":\"https:\\\/\\\/www.interpeace.org\\\/\",\"logo\":{\"@type\":\"ImageObject\",\"inLanguage\":\"fr-FR\",\"@id\":\"https:\\\/\\\/www.interpeace.org\\\/#\\\/schema\\\/logo\\\/image\\\/\",\"url\":\"https:\\\/\\\/www.interpeace.org\\\/wp-content\\\/uploads\\\/2019\\\/11\\\/EN-Interpeace-small.png\",\"contentUrl\":\"https:\\\/\\\/www.interpeace.org\\\/wp-content\\\/uploads\\\/2019\\\/11\\\/EN-Interpeace-small.png\",\"width\":111,\"height\":85,\"caption\":\"INTERPEACE\"},\"image\":{\"@id\":\"https:\\\/\\\/www.interpeace.org\\\/#\\\/schema\\\/logo\\\/image\\\/\"},\"sameAs\":[\"https:\\\/\\\/www.facebook.com\\\/Interpeace\",\"https:\\\/\\\/x.com\\\/InterpeaceTweet\",\"https:\\\/\\\/www.instagram.com\\\/interpeace\\\/\"]},{\"@type\":\"Person\",\"@id\":\"\",\"url\":\"https:\\\/\\\/www.interpeace.org\\\/fr\\\/author\\\/\"}]}<\/script>\n<!-- \/ Yoast SEO Premium plugin. -->","yoast_head_json":{"title":"Rwanda: A film festival focusing on youth - Interpeace","robots":{"index":"index","follow":"follow","max-snippet":"max-snippet:-1","max-image-preview":"max-image-preview:large","max-video-preview":"max-video-preview:-1"},"canonical":"https:\/\/www.interpeace.org\/fr\/2012\/10\/rwanda-a-film-festival-focusing-on-youth\/","og_locale":"fr_FR","og_type":"article","og_title":"Rwanda: A film festival focusing on youth","og_description":"Interpeace\u2019s local partner in Rwanda, the Institute of Research and Dialogue for Peace (IRDP) organized a Film Festival for young people in Gisozi, Kigali \u2013 where the Genocide Memorial Site is located \u2013 to raise awareness about and promote peace. Held for the second time, the festival aims to bring Rwandan youth together and engage [&hellip;]","og_url":"https:\/\/www.interpeace.org\/fr\/2012\/10\/rwanda-a-film-festival-focusing-on-youth\/","og_site_name":"Interpeace","article_publisher":"https:\/\/www.facebook.com\/Interpeace","article_published_time":"2012-10-29T08:23:59+00:00","article_modified_time":"2015-07-28T09:20:11+00:00","og_image":[{"width":380,"height":253,"url":"https:\/\/www.interpeace.org\/wp-content\/uploads\/2012\/10\/2012_10_29_rwa_film_festival.png","type":"image\/png"}],"twitter_card":"summary_large_image","twitter_creator":"@InterpeaceTweet","twitter_site":"@InterpeaceTweet","twitter_misc":{"\u00c9crit par":"","Dur\u00e9e de lecture estim\u00e9e":"2 minutes"},"schema":{"@context":"https:\/\/schema.org","@graph":[{"@type":"Article","@id":"https:\/\/www.interpeace.org\/2012\/10\/rwanda-a-film-festival-focusing-on-youth\/#article","isPartOf":{"@id":"https:\/\/www.interpeace.org\/2012\/10\/rwanda-a-film-festival-focusing-on-youth\/"},"author":{"name":"","@id":""},"headline":"Rwanda: A film festival focusing on youth","datePublished":"2012-10-29T08:23:59+00:00","dateModified":"2015-07-28T09:20:11+00:00","mainEntityOfPage":{"@id":"https:\/\/www.interpeace.org\/2012\/10\/rwanda-a-film-festival-focusing-on-youth\/"},"wordCount":410,"commentCount":0,"publisher":{"@id":"https:\/\/www.interpeace.org\/#organization"},"image":{"@id":"https:\/\/www.interpeace.org\/2012\/10\/rwanda-a-film-festival-focusing-on-youth\/#primaryimage"},"thumbnailUrl":"https:\/\/www.interpeace.org\/wp-content\/uploads\/2012\/10\/2012_10_29_rwa_film_festival.png","articleSection":["Uncategorized"],"inLanguage":"fr-FR","potentialAction":[{"@type":"CommentAction","name":"Comment","target":["https:\/\/www.interpeace.org\/2012\/10\/rwanda-a-film-festival-focusing-on-youth\/#respond"]}]},{"@type":"WebPage","@id":"https:\/\/www.interpeace.org\/2012\/10\/rwanda-a-film-festival-focusing-on-youth\/","url":"https:\/\/www.interpeace.org\/2012\/10\/rwanda-a-film-festival-focusing-on-youth\/","name":"Rwanda: A film festival focusing on youth - Interpeace","isPartOf":{"@id":"https:\/\/www.interpeace.org\/#website"},"primaryImageOfPage":{"@id":"https:\/\/www.interpeace.org\/2012\/10\/rwanda-a-film-festival-focusing-on-youth\/#primaryimage"},"image":{"@id":"https:\/\/www.interpeace.org\/2012\/10\/rwanda-a-film-festival-focusing-on-youth\/#primaryimage"},"thumbnailUrl":"https:\/\/www.interpeace.org\/wp-content\/uploads\/2012\/10\/2012_10_29_rwa_film_festival.png","datePublished":"2012-10-29T08:23:59+00:00","dateModified":"2015-07-28T09:20:11+00:00","breadcrumb":{"@id":"https:\/\/www.interpeace.org\/2012\/10\/rwanda-a-film-festival-focusing-on-youth\/#breadcrumb"},"inLanguage":"fr-FR","potentialAction":[{"@type":"ReadAction","target":["https:\/\/www.interpeace.org\/2012\/10\/rwanda-a-film-festival-focusing-on-youth\/"]}]},{"@type":"ImageObject","inLanguage":"fr-FR","@id":"https:\/\/www.interpeace.org\/2012\/10\/rwanda-a-film-festival-focusing-on-youth\/#primaryimage","url":"https:\/\/www.interpeace.org\/wp-content\/uploads\/2012\/10\/2012_10_29_rwa_film_festival.png","contentUrl":"https:\/\/www.interpeace.org\/wp-content\/uploads\/2012\/10\/2012_10_29_rwa_film_festival.png","width":380,"height":253,"caption":"Photo credit: IRDP"},{"@type":"BreadcrumbList","@id":"https:\/\/www.interpeace.org\/2012\/10\/rwanda-a-film-festival-focusing-on-youth\/#breadcrumb","itemListElement":[{"@type":"ListItem","position":1,"name":"Home","item":"https:\/\/www.interpeace.org\/"},{"@type":"ListItem","position":2,"name":"Rwanda: A film festival focusing on youth"}]},{"@type":"WebSite","@id":"https:\/\/www.interpeace.org\/#website","url":"https:\/\/www.interpeace.org\/","name":"Interpeace","description":"Permettre aux gens de construire une paix durable depuis 1994","publisher":{"@id":"https:\/\/www.interpeace.org\/#organization"},"potentialAction":[{"@type":"SearchAction","target":{"@type":"EntryPoint","urlTemplate":"https:\/\/www.interpeace.org\/?s={search_term_string}"},"query-input":{"@type":"PropertyValueSpecification","valueRequired":true,"valueName":"search_term_string"}}],"inLanguage":"fr-FR"},{"@type":"Organization","@id":"https:\/\/www.interpeace.org\/#organization","name":"INTERPEACE","url":"https:\/\/www.interpeace.org\/","logo":{"@type":"ImageObject","inLanguage":"fr-FR","@id":"https:\/\/www.interpeace.org\/#\/schema\/logo\/image\/","url":"https:\/\/www.interpeace.org\/wp-content\/uploads\/2019\/11\/EN-Interpeace-small.png","contentUrl":"https:\/\/www.interpeace.org\/wp-content\/uploads\/2019\/11\/EN-Interpeace-small.png","width":111,"height":85,"caption":"INTERPEACE"},"image":{"@id":"https:\/\/www.interpeace.org\/#\/schema\/logo\/image\/"},"sameAs":["https:\/\/www.facebook.com\/Interpeace","https:\/\/x.com\/InterpeaceTweet","https:\/\/www.instagram.com\/interpeace\/"]},{"@type":"Person","@id":"","url":"https:\/\/www.interpeace.org\/fr\/author\/"}]}},"_links":{"self":[{"href":"https:\/\/www.interpeace.org\/fr\/wp-json\/wp\/v2\/posts\/665","targetHints":{"allow":["GET"]}}],"collection":[{"href":"https:\/\/www.interpeace.org\/fr\/wp-json\/wp\/v2\/posts"}],"about":[{"href":"https:\/\/www.interpeace.org\/fr\/wp-json\/wp\/v2\/types\/post"}],"author":[{"embeddable":true,"href":"https:\/\/www.interpeace.org\/fr\/wp-json\/wp\/v2\/users\/3"}],"replies":[{"embeddable":true,"href":"https:\/\/www.interpeace.org\/fr\/wp-json\/wp\/v2\/comments?post=665"}],"version-history":[{"count":0,"href":"https:\/\/www.interpeace.org\/fr\/wp-json\/wp\/v2\/posts\/665\/revisions"}],"wp:featuredmedia":[{"embeddable":true,"href":"https:\/\/www.interpeace.org\/fr\/wp-json\/wp\/v2\/media\/664"}],"wp:attachment":[{"href":"https:\/\/www.interpeace.org\/fr\/wp-json\/wp\/v2\/media?parent=665"}],"wp:term":[{"taxonomy":"category","embeddable":true,"href":"https:\/\/www.interpeace.org\/fr\/wp-json\/wp\/v2\/categories?post=665"},{"taxonomy":"post_tag","embeddable":true,"href":"https:\/\/www.interpeace.org\/fr\/wp-json\/wp\/v2\/tags?post=665"},{"taxonomy":"globales","embeddable":true,"href":"https:\/\/www.interpeace.org\/fr\/wp-json\/wp\/v2\/globales?post=665"},{"taxonomy":"initiatives","embeddable":true,"href":"https:\/\/www.interpeace.org\/fr\/wp-json\/wp\/v2\/initiatives?post=665"},{"taxonomy":"news_type","embeddable":true,"href":"https:\/\/www.interpeace.org\/fr\/wp-json\/wp\/v2\/news_type?post=665"},{"taxonomy":"programmes","embeddable":true,"href":"https:\/\/www.interpeace.org\/fr\/wp-json\/wp\/v2\/programmes?post=665"},{"taxonomy":"resource_theme","embeddable":true,"href":"https:\/\/www.interpeace.org\/fr\/wp-json\/wp\/v2\/resource_theme?post=665"},{"taxonomy":"videos_vimeo","embeddable":true,"href":"https:\/\/www.interpeace.org\/fr\/wp-json\/wp\/v2\/videos_vimeo?post=665"}],"curies":[{"name":"wp","href":"https:\/\/api.w.org\/{rel}","templated":true}]}}