{"id":651,"date":"2012-10-04T08:01:26","date_gmt":"2012-10-04T06:01:26","guid":{"rendered":"http:\/\/www.interpeace.org\/2012\/10\/04\/guatemala-a-human-chain-for-peace\/"},"modified":"2015-07-28T11:26:11","modified_gmt":"2015-07-28T09:26:11","slug":"guatemala-a-human-chain-for-peace","status":"publish","type":"post","link":"https:\/\/www.interpeace.org\/fr\/2012\/10\/guatemala-a-human-chain-for-peace\/","title":{"rendered":"Guatemala: A human chain for peace"},"content":{"rendered":"<p>On Peace Day, more than 2,500 young people came together in the heart of Guatemala City to celebrate peace. Wearing white T-shirts and wristbands with the word \u201cPeace\u201d written on them, they formed a human chain to raise awareness of the need for peace. Youth from all levels and sectors of society joined hands to mark this special day.<\/p>\n<p>Mr. Alvaro Arzu, the mayor of Guatemala City formed the first link of the human chain that started at a peace monument in front of the Guatemala City Municipality, crossed Guatemala City\u2019s 6<sup>th<\/sup> Avenue pedestrian way and ended at the National Palace of Culture.<\/p>\n<p><strong>White roses for peace<\/strong><\/p>\n<p>White roses were passed on from one participant to the next and were placed at the Peace Monument in the National Palace of Culture. Guatemala\u2019s Vice President Roxana Baldetti, received the roses from a young girl on behalf of all the young people forming the human chain. Mrs. Baldetti alongside environmental activists, indigenous leaders, youth leaders, artists and athletes also laid her rose at the Peace Monument<\/p>\n<p><strong>A Guatemalan tradition<\/strong><\/p>\n<p>This ceremony links to a Guatemalan tradition that has its origins in 1996 when the Peace Accords that ended the 36 year civil war were signed. Since then, each day a white rose is placed at the Peace Monument to mark yet another day of peace.<\/p>\n<p>Interpeace teamed up with youth organizations from across the country to celebrate Peace Day and contribute to the establishment of a culture of peace in Guatemala.<\/p>","protected":false},"excerpt":{"rendered":"<p>On Peace Day, more than 2,500 young people came together in the heart of Guatemala City to celebrate peace. Wearing white T-shirts and wristbands with the word \u201cPeace\u201d written on them, they formed a human chain to raise awareness of the need for peace. Youth from all levels and sectors of society joined hands to [&hellip;]<\/p>\n","protected":false},"author":3,"featured_media":650,"comment_status":"open","ping_status":"open","sticky":false,"template":"","format":"standard","meta":{"_acf_changed":false,"_editorskit_title_hidden":false,"_editorskit_reading_time":0,"_editorskit_is_block_options_detached":false,"_editorskit_block_options_position":"{}","editor_plus_copied_stylings":"{}","_exactmetrics_skip_tracking":false,"_exactmetrics_sitenote_active":false,"_exactmetrics_sitenote_note":"","_exactmetrics_sitenote_category":0,"footnotes":"","_links_to":"","_links_to_target":""},"categories":[1],"tags":[],"globales":[],"initiatives":[],"news_type":[],"programmes":[86,83],"resource_theme":[],"videos_vimeo":[],"class_list":["post-651","post","type-post","status-publish","format-standard","has-post-thumbnail","hentry","category-uncategorized","programmes-guatemala","programmes-latin-america"],"acf":[],"yoast_head":"<!-- This site is optimized with the Yoast SEO Premium plugin v27.4 (Yoast SEO v27.4) - https:\/\/yoast.com\/product\/yoast-seo-premium-wordpress\/ -->\n<title>Guatemala: A human chain for peace - Interpeace<\/title>\n<meta name=\"robots\" content=\"index, follow, max-snippet:-1, max-image-preview:large, max-video-preview:-1\" \/>\n<link rel=\"canonical\" href=\"https:\/\/www.interpeace.org\/fr\/2012\/10\/guatemala-a-human-chain-for-peace\/\" \/>\n<meta property=\"og:locale\" content=\"fr_FR\" \/>\n<meta property=\"og:type\" content=\"article\" \/>\n<meta property=\"og:title\" content=\"Guatemala: A human chain for peace\" \/>\n<meta property=\"og:description\" content=\"On Peace Day, more than 2,500 young people came together in the heart of Guatemala City to celebrate peace. Wearing white T-shirts and wristbands with the word \u201cPeace\u201d written on them, they formed a human chain to raise awareness of the need for peace. Youth from all levels and sectors of society joined hands to [&hellip;]\" \/>\n<meta property=\"og:url\" content=\"https:\/\/www.interpeace.org\/fr\/2012\/10\/guatemala-a-human-chain-for-peace\/\" \/>\n<meta property=\"og:site_name\" content=\"Interpeace\" \/>\n<meta property=\"article:publisher\" content=\"https:\/\/www.facebook.com\/Interpeace\" \/>\n<meta property=\"article:published_time\" content=\"2012-10-04T06:01:26+00:00\" \/>\n<meta property=\"article:modified_time\" content=\"2015-07-28T09:26:11+00:00\" \/>\n<meta property=\"og:image\" content=\"https:\/\/www.interpeace.org\/wp-content\/uploads\/2012\/10\/2012_10_04_cyp_peace_day_human_chain.jpg\" \/>\n\t<meta property=\"og:image:width\" content=\"448\" \/>\n\t<meta property=\"og:image:height\" content=\"299\" \/>\n\t<meta property=\"og:image:type\" content=\"image\/jpeg\" \/>\n<meta name=\"twitter:card\" content=\"summary_large_image\" \/>\n<meta name=\"twitter:creator\" content=\"@InterpeaceTweet\" \/>\n<meta name=\"twitter:site\" content=\"@InterpeaceTweet\" \/>\n<meta name=\"twitter:label1\" content=\"\u00c9crit par\" \/>\n\t<meta name=\"twitter:data1\" content=\"\" \/>\n\t<meta name=\"twitter:label2\" content=\"Dur\u00e9e de lecture estim\u00e9e\" \/>\n\t<meta name=\"twitter:data2\" content=\"1 minute\" \/>\n<script type=\"application\/ld+json\" class=\"yoast-schema-graph\">{\"@context\":\"https:\\\/\\\/schema.org\",\"@graph\":[{\"@type\":\"Article\",\"@id\":\"https:\\\/\\\/www.interpeace.org\\\/2012\\\/10\\\/guatemala-a-human-chain-for-peace\\\/#article\",\"isPartOf\":{\"@id\":\"https:\\\/\\\/www.interpeace.org\\\/2012\\\/10\\\/guatemala-a-human-chain-for-peace\\\/\"},\"author\":{\"name\":\"\",\"@id\":\"\"},\"headline\":\"Guatemala: A human chain for peace\",\"datePublished\":\"2012-10-04T06:01:26+00:00\",\"dateModified\":\"2015-07-28T09:26:11+00:00\",\"mainEntityOfPage\":{\"@id\":\"https:\\\/\\\/www.interpeace.org\\\/2012\\\/10\\\/guatemala-a-human-chain-for-peace\\\/\"},\"wordCount\":254,\"commentCount\":0,\"publisher\":{\"@id\":\"https:\\\/\\\/www.interpeace.org\\\/#organization\"},\"image\":{\"@id\":\"https:\\\/\\\/www.interpeace.org\\\/2012\\\/10\\\/guatemala-a-human-chain-for-peace\\\/#primaryimage\"},\"thumbnailUrl\":\"https:\\\/\\\/www.interpeace.org\\\/wp-content\\\/uploads\\\/2012\\\/10\\\/2012_10_04_cyp_peace_day_human_chain.jpg\",\"articleSection\":[\"Uncategorized\"],\"inLanguage\":\"fr-FR\",\"potentialAction\":[{\"@type\":\"CommentAction\",\"name\":\"Comment\",\"target\":[\"https:\\\/\\\/www.interpeace.org\\\/2012\\\/10\\\/guatemala-a-human-chain-for-peace\\\/#respond\"]}]},{\"@type\":\"WebPage\",\"@id\":\"https:\\\/\\\/www.interpeace.org\\\/2012\\\/10\\\/guatemala-a-human-chain-for-peace\\\/\",\"url\":\"https:\\\/\\\/www.interpeace.org\\\/2012\\\/10\\\/guatemala-a-human-chain-for-peace\\\/\",\"name\":\"Guatemala: A human chain for peace - Interpeace\",\"isPartOf\":{\"@id\":\"https:\\\/\\\/www.interpeace.org\\\/#website\"},\"primaryImageOfPage\":{\"@id\":\"https:\\\/\\\/www.interpeace.org\\\/2012\\\/10\\\/guatemala-a-human-chain-for-peace\\\/#primaryimage\"},\"image\":{\"@id\":\"https:\\\/\\\/www.interpeace.org\\\/2012\\\/10\\\/guatemala-a-human-chain-for-peace\\\/#primaryimage\"},\"thumbnailUrl\":\"https:\\\/\\\/www.interpeace.org\\\/wp-content\\\/uploads\\\/2012\\\/10\\\/2012_10_04_cyp_peace_day_human_chain.jpg\",\"datePublished\":\"2012-10-04T06:01:26+00:00\",\"dateModified\":\"2015-07-28T09:26:11+00:00\",\"breadcrumb\":{\"@id\":\"https:\\\/\\\/www.interpeace.org\\\/2012\\\/10\\\/guatemala-a-human-chain-for-peace\\\/#breadcrumb\"},\"inLanguage\":\"fr-FR\",\"potentialAction\":[{\"@type\":\"ReadAction\",\"target\":[\"https:\\\/\\\/www.interpeace.org\\\/2012\\\/10\\\/guatemala-a-human-chain-for-peace\\\/\"]}]},{\"@type\":\"ImageObject\",\"inLanguage\":\"fr-FR\",\"@id\":\"https:\\\/\\\/www.interpeace.org\\\/2012\\\/10\\\/guatemala-a-human-chain-for-peace\\\/#primaryimage\",\"url\":\"https:\\\/\\\/www.interpeace.org\\\/wp-content\\\/uploads\\\/2012\\\/10\\\/2012_10_04_cyp_peace_day_human_chain.jpg\",\"contentUrl\":\"https:\\\/\\\/www.interpeace.org\\\/wp-content\\\/uploads\\\/2012\\\/10\\\/2012_10_04_cyp_peace_day_human_chain.jpg\",\"width\":448,\"height\":299,\"caption\":\"Photo credit: Interpeace\"},{\"@type\":\"BreadcrumbList\",\"@id\":\"https:\\\/\\\/www.interpeace.org\\\/2012\\\/10\\\/guatemala-a-human-chain-for-peace\\\/#breadcrumb\",\"itemListElement\":[{\"@type\":\"ListItem\",\"position\":1,\"name\":\"Home\",\"item\":\"https:\\\/\\\/www.interpeace.org\\\/\"},{\"@type\":\"ListItem\",\"position\":2,\"name\":\"Guatemala: A human chain for peace\"}]},{\"@type\":\"WebSite\",\"@id\":\"https:\\\/\\\/www.interpeace.org\\\/#website\",\"url\":\"https:\\\/\\\/www.interpeace.org\\\/\",\"name\":\"Interpeace\",\"description\":\"Enabling people to build lasting peace since 1994\",\"publisher\":{\"@id\":\"https:\\\/\\\/www.interpeace.org\\\/#organization\"},\"potentialAction\":[{\"@type\":\"SearchAction\",\"target\":{\"@type\":\"EntryPoint\",\"urlTemplate\":\"https:\\\/\\\/www.interpeace.org\\\/?s={search_term_string}\"},\"query-input\":{\"@type\":\"PropertyValueSpecification\",\"valueRequired\":true,\"valueName\":\"search_term_string\"}}],\"inLanguage\":\"fr-FR\"},{\"@type\":\"Organization\",\"@id\":\"https:\\\/\\\/www.interpeace.org\\\/#organization\",\"name\":\"INTERPEACE\",\"url\":\"https:\\\/\\\/www.interpeace.org\\\/\",\"logo\":{\"@type\":\"ImageObject\",\"inLanguage\":\"fr-FR\",\"@id\":\"https:\\\/\\\/www.interpeace.org\\\/#\\\/schema\\\/logo\\\/image\\\/\",\"url\":\"https:\\\/\\\/www.interpeace.org\\\/wp-content\\\/uploads\\\/2019\\\/11\\\/EN-Interpeace-small.png\",\"contentUrl\":\"https:\\\/\\\/www.interpeace.org\\\/wp-content\\\/uploads\\\/2019\\\/11\\\/EN-Interpeace-small.png\",\"width\":111,\"height\":85,\"caption\":\"INTERPEACE\"},\"image\":{\"@id\":\"https:\\\/\\\/www.interpeace.org\\\/#\\\/schema\\\/logo\\\/image\\\/\"},\"sameAs\":[\"https:\\\/\\\/www.facebook.com\\\/Interpeace\",\"https:\\\/\\\/x.com\\\/InterpeaceTweet\",\"https:\\\/\\\/www.instagram.com\\\/interpeace\\\/\"]},{\"@type\":\"Person\",\"@id\":\"\",\"url\":\"https:\\\/\\\/www.interpeace.org\\\/fr\\\/author\\\/\"}]}<\/script>\n<!-- \/ Yoast SEO Premium plugin. -->","yoast_head_json":{"title":"Guatemala: A human chain for peace - Interpeace","robots":{"index":"index","follow":"follow","max-snippet":"max-snippet:-1","max-image-preview":"max-image-preview:large","max-video-preview":"max-video-preview:-1"},"canonical":"https:\/\/www.interpeace.org\/fr\/2012\/10\/guatemala-a-human-chain-for-peace\/","og_locale":"fr_FR","og_type":"article","og_title":"Guatemala: A human chain for peace","og_description":"On Peace Day, more than 2,500 young people came together in the heart of Guatemala City to celebrate peace. Wearing white T-shirts and wristbands with the word \u201cPeace\u201d written on them, they formed a human chain to raise awareness of the need for peace. Youth from all levels and sectors of society joined hands to [&hellip;]","og_url":"https:\/\/www.interpeace.org\/fr\/2012\/10\/guatemala-a-human-chain-for-peace\/","og_site_name":"Interpeace","article_publisher":"https:\/\/www.facebook.com\/Interpeace","article_published_time":"2012-10-04T06:01:26+00:00","article_modified_time":"2015-07-28T09:26:11+00:00","og_image":[{"width":448,"height":299,"url":"https:\/\/www.interpeace.org\/wp-content\/uploads\/2012\/10\/2012_10_04_cyp_peace_day_human_chain.jpg","type":"image\/jpeg"}],"twitter_card":"summary_large_image","twitter_creator":"@InterpeaceTweet","twitter_site":"@InterpeaceTweet","twitter_misc":{"\u00c9crit par":"","Dur\u00e9e de lecture estim\u00e9e":"1 minute"},"schema":{"@context":"https:\/\/schema.org","@graph":[{"@type":"Article","@id":"https:\/\/www.interpeace.org\/2012\/10\/guatemala-a-human-chain-for-peace\/#article","isPartOf":{"@id":"https:\/\/www.interpeace.org\/2012\/10\/guatemala-a-human-chain-for-peace\/"},"author":{"name":"","@id":""},"headline":"Guatemala: A human chain for peace","datePublished":"2012-10-04T06:01:26+00:00","dateModified":"2015-07-28T09:26:11+00:00","mainEntityOfPage":{"@id":"https:\/\/www.interpeace.org\/2012\/10\/guatemala-a-human-chain-for-peace\/"},"wordCount":254,"commentCount":0,"publisher":{"@id":"https:\/\/www.interpeace.org\/#organization"},"image":{"@id":"https:\/\/www.interpeace.org\/2012\/10\/guatemala-a-human-chain-for-peace\/#primaryimage"},"thumbnailUrl":"https:\/\/www.interpeace.org\/wp-content\/uploads\/2012\/10\/2012_10_04_cyp_peace_day_human_chain.jpg","articleSection":["Uncategorized"],"inLanguage":"fr-FR","potentialAction":[{"@type":"CommentAction","name":"Comment","target":["https:\/\/www.interpeace.org\/2012\/10\/guatemala-a-human-chain-for-peace\/#respond"]}]},{"@type":"WebPage","@id":"https:\/\/www.interpeace.org\/2012\/10\/guatemala-a-human-chain-for-peace\/","url":"https:\/\/www.interpeace.org\/2012\/10\/guatemala-a-human-chain-for-peace\/","name":"Guatemala: A human chain for peace - Interpeace","isPartOf":{"@id":"https:\/\/www.interpeace.org\/#website"},"primaryImageOfPage":{"@id":"https:\/\/www.interpeace.org\/2012\/10\/guatemala-a-human-chain-for-peace\/#primaryimage"},"image":{"@id":"https:\/\/www.interpeace.org\/2012\/10\/guatemala-a-human-chain-for-peace\/#primaryimage"},"thumbnailUrl":"https:\/\/www.interpeace.org\/wp-content\/uploads\/2012\/10\/2012_10_04_cyp_peace_day_human_chain.jpg","datePublished":"2012-10-04T06:01:26+00:00","dateModified":"2015-07-28T09:26:11+00:00","breadcrumb":{"@id":"https:\/\/www.interpeace.org\/2012\/10\/guatemala-a-human-chain-for-peace\/#breadcrumb"},"inLanguage":"fr-FR","potentialAction":[{"@type":"ReadAction","target":["https:\/\/www.interpeace.org\/2012\/10\/guatemala-a-human-chain-for-peace\/"]}]},{"@type":"ImageObject","inLanguage":"fr-FR","@id":"https:\/\/www.interpeace.org\/2012\/10\/guatemala-a-human-chain-for-peace\/#primaryimage","url":"https:\/\/www.interpeace.org\/wp-content\/uploads\/2012\/10\/2012_10_04_cyp_peace_day_human_chain.jpg","contentUrl":"https:\/\/www.interpeace.org\/wp-content\/uploads\/2012\/10\/2012_10_04_cyp_peace_day_human_chain.jpg","width":448,"height":299,"caption":"Photo credit: Interpeace"},{"@type":"BreadcrumbList","@id":"https:\/\/www.interpeace.org\/2012\/10\/guatemala-a-human-chain-for-peace\/#breadcrumb","itemListElement":[{"@type":"ListItem","position":1,"name":"Home","item":"https:\/\/www.interpeace.org\/"},{"@type":"ListItem","position":2,"name":"Guatemala: A human chain for peace"}]},{"@type":"WebSite","@id":"https:\/\/www.interpeace.org\/#website","url":"https:\/\/www.interpeace.org\/","name":"Interpeace","description":"Permettre aux gens de construire une paix durable depuis 1994","publisher":{"@id":"https:\/\/www.interpeace.org\/#organization"},"potentialAction":[{"@type":"SearchAction","target":{"@type":"EntryPoint","urlTemplate":"https:\/\/www.interpeace.org\/?s={search_term_string}"},"query-input":{"@type":"PropertyValueSpecification","valueRequired":true,"valueName":"search_term_string"}}],"inLanguage":"fr-FR"},{"@type":"Organization","@id":"https:\/\/www.interpeace.org\/#organization","name":"INTERPEACE","url":"https:\/\/www.interpeace.org\/","logo":{"@type":"ImageObject","inLanguage":"fr-FR","@id":"https:\/\/www.interpeace.org\/#\/schema\/logo\/image\/","url":"https:\/\/www.interpeace.org\/wp-content\/uploads\/2019\/11\/EN-Interpeace-small.png","contentUrl":"https:\/\/www.interpeace.org\/wp-content\/uploads\/2019\/11\/EN-Interpeace-small.png","width":111,"height":85,"caption":"INTERPEACE"},"image":{"@id":"https:\/\/www.interpeace.org\/#\/schema\/logo\/image\/"},"sameAs":["https:\/\/www.facebook.com\/Interpeace","https:\/\/x.com\/InterpeaceTweet","https:\/\/www.instagram.com\/interpeace\/"]},{"@type":"Person","@id":"","url":"https:\/\/www.interpeace.org\/fr\/author\/"}]}},"_links":{"self":[{"href":"https:\/\/www.interpeace.org\/fr\/wp-json\/wp\/v2\/posts\/651","targetHints":{"allow":["GET"]}}],"collection":[{"href":"https:\/\/www.interpeace.org\/fr\/wp-json\/wp\/v2\/posts"}],"about":[{"href":"https:\/\/www.interpeace.org\/fr\/wp-json\/wp\/v2\/types\/post"}],"author":[{"embeddable":true,"href":"https:\/\/www.interpeace.org\/fr\/wp-json\/wp\/v2\/users\/3"}],"replies":[{"embeddable":true,"href":"https:\/\/www.interpeace.org\/fr\/wp-json\/wp\/v2\/comments?post=651"}],"version-history":[{"count":0,"href":"https:\/\/www.interpeace.org\/fr\/wp-json\/wp\/v2\/posts\/651\/revisions"}],"wp:featuredmedia":[{"embeddable":true,"href":"https:\/\/www.interpeace.org\/fr\/wp-json\/wp\/v2\/media\/650"}],"wp:attachment":[{"href":"https:\/\/www.interpeace.org\/fr\/wp-json\/wp\/v2\/media?parent=651"}],"wp:term":[{"taxonomy":"category","embeddable":true,"href":"https:\/\/www.interpeace.org\/fr\/wp-json\/wp\/v2\/categories?post=651"},{"taxonomy":"post_tag","embeddable":true,"href":"https:\/\/www.interpeace.org\/fr\/wp-json\/wp\/v2\/tags?post=651"},{"taxonomy":"globales","embeddable":true,"href":"https:\/\/www.interpeace.org\/fr\/wp-json\/wp\/v2\/globales?post=651"},{"taxonomy":"initiatives","embeddable":true,"href":"https:\/\/www.interpeace.org\/fr\/wp-json\/wp\/v2\/initiatives?post=651"},{"taxonomy":"news_type","embeddable":true,"href":"https:\/\/www.interpeace.org\/fr\/wp-json\/wp\/v2\/news_type?post=651"},{"taxonomy":"programmes","embeddable":true,"href":"https:\/\/www.interpeace.org\/fr\/wp-json\/wp\/v2\/programmes?post=651"},{"taxonomy":"resource_theme","embeddable":true,"href":"https:\/\/www.interpeace.org\/fr\/wp-json\/wp\/v2\/resource_theme?post=651"},{"taxonomy":"videos_vimeo","embeddable":true,"href":"https:\/\/www.interpeace.org\/fr\/wp-json\/wp\/v2\/videos_vimeo?post=651"}],"curies":[{"name":"wp","href":"https:\/\/api.w.org\/{rel}","templated":true}]}}