{"id":6168,"date":"2017-03-07T22:38:15","date_gmt":"2017-03-07T21:38:15","guid":{"rendered":"http:\/\/www.interpeace.org\/?p=6168"},"modified":"2017-05-04T18:31:10","modified_gmt":"2017-05-04T16:31:10","slug":"remembering-great-peacebuilder","status":"publish","type":"post","link":"https:\/\/www.interpeace.org\/fr\/2017\/03\/remembering-great-peacebuilder\/","title":{"rendered":"Remembering Raghe, the Great Peacebuilder"},"content":{"rendered":"<p>It is with an immense sense of loss that Interpeace announces the passing of Abdirahman Osman Raghe, a towering figure in the organization\u2019s peacebuilding work in Somalia and the greater Horn of Africa.<\/p>\n<p>Raghe was founding Director of Interpeace\u2019s <a href=\"http:\/\/www.interpeace.org\/fr\/programme\/somali-region\/\">Somali programme<\/a> and Deputy Director of the Somali programme of Interpeace\u2019s forerunner, the War-Torn Societies Project (WSP). He spent over two decades with Interpeace in various capacities, and became one of the most important senior advisors. In 2013, he received a citation for his longstanding commitment to peace from <a href=\"http:\/\/www.interpeace.org\/fr\/member\/john-a-kufuor\/\">Interpeace's Chairman Emeritus, former Ghanaian President John Kufuor<\/a>.<\/p>\n<div id=\"attachment_6170\" style=\"width: 607px\" class=\"wp-caption alignnone\"><img loading=\"lazy\" decoding=\"async\" aria-describedby=\"caption-attachment-6170\" class=\"wp-image-6170\" src=\"http:\/\/www.interpeace.org\/wp-content\/uploads\/2017\/03\/Raghe-left-receives-a-citation-for-his-longstanding-commitment-to-peace-from-Interpeaces-Chairman-Emeritus-former-President-John-Kufuor-of-Ghana-r.jpg\" width=\"597\" height=\"592\" srcset=\"https:\/\/www.interpeace.org\/wp-content\/uploads\/2017\/03\/Raghe-left-receives-a-citation-for-his-longstanding-commitment-to-peace-from-Interpeaces-Chairman-Emeritus-former-President-John-Kufuor-of-Ghana-r.jpg 769w, https:\/\/www.interpeace.org\/wp-content\/uploads\/2017\/03\/Raghe-left-receives-a-citation-for-his-longstanding-commitment-to-peace-from-Interpeaces-Chairman-Emeritus-former-President-John-Kufuor-of-Ghana-r-768x762.jpg 768w\" sizes=\"auto, (max-width: 597px) 100vw, 597px\" \/><p id=\"caption-attachment-6170\" class=\"wp-caption-text\">Raghe receives a citation for his longstanding commitment to peace from Interpeace's Chairman Emeritus former President John Kufuor of Ghana. Photo credit: Interpeace<\/p><\/div>\n<p>Raghe\u2019s personal history made him a uniquely knowledgeable, experienced, and respected observer of Somali development and political issues.\u00a0 In his earlier years, he had served as Permanent Secretary in Somalia\u2019s Interior Ministry until 1989, and later worked for UNDP. He returned from Canada in 1998 to help rebuild the peace in his native Somalia, which had fallen into the throes of a complex civil war during his time away.<\/p>\n<p>Various colleagues and friends from the Interpeace family have described Raghe as an extraordinary peacebuilder, an exemplary father, husband and a dear friend. Johan Svensson, Interpeace\u2019s Senior Regional Advisor for Eastern and Central Africa, remembered the pivotal role that Raghe played in the establishment of Interpeace\u2019s Somali programme, as well as his influence on Interpeace\u2019s general direction as a peacebuilding organization.<\/p>\n<p>\u201cRaghe was a unique man. He guided the Somali programme to great achievements over the years and influenced Interpeace\u2019s path globally,\u201d Mr. Svensson said. \u201cAs an organization, Interpeace benefitted from his wisdom in many ways. We will miss him, but his legacy will remain.\u201d<\/p>\n<p>Interpeace\u2019s <a href=\"http:\/\/www.interpeace.org\/fr\/member\/jean-paul-mugiraneza\/\">Regional Director for Eastern and Central Africa (ECA), Jean Paul Mugiraneza<\/a>, paid tribute to Raghe\u2019s commitment to the cause of peace and his ever readiness to hold others by the hand and win them over to the cause.<\/p>\n<p>\u201cHe was a mentor to many, a true peacebuilder whose legacy remains with all of us,\u201d said Mr. Mugiraneza. \u201cHe was a strong and loving person who was loved and admired, in return, by a whole circle of people that he touched during his lifetime. I am grateful to be one of these people.\u201d<\/p>\n<p>Interpeace\u2019s <a href=\"http:\/\/www.interpeace.org\/fr\/member\/scott-m-weber\/\">Director-General, Scott M. Weber<\/a>, remembers how Raghe instilled inspiration and courage amongst his friends and colleagues.<\/p>\n<p>\u201cMany of us who grew professionally in Interpeace did so inspired by Raghe\u2019s example and under his watchful eye,\"\u00a0said Mr. Weber. \"When Raghe spoke, we listened. And we learned. No matter what the subject, he always delivered his message with conviction and a deep sense of purpose but also with a hard-earned wisdom many of us may never achieve. If Interpeace were a village, he would have been one of our elders.\u201d<\/p>\n<div id=\"attachment_6172\" style=\"width: 610px\" class=\"wp-caption alignnone\"><img loading=\"lazy\" decoding=\"async\" aria-describedby=\"caption-attachment-6172\" class=\"wp-image-6172 size-large\" src=\"http:\/\/www.interpeace.org\/wp-content\/uploads\/2017\/03\/Raghe-left-receives-a-citation-for-his-longstanding-commitment-to-peace-from-former-President-John-Kufuor-of-Ghana-as-Director-General-Scott-Weber-l-600x400.jpg\" width=\"600\" height=\"400\" srcset=\"https:\/\/www.interpeace.org\/wp-content\/uploads\/2017\/03\/Raghe-left-receives-a-citation-for-his-longstanding-commitment-to-peace-from-former-President-John-Kufuor-of-Ghana-as-Director-General-Scott-Weber-l-600x400.jpg 600w, https:\/\/www.interpeace.org\/wp-content\/uploads\/2017\/03\/Raghe-left-receives-a-citation-for-his-longstanding-commitment-to-peace-from-former-President-John-Kufuor-of-Ghana-as-Director-General-Scott-Weber-l-300x200.jpg 300w, https:\/\/www.interpeace.org\/wp-content\/uploads\/2017\/03\/Raghe-left-receives-a-citation-for-his-longstanding-commitment-to-peace-from-former-President-John-Kufuor-of-Ghana-as-Director-General-Scott-Weber-l-150x100.jpg 150w\" sizes=\"auto, (max-width: 600px) 100vw, 600px\" \/><p id=\"caption-attachment-6172\" class=\"wp-caption-text\">Raghe receives a citation for his longstanding commitment to peace from former President John Kufuor of Ghana with Director-General of Interpeace, Scott Weber. Photo credit: Interpeace<\/p><\/div>\n<p>The entire Interpeace family extends its condolences to Raghe\u2019s family, his many friends, colleagues and the entire Somali community.<\/p>","protected":false},"excerpt":{"rendered":"<p>It is with an immense sense of loss that Interpeace announces the passing of Abdirahman Osman Raghe, a towering figure in the organization\u2019s peacebuilding work in Somalia and the greater Horn of Africa. Raghe was founding Director of Interpeace\u2019s Somali programme and Deputy Director of the Somali programme of Interpeace\u2019s forerunner, the War-Torn Societies Project [&hellip;]<\/p>\n","protected":false},"author":1,"featured_media":6169,"comment_status":"closed","ping_status":"closed","sticky":false,"template":"","format":"standard","meta":{"_acf_changed":false,"_editorskit_title_hidden":false,"_editorskit_reading_time":0,"_editorskit_is_block_options_detached":false,"_editorskit_block_options_position":"{}","editor_plus_copied_stylings":"{}","_exactmetrics_skip_tracking":false,"_exactmetrics_sitenote_active":false,"_exactmetrics_sitenote_note":"","_exactmetrics_sitenote_category":0,"footnotes":"","_links_to":"","_links_to_target":""},"categories":[1],"tags":[],"globales":[],"initiatives":[],"news_type":[],"programmes":[68,60],"resource_theme":[],"videos_vimeo":[],"class_list":["post-6168","post","type-post","status-publish","format-standard","has-post-thumbnail","hentry","category-uncategorized","programmes-eastern-and-central-africa","programmes-somali-region"],"acf":[],"yoast_head":"<!-- This site is optimized with the Yoast SEO Premium plugin v27.4 (Yoast SEO v27.4) - https:\/\/yoast.com\/product\/yoast-seo-premium-wordpress\/ -->\n<title>Remembering Raghe, the Great Peacebuilder - Interpeace<\/title>\n<meta name=\"robots\" content=\"index, follow, max-snippet:-1, max-image-preview:large, max-video-preview:-1\" \/>\n<link rel=\"canonical\" href=\"https:\/\/www.interpeace.org\/fr\/2017\/03\/remembering-great-peacebuilder\/\" \/>\n<meta property=\"og:locale\" content=\"fr_FR\" \/>\n<meta property=\"og:type\" content=\"article\" \/>\n<meta property=\"og:title\" content=\"Remembering Raghe, the Great Peacebuilder\" \/>\n<meta property=\"og:description\" content=\"It is with an immense sense of loss that Interpeace announces the passing of Abdirahman Osman Raghe, a towering figure in the organization\u2019s peacebuilding work in Somalia and the greater Horn of Africa. Raghe was founding Director of Interpeace\u2019s Somali programme and Deputy Director of the Somali programme of Interpeace\u2019s forerunner, the War-Torn Societies Project [&hellip;]\" \/>\n<meta property=\"og:url\" content=\"https:\/\/www.interpeace.org\/fr\/2017\/03\/remembering-great-peacebuilder\/\" \/>\n<meta property=\"og:site_name\" content=\"Interpeace\" \/>\n<meta property=\"article:publisher\" content=\"https:\/\/www.facebook.com\/Interpeace\" \/>\n<meta property=\"article:published_time\" content=\"2017-03-07T21:38:15+00:00\" \/>\n<meta property=\"article:modified_time\" content=\"2017-05-04T16:31:10+00:00\" \/>\n<meta property=\"og:image\" content=\"https:\/\/www.interpeace.org\/wp-content\/uploads\/2017\/03\/Raghe_Portrait_Photo-Credit-Juozas-Cernius-for-Interpeace-002-657x500.jpg\" \/>\n\t<meta property=\"og:image:width\" content=\"657\" \/>\n\t<meta property=\"og:image:height\" content=\"874\" \/>\n\t<meta property=\"og:image:type\" content=\"image\/jpeg\" \/>\n<meta name=\"author\" content=\"Alejandro\" \/>\n<meta name=\"twitter:card\" content=\"summary_large_image\" \/>\n<meta name=\"twitter:creator\" content=\"@InterpeaceTweet\" \/>\n<meta name=\"twitter:site\" content=\"@InterpeaceTweet\" \/>\n<meta name=\"twitter:label1\" content=\"\u00c9crit par\" \/>\n\t<meta name=\"twitter:data1\" content=\"Alejandro\" \/>\n\t<meta name=\"twitter:label2\" content=\"Dur\u00e9e de lecture estim\u00e9e\" \/>\n\t<meta name=\"twitter:data2\" content=\"3 minutes\" \/>\n<script type=\"application\/ld+json\" class=\"yoast-schema-graph\">{\"@context\":\"https:\\\/\\\/schema.org\",\"@graph\":[{\"@type\":\"Article\",\"@id\":\"https:\\\/\\\/www.interpeace.org\\\/2017\\\/03\\\/remembering-great-peacebuilder\\\/#article\",\"isPartOf\":{\"@id\":\"https:\\\/\\\/www.interpeace.org\\\/2017\\\/03\\\/remembering-great-peacebuilder\\\/\"},\"author\":{\"name\":\"Alejandro\",\"@id\":\"https:\\\/\\\/www.interpeace.org\\\/#\\\/schema\\\/person\\\/75fea8ede2ce310d5f1bea81166bf9a1\"},\"headline\":\"Remembering Raghe, the Great Peacebuilder\",\"datePublished\":\"2017-03-07T21:38:15+00:00\",\"dateModified\":\"2017-05-04T16:31:10+00:00\",\"mainEntityOfPage\":{\"@id\":\"https:\\\/\\\/www.interpeace.org\\\/2017\\\/03\\\/remembering-great-peacebuilder\\\/\"},\"wordCount\":553,\"publisher\":{\"@id\":\"https:\\\/\\\/www.interpeace.org\\\/#organization\"},\"image\":{\"@id\":\"https:\\\/\\\/www.interpeace.org\\\/2017\\\/03\\\/remembering-great-peacebuilder\\\/#primaryimage\"},\"thumbnailUrl\":\"https:\\\/\\\/www.interpeace.org\\\/wp-content\\\/uploads\\\/2017\\\/03\\\/Raghe_Portrait_Photo-Credit-Juozas-Cernius-for-Interpeace-002-657x500.jpg\",\"articleSection\":[\"Uncategorized\"],\"inLanguage\":\"fr-FR\"},{\"@type\":\"WebPage\",\"@id\":\"https:\\\/\\\/www.interpeace.org\\\/2017\\\/03\\\/remembering-great-peacebuilder\\\/\",\"url\":\"https:\\\/\\\/www.interpeace.org\\\/2017\\\/03\\\/remembering-great-peacebuilder\\\/\",\"name\":\"Remembering Raghe, the Great Peacebuilder - Interpeace\",\"isPartOf\":{\"@id\":\"https:\\\/\\\/www.interpeace.org\\\/#website\"},\"primaryImageOfPage\":{\"@id\":\"https:\\\/\\\/www.interpeace.org\\\/2017\\\/03\\\/remembering-great-peacebuilder\\\/#primaryimage\"},\"image\":{\"@id\":\"https:\\\/\\\/www.interpeace.org\\\/2017\\\/03\\\/remembering-great-peacebuilder\\\/#primaryimage\"},\"thumbnailUrl\":\"https:\\\/\\\/www.interpeace.org\\\/wp-content\\\/uploads\\\/2017\\\/03\\\/Raghe_Portrait_Photo-Credit-Juozas-Cernius-for-Interpeace-002-657x500.jpg\",\"datePublished\":\"2017-03-07T21:38:15+00:00\",\"dateModified\":\"2017-05-04T16:31:10+00:00\",\"breadcrumb\":{\"@id\":\"https:\\\/\\\/www.interpeace.org\\\/2017\\\/03\\\/remembering-great-peacebuilder\\\/#breadcrumb\"},\"inLanguage\":\"fr-FR\",\"potentialAction\":[{\"@type\":\"ReadAction\",\"target\":[\"https:\\\/\\\/www.interpeace.org\\\/2017\\\/03\\\/remembering-great-peacebuilder\\\/\"]}]},{\"@type\":\"ImageObject\",\"inLanguage\":\"fr-FR\",\"@id\":\"https:\\\/\\\/www.interpeace.org\\\/2017\\\/03\\\/remembering-great-peacebuilder\\\/#primaryimage\",\"url\":\"https:\\\/\\\/www.interpeace.org\\\/wp-content\\\/uploads\\\/2017\\\/03\\\/Raghe_Portrait_Photo-Credit-Juozas-Cernius-for-Interpeace-002-657x500.jpg\",\"contentUrl\":\"https:\\\/\\\/www.interpeace.org\\\/wp-content\\\/uploads\\\/2017\\\/03\\\/Raghe_Portrait_Photo-Credit-Juozas-Cernius-for-Interpeace-002-657x500.jpg\",\"width\":657,\"height\":874,\"caption\":\"Abdirahman Osman Raghe. Photo Credit: Juozas Cernius for Interpeace\"},{\"@type\":\"BreadcrumbList\",\"@id\":\"https:\\\/\\\/www.interpeace.org\\\/2017\\\/03\\\/remembering-great-peacebuilder\\\/#breadcrumb\",\"itemListElement\":[{\"@type\":\"ListItem\",\"position\":1,\"name\":\"Home\",\"item\":\"https:\\\/\\\/www.interpeace.org\\\/\"},{\"@type\":\"ListItem\",\"position\":2,\"name\":\"Remembering Raghe, the Great Peacebuilder\"}]},{\"@type\":\"WebSite\",\"@id\":\"https:\\\/\\\/www.interpeace.org\\\/#website\",\"url\":\"https:\\\/\\\/www.interpeace.org\\\/\",\"name\":\"Interpeace\",\"description\":\"Enabling people to build lasting peace since 1994\",\"publisher\":{\"@id\":\"https:\\\/\\\/www.interpeace.org\\\/#organization\"},\"potentialAction\":[{\"@type\":\"SearchAction\",\"target\":{\"@type\":\"EntryPoint\",\"urlTemplate\":\"https:\\\/\\\/www.interpeace.org\\\/?s={search_term_string}\"},\"query-input\":{\"@type\":\"PropertyValueSpecification\",\"valueRequired\":true,\"valueName\":\"search_term_string\"}}],\"inLanguage\":\"fr-FR\"},{\"@type\":\"Organization\",\"@id\":\"https:\\\/\\\/www.interpeace.org\\\/#organization\",\"name\":\"INTERPEACE\",\"url\":\"https:\\\/\\\/www.interpeace.org\\\/\",\"logo\":{\"@type\":\"ImageObject\",\"inLanguage\":\"fr-FR\",\"@id\":\"https:\\\/\\\/www.interpeace.org\\\/#\\\/schema\\\/logo\\\/image\\\/\",\"url\":\"https:\\\/\\\/www.interpeace.org\\\/wp-content\\\/uploads\\\/2019\\\/11\\\/EN-Interpeace-small.png\",\"contentUrl\":\"https:\\\/\\\/www.interpeace.org\\\/wp-content\\\/uploads\\\/2019\\\/11\\\/EN-Interpeace-small.png\",\"width\":111,\"height\":85,\"caption\":\"INTERPEACE\"},\"image\":{\"@id\":\"https:\\\/\\\/www.interpeace.org\\\/#\\\/schema\\\/logo\\\/image\\\/\"},\"sameAs\":[\"https:\\\/\\\/www.facebook.com\\\/Interpeace\",\"https:\\\/\\\/x.com\\\/InterpeaceTweet\",\"https:\\\/\\\/www.instagram.com\\\/interpeace\\\/\"]},{\"@type\":\"Person\",\"@id\":\"https:\\\/\\\/www.interpeace.org\\\/#\\\/schema\\\/person\\\/75fea8ede2ce310d5f1bea81166bf9a1\",\"name\":\"Alejandro\",\"image\":{\"@type\":\"ImageObject\",\"inLanguage\":\"fr-FR\",\"@id\":\"https:\\\/\\\/secure.gravatar.com\\\/avatar\\\/a5627fb156910981ea3ab2405e881b80c8234e50bb58a577081f805dd3bfd753?s=96&d=mm&r=g\",\"url\":\"https:\\\/\\\/secure.gravatar.com\\\/avatar\\\/a5627fb156910981ea3ab2405e881b80c8234e50bb58a577081f805dd3bfd753?s=96&d=mm&r=g\",\"contentUrl\":\"https:\\\/\\\/secure.gravatar.com\\\/avatar\\\/a5627fb156910981ea3ab2405e881b80c8234e50bb58a577081f805dd3bfd753?s=96&d=mm&r=g\",\"caption\":\"Alejandro\"},\"url\":\"https:\\\/\\\/www.interpeace.org\\\/fr\\\/author\\\/amoralesruiz-gm\\\/\"}]}<\/script>\n<!-- \/ Yoast SEO Premium plugin. -->","yoast_head_json":{"title":"Remembering Raghe, the Great Peacebuilder - Interpeace","robots":{"index":"index","follow":"follow","max-snippet":"max-snippet:-1","max-image-preview":"max-image-preview:large","max-video-preview":"max-video-preview:-1"},"canonical":"https:\/\/www.interpeace.org\/fr\/2017\/03\/remembering-great-peacebuilder\/","og_locale":"fr_FR","og_type":"article","og_title":"Remembering Raghe, the Great Peacebuilder","og_description":"It is with an immense sense of loss that Interpeace announces the passing of Abdirahman Osman Raghe, a towering figure in the organization\u2019s peacebuilding work in Somalia and the greater Horn of Africa. Raghe was founding Director of Interpeace\u2019s Somali programme and Deputy Director of the Somali programme of Interpeace\u2019s forerunner, the War-Torn Societies Project [&hellip;]","og_url":"https:\/\/www.interpeace.org\/fr\/2017\/03\/remembering-great-peacebuilder\/","og_site_name":"Interpeace","article_publisher":"https:\/\/www.facebook.com\/Interpeace","article_published_time":"2017-03-07T21:38:15+00:00","article_modified_time":"2017-05-04T16:31:10+00:00","og_image":[{"width":657,"height":874,"url":"https:\/\/www.interpeace.org\/wp-content\/uploads\/2017\/03\/Raghe_Portrait_Photo-Credit-Juozas-Cernius-for-Interpeace-002-657x500.jpg","type":"image\/jpeg"}],"author":"Alejandro","twitter_card":"summary_large_image","twitter_creator":"@InterpeaceTweet","twitter_site":"@InterpeaceTweet","twitter_misc":{"\u00c9crit par":"Alejandro","Dur\u00e9e de lecture estim\u00e9e":"3 minutes"},"schema":{"@context":"https:\/\/schema.org","@graph":[{"@type":"Article","@id":"https:\/\/www.interpeace.org\/2017\/03\/remembering-great-peacebuilder\/#article","isPartOf":{"@id":"https:\/\/www.interpeace.org\/2017\/03\/remembering-great-peacebuilder\/"},"author":{"name":"Alejandro","@id":"https:\/\/www.interpeace.org\/#\/schema\/person\/75fea8ede2ce310d5f1bea81166bf9a1"},"headline":"Remembering Raghe, the Great Peacebuilder","datePublished":"2017-03-07T21:38:15+00:00","dateModified":"2017-05-04T16:31:10+00:00","mainEntityOfPage":{"@id":"https:\/\/www.interpeace.org\/2017\/03\/remembering-great-peacebuilder\/"},"wordCount":553,"publisher":{"@id":"https:\/\/www.interpeace.org\/#organization"},"image":{"@id":"https:\/\/www.interpeace.org\/2017\/03\/remembering-great-peacebuilder\/#primaryimage"},"thumbnailUrl":"https:\/\/www.interpeace.org\/wp-content\/uploads\/2017\/03\/Raghe_Portrait_Photo-Credit-Juozas-Cernius-for-Interpeace-002-657x500.jpg","articleSection":["Uncategorized"],"inLanguage":"fr-FR"},{"@type":"WebPage","@id":"https:\/\/www.interpeace.org\/2017\/03\/remembering-great-peacebuilder\/","url":"https:\/\/www.interpeace.org\/2017\/03\/remembering-great-peacebuilder\/","name":"Remembering Raghe, the Great Peacebuilder - Interpeace","isPartOf":{"@id":"https:\/\/www.interpeace.org\/#website"},"primaryImageOfPage":{"@id":"https:\/\/www.interpeace.org\/2017\/03\/remembering-great-peacebuilder\/#primaryimage"},"image":{"@id":"https:\/\/www.interpeace.org\/2017\/03\/remembering-great-peacebuilder\/#primaryimage"},"thumbnailUrl":"https:\/\/www.interpeace.org\/wp-content\/uploads\/2017\/03\/Raghe_Portrait_Photo-Credit-Juozas-Cernius-for-Interpeace-002-657x500.jpg","datePublished":"2017-03-07T21:38:15+00:00","dateModified":"2017-05-04T16:31:10+00:00","breadcrumb":{"@id":"https:\/\/www.interpeace.org\/2017\/03\/remembering-great-peacebuilder\/#breadcrumb"},"inLanguage":"fr-FR","potentialAction":[{"@type":"ReadAction","target":["https:\/\/www.interpeace.org\/2017\/03\/remembering-great-peacebuilder\/"]}]},{"@type":"ImageObject","inLanguage":"fr-FR","@id":"https:\/\/www.interpeace.org\/2017\/03\/remembering-great-peacebuilder\/#primaryimage","url":"https:\/\/www.interpeace.org\/wp-content\/uploads\/2017\/03\/Raghe_Portrait_Photo-Credit-Juozas-Cernius-for-Interpeace-002-657x500.jpg","contentUrl":"https:\/\/www.interpeace.org\/wp-content\/uploads\/2017\/03\/Raghe_Portrait_Photo-Credit-Juozas-Cernius-for-Interpeace-002-657x500.jpg","width":657,"height":874,"caption":"Abdirahman Osman Raghe. Photo Credit: Juozas Cernius for Interpeace"},{"@type":"BreadcrumbList","@id":"https:\/\/www.interpeace.org\/2017\/03\/remembering-great-peacebuilder\/#breadcrumb","itemListElement":[{"@type":"ListItem","position":1,"name":"Home","item":"https:\/\/www.interpeace.org\/"},{"@type":"ListItem","position":2,"name":"Remembering Raghe, the Great Peacebuilder"}]},{"@type":"WebSite","@id":"https:\/\/www.interpeace.org\/#website","url":"https:\/\/www.interpeace.org\/","name":"Interpeace","description":"Permettre aux gens de construire une paix durable depuis 1994","publisher":{"@id":"https:\/\/www.interpeace.org\/#organization"},"potentialAction":[{"@type":"SearchAction","target":{"@type":"EntryPoint","urlTemplate":"https:\/\/www.interpeace.org\/?s={search_term_string}"},"query-input":{"@type":"PropertyValueSpecification","valueRequired":true,"valueName":"search_term_string"}}],"inLanguage":"fr-FR"},{"@type":"Organization","@id":"https:\/\/www.interpeace.org\/#organization","name":"INTERPEACE","url":"https:\/\/www.interpeace.org\/","logo":{"@type":"ImageObject","inLanguage":"fr-FR","@id":"https:\/\/www.interpeace.org\/#\/schema\/logo\/image\/","url":"https:\/\/www.interpeace.org\/wp-content\/uploads\/2019\/11\/EN-Interpeace-small.png","contentUrl":"https:\/\/www.interpeace.org\/wp-content\/uploads\/2019\/11\/EN-Interpeace-small.png","width":111,"height":85,"caption":"INTERPEACE"},"image":{"@id":"https:\/\/www.interpeace.org\/#\/schema\/logo\/image\/"},"sameAs":["https:\/\/www.facebook.com\/Interpeace","https:\/\/x.com\/InterpeaceTweet","https:\/\/www.instagram.com\/interpeace\/"]},{"@type":"Person","@id":"https:\/\/www.interpeace.org\/#\/schema\/person\/75fea8ede2ce310d5f1bea81166bf9a1","name":"Alejandro","image":{"@type":"ImageObject","inLanguage":"fr-FR","@id":"https:\/\/secure.gravatar.com\/avatar\/a5627fb156910981ea3ab2405e881b80c8234e50bb58a577081f805dd3bfd753?s=96&d=mm&r=g","url":"https:\/\/secure.gravatar.com\/avatar\/a5627fb156910981ea3ab2405e881b80c8234e50bb58a577081f805dd3bfd753?s=96&d=mm&r=g","contentUrl":"https:\/\/secure.gravatar.com\/avatar\/a5627fb156910981ea3ab2405e881b80c8234e50bb58a577081f805dd3bfd753?s=96&d=mm&r=g","caption":"Alejandro"},"url":"https:\/\/www.interpeace.org\/fr\/author\/amoralesruiz-gm\/"}]}},"_links":{"self":[{"href":"https:\/\/www.interpeace.org\/fr\/wp-json\/wp\/v2\/posts\/6168","targetHints":{"allow":["GET"]}}],"collection":[{"href":"https:\/\/www.interpeace.org\/fr\/wp-json\/wp\/v2\/posts"}],"about":[{"href":"https:\/\/www.interpeace.org\/fr\/wp-json\/wp\/v2\/types\/post"}],"author":[{"embeddable":true,"href":"https:\/\/www.interpeace.org\/fr\/wp-json\/wp\/v2\/users\/1"}],"replies":[{"embeddable":true,"href":"https:\/\/www.interpeace.org\/fr\/wp-json\/wp\/v2\/comments?post=6168"}],"version-history":[{"count":0,"href":"https:\/\/www.interpeace.org\/fr\/wp-json\/wp\/v2\/posts\/6168\/revisions"}],"wp:featuredmedia":[{"embeddable":true,"href":"https:\/\/www.interpeace.org\/fr\/wp-json\/wp\/v2\/media\/6169"}],"wp:attachment":[{"href":"https:\/\/www.interpeace.org\/fr\/wp-json\/wp\/v2\/media?parent=6168"}],"wp:term":[{"taxonomy":"category","embeddable":true,"href":"https:\/\/www.interpeace.org\/fr\/wp-json\/wp\/v2\/categories?post=6168"},{"taxonomy":"post_tag","embeddable":true,"href":"https:\/\/www.interpeace.org\/fr\/wp-json\/wp\/v2\/tags?post=6168"},{"taxonomy":"globales","embeddable":true,"href":"https:\/\/www.interpeace.org\/fr\/wp-json\/wp\/v2\/globales?post=6168"},{"taxonomy":"initiatives","embeddable":true,"href":"https:\/\/www.interpeace.org\/fr\/wp-json\/wp\/v2\/initiatives?post=6168"},{"taxonomy":"news_type","embeddable":true,"href":"https:\/\/www.interpeace.org\/fr\/wp-json\/wp\/v2\/news_type?post=6168"},{"taxonomy":"programmes","embeddable":true,"href":"https:\/\/www.interpeace.org\/fr\/wp-json\/wp\/v2\/programmes?post=6168"},{"taxonomy":"resource_theme","embeddable":true,"href":"https:\/\/www.interpeace.org\/fr\/wp-json\/wp\/v2\/resource_theme?post=6168"},{"taxonomy":"videos_vimeo","embeddable":true,"href":"https:\/\/www.interpeace.org\/fr\/wp-json\/wp\/v2\/videos_vimeo?post=6168"}],"curies":[{"name":"wp","href":"https:\/\/api.w.org\/{rel}","templated":true}]}}