{"id":6102,"date":"2017-02-07T18:36:15","date_gmt":"2017-02-07T17:36:15","guid":{"rendered":"http:\/\/www.interpeace.org\/?p=6102"},"modified":"2017-05-04T18:35:41","modified_gmt":"2017-05-04T16:35:41","slug":"stockholm-better-together","status":"publish","type":"post","link":"https:\/\/www.interpeace.org\/fr\/2017\/02\/stockholm-better-together\/","title":{"rendered":"Stockholm Peace Talks - Better Together"},"content":{"rendered":"<p>Save the date!<\/p>\n<p>Building on the success of the <a href=\"http:\/\/peacetalks.net\/pt-events\/stockholm-peace-talks-2015\/\">2015 Stockholm Peace Talks<\/a> held at the Swedish Parliament, a second edition is now being planned.<\/p>\n<p>Organized under the theme \u201cBetter Together\u201d, the aim of the <a href=\"http:\/\/peacetalks.net\/pt-events\/stockholm-peace-talks\/\">Stockholm Peace Talks<\/a> is to inspire people and spark a discussion on how each and every one of us can play a role in fostering greater cohesion and inclusion in Sweden and abroad.\u00a0 In our increasingly interdependent world, respect for diversity, inclusion and cooperation among sectors are not just desirable but vital elements that lay the foundations for peaceful societies. Speakers of the 2017 Stockholm Peace Talks will share tangible experiences, personal stories and ideas to highlight the role that each and everyone one of us can play in contributing to inclusion and peace.<\/p>\n<p>The event will take place on March 21st in Stockhom's City Hall, from 5:00 pm to 7:00 pm.<\/p>\n<p>The event is organized by <a href=\"http:\/\/www.interpeace.org\/fr\/\">Interpeace<\/a>, in partnership with <a href=\"http:\/\/www.benjerry.com\/\">Ben &amp; Jerry's<\/a>la <a href=\"http:\/\/www.gpplatform.ch\/\">Plateforme de consolidation de la paix de Gen\u00e8ve<\/a> et <a href=\"http:\/\/www.postkodstiftelsen.se\/en\/om-stiftelsen\/\">Swedish Postcode Foundation<\/a>, with digital partners <a href=\"http:\/\/darwindigital.ch\/\">Darwin Digital<\/a>.<\/p>\n<p>Previous Peace Talks have been held at the United Nations Offices in Geneva and Kenya as well as at the Swedish Parliament, the Global Centre for Pluralism in Ottawa and at London City Hall. The Peace Talks were co-founded by the United Nations Office at Geneva, Interpeace and the Geneva Peacebuilding Platform with the support of the Swiss Government.<\/p>\n<p>Visit the <a href=\"http:\/\/peacetalks.net\/\">pourparlers de paix,<\/a> for more information.<\/p>\n<p><strong>Watch the best moments of the 2015 Stockholm Peace Talks here:<\/strong><\/p>\n<p><iframe loading=\"lazy\" title=\"Best of Stockholm Peace Talks 2015 | Highlights\" src=\"https:\/\/player.vimeo.com\/video\/130850882?dnt=1&amp;app_id=122963\" width=\"500\" height=\"281\" frameborder=\"0\" allow=\"autoplay; fullscreen; picture-in-picture; clipboard-write\"><\/iframe><\/p>\n<p>&nbsp;<\/p>","protected":false},"excerpt":{"rendered":"<p>Save the date! Building on the success of the 2015 Stockholm Peace Talks held at the Swedish Parliament, a second edition is now being planned. Organized under the theme \u201cBetter Together\u201d, the aim of the Stockholm Peace Talks is to inspire people and spark a discussion on how each and every one of us can [&hellip;]<\/p>\n","protected":false},"author":1,"featured_media":6103,"comment_status":"closed","ping_status":"closed","sticky":false,"template":"","format":"standard","meta":{"_acf_changed":false,"_editorskit_title_hidden":false,"_editorskit_reading_time":0,"_editorskit_is_block_options_detached":false,"_editorskit_block_options_position":"{}","editor_plus_copied_stylings":"{}","_exactmetrics_skip_tracking":false,"_exactmetrics_sitenote_active":false,"_exactmetrics_sitenote_note":"","_exactmetrics_sitenote_category":0,"footnotes":"","_links_to":"","_links_to_target":""},"categories":[1],"tags":[],"globales":[],"initiatives":[],"news_type":[],"programmes":[204],"resource_theme":[510],"videos_vimeo":[],"class_list":["post-6102","post","type-post","status-publish","format-standard","has-post-thumbnail","hentry","category-uncategorized","programmes-peace-talks","resource_theme-dialogue"],"acf":[],"yoast_head":"<!-- This site is optimized with the Yoast SEO Premium plugin v27.4 (Yoast SEO v27.4) - https:\/\/yoast.com\/product\/yoast-seo-premium-wordpress\/ -->\n<title>Stockholm Peace Talks - Better Together - Interpeace<\/title>\n<meta name=\"robots\" content=\"index, follow, max-snippet:-1, max-image-preview:large, max-video-preview:-1\" \/>\n<link rel=\"canonical\" href=\"https:\/\/www.interpeace.org\/fr\/2017\/02\/stockholm-better-together\/\" \/>\n<meta property=\"og:locale\" content=\"fr_FR\" \/>\n<meta property=\"og:type\" content=\"article\" \/>\n<meta property=\"og:title\" content=\"Stockholm Peace Talks - Better Together\" \/>\n<meta property=\"og:description\" content=\"Save the date! Building on the success of the 2015 Stockholm Peace Talks held at the Swedish Parliament, a second edition is now being planned. Organized under the theme \u201cBetter Together\u201d, the aim of the Stockholm Peace Talks is to inspire people and spark a discussion on how each and every one of us can [&hellip;]\" \/>\n<meta property=\"og:url\" content=\"https:\/\/www.interpeace.org\/fr\/2017\/02\/stockholm-better-together\/\" \/>\n<meta property=\"og:site_name\" content=\"Interpeace\" \/>\n<meta property=\"article:publisher\" content=\"https:\/\/www.facebook.com\/Interpeace\" \/>\n<meta property=\"article:published_time\" content=\"2017-02-07T17:36:15+00:00\" \/>\n<meta property=\"article:modified_time\" content=\"2017-05-04T16:35:41+00:00\" \/>\n<meta property=\"og:image\" content=\"https:\/\/www.interpeace.org\/wp-content\/uploads\/2017\/02\/Stockholm-2017-cover-pic-cropped.jpg\" \/>\n\t<meta property=\"og:image:width\" content=\"645\" \/>\n\t<meta property=\"og:image:height\" content=\"402\" \/>\n\t<meta property=\"og:image:type\" content=\"image\/jpeg\" \/>\n<meta name=\"author\" content=\"Alejandro\" \/>\n<meta name=\"twitter:card\" content=\"summary_large_image\" \/>\n<meta name=\"twitter:creator\" content=\"@InterpeaceTweet\" \/>\n<meta name=\"twitter:site\" content=\"@InterpeaceTweet\" \/>\n<meta name=\"twitter:label1\" content=\"\u00c9crit par\" \/>\n\t<meta name=\"twitter:data1\" content=\"Alejandro\" \/>\n\t<meta name=\"twitter:label2\" content=\"Dur\u00e9e de lecture estim\u00e9e\" \/>\n\t<meta name=\"twitter:data2\" content=\"1 minute\" \/>\n<script type=\"application\/ld+json\" class=\"yoast-schema-graph\">{\"@context\":\"https:\\\/\\\/schema.org\",\"@graph\":[{\"@type\":\"Article\",\"@id\":\"https:\\\/\\\/www.interpeace.org\\\/fr\\\/2017\\\/02\\\/stockholm-better-together\\\/#article\",\"isPartOf\":{\"@id\":\"https:\\\/\\\/www.interpeace.org\\\/fr\\\/2017\\\/02\\\/stockholm-better-together\\\/\"},\"author\":{\"name\":\"Alejandro\",\"@id\":\"https:\\\/\\\/www.interpeace.org\\\/#\\\/schema\\\/person\\\/75fea8ede2ce310d5f1bea81166bf9a1\"},\"headline\":\"Stockholm Peace Talks - Better Together\",\"datePublished\":\"2017-02-07T17:36:15+00:00\",\"dateModified\":\"2017-05-04T16:35:41+00:00\",\"mainEntityOfPage\":{\"@id\":\"https:\\\/\\\/www.interpeace.org\\\/fr\\\/2017\\\/02\\\/stockholm-better-together\\\/\"},\"wordCount\":260,\"publisher\":{\"@id\":\"https:\\\/\\\/www.interpeace.org\\\/#organization\"},\"image\":{\"@id\":\"https:\\\/\\\/www.interpeace.org\\\/fr\\\/2017\\\/02\\\/stockholm-better-together\\\/#primaryimage\"},\"thumbnailUrl\":\"https:\\\/\\\/www.interpeace.org\\\/wp-content\\\/uploads\\\/2017\\\/02\\\/Stockholm-2017-cover-pic-cropped.jpg\",\"articleSection\":[\"Uncategorized\"],\"inLanguage\":\"fr-FR\"},{\"@type\":\"WebPage\",\"@id\":\"https:\\\/\\\/www.interpeace.org\\\/fr\\\/2017\\\/02\\\/stockholm-better-together\\\/\",\"url\":\"https:\\\/\\\/www.interpeace.org\\\/fr\\\/2017\\\/02\\\/stockholm-better-together\\\/\",\"name\":\"Stockholm Peace Talks - Better Together - Interpeace\",\"isPartOf\":{\"@id\":\"https:\\\/\\\/www.interpeace.org\\\/#website\"},\"primaryImageOfPage\":{\"@id\":\"https:\\\/\\\/www.interpeace.org\\\/fr\\\/2017\\\/02\\\/stockholm-better-together\\\/#primaryimage\"},\"image\":{\"@id\":\"https:\\\/\\\/www.interpeace.org\\\/fr\\\/2017\\\/02\\\/stockholm-better-together\\\/#primaryimage\"},\"thumbnailUrl\":\"https:\\\/\\\/www.interpeace.org\\\/wp-content\\\/uploads\\\/2017\\\/02\\\/Stockholm-2017-cover-pic-cropped.jpg\",\"datePublished\":\"2017-02-07T17:36:15+00:00\",\"dateModified\":\"2017-05-04T16:35:41+00:00\",\"breadcrumb\":{\"@id\":\"https:\\\/\\\/www.interpeace.org\\\/fr\\\/2017\\\/02\\\/stockholm-better-together\\\/#breadcrumb\"},\"inLanguage\":\"fr-FR\",\"potentialAction\":[{\"@type\":\"ReadAction\",\"target\":[\"https:\\\/\\\/www.interpeace.org\\\/fr\\\/2017\\\/02\\\/stockholm-better-together\\\/\"]}]},{\"@type\":\"ImageObject\",\"inLanguage\":\"fr-FR\",\"@id\":\"https:\\\/\\\/www.interpeace.org\\\/fr\\\/2017\\\/02\\\/stockholm-better-together\\\/#primaryimage\",\"url\":\"https:\\\/\\\/www.interpeace.org\\\/wp-content\\\/uploads\\\/2017\\\/02\\\/Stockholm-2017-cover-pic-cropped.jpg\",\"contentUrl\":\"https:\\\/\\\/www.interpeace.org\\\/wp-content\\\/uploads\\\/2017\\\/02\\\/Stockholm-2017-cover-pic-cropped.jpg\",\"width\":645,\"height\":402,\"caption\":\"Stockholm City Hall. Photo credit: Yanan Li\"},{\"@type\":\"BreadcrumbList\",\"@id\":\"https:\\\/\\\/www.interpeace.org\\\/fr\\\/2017\\\/02\\\/stockholm-better-together\\\/#breadcrumb\",\"itemListElement\":[{\"@type\":\"ListItem\",\"position\":1,\"name\":\"Home\",\"item\":\"https:\\\/\\\/www.interpeace.org\\\/\"},{\"@type\":\"ListItem\",\"position\":2,\"name\":\"Stockholm Peace Talks - Better Together\"}]},{\"@type\":\"WebSite\",\"@id\":\"https:\\\/\\\/www.interpeace.org\\\/#website\",\"url\":\"https:\\\/\\\/www.interpeace.org\\\/\",\"name\":\"Interpeace\",\"description\":\"Enabling people to build lasting peace since 1994\",\"publisher\":{\"@id\":\"https:\\\/\\\/www.interpeace.org\\\/#organization\"},\"potentialAction\":[{\"@type\":\"SearchAction\",\"target\":{\"@type\":\"EntryPoint\",\"urlTemplate\":\"https:\\\/\\\/www.interpeace.org\\\/?s={search_term_string}\"},\"query-input\":{\"@type\":\"PropertyValueSpecification\",\"valueRequired\":true,\"valueName\":\"search_term_string\"}}],\"inLanguage\":\"fr-FR\"},{\"@type\":\"Organization\",\"@id\":\"https:\\\/\\\/www.interpeace.org\\\/#organization\",\"name\":\"INTERPEACE\",\"url\":\"https:\\\/\\\/www.interpeace.org\\\/\",\"logo\":{\"@type\":\"ImageObject\",\"inLanguage\":\"fr-FR\",\"@id\":\"https:\\\/\\\/www.interpeace.org\\\/#\\\/schema\\\/logo\\\/image\\\/\",\"url\":\"https:\\\/\\\/www.interpeace.org\\\/wp-content\\\/uploads\\\/2019\\\/11\\\/EN-Interpeace-small.png\",\"contentUrl\":\"https:\\\/\\\/www.interpeace.org\\\/wp-content\\\/uploads\\\/2019\\\/11\\\/EN-Interpeace-small.png\",\"width\":111,\"height\":85,\"caption\":\"INTERPEACE\"},\"image\":{\"@id\":\"https:\\\/\\\/www.interpeace.org\\\/#\\\/schema\\\/logo\\\/image\\\/\"},\"sameAs\":[\"https:\\\/\\\/www.facebook.com\\\/Interpeace\",\"https:\\\/\\\/x.com\\\/InterpeaceTweet\",\"https:\\\/\\\/www.instagram.com\\\/interpeace\\\/\"]},{\"@type\":\"Person\",\"@id\":\"https:\\\/\\\/www.interpeace.org\\\/#\\\/schema\\\/person\\\/75fea8ede2ce310d5f1bea81166bf9a1\",\"name\":\"Alejandro\",\"image\":{\"@type\":\"ImageObject\",\"inLanguage\":\"fr-FR\",\"@id\":\"https:\\\/\\\/secure.gravatar.com\\\/avatar\\\/a5627fb156910981ea3ab2405e881b80c8234e50bb58a577081f805dd3bfd753?s=96&d=mm&r=g\",\"url\":\"https:\\\/\\\/secure.gravatar.com\\\/avatar\\\/a5627fb156910981ea3ab2405e881b80c8234e50bb58a577081f805dd3bfd753?s=96&d=mm&r=g\",\"contentUrl\":\"https:\\\/\\\/secure.gravatar.com\\\/avatar\\\/a5627fb156910981ea3ab2405e881b80c8234e50bb58a577081f805dd3bfd753?s=96&d=mm&r=g\",\"caption\":\"Alejandro\"},\"url\":\"https:\\\/\\\/www.interpeace.org\\\/fr\\\/author\\\/amoralesruiz-gm\\\/\"}]}<\/script>\n<!-- \/ Yoast SEO Premium plugin. -->","yoast_head_json":{"title":"Stockholm Peace Talks - Better Together - Interpeace","robots":{"index":"index","follow":"follow","max-snippet":"max-snippet:-1","max-image-preview":"max-image-preview:large","max-video-preview":"max-video-preview:-1"},"canonical":"https:\/\/www.interpeace.org\/fr\/2017\/02\/stockholm-better-together\/","og_locale":"fr_FR","og_type":"article","og_title":"Stockholm Peace Talks - Better Together","og_description":"Save the date! Building on the success of the 2015 Stockholm Peace Talks held at the Swedish Parliament, a second edition is now being planned. Organized under the theme \u201cBetter Together\u201d, the aim of the Stockholm Peace Talks is to inspire people and spark a discussion on how each and every one of us can [&hellip;]","og_url":"https:\/\/www.interpeace.org\/fr\/2017\/02\/stockholm-better-together\/","og_site_name":"Interpeace","article_publisher":"https:\/\/www.facebook.com\/Interpeace","article_published_time":"2017-02-07T17:36:15+00:00","article_modified_time":"2017-05-04T16:35:41+00:00","og_image":[{"width":645,"height":402,"url":"https:\/\/www.interpeace.org\/wp-content\/uploads\/2017\/02\/Stockholm-2017-cover-pic-cropped.jpg","type":"image\/jpeg"}],"author":"Alejandro","twitter_card":"summary_large_image","twitter_creator":"@InterpeaceTweet","twitter_site":"@InterpeaceTweet","twitter_misc":{"\u00c9crit par":"Alejandro","Dur\u00e9e de lecture estim\u00e9e":"1 minute"},"schema":{"@context":"https:\/\/schema.org","@graph":[{"@type":"Article","@id":"https:\/\/www.interpeace.org\/fr\/2017\/02\/stockholm-better-together\/#article","isPartOf":{"@id":"https:\/\/www.interpeace.org\/fr\/2017\/02\/stockholm-better-together\/"},"author":{"name":"Alejandro","@id":"https:\/\/www.interpeace.org\/#\/schema\/person\/75fea8ede2ce310d5f1bea81166bf9a1"},"headline":"Stockholm Peace Talks - Better Together","datePublished":"2017-02-07T17:36:15+00:00","dateModified":"2017-05-04T16:35:41+00:00","mainEntityOfPage":{"@id":"https:\/\/www.interpeace.org\/fr\/2017\/02\/stockholm-better-together\/"},"wordCount":260,"publisher":{"@id":"https:\/\/www.interpeace.org\/#organization"},"image":{"@id":"https:\/\/www.interpeace.org\/fr\/2017\/02\/stockholm-better-together\/#primaryimage"},"thumbnailUrl":"https:\/\/www.interpeace.org\/wp-content\/uploads\/2017\/02\/Stockholm-2017-cover-pic-cropped.jpg","articleSection":["Uncategorized"],"inLanguage":"fr-FR"},{"@type":"WebPage","@id":"https:\/\/www.interpeace.org\/fr\/2017\/02\/stockholm-better-together\/","url":"https:\/\/www.interpeace.org\/fr\/2017\/02\/stockholm-better-together\/","name":"Stockholm Peace Talks - Better Together - Interpeace","isPartOf":{"@id":"https:\/\/www.interpeace.org\/#website"},"primaryImageOfPage":{"@id":"https:\/\/www.interpeace.org\/fr\/2017\/02\/stockholm-better-together\/#primaryimage"},"image":{"@id":"https:\/\/www.interpeace.org\/fr\/2017\/02\/stockholm-better-together\/#primaryimage"},"thumbnailUrl":"https:\/\/www.interpeace.org\/wp-content\/uploads\/2017\/02\/Stockholm-2017-cover-pic-cropped.jpg","datePublished":"2017-02-07T17:36:15+00:00","dateModified":"2017-05-04T16:35:41+00:00","breadcrumb":{"@id":"https:\/\/www.interpeace.org\/fr\/2017\/02\/stockholm-better-together\/#breadcrumb"},"inLanguage":"fr-FR","potentialAction":[{"@type":"ReadAction","target":["https:\/\/www.interpeace.org\/fr\/2017\/02\/stockholm-better-together\/"]}]},{"@type":"ImageObject","inLanguage":"fr-FR","@id":"https:\/\/www.interpeace.org\/fr\/2017\/02\/stockholm-better-together\/#primaryimage","url":"https:\/\/www.interpeace.org\/wp-content\/uploads\/2017\/02\/Stockholm-2017-cover-pic-cropped.jpg","contentUrl":"https:\/\/www.interpeace.org\/wp-content\/uploads\/2017\/02\/Stockholm-2017-cover-pic-cropped.jpg","width":645,"height":402,"caption":"Stockholm City Hall. Photo credit: Yanan Li"},{"@type":"BreadcrumbList","@id":"https:\/\/www.interpeace.org\/fr\/2017\/02\/stockholm-better-together\/#breadcrumb","itemListElement":[{"@type":"ListItem","position":1,"name":"Home","item":"https:\/\/www.interpeace.org\/"},{"@type":"ListItem","position":2,"name":"Stockholm Peace Talks - Better Together"}]},{"@type":"WebSite","@id":"https:\/\/www.interpeace.org\/#website","url":"https:\/\/www.interpeace.org\/","name":"Interpeace","description":"Permettre aux gens de construire une paix durable depuis 1994","publisher":{"@id":"https:\/\/www.interpeace.org\/#organization"},"potentialAction":[{"@type":"SearchAction","target":{"@type":"EntryPoint","urlTemplate":"https:\/\/www.interpeace.org\/?s={search_term_string}"},"query-input":{"@type":"PropertyValueSpecification","valueRequired":true,"valueName":"search_term_string"}}],"inLanguage":"fr-FR"},{"@type":"Organization","@id":"https:\/\/www.interpeace.org\/#organization","name":"INTERPEACE","url":"https:\/\/www.interpeace.org\/","logo":{"@type":"ImageObject","inLanguage":"fr-FR","@id":"https:\/\/www.interpeace.org\/#\/schema\/logo\/image\/","url":"https:\/\/www.interpeace.org\/wp-content\/uploads\/2019\/11\/EN-Interpeace-small.png","contentUrl":"https:\/\/www.interpeace.org\/wp-content\/uploads\/2019\/11\/EN-Interpeace-small.png","width":111,"height":85,"caption":"INTERPEACE"},"image":{"@id":"https:\/\/www.interpeace.org\/#\/schema\/logo\/image\/"},"sameAs":["https:\/\/www.facebook.com\/Interpeace","https:\/\/x.com\/InterpeaceTweet","https:\/\/www.instagram.com\/interpeace\/"]},{"@type":"Person","@id":"https:\/\/www.interpeace.org\/#\/schema\/person\/75fea8ede2ce310d5f1bea81166bf9a1","name":"Alejandro","image":{"@type":"ImageObject","inLanguage":"fr-FR","@id":"https:\/\/secure.gravatar.com\/avatar\/a5627fb156910981ea3ab2405e881b80c8234e50bb58a577081f805dd3bfd753?s=96&d=mm&r=g","url":"https:\/\/secure.gravatar.com\/avatar\/a5627fb156910981ea3ab2405e881b80c8234e50bb58a577081f805dd3bfd753?s=96&d=mm&r=g","contentUrl":"https:\/\/secure.gravatar.com\/avatar\/a5627fb156910981ea3ab2405e881b80c8234e50bb58a577081f805dd3bfd753?s=96&d=mm&r=g","caption":"Alejandro"},"url":"https:\/\/www.interpeace.org\/fr\/author\/amoralesruiz-gm\/"}]}},"_links":{"self":[{"href":"https:\/\/www.interpeace.org\/fr\/wp-json\/wp\/v2\/posts\/6102","targetHints":{"allow":["GET"]}}],"collection":[{"href":"https:\/\/www.interpeace.org\/fr\/wp-json\/wp\/v2\/posts"}],"about":[{"href":"https:\/\/www.interpeace.org\/fr\/wp-json\/wp\/v2\/types\/post"}],"author":[{"embeddable":true,"href":"https:\/\/www.interpeace.org\/fr\/wp-json\/wp\/v2\/users\/1"}],"replies":[{"embeddable":true,"href":"https:\/\/www.interpeace.org\/fr\/wp-json\/wp\/v2\/comments?post=6102"}],"version-history":[{"count":0,"href":"https:\/\/www.interpeace.org\/fr\/wp-json\/wp\/v2\/posts\/6102\/revisions"}],"wp:featuredmedia":[{"embeddable":true,"href":"https:\/\/www.interpeace.org\/fr\/wp-json\/wp\/v2\/media\/6103"}],"wp:attachment":[{"href":"https:\/\/www.interpeace.org\/fr\/wp-json\/wp\/v2\/media?parent=6102"}],"wp:term":[{"taxonomy":"category","embeddable":true,"href":"https:\/\/www.interpeace.org\/fr\/wp-json\/wp\/v2\/categories?post=6102"},{"taxonomy":"post_tag","embeddable":true,"href":"https:\/\/www.interpeace.org\/fr\/wp-json\/wp\/v2\/tags?post=6102"},{"taxonomy":"globales","embeddable":true,"href":"https:\/\/www.interpeace.org\/fr\/wp-json\/wp\/v2\/globales?post=6102"},{"taxonomy":"initiatives","embeddable":true,"href":"https:\/\/www.interpeace.org\/fr\/wp-json\/wp\/v2\/initiatives?post=6102"},{"taxonomy":"news_type","embeddable":true,"href":"https:\/\/www.interpeace.org\/fr\/wp-json\/wp\/v2\/news_type?post=6102"},{"taxonomy":"programmes","embeddable":true,"href":"https:\/\/www.interpeace.org\/fr\/wp-json\/wp\/v2\/programmes?post=6102"},{"taxonomy":"resource_theme","embeddable":true,"href":"https:\/\/www.interpeace.org\/fr\/wp-json\/wp\/v2\/resource_theme?post=6102"},{"taxonomy":"videos_vimeo","embeddable":true,"href":"https:\/\/www.interpeace.org\/fr\/wp-json\/wp\/v2\/videos_vimeo?post=6102"}],"curies":[{"name":"wp","href":"https:\/\/api.w.org\/{rel}","templated":true}]}}