{"id":6089,"date":"2017-02-03T21:22:15","date_gmt":"2017-02-03T20:22:15","guid":{"rendered":"http:\/\/www.interpeace.org\/?p=6089"},"modified":"2017-05-04T18:36:45","modified_gmt":"2017-05-04T16:36:45","slug":"building-focusing-resilience","status":"publish","type":"post","link":"https:\/\/www.interpeace.org\/fr\/2017\/02\/building-focusing-resilience\/","title":{"rendered":"Building peace by focusing on people\u2019s resilience to conflict"},"content":{"rendered":"<p>Amid conflict and war, the people most affected by these circumstances have time and time again, risen from misfortune, because of their capacities to organize and transform conflict into opportunities for peace. Strengthening these already existing local capacities must therefore be a strategic priority to peacebuilding, as it ensures sustainability.<\/p>\n<p>The mainstream approach to peacebuilding is for the most part premised on finding solutions to fragility. As such, conflict analysis is the primary tool used to inform programmes and policies. Though an understanding of conflict dynamics, including root causes is necessary in order to develop an appropriate response, the fragility focus tends to overshadow the capacities and processes which are present, even in fragile contexts. Because even in the most challenging situations, there are individuals and communities acting to counter the effects and causes of conflict. Failure to take stock of these efforts can, and often does, undermine the effectiveness of peacebuilding interventions, warranting criticism that programmes and policies are too generic and not sufficiently context specific.<\/p>\n<p>Based on Interpeace\u2019s experience with its <a href=\"http:\/\/www.interpeace.org\/fr\/programme\/far\/\">Frameworks for Assessing Resilience programme (FAR)<\/a> in Liberia, Guatemala and Timor-Leste, we propose that using resilience assessments alongside conflict analyses can make peacebuilding initiatives more context-specific, more locally-owned and therefore more impactful. A resilience orientation offers an operational strategy for making peacebuilding more assertive about building peace via transformative processes as opposed to being solely a response to fragility.<\/p>\n<div id=\"attachment_6099\" style=\"width: 610px\" class=\"wp-caption alignnone\"><img loading=\"lazy\" decoding=\"async\" aria-describedby=\"caption-attachment-6099\" class=\"wp-image-6099 size-large\" src=\"http:\/\/www.interpeace.org\/wp-content\/uploads\/2017\/02\/Liberia-FAR-meeting-600x400.jpg\" width=\"600\" height=\"400\" srcset=\"https:\/\/www.interpeace.org\/wp-content\/uploads\/2017\/02\/Liberia-FAR-meeting-600x400.jpg 600w, https:\/\/www.interpeace.org\/wp-content\/uploads\/2017\/02\/Liberia-FAR-meeting-300x200.jpg 300w, https:\/\/www.interpeace.org\/wp-content\/uploads\/2017\/02\/Liberia-FAR-meeting-150x100.jpg 150w\" sizes=\"auto, (max-width: 600px) 100vw, 600px\" \/><p id=\"caption-attachment-6099\" class=\"wp-caption-text\">Liberia. Photo credit: Interpeace<\/p><\/div>\n<p><strong>What does resilience mean in the context of peacebuilding?\u00a0 <\/strong><\/p>\n<p>Resilience is about transformation. This \u201ctransformative\u201d dimension resonates particularly with peacebuilders who argue that positive peace is not just about the absence of violence, but constructive social change that replaces exclusionary, unjust and inequitable structures, for those that are inclusive, participatory and equitable.<\/p>\n<p>A resilience approach to peacebuilding gives particular importance to processes by which societies collectively and peacefully transform relationships to address the factors which enabled conflict to emerge in the first place. This transformative dimension evolves traditional interpretations of resilience where the emphasis is on bouncing back from an external shock.<\/p>\n<p>Resilience assessments seek to identify the already existing capacities and strengths in society, including individual personality traits, solidarity networks of communities and alternative livelihood strategies. Identifying these capacities provides context-specific information and fosters nationally-owned peacebuilding processes.<\/p>\n<p><strong>Frameworks for Assessing Resilience (FAR). <\/strong><\/p>\n<p>In 2014, Interpeace launched the Frameworks for Assessing Resilience (FAR) project to explore resilience as a key tool for advancing peacebuilding processes and to develop methods for assessing this. Rather than focusing on obstacles to peace, FAR seeks to identify resilience to conflict by looking for existing strengths, assets, capacities, strategies, processes and structures that allow individuals, communities and societies to overcome the legacy of past violent conflict, address current violence and threats to peace, and ultimately prevent future violent conflict.<\/p>\n<p>As countries with fragile peace environments, <a href=\"http:\/\/www.interpeace.org\/fr\/programme\/timor-leste\/\">Timor-Leste<\/a>, <a href=\"http:\/\/www.interpeace.org\/fr\/programme\/liberia\/\">Liberia<\/a> et un <a href=\"http:\/\/www.interpeace.org\/fr\/programme\/guatemala\/\">Guatemala<\/a> were chosen to deploy pilot FAR programmes. Under the FAR programme, country-level research was driven and implemented by local stakeholders engaged in deepening their understanding of existing resilience capacities in their societies, and invested in promoting peacebuilding processes. In Liberia and Timor-Leste, research was led by Interpeace\u2019s local partners, the Platform for Dialogue and Peace (P4DP) and the Centre of Studies for Peace and Development (CEPAD), respectively. In Guatemala, a team from <a href=\"http:\/\/www.interpeace.org\/fr\/latinoamerica\/\">Interpeace\u2019s regional Latin America Office<\/a> implemented the programme.<\/p>\n<p>In all three countries, research teams conducted nationwide consultations through focus group discussions and interviews in order to define context-specific resilience and map the different national strategies and resources. The findings of this exploratory phase provided the basis for multi-sector dialogues among key national stakeholders in the respective countries. These Participatory Action Research dialogues have resulted in concrete policy recommendations and action plans for strengthening peace and resilience.<\/p>\n<div id=\"attachment_6098\" style=\"width: 610px\" class=\"wp-caption alignnone\"><img loading=\"lazy\" decoding=\"async\" aria-describedby=\"caption-attachment-6098\" class=\"wp-image-6098 size-large\" src=\"http:\/\/www.interpeace.org\/wp-content\/uploads\/2017\/02\/Guatemala-FAR-meeting-600x400.jpg\" width=\"600\" height=\"400\" srcset=\"https:\/\/www.interpeace.org\/wp-content\/uploads\/2017\/02\/Guatemala-FAR-meeting-600x400.jpg 600w, https:\/\/www.interpeace.org\/wp-content\/uploads\/2017\/02\/Guatemala-FAR-meeting-300x200.jpg 300w, https:\/\/www.interpeace.org\/wp-content\/uploads\/2017\/02\/Guatemala-FAR-meeting-150x100.jpg 150w\" sizes=\"auto, (max-width: 600px) 100vw, 600px\" \/><p id=\"caption-attachment-6098\" class=\"wp-caption-text\">Guatemala. Photo credit: Interpeace<\/p><\/div>\n<p><strong>The convening power of the resilience approach <\/strong><\/p>\n<p>A resilience-orientation seeks to ascertain the existing resources that people tap into and the strategies, strengths, assets and capacities available to them, to cope with or transform conditions that threaten peace and provoke new patterns of violence.<\/p>\n<p>Reorienting focus group discussions or interviews away from fragility to discuss the strengths, capacities or skills to cope can have a transformative impact on the persons engaged. The experiences of the three pilot programmes revealed that national actors have greater confidence and are more willing to take ownership of dialogue processes that are organized around resilience and their ability to effect change. \u201cResilience\u201d as opposed to \u201cfragility\u201d has a converging and convening power. Discussing the resilience of a country rather than its fractures makes convening opposing parties easier.<\/p>\n<p><strong>Resilience does not automatically translate to peace <\/strong><\/p>\n<p>Recognizing that resilience is not unequivocally good but a neutral concept with the potential of bringing about both positive and negative outcomes has important implications for the design of peacebuilding strategies. Thus, the careful analysis of which capacities have the potential to bring about peace, and which need to be mitigated should be an integral part of any resilience assessment. Identifying negative manifestations of resilience - such as violent youth gangs \u2013 can inform peacebuilding strategies in particular ways. Whereas a fragility-informed intervention would likely seek to stop such violent practices and dismantle these groups altogether, peacebuilding interventions informed by a resilience orientation will explore how to build on these existing capacities and solidarity networks while focusing on mitigating or eliminating the violent tactics employed.<\/p>\n<p><strong>Resilience as a common basis for humanitarian response <\/strong><\/p>\n<p>Peace cannot be built without interventions that include positive economic models, security provision, political participation, social services, environmental protection, rule of law and humanitarian protection. Resilience has the potential to link these parallel interventions by integrating peacebuilding processes more effectively.<\/p>\n<p>Conflict is an incremental stressor that undermines the strength and cohesion that is needed to deal with external shocks such as natural disasters. A resilience-orientation can help societies detect and strengthen existing assets before violence occurs. Resilience promotes a preventive, rather than a remedial approach to peacebuilding.<\/p>\n<div id=\"attachment_6093\" style=\"width: 610px\" class=\"wp-caption alignnone\"><img loading=\"lazy\" decoding=\"async\" aria-describedby=\"caption-attachment-6093\" class=\"wp-image-6093 size-large\" src=\"http:\/\/www.interpeace.org\/wp-content\/uploads\/2017\/02\/Timor-Leste-conference-FAR-woman-low-res-600x400.jpg\" width=\"600\" height=\"400\" srcset=\"https:\/\/www.interpeace.org\/wp-content\/uploads\/2017\/02\/Timor-Leste-conference-FAR-woman-low-res-600x400.jpg 600w, https:\/\/www.interpeace.org\/wp-content\/uploads\/2017\/02\/Timor-Leste-conference-FAR-woman-low-res-300x200.jpg 300w, https:\/\/www.interpeace.org\/wp-content\/uploads\/2017\/02\/Timor-Leste-conference-FAR-woman-low-res-150x100.jpg 150w\" sizes=\"auto, (max-width: 600px) 100vw, 600px\" \/><p id=\"caption-attachment-6093\" class=\"wp-caption-text\">Timor Leste. Photo credit: Steve Tickner<\/p><\/div>\n<p><strong>For a better understanding of the resilience approach:<\/strong><\/p>\n<p>Lire le <a href=\"http:\/\/3n589z370e6o2eata9wahfl4.wpengine.netdna-cdn.com\/wp-content\/uploads\/2016\/06\/2016-FAR-Guidace-note-Assesing-Resilience-for-Peace-v7.pdf\">note d'orientation afin d'\u00e9valuer la r\u00e9silience pour la paix<\/a>.<\/p>\n<p>Lire une <a href=\"http:\/\/3n589z370e6o2eata9wahfl4.wpengine.netdna-cdn.com\/wp-content\/uploads\/2016\/06\/Practice_Brief-Resilience_and_Peacebuilding-A4-v3.pdf\">bref expos\u00e9<\/a>\u00a0qui refl\u00e8te ce que l'exp\u00e9rience du FAR nous a appris sur les sp\u00e9cificit\u00e9s de la r\u00e9silience en relation avec les conflits et la valeur ajout\u00e9e de l'utilisation d'une approche de r\u00e9silience pour la consolidation de la paix<\/p>\n<p>Lire une <a href=\"http:\/\/3n589z370e6o2eata9wahfl4.wpengine.netdna-cdn.com\/wp-content\/uploads\/2016\/06\/2016-FAR-Brief-2-Resilience-and-the-SDGs.pdf\">note d'information<\/a>\u00a0sur la pertinence de la r\u00e9silience pour la paix dans la poursuite des Objectifs de d\u00e9veloppement durable de l'Agenda 2030.<\/p>\n<p><strong>En savoir plus sur les \u00e9tudes de cas sp\u00e9cifiques :<\/strong><\/p>\n<p>Lire le <a href=\"http:\/\/3n589z370e6o2eata9wahfl4.wpengine.netdna-cdn.com\/wp-content\/uploads\/2015\/11\/2015_11_17_Liberia-Country-Note-2015.pdf\">rapport sur le Liberia<\/a>.<\/p>\n<p>Lire le <a href=\"http:\/\/3n589z370e6o2eata9wahfl4.wpengine.netdna-cdn.com\/wp-content\/uploads\/2016\/05\/2016-FAR-Timor-Understanding-and-Strengthening-Resilience-for-Peace-v3....pdf\">rapport sur le Timor oriental<\/a>.<\/p>\n<p>Lire le <a href=\"http:\/\/3n589z370e6o2eata9wahfl4.wpengine.netdna-cdn.com\/wp-content\/uploads\/2016\/05\/Timor_20160530.pdf\">rapport d'enqu\u00eate sur le Timor oriental<\/a>.<\/p>\n<p>Lire le <a href=\"http:\/\/3n589z370e6o2eata9wahfl4.wpengine.netdna-cdn.com\/wp-content\/uploads\/2016\/05\/web_Frameworks-for-Assessing-Resilience-English-v4.pdf\">rapport sur le Guatemala<\/a>.<\/p>\n<p>Lire le <a href=\"http:\/\/3n589z370e6o2eata9wahfl4.wpengine.netdna-cdn.com\/wp-content\/uploads\/2016\/06\/Guatemala_20160530.pdf\">rapport d'enqu\u00eate sur le Guatemala<\/a>.<\/p>","protected":false},"excerpt":{"rendered":"<p>Amid conflict and war, the people most affected by these circumstances have time and time again, risen from misfortune, because of their capacities to organize and transform conflict into opportunities for peace. Strengthening these already existing local capacities must therefore be a strategic priority to peacebuilding, as it ensures sustainability. The mainstream approach to peacebuilding [&hellip;]<\/p>\n","protected":false},"author":1,"featured_media":6093,"comment_status":"closed","ping_status":"closed","sticky":false,"template":"","format":"standard","meta":{"_acf_changed":false,"_editorskit_title_hidden":false,"_editorskit_reading_time":0,"_editorskit_is_block_options_detached":false,"_editorskit_block_options_position":"{}","editor_plus_copied_stylings":"{}","_exactmetrics_skip_tracking":false,"_exactmetrics_sitenote_active":false,"_exactmetrics_sitenote_note":"","_exactmetrics_sitenote_category":0,"footnotes":"","_links_to":"","_links_to_target":""},"categories":[1],"tags":[],"globales":[],"initiatives":[],"news_type":[],"programmes":[87,89],"resource_theme":[514,515,536],"videos_vimeo":[],"class_list":["post-6089","post","type-post","status-publish","format-standard","has-post-thumbnail","hentry","category-uncategorized","programmes-global-programmes","programmes-far","resource_theme-civil-society","resource_theme-conflict-analysis","resource_theme-resilience"],"acf":[],"yoast_head":"<!-- This site is optimized with the Yoast SEO Premium plugin v27.4 (Yoast SEO v27.4) - https:\/\/yoast.com\/product\/yoast-seo-premium-wordpress\/ -->\n<title>Building peace by focusing on people\u2019s resilience to conflict - Interpeace<\/title>\n<meta name=\"robots\" content=\"index, follow, max-snippet:-1, max-image-preview:large, max-video-preview:-1\" \/>\n<link rel=\"canonical\" href=\"https:\/\/www.interpeace.org\/fr\/2017\/02\/building-focusing-resilience\/\" \/>\n<meta property=\"og:locale\" content=\"fr_FR\" \/>\n<meta property=\"og:type\" content=\"article\" \/>\n<meta property=\"og:title\" content=\"Building peace by focusing on people\u2019s resilience to conflict\" \/>\n<meta property=\"og:description\" content=\"Amid conflict and war, the people most affected by these circumstances have time and time again, risen from misfortune, because of their capacities to organize and transform conflict into opportunities for peace. Strengthening these already existing local capacities must therefore be a strategic priority to peacebuilding, as it ensures sustainability. The mainstream approach to peacebuilding [&hellip;]\" \/>\n<meta property=\"og:url\" content=\"https:\/\/www.interpeace.org\/fr\/2017\/02\/building-focusing-resilience\/\" \/>\n<meta property=\"og:site_name\" content=\"Interpeace\" \/>\n<meta property=\"article:publisher\" content=\"https:\/\/www.facebook.com\/Interpeace\" \/>\n<meta property=\"article:published_time\" content=\"2017-02-03T20:22:15+00:00\" \/>\n<meta property=\"article:modified_time\" content=\"2017-05-04T16:36:45+00:00\" \/>\n<meta property=\"og:image\" content=\"https:\/\/www.interpeace.org\/wp-content\/uploads\/2017\/02\/Timor-Leste-conference-FAR-woman-low-res-1000x500.jpg\" \/>\n\t<meta property=\"og:image:width\" content=\"1000\" \/>\n\t<meta property=\"og:image:height\" content=\"664\" \/>\n\t<meta property=\"og:image:type\" content=\"image\/jpeg\" \/>\n<meta name=\"author\" content=\"Alejandro\" \/>\n<meta name=\"twitter:card\" content=\"summary_large_image\" \/>\n<meta name=\"twitter:creator\" content=\"@InterpeaceTweet\" \/>\n<meta name=\"twitter:site\" content=\"@InterpeaceTweet\" \/>\n<meta name=\"twitter:label1\" content=\"\u00c9crit par\" \/>\n\t<meta name=\"twitter:data1\" content=\"Alejandro\" \/>\n\t<meta name=\"twitter:label2\" content=\"Dur\u00e9e de lecture estim\u00e9e\" \/>\n\t<meta name=\"twitter:data2\" content=\"6 minutes\" \/>\n<script type=\"application\/ld+json\" class=\"yoast-schema-graph\">{\"@context\":\"https:\\\/\\\/schema.org\",\"@graph\":[{\"@type\":\"Article\",\"@id\":\"https:\\\/\\\/www.interpeace.org\\\/fr\\\/2017\\\/02\\\/building-focusing-resilience\\\/#article\",\"isPartOf\":{\"@id\":\"https:\\\/\\\/www.interpeace.org\\\/fr\\\/2017\\\/02\\\/building-focusing-resilience\\\/\"},\"author\":{\"name\":\"Alejandro\",\"@id\":\"https:\\\/\\\/www.interpeace.org\\\/#\\\/schema\\\/person\\\/75fea8ede2ce310d5f1bea81166bf9a1\"},\"headline\":\"Building peace by focusing on people\u2019s resilience to conflict\",\"datePublished\":\"2017-02-03T20:22:15+00:00\",\"dateModified\":\"2017-05-04T16:36:45+00:00\",\"mainEntityOfPage\":{\"@id\":\"https:\\\/\\\/www.interpeace.org\\\/fr\\\/2017\\\/02\\\/building-focusing-resilience\\\/\"},\"wordCount\":1117,\"publisher\":{\"@id\":\"https:\\\/\\\/www.interpeace.org\\\/#organization\"},\"image\":{\"@id\":\"https:\\\/\\\/www.interpeace.org\\\/fr\\\/2017\\\/02\\\/building-focusing-resilience\\\/#primaryimage\"},\"thumbnailUrl\":\"https:\\\/\\\/www.interpeace.org\\\/wp-content\\\/uploads\\\/2017\\\/02\\\/Timor-Leste-conference-FAR-woman-low-res-1000x500.jpg\",\"articleSection\":[\"Uncategorized\"],\"inLanguage\":\"fr-FR\"},{\"@type\":\"WebPage\",\"@id\":\"https:\\\/\\\/www.interpeace.org\\\/fr\\\/2017\\\/02\\\/building-focusing-resilience\\\/\",\"url\":\"https:\\\/\\\/www.interpeace.org\\\/fr\\\/2017\\\/02\\\/building-focusing-resilience\\\/\",\"name\":\"Building peace by focusing on people\u2019s resilience to conflict - Interpeace\",\"isPartOf\":{\"@id\":\"https:\\\/\\\/www.interpeace.org\\\/#website\"},\"primaryImageOfPage\":{\"@id\":\"https:\\\/\\\/www.interpeace.org\\\/fr\\\/2017\\\/02\\\/building-focusing-resilience\\\/#primaryimage\"},\"image\":{\"@id\":\"https:\\\/\\\/www.interpeace.org\\\/fr\\\/2017\\\/02\\\/building-focusing-resilience\\\/#primaryimage\"},\"thumbnailUrl\":\"https:\\\/\\\/www.interpeace.org\\\/wp-content\\\/uploads\\\/2017\\\/02\\\/Timor-Leste-conference-FAR-woman-low-res-1000x500.jpg\",\"datePublished\":\"2017-02-03T20:22:15+00:00\",\"dateModified\":\"2017-05-04T16:36:45+00:00\",\"breadcrumb\":{\"@id\":\"https:\\\/\\\/www.interpeace.org\\\/fr\\\/2017\\\/02\\\/building-focusing-resilience\\\/#breadcrumb\"},\"inLanguage\":\"fr-FR\",\"potentialAction\":[{\"@type\":\"ReadAction\",\"target\":[\"https:\\\/\\\/www.interpeace.org\\\/fr\\\/2017\\\/02\\\/building-focusing-resilience\\\/\"]}]},{\"@type\":\"ImageObject\",\"inLanguage\":\"fr-FR\",\"@id\":\"https:\\\/\\\/www.interpeace.org\\\/fr\\\/2017\\\/02\\\/building-focusing-resilience\\\/#primaryimage\",\"url\":\"https:\\\/\\\/www.interpeace.org\\\/wp-content\\\/uploads\\\/2017\\\/02\\\/Timor-Leste-conference-FAR-woman-low-res-1000x500.jpg\",\"contentUrl\":\"https:\\\/\\\/www.interpeace.org\\\/wp-content\\\/uploads\\\/2017\\\/02\\\/Timor-Leste-conference-FAR-woman-low-res-1000x500.jpg\",\"width\":1000,\"height\":664,\"caption\":\"Timor-Leste. Photo credit: Steve Tickner\"},{\"@type\":\"BreadcrumbList\",\"@id\":\"https:\\\/\\\/www.interpeace.org\\\/fr\\\/2017\\\/02\\\/building-focusing-resilience\\\/#breadcrumb\",\"itemListElement\":[{\"@type\":\"ListItem\",\"position\":1,\"name\":\"Home\",\"item\":\"https:\\\/\\\/www.interpeace.org\\\/\"},{\"@type\":\"ListItem\",\"position\":2,\"name\":\"Building peace by focusing on people\u2019s resilience to conflict\"}]},{\"@type\":\"WebSite\",\"@id\":\"https:\\\/\\\/www.interpeace.org\\\/#website\",\"url\":\"https:\\\/\\\/www.interpeace.org\\\/\",\"name\":\"Interpeace\",\"description\":\"Enabling people to build lasting peace since 1994\",\"publisher\":{\"@id\":\"https:\\\/\\\/www.interpeace.org\\\/#organization\"},\"potentialAction\":[{\"@type\":\"SearchAction\",\"target\":{\"@type\":\"EntryPoint\",\"urlTemplate\":\"https:\\\/\\\/www.interpeace.org\\\/?s={search_term_string}\"},\"query-input\":{\"@type\":\"PropertyValueSpecification\",\"valueRequired\":true,\"valueName\":\"search_term_string\"}}],\"inLanguage\":\"fr-FR\"},{\"@type\":\"Organization\",\"@id\":\"https:\\\/\\\/www.interpeace.org\\\/#organization\",\"name\":\"INTERPEACE\",\"url\":\"https:\\\/\\\/www.interpeace.org\\\/\",\"logo\":{\"@type\":\"ImageObject\",\"inLanguage\":\"fr-FR\",\"@id\":\"https:\\\/\\\/www.interpeace.org\\\/#\\\/schema\\\/logo\\\/image\\\/\",\"url\":\"https:\\\/\\\/www.interpeace.org\\\/wp-content\\\/uploads\\\/2019\\\/11\\\/EN-Interpeace-small.png\",\"contentUrl\":\"https:\\\/\\\/www.interpeace.org\\\/wp-content\\\/uploads\\\/2019\\\/11\\\/EN-Interpeace-small.png\",\"width\":111,\"height\":85,\"caption\":\"INTERPEACE\"},\"image\":{\"@id\":\"https:\\\/\\\/www.interpeace.org\\\/#\\\/schema\\\/logo\\\/image\\\/\"},\"sameAs\":[\"https:\\\/\\\/www.facebook.com\\\/Interpeace\",\"https:\\\/\\\/x.com\\\/InterpeaceTweet\",\"https:\\\/\\\/www.instagram.com\\\/interpeace\\\/\"]},{\"@type\":\"Person\",\"@id\":\"https:\\\/\\\/www.interpeace.org\\\/#\\\/schema\\\/person\\\/75fea8ede2ce310d5f1bea81166bf9a1\",\"name\":\"Alejandro\",\"image\":{\"@type\":\"ImageObject\",\"inLanguage\":\"fr-FR\",\"@id\":\"https:\\\/\\\/secure.gravatar.com\\\/avatar\\\/a5627fb156910981ea3ab2405e881b80c8234e50bb58a577081f805dd3bfd753?s=96&d=mm&r=g\",\"url\":\"https:\\\/\\\/secure.gravatar.com\\\/avatar\\\/a5627fb156910981ea3ab2405e881b80c8234e50bb58a577081f805dd3bfd753?s=96&d=mm&r=g\",\"contentUrl\":\"https:\\\/\\\/secure.gravatar.com\\\/avatar\\\/a5627fb156910981ea3ab2405e881b80c8234e50bb58a577081f805dd3bfd753?s=96&d=mm&r=g\",\"caption\":\"Alejandro\"},\"url\":\"https:\\\/\\\/www.interpeace.org\\\/fr\\\/author\\\/amoralesruiz-gm\\\/\"}]}<\/script>\n<!-- \/ Yoast SEO Premium plugin. -->","yoast_head_json":{"title":"Building peace by focusing on people\u2019s resilience to conflict - Interpeace","robots":{"index":"index","follow":"follow","max-snippet":"max-snippet:-1","max-image-preview":"max-image-preview:large","max-video-preview":"max-video-preview:-1"},"canonical":"https:\/\/www.interpeace.org\/fr\/2017\/02\/building-focusing-resilience\/","og_locale":"fr_FR","og_type":"article","og_title":"Building peace by focusing on people\u2019s resilience to conflict","og_description":"Amid conflict and war, the people most affected by these circumstances have time and time again, risen from misfortune, because of their capacities to organize and transform conflict into opportunities for peace. Strengthening these already existing local capacities must therefore be a strategic priority to peacebuilding, as it ensures sustainability. The mainstream approach to peacebuilding [&hellip;]","og_url":"https:\/\/www.interpeace.org\/fr\/2017\/02\/building-focusing-resilience\/","og_site_name":"Interpeace","article_publisher":"https:\/\/www.facebook.com\/Interpeace","article_published_time":"2017-02-03T20:22:15+00:00","article_modified_time":"2017-05-04T16:36:45+00:00","og_image":[{"width":1000,"height":664,"url":"https:\/\/www.interpeace.org\/wp-content\/uploads\/2017\/02\/Timor-Leste-conference-FAR-woman-low-res-1000x500.jpg","type":"image\/jpeg"}],"author":"Alejandro","twitter_card":"summary_large_image","twitter_creator":"@InterpeaceTweet","twitter_site":"@InterpeaceTweet","twitter_misc":{"\u00c9crit par":"Alejandro","Dur\u00e9e de lecture estim\u00e9e":"6 minutes"},"schema":{"@context":"https:\/\/schema.org","@graph":[{"@type":"Article","@id":"https:\/\/www.interpeace.org\/fr\/2017\/02\/building-focusing-resilience\/#article","isPartOf":{"@id":"https:\/\/www.interpeace.org\/fr\/2017\/02\/building-focusing-resilience\/"},"author":{"name":"Alejandro","@id":"https:\/\/www.interpeace.org\/#\/schema\/person\/75fea8ede2ce310d5f1bea81166bf9a1"},"headline":"Building peace by focusing on people\u2019s resilience to conflict","datePublished":"2017-02-03T20:22:15+00:00","dateModified":"2017-05-04T16:36:45+00:00","mainEntityOfPage":{"@id":"https:\/\/www.interpeace.org\/fr\/2017\/02\/building-focusing-resilience\/"},"wordCount":1117,"publisher":{"@id":"https:\/\/www.interpeace.org\/#organization"},"image":{"@id":"https:\/\/www.interpeace.org\/fr\/2017\/02\/building-focusing-resilience\/#primaryimage"},"thumbnailUrl":"https:\/\/www.interpeace.org\/wp-content\/uploads\/2017\/02\/Timor-Leste-conference-FAR-woman-low-res-1000x500.jpg","articleSection":["Uncategorized"],"inLanguage":"fr-FR"},{"@type":"WebPage","@id":"https:\/\/www.interpeace.org\/fr\/2017\/02\/building-focusing-resilience\/","url":"https:\/\/www.interpeace.org\/fr\/2017\/02\/building-focusing-resilience\/","name":"Building peace by focusing on people\u2019s resilience to conflict - Interpeace","isPartOf":{"@id":"https:\/\/www.interpeace.org\/#website"},"primaryImageOfPage":{"@id":"https:\/\/www.interpeace.org\/fr\/2017\/02\/building-focusing-resilience\/#primaryimage"},"image":{"@id":"https:\/\/www.interpeace.org\/fr\/2017\/02\/building-focusing-resilience\/#primaryimage"},"thumbnailUrl":"https:\/\/www.interpeace.org\/wp-content\/uploads\/2017\/02\/Timor-Leste-conference-FAR-woman-low-res-1000x500.jpg","datePublished":"2017-02-03T20:22:15+00:00","dateModified":"2017-05-04T16:36:45+00:00","breadcrumb":{"@id":"https:\/\/www.interpeace.org\/fr\/2017\/02\/building-focusing-resilience\/#breadcrumb"},"inLanguage":"fr-FR","potentialAction":[{"@type":"ReadAction","target":["https:\/\/www.interpeace.org\/fr\/2017\/02\/building-focusing-resilience\/"]}]},{"@type":"ImageObject","inLanguage":"fr-FR","@id":"https:\/\/www.interpeace.org\/fr\/2017\/02\/building-focusing-resilience\/#primaryimage","url":"https:\/\/www.interpeace.org\/wp-content\/uploads\/2017\/02\/Timor-Leste-conference-FAR-woman-low-res-1000x500.jpg","contentUrl":"https:\/\/www.interpeace.org\/wp-content\/uploads\/2017\/02\/Timor-Leste-conference-FAR-woman-low-res-1000x500.jpg","width":1000,"height":664,"caption":"Timor-Leste. Photo credit: Steve Tickner"},{"@type":"BreadcrumbList","@id":"https:\/\/www.interpeace.org\/fr\/2017\/02\/building-focusing-resilience\/#breadcrumb","itemListElement":[{"@type":"ListItem","position":1,"name":"Home","item":"https:\/\/www.interpeace.org\/"},{"@type":"ListItem","position":2,"name":"Building peace by focusing on people\u2019s resilience to conflict"}]},{"@type":"WebSite","@id":"https:\/\/www.interpeace.org\/#website","url":"https:\/\/www.interpeace.org\/","name":"Interpeace","description":"Permettre aux gens de construire une paix durable depuis 1994","publisher":{"@id":"https:\/\/www.interpeace.org\/#organization"},"potentialAction":[{"@type":"SearchAction","target":{"@type":"EntryPoint","urlTemplate":"https:\/\/www.interpeace.org\/?s={search_term_string}"},"query-input":{"@type":"PropertyValueSpecification","valueRequired":true,"valueName":"search_term_string"}}],"inLanguage":"fr-FR"},{"@type":"Organization","@id":"https:\/\/www.interpeace.org\/#organization","name":"INTERPEACE","url":"https:\/\/www.interpeace.org\/","logo":{"@type":"ImageObject","inLanguage":"fr-FR","@id":"https:\/\/www.interpeace.org\/#\/schema\/logo\/image\/","url":"https:\/\/www.interpeace.org\/wp-content\/uploads\/2019\/11\/EN-Interpeace-small.png","contentUrl":"https:\/\/www.interpeace.org\/wp-content\/uploads\/2019\/11\/EN-Interpeace-small.png","width":111,"height":85,"caption":"INTERPEACE"},"image":{"@id":"https:\/\/www.interpeace.org\/#\/schema\/logo\/image\/"},"sameAs":["https:\/\/www.facebook.com\/Interpeace","https:\/\/x.com\/InterpeaceTweet","https:\/\/www.instagram.com\/interpeace\/"]},{"@type":"Person","@id":"https:\/\/www.interpeace.org\/#\/schema\/person\/75fea8ede2ce310d5f1bea81166bf9a1","name":"Alejandro","image":{"@type":"ImageObject","inLanguage":"fr-FR","@id":"https:\/\/secure.gravatar.com\/avatar\/a5627fb156910981ea3ab2405e881b80c8234e50bb58a577081f805dd3bfd753?s=96&d=mm&r=g","url":"https:\/\/secure.gravatar.com\/avatar\/a5627fb156910981ea3ab2405e881b80c8234e50bb58a577081f805dd3bfd753?s=96&d=mm&r=g","contentUrl":"https:\/\/secure.gravatar.com\/avatar\/a5627fb156910981ea3ab2405e881b80c8234e50bb58a577081f805dd3bfd753?s=96&d=mm&r=g","caption":"Alejandro"},"url":"https:\/\/www.interpeace.org\/fr\/author\/amoralesruiz-gm\/"}]}},"_links":{"self":[{"href":"https:\/\/www.interpeace.org\/fr\/wp-json\/wp\/v2\/posts\/6089","targetHints":{"allow":["GET"]}}],"collection":[{"href":"https:\/\/www.interpeace.org\/fr\/wp-json\/wp\/v2\/posts"}],"about":[{"href":"https:\/\/www.interpeace.org\/fr\/wp-json\/wp\/v2\/types\/post"}],"author":[{"embeddable":true,"href":"https:\/\/www.interpeace.org\/fr\/wp-json\/wp\/v2\/users\/1"}],"replies":[{"embeddable":true,"href":"https:\/\/www.interpeace.org\/fr\/wp-json\/wp\/v2\/comments?post=6089"}],"version-history":[{"count":0,"href":"https:\/\/www.interpeace.org\/fr\/wp-json\/wp\/v2\/posts\/6089\/revisions"}],"wp:featuredmedia":[{"embeddable":true,"href":"https:\/\/www.interpeace.org\/fr\/wp-json\/wp\/v2\/media\/6093"}],"wp:attachment":[{"href":"https:\/\/www.interpeace.org\/fr\/wp-json\/wp\/v2\/media?parent=6089"}],"wp:term":[{"taxonomy":"category","embeddable":true,"href":"https:\/\/www.interpeace.org\/fr\/wp-json\/wp\/v2\/categories?post=6089"},{"taxonomy":"post_tag","embeddable":true,"href":"https:\/\/www.interpeace.org\/fr\/wp-json\/wp\/v2\/tags?post=6089"},{"taxonomy":"globales","embeddable":true,"href":"https:\/\/www.interpeace.org\/fr\/wp-json\/wp\/v2\/globales?post=6089"},{"taxonomy":"initiatives","embeddable":true,"href":"https:\/\/www.interpeace.org\/fr\/wp-json\/wp\/v2\/initiatives?post=6089"},{"taxonomy":"news_type","embeddable":true,"href":"https:\/\/www.interpeace.org\/fr\/wp-json\/wp\/v2\/news_type?post=6089"},{"taxonomy":"programmes","embeddable":true,"href":"https:\/\/www.interpeace.org\/fr\/wp-json\/wp\/v2\/programmes?post=6089"},{"taxonomy":"resource_theme","embeddable":true,"href":"https:\/\/www.interpeace.org\/fr\/wp-json\/wp\/v2\/resource_theme?post=6089"},{"taxonomy":"videos_vimeo","embeddable":true,"href":"https:\/\/www.interpeace.org\/fr\/wp-json\/wp\/v2\/videos_vimeo?post=6089"}],"curies":[{"name":"wp","href":"https:\/\/api.w.org\/{rel}","templated":true}]}}