{"id":6032,"date":"2016-12-20T19:36:59","date_gmt":"2016-12-20T18:36:59","guid":{"rendered":"http:\/\/www.interpeace.org\/?p=6032"},"modified":"2024-01-19T18:25:22","modified_gmt":"2024-01-19T17:25:22","slug":"building-peace-mandera","status":"publish","type":"post","link":"https:\/\/www.interpeace.org\/fr\/2016\/12\/building-peace-mandera\/","title":{"rendered":"Building Peace in Mandera, One Step at a Time"},"content":{"rendered":"<p>For three days between 14-16 December 2016, a cross-section of stakeholders from Mandera County held a peacebuilding forum in Mandera town, along Kenya\u2019s tri-border with Somalia and Ethiopia, to validate the findings of the consultative phase of the <a href=\"http:\/\/www.interpeace.org\/fr\/programme\/kenya\/\">Mandera Peacebuilding Programme<\/a>.<\/p>\n<p>The programme is jointly implemented in Mandera County by Interpeace and Kenya\u2019s <a href=\"https:\/\/www.cohesion.or.ke\/\">National Cohesion and Integration Commission<\/a> (NCIC), with the support of the German Federal Foreign Office. Its objective is to achieve sustainable, long term peace in Mandera County through the collective identification of the challenges to peace and the participatory development of consensus-based solutions to the challenges.<\/p>\n<p>Towards this end, the Mandera programme aims to integrate grassroots aspirations for peace, building upon local capacities and providing a strategic link with decision and policy makers at the county and national level. Its approach marks a departure from past peace initiatives, which were largely top-down interventions mobilised to contain specific situations that had already escalated into violence.<\/p>\n<p>Participants at the forum included Mandera Governor Ali Roba, Senator Billow Kerrow, NCIC CEO Hassan Sheikh Mohamed, all Members of Parliament from the County and other local leaders, Interpeace\u2019s Johan Svensson and representatives of the local communities.<\/p>\n<div id=\"attachment_6033\" style=\"width: 642px\" class=\"wp-caption alignnone\"><a href=\"http:\/\/www.interpeace.org\/wp-content\/uploads\/2016\/12\/03-LEFT-to-RIGHT-Mandera-East-MP-Abdiaziz-Ali-Farah-Right-County-Commissioner-Fredrick-Shisia-and-Interpeaces-Johan-Svensson.jpg\"><img loading=\"lazy\" decoding=\"async\" aria-describedby=\"caption-attachment-6033\" class=\"wp-image-6033\" src=\"http:\/\/www.interpeace.org\/wp-content\/uploads\/2016\/12\/03-LEFT-to-RIGHT-Mandera-East-MP-Abdiaziz-Ali-Farah-Right-County-Commissioner-Fredrick-Shisia-and-Interpeaces-Johan-Svensson-600x400.jpg\" alt=\"03 -\" width=\"632\" height=\"421\" srcset=\"https:\/\/www.interpeace.org\/wp-content\/uploads\/2016\/12\/03-LEFT-to-RIGHT-Mandera-East-MP-Abdiaziz-Ali-Farah-Right-County-Commissioner-Fredrick-Shisia-and-Interpeaces-Johan-Svensson-600x400.jpg 600w, https:\/\/www.interpeace.org\/wp-content\/uploads\/2016\/12\/03-LEFT-to-RIGHT-Mandera-East-MP-Abdiaziz-Ali-Farah-Right-County-Commissioner-Fredrick-Shisia-and-Interpeaces-Johan-Svensson-300x200.jpg 300w, https:\/\/www.interpeace.org\/wp-content\/uploads\/2016\/12\/03-LEFT-to-RIGHT-Mandera-East-MP-Abdiaziz-Ali-Farah-Right-County-Commissioner-Fredrick-Shisia-and-Interpeaces-Johan-Svensson-150x100.jpg 150w, https:\/\/www.interpeace.org\/wp-content\/uploads\/2016\/12\/03-LEFT-to-RIGHT-Mandera-East-MP-Abdiaziz-Ali-Farah-Right-County-Commissioner-Fredrick-Shisia-and-Interpeaces-Johan-Svensson.jpg 1000w\" sizes=\"auto, (max-width: 632px) 100vw, 632px\" \/><\/a><p id=\"caption-attachment-6033\" class=\"wp-caption-text\">LEFT to RIGHT - Mandera East MP Abdiaziz Ali Farah, County Commissioner Fredrick Shisia and Interpeace's Johan Svensson. Photo credit: Interpeace.<\/p><\/div>\n<p>The forum was officially opened by Governor Roba, who set the stage by denouncing the clannism that has long made peace elusive for residents of Mandera.<\/p>\n<p>\u201cWhen a wrong is committed, let us focus on the individuals suspected of culpability, not their clans collectively,\u201d Governor Roba said in his opening remarks.<\/p>\n<p>Mandera\u2019s population is mainly ethnic Somali. Despite being almost homogenous in the ethnic sense, rivalries between the four main clans \u2013 the Garreh, Murule, Degodia and the \u2018Corner tribes,\u2019 which are the smaller clans \u00a0\u2013 have often led to episodes of conflict, which periodically degenerate into violent clashes. The conflicts, traditionally fuelled by competition over resources, have been exacerbated by new conflict drivers such as competition between clans for political influence, disputes over land and rampant insecurity due to constant attacks by Al Shabaab militants from Somalia.<\/p>\n<p>The devolution of governance in Kenya, which was a key plank in a new Constitution adopted in 2010, has intensified competition for political positions, perceived as a guarantee for access to economic resources by the \u201cwinning\u201d clans to the disadvantage of the \u201closing\u201d clans. This contestation over political posts has emerged as a critical point of concern for the residents of Mandera ahead of local and national elections scheduled for 2017.<\/p>\n<p>Considering the complexity of the situation, stakeholders resolved that all hands are needed on deck to make sustainable peace a reality for the people of Mandera.<\/p>\n<p>\u201cEveryone has a role in building lasting peace,\u201d said Mr Johan Svensson, representing Interpeace in Eastern and Central Africa. \u201cIt is a process that requires the participation of all the stakeholders across the society.\u201d<\/p>\n<div id=\"attachment_6034\" style=\"width: 630px\" class=\"wp-caption alignnone\"><a href=\"http:\/\/www.interpeace.org\/wp-content\/uploads\/2016\/12\/01-Participants-vote-on-their-priorities-for-peace.jpg\"><img loading=\"lazy\" decoding=\"async\" aria-describedby=\"caption-attachment-6034\" class=\"wp-image-6034\" src=\"http:\/\/www.interpeace.org\/wp-content\/uploads\/2016\/12\/01-Participants-vote-on-their-priorities-for-peace-600x400.jpg\" alt=\"01 - \" width=\"620\" height=\"413\" srcset=\"https:\/\/www.interpeace.org\/wp-content\/uploads\/2016\/12\/01-Participants-vote-on-their-priorities-for-peace-600x400.jpg 600w, https:\/\/www.interpeace.org\/wp-content\/uploads\/2016\/12\/01-Participants-vote-on-their-priorities-for-peace-300x200.jpg 300w, https:\/\/www.interpeace.org\/wp-content\/uploads\/2016\/12\/01-Participants-vote-on-their-priorities-for-peace-150x100.jpg 150w, https:\/\/www.interpeace.org\/wp-content\/uploads\/2016\/12\/01-Participants-vote-on-their-priorities-for-peace.jpg 1000w\" sizes=\"auto, (max-width: 620px) 100vw, 620px\" \/><\/a><p id=\"caption-attachment-6034\" class=\"wp-caption-text\">Participants vote on their priorities for peace. Photo credit: Interpeace.<\/p><\/div>\n<p>The NCIC \u2013 formed to facilitate and promote equality of opportunity, good relations, harmony and peaceful coexistence between persons of different ethnic, colour, religious and racial backgrounds in Kenya \u2013 has pledged its full support in bridging between the vertical space between the aspirations of grassroots communities in Mandera and grassroots populations at the national level.<\/p>\n<p>\u201cWe take issues of peace very seriously, and we will spare no effort in facilitating this initiative to bring lasting peace to Mandera,\u201d NCIC\u2019s CEO Hassan Sheikh Mohamed said.<\/p>\n<p>The role of social media also came into focus at the forum, with participants urging the NCIC to educate Kenyans on the responsible use of social media to help avert poll violence.<\/p>\n<p>\u201cSocial media is useful, but let us not allow it to fuel divisions. We are Muslims \u2013 we are a people of peace,\u201d said Mandera Women Representative Fathia Mahboub.<\/p>\n<div id=\"attachment_6035\" style=\"width: 642px\" class=\"wp-caption alignnone\"><a href=\"http:\/\/www.interpeace.org\/wp-content\/uploads\/2016\/12\/02-Elders-keenly-follow-proceedings-at-the-forum.jpg\"><img loading=\"lazy\" decoding=\"async\" aria-describedby=\"caption-attachment-6035\" class=\"wp-image-6035\" src=\"http:\/\/www.interpeace.org\/wp-content\/uploads\/2016\/12\/02-Elders-keenly-follow-proceedings-at-the-forum-600x400.jpg\" alt=\"02 - Elders keenly follow proceedings at the forum\" width=\"632\" height=\"421\" srcset=\"https:\/\/www.interpeace.org\/wp-content\/uploads\/2016\/12\/02-Elders-keenly-follow-proceedings-at-the-forum-600x400.jpg 600w, https:\/\/www.interpeace.org\/wp-content\/uploads\/2016\/12\/02-Elders-keenly-follow-proceedings-at-the-forum-300x200.jpg 300w, https:\/\/www.interpeace.org\/wp-content\/uploads\/2016\/12\/02-Elders-keenly-follow-proceedings-at-the-forum-150x100.jpg 150w, https:\/\/www.interpeace.org\/wp-content\/uploads\/2016\/12\/02-Elders-keenly-follow-proceedings-at-the-forum.jpg 1000w\" sizes=\"auto, (max-width: 632px) 100vw, 632px\" \/><\/a><p id=\"caption-attachment-6035\" class=\"wp-caption-text\">Elders keenly follow proceedings at the forum. Photo credit: Interpeace.<\/p><\/div>\n<p><strong>Related Stories<\/strong><\/p>\n<p><a href=\"http:\/\/www.interpeace.org\/fr\/2016\/07\/kenya-raising-local-voices-for-peace-in-mandera\/\">Kenya: Raising Local Voices for Peace in Mandera<\/a><\/p>","protected":false},"excerpt":{"rendered":"<p>For three days between 14-16 December 2016, a cross-section of stakeholders from Mandera County held a peacebuilding forum in Mandera town, along Kenya\u2019s tri-border with Somalia and Ethiopia, to validate the findings of the consultative phase of the Mandera Peacebuilding Programme. The programme is jointly implemented in Mandera County by Interpeace and Kenya\u2019s National Cohesion [&hellip;]<\/p>\n","protected":false},"author":1,"featured_media":6034,"comment_status":"closed","ping_status":"closed","sticky":false,"template":"","format":"standard","meta":{"_acf_changed":false,"_editorskit_title_hidden":false,"_editorskit_reading_time":0,"_editorskit_is_block_options_detached":false,"_editorskit_block_options_position":"{}","editor_plus_copied_stylings":"{}","_exactmetrics_skip_tracking":false,"_exactmetrics_sitenote_active":false,"_exactmetrics_sitenote_note":"","_exactmetrics_sitenote_category":0,"footnotes":"","_links_to":"","_links_to_target":""},"categories":[1],"tags":[],"globales":[],"initiatives":[],"news_type":[],"programmes":[68,131],"resource_theme":[510],"videos_vimeo":[],"class_list":["post-6032","post","type-post","status-publish","format-standard","has-post-thumbnail","hentry","category-uncategorized","programmes-eastern-and-central-africa","programmes-kenya","resource_theme-dialogue"],"acf":[],"yoast_head":"<!-- This site is optimized with the Yoast SEO Premium plugin v27.4 (Yoast SEO v27.4) - https:\/\/yoast.com\/product\/yoast-seo-premium-wordpress\/ -->\n<title>Building Peace in Mandera, One Step at a Time - Interpeace<\/title>\n<meta name=\"robots\" content=\"index, follow, max-snippet:-1, max-image-preview:large, max-video-preview:-1\" \/>\n<link rel=\"canonical\" href=\"https:\/\/www.interpeace.org\/fr\/2016\/12\/building-peace-mandera\/\" \/>\n<meta property=\"og:locale\" content=\"fr_FR\" \/>\n<meta property=\"og:type\" content=\"article\" \/>\n<meta property=\"og:title\" content=\"Building Peace in Mandera, One Step at a Time\" \/>\n<meta property=\"og:description\" content=\"For three days between 14-16 December 2016, a cross-section of stakeholders from Mandera County held a peacebuilding forum in Mandera town, along Kenya\u2019s tri-border with Somalia and Ethiopia, to validate the findings of the consultative phase of the Mandera Peacebuilding Programme. The programme is jointly implemented in Mandera County by Interpeace and Kenya\u2019s National Cohesion [&hellip;]\" \/>\n<meta property=\"og:url\" content=\"https:\/\/www.interpeace.org\/fr\/2016\/12\/building-peace-mandera\/\" \/>\n<meta property=\"og:site_name\" content=\"Interpeace\" \/>\n<meta property=\"article:publisher\" content=\"https:\/\/www.facebook.com\/Interpeace\" \/>\n<meta property=\"article:published_time\" content=\"2016-12-20T18:36:59+00:00\" \/>\n<meta property=\"article:modified_time\" content=\"2024-01-19T17:25:22+00:00\" \/>\n<meta property=\"og:image\" content=\"https:\/\/www.interpeace.org\/wp-content\/uploads\/2016\/12\/01-Participants-vote-on-their-priorities-for-peace-1000x500.jpg\" \/>\n\t<meta property=\"og:image:width\" content=\"1000\" \/>\n\t<meta property=\"og:image:height\" content=\"666\" \/>\n\t<meta property=\"og:image:type\" content=\"image\/jpeg\" \/>\n<meta name=\"author\" content=\"Alejandro\" \/>\n<meta name=\"twitter:card\" content=\"summary_large_image\" \/>\n<meta name=\"twitter:creator\" content=\"@InterpeaceTweet\" \/>\n<meta name=\"twitter:site\" content=\"@InterpeaceTweet\" \/>\n<meta name=\"twitter:label1\" content=\"\u00c9crit par\" \/>\n\t<meta name=\"twitter:data1\" content=\"Alejandro\" \/>\n\t<meta name=\"twitter:label2\" content=\"Dur\u00e9e de lecture estim\u00e9e\" \/>\n\t<meta name=\"twitter:data2\" content=\"3 minutes\" \/>\n<script type=\"application\/ld+json\" class=\"yoast-schema-graph\">{\"@context\":\"https:\\\/\\\/schema.org\",\"@graph\":[{\"@type\":\"Article\",\"@id\":\"https:\\\/\\\/www.interpeace.org\\\/2016\\\/12\\\/building-peace-mandera\\\/#article\",\"isPartOf\":{\"@id\":\"https:\\\/\\\/www.interpeace.org\\\/2016\\\/12\\\/building-peace-mandera\\\/\"},\"author\":{\"name\":\"Alejandro\",\"@id\":\"https:\\\/\\\/www.interpeace.org\\\/#\\\/schema\\\/person\\\/75fea8ede2ce310d5f1bea81166bf9a1\"},\"headline\":\"Building Peace in Mandera, One Step at a Time\",\"datePublished\":\"2016-12-20T18:36:59+00:00\",\"dateModified\":\"2024-01-19T17:25:22+00:00\",\"mainEntityOfPage\":{\"@id\":\"https:\\\/\\\/www.interpeace.org\\\/2016\\\/12\\\/building-peace-mandera\\\/\"},\"wordCount\":688,\"publisher\":{\"@id\":\"https:\\\/\\\/www.interpeace.org\\\/#organization\"},\"image\":{\"@id\":\"https:\\\/\\\/www.interpeace.org\\\/2016\\\/12\\\/building-peace-mandera\\\/#primaryimage\"},\"thumbnailUrl\":\"https:\\\/\\\/www.interpeace.org\\\/wp-content\\\/uploads\\\/2016\\\/12\\\/01-Participants-vote-on-their-priorities-for-peace-1000x500.jpg\",\"articleSection\":[\"Uncategorized\"],\"inLanguage\":\"fr-FR\"},{\"@type\":\"WebPage\",\"@id\":\"https:\\\/\\\/www.interpeace.org\\\/2016\\\/12\\\/building-peace-mandera\\\/\",\"url\":\"https:\\\/\\\/www.interpeace.org\\\/2016\\\/12\\\/building-peace-mandera\\\/\",\"name\":\"Building Peace in Mandera, One Step at a Time - Interpeace\",\"isPartOf\":{\"@id\":\"https:\\\/\\\/www.interpeace.org\\\/#website\"},\"primaryImageOfPage\":{\"@id\":\"https:\\\/\\\/www.interpeace.org\\\/2016\\\/12\\\/building-peace-mandera\\\/#primaryimage\"},\"image\":{\"@id\":\"https:\\\/\\\/www.interpeace.org\\\/2016\\\/12\\\/building-peace-mandera\\\/#primaryimage\"},\"thumbnailUrl\":\"https:\\\/\\\/www.interpeace.org\\\/wp-content\\\/uploads\\\/2016\\\/12\\\/01-Participants-vote-on-their-priorities-for-peace-1000x500.jpg\",\"datePublished\":\"2016-12-20T18:36:59+00:00\",\"dateModified\":\"2024-01-19T17:25:22+00:00\",\"breadcrumb\":{\"@id\":\"https:\\\/\\\/www.interpeace.org\\\/2016\\\/12\\\/building-peace-mandera\\\/#breadcrumb\"},\"inLanguage\":\"fr-FR\",\"potentialAction\":[{\"@type\":\"ReadAction\",\"target\":[\"https:\\\/\\\/www.interpeace.org\\\/2016\\\/12\\\/building-peace-mandera\\\/\"]}]},{\"@type\":\"ImageObject\",\"inLanguage\":\"fr-FR\",\"@id\":\"https:\\\/\\\/www.interpeace.org\\\/2016\\\/12\\\/building-peace-mandera\\\/#primaryimage\",\"url\":\"https:\\\/\\\/www.interpeace.org\\\/wp-content\\\/uploads\\\/2016\\\/12\\\/01-Participants-vote-on-their-priorities-for-peace-1000x500.jpg\",\"contentUrl\":\"https:\\\/\\\/www.interpeace.org\\\/wp-content\\\/uploads\\\/2016\\\/12\\\/01-Participants-vote-on-their-priorities-for-peace-1000x500.jpg\",\"width\":1000,\"height\":666,\"caption\":\"Participants vote on their priorities for peace. Photo credit: Interpeace.\"},{\"@type\":\"BreadcrumbList\",\"@id\":\"https:\\\/\\\/www.interpeace.org\\\/2016\\\/12\\\/building-peace-mandera\\\/#breadcrumb\",\"itemListElement\":[{\"@type\":\"ListItem\",\"position\":1,\"name\":\"Home\",\"item\":\"https:\\\/\\\/www.interpeace.org\\\/\"},{\"@type\":\"ListItem\",\"position\":2,\"name\":\"Building Peace in Mandera, One Step at a Time\"}]},{\"@type\":\"WebSite\",\"@id\":\"https:\\\/\\\/www.interpeace.org\\\/#website\",\"url\":\"https:\\\/\\\/www.interpeace.org\\\/\",\"name\":\"Interpeace\",\"description\":\"Enabling people to build lasting peace since 1994\",\"publisher\":{\"@id\":\"https:\\\/\\\/www.interpeace.org\\\/#organization\"},\"potentialAction\":[{\"@type\":\"SearchAction\",\"target\":{\"@type\":\"EntryPoint\",\"urlTemplate\":\"https:\\\/\\\/www.interpeace.org\\\/?s={search_term_string}\"},\"query-input\":{\"@type\":\"PropertyValueSpecification\",\"valueRequired\":true,\"valueName\":\"search_term_string\"}}],\"inLanguage\":\"fr-FR\"},{\"@type\":\"Organization\",\"@id\":\"https:\\\/\\\/www.interpeace.org\\\/#organization\",\"name\":\"INTERPEACE\",\"url\":\"https:\\\/\\\/www.interpeace.org\\\/\",\"logo\":{\"@type\":\"ImageObject\",\"inLanguage\":\"fr-FR\",\"@id\":\"https:\\\/\\\/www.interpeace.org\\\/#\\\/schema\\\/logo\\\/image\\\/\",\"url\":\"https:\\\/\\\/www.interpeace.org\\\/wp-content\\\/uploads\\\/2019\\\/11\\\/EN-Interpeace-small.png\",\"contentUrl\":\"https:\\\/\\\/www.interpeace.org\\\/wp-content\\\/uploads\\\/2019\\\/11\\\/EN-Interpeace-small.png\",\"width\":111,\"height\":85,\"caption\":\"INTERPEACE\"},\"image\":{\"@id\":\"https:\\\/\\\/www.interpeace.org\\\/#\\\/schema\\\/logo\\\/image\\\/\"},\"sameAs\":[\"https:\\\/\\\/www.facebook.com\\\/Interpeace\",\"https:\\\/\\\/x.com\\\/InterpeaceTweet\",\"https:\\\/\\\/www.instagram.com\\\/interpeace\\\/\"]},{\"@type\":\"Person\",\"@id\":\"https:\\\/\\\/www.interpeace.org\\\/#\\\/schema\\\/person\\\/75fea8ede2ce310d5f1bea81166bf9a1\",\"name\":\"Alejandro\",\"image\":{\"@type\":\"ImageObject\",\"inLanguage\":\"fr-FR\",\"@id\":\"https:\\\/\\\/secure.gravatar.com\\\/avatar\\\/a5627fb156910981ea3ab2405e881b80c8234e50bb58a577081f805dd3bfd753?s=96&d=mm&r=g\",\"url\":\"https:\\\/\\\/secure.gravatar.com\\\/avatar\\\/a5627fb156910981ea3ab2405e881b80c8234e50bb58a577081f805dd3bfd753?s=96&d=mm&r=g\",\"contentUrl\":\"https:\\\/\\\/secure.gravatar.com\\\/avatar\\\/a5627fb156910981ea3ab2405e881b80c8234e50bb58a577081f805dd3bfd753?s=96&d=mm&r=g\",\"caption\":\"Alejandro\"},\"url\":\"https:\\\/\\\/www.interpeace.org\\\/fr\\\/author\\\/amoralesruiz-gm\\\/\"}]}<\/script>\n<!-- \/ Yoast SEO Premium plugin. -->","yoast_head_json":{"title":"Building Peace in Mandera, One Step at a Time - Interpeace","robots":{"index":"index","follow":"follow","max-snippet":"max-snippet:-1","max-image-preview":"max-image-preview:large","max-video-preview":"max-video-preview:-1"},"canonical":"https:\/\/www.interpeace.org\/fr\/2016\/12\/building-peace-mandera\/","og_locale":"fr_FR","og_type":"article","og_title":"Building Peace in Mandera, One Step at a Time","og_description":"For three days between 14-16 December 2016, a cross-section of stakeholders from Mandera County held a peacebuilding forum in Mandera town, along Kenya\u2019s tri-border with Somalia and Ethiopia, to validate the findings of the consultative phase of the Mandera Peacebuilding Programme. The programme is jointly implemented in Mandera County by Interpeace and Kenya\u2019s National Cohesion [&hellip;]","og_url":"https:\/\/www.interpeace.org\/fr\/2016\/12\/building-peace-mandera\/","og_site_name":"Interpeace","article_publisher":"https:\/\/www.facebook.com\/Interpeace","article_published_time":"2016-12-20T18:36:59+00:00","article_modified_time":"2024-01-19T17:25:22+00:00","og_image":[{"width":1000,"height":666,"url":"https:\/\/www.interpeace.org\/wp-content\/uploads\/2016\/12\/01-Participants-vote-on-their-priorities-for-peace-1000x500.jpg","type":"image\/jpeg"}],"author":"Alejandro","twitter_card":"summary_large_image","twitter_creator":"@InterpeaceTweet","twitter_site":"@InterpeaceTweet","twitter_misc":{"\u00c9crit par":"Alejandro","Dur\u00e9e de lecture estim\u00e9e":"3 minutes"},"schema":{"@context":"https:\/\/schema.org","@graph":[{"@type":"Article","@id":"https:\/\/www.interpeace.org\/2016\/12\/building-peace-mandera\/#article","isPartOf":{"@id":"https:\/\/www.interpeace.org\/2016\/12\/building-peace-mandera\/"},"author":{"name":"Alejandro","@id":"https:\/\/www.interpeace.org\/#\/schema\/person\/75fea8ede2ce310d5f1bea81166bf9a1"},"headline":"Building Peace in Mandera, One Step at a Time","datePublished":"2016-12-20T18:36:59+00:00","dateModified":"2024-01-19T17:25:22+00:00","mainEntityOfPage":{"@id":"https:\/\/www.interpeace.org\/2016\/12\/building-peace-mandera\/"},"wordCount":688,"publisher":{"@id":"https:\/\/www.interpeace.org\/#organization"},"image":{"@id":"https:\/\/www.interpeace.org\/2016\/12\/building-peace-mandera\/#primaryimage"},"thumbnailUrl":"https:\/\/www.interpeace.org\/wp-content\/uploads\/2016\/12\/01-Participants-vote-on-their-priorities-for-peace-1000x500.jpg","articleSection":["Uncategorized"],"inLanguage":"fr-FR"},{"@type":"WebPage","@id":"https:\/\/www.interpeace.org\/2016\/12\/building-peace-mandera\/","url":"https:\/\/www.interpeace.org\/2016\/12\/building-peace-mandera\/","name":"Building Peace in Mandera, One Step at a Time - Interpeace","isPartOf":{"@id":"https:\/\/www.interpeace.org\/#website"},"primaryImageOfPage":{"@id":"https:\/\/www.interpeace.org\/2016\/12\/building-peace-mandera\/#primaryimage"},"image":{"@id":"https:\/\/www.interpeace.org\/2016\/12\/building-peace-mandera\/#primaryimage"},"thumbnailUrl":"https:\/\/www.interpeace.org\/wp-content\/uploads\/2016\/12\/01-Participants-vote-on-their-priorities-for-peace-1000x500.jpg","datePublished":"2016-12-20T18:36:59+00:00","dateModified":"2024-01-19T17:25:22+00:00","breadcrumb":{"@id":"https:\/\/www.interpeace.org\/2016\/12\/building-peace-mandera\/#breadcrumb"},"inLanguage":"fr-FR","potentialAction":[{"@type":"ReadAction","target":["https:\/\/www.interpeace.org\/2016\/12\/building-peace-mandera\/"]}]},{"@type":"ImageObject","inLanguage":"fr-FR","@id":"https:\/\/www.interpeace.org\/2016\/12\/building-peace-mandera\/#primaryimage","url":"https:\/\/www.interpeace.org\/wp-content\/uploads\/2016\/12\/01-Participants-vote-on-their-priorities-for-peace-1000x500.jpg","contentUrl":"https:\/\/www.interpeace.org\/wp-content\/uploads\/2016\/12\/01-Participants-vote-on-their-priorities-for-peace-1000x500.jpg","width":1000,"height":666,"caption":"Participants vote on their priorities for peace. Photo credit: Interpeace."},{"@type":"BreadcrumbList","@id":"https:\/\/www.interpeace.org\/2016\/12\/building-peace-mandera\/#breadcrumb","itemListElement":[{"@type":"ListItem","position":1,"name":"Home","item":"https:\/\/www.interpeace.org\/"},{"@type":"ListItem","position":2,"name":"Building Peace in Mandera, One Step at a Time"}]},{"@type":"WebSite","@id":"https:\/\/www.interpeace.org\/#website","url":"https:\/\/www.interpeace.org\/","name":"Interpeace","description":"Permettre aux gens de construire une paix durable depuis 1994","publisher":{"@id":"https:\/\/www.interpeace.org\/#organization"},"potentialAction":[{"@type":"SearchAction","target":{"@type":"EntryPoint","urlTemplate":"https:\/\/www.interpeace.org\/?s={search_term_string}"},"query-input":{"@type":"PropertyValueSpecification","valueRequired":true,"valueName":"search_term_string"}}],"inLanguage":"fr-FR"},{"@type":"Organization","@id":"https:\/\/www.interpeace.org\/#organization","name":"INTERPEACE","url":"https:\/\/www.interpeace.org\/","logo":{"@type":"ImageObject","inLanguage":"fr-FR","@id":"https:\/\/www.interpeace.org\/#\/schema\/logo\/image\/","url":"https:\/\/www.interpeace.org\/wp-content\/uploads\/2019\/11\/EN-Interpeace-small.png","contentUrl":"https:\/\/www.interpeace.org\/wp-content\/uploads\/2019\/11\/EN-Interpeace-small.png","width":111,"height":85,"caption":"INTERPEACE"},"image":{"@id":"https:\/\/www.interpeace.org\/#\/schema\/logo\/image\/"},"sameAs":["https:\/\/www.facebook.com\/Interpeace","https:\/\/x.com\/InterpeaceTweet","https:\/\/www.instagram.com\/interpeace\/"]},{"@type":"Person","@id":"https:\/\/www.interpeace.org\/#\/schema\/person\/75fea8ede2ce310d5f1bea81166bf9a1","name":"Alejandro","image":{"@type":"ImageObject","inLanguage":"fr-FR","@id":"https:\/\/secure.gravatar.com\/avatar\/a5627fb156910981ea3ab2405e881b80c8234e50bb58a577081f805dd3bfd753?s=96&d=mm&r=g","url":"https:\/\/secure.gravatar.com\/avatar\/a5627fb156910981ea3ab2405e881b80c8234e50bb58a577081f805dd3bfd753?s=96&d=mm&r=g","contentUrl":"https:\/\/secure.gravatar.com\/avatar\/a5627fb156910981ea3ab2405e881b80c8234e50bb58a577081f805dd3bfd753?s=96&d=mm&r=g","caption":"Alejandro"},"url":"https:\/\/www.interpeace.org\/fr\/author\/amoralesruiz-gm\/"}]}},"_links":{"self":[{"href":"https:\/\/www.interpeace.org\/fr\/wp-json\/wp\/v2\/posts\/6032","targetHints":{"allow":["GET"]}}],"collection":[{"href":"https:\/\/www.interpeace.org\/fr\/wp-json\/wp\/v2\/posts"}],"about":[{"href":"https:\/\/www.interpeace.org\/fr\/wp-json\/wp\/v2\/types\/post"}],"author":[{"embeddable":true,"href":"https:\/\/www.interpeace.org\/fr\/wp-json\/wp\/v2\/users\/1"}],"replies":[{"embeddable":true,"href":"https:\/\/www.interpeace.org\/fr\/wp-json\/wp\/v2\/comments?post=6032"}],"version-history":[{"count":0,"href":"https:\/\/www.interpeace.org\/fr\/wp-json\/wp\/v2\/posts\/6032\/revisions"}],"wp:featuredmedia":[{"embeddable":true,"href":"https:\/\/www.interpeace.org\/fr\/wp-json\/wp\/v2\/media\/6034"}],"wp:attachment":[{"href":"https:\/\/www.interpeace.org\/fr\/wp-json\/wp\/v2\/media?parent=6032"}],"wp:term":[{"taxonomy":"category","embeddable":true,"href":"https:\/\/www.interpeace.org\/fr\/wp-json\/wp\/v2\/categories?post=6032"},{"taxonomy":"post_tag","embeddable":true,"href":"https:\/\/www.interpeace.org\/fr\/wp-json\/wp\/v2\/tags?post=6032"},{"taxonomy":"globales","embeddable":true,"href":"https:\/\/www.interpeace.org\/fr\/wp-json\/wp\/v2\/globales?post=6032"},{"taxonomy":"initiatives","embeddable":true,"href":"https:\/\/www.interpeace.org\/fr\/wp-json\/wp\/v2\/initiatives?post=6032"},{"taxonomy":"news_type","embeddable":true,"href":"https:\/\/www.interpeace.org\/fr\/wp-json\/wp\/v2\/news_type?post=6032"},{"taxonomy":"programmes","embeddable":true,"href":"https:\/\/www.interpeace.org\/fr\/wp-json\/wp\/v2\/programmes?post=6032"},{"taxonomy":"resource_theme","embeddable":true,"href":"https:\/\/www.interpeace.org\/fr\/wp-json\/wp\/v2\/resource_theme?post=6032"},{"taxonomy":"videos_vimeo","embeddable":true,"href":"https:\/\/www.interpeace.org\/fr\/wp-json\/wp\/v2\/videos_vimeo?post=6032"}],"curies":[{"name":"wp","href":"https:\/\/api.w.org\/{rel}","templated":true}]}}