{"id":5975,"date":"2016-11-25T18:17:36","date_gmt":"2016-11-25T17:17:36","guid":{"rendered":"http:\/\/www.interpeace.org\/?p=5975"},"modified":"2017-05-04T18:41:05","modified_gmt":"2017-05-04T16:41:05","slug":"ideology-understanding-violence","status":"publish","type":"post","link":"https:\/\/www.interpeace.org\/fr\/2016\/11\/ideology-understanding-violence\/","title":{"rendered":"Beyond Ideology and Greed - Understanding new forms of violence in C\u00f4te d\u2019Ivoire and Mali"},"content":{"rendered":"<p>\u201cBeing forgotten, marginalized, not considered\u2026 that\u2019s what generates violence.\u201d Youth from Bouak\u00e9, C\u00f4te d\u2019Ivoire.<\/p>\n<p>Over the past few years, the Sahel region has faced rising levels of violence. Since 2012, <a href=\"http:\/\/www.interpeace.org\/fr\/programme\/mali\/\">Mali <\/a>has been greatly impacted by the reactivation of diverse armed groups, who claim to be inspired by a jihadist ideology. In <a href=\"http:\/\/www.interpeace.org\/fr\/programme\/cote-divoire\/\">C\u00f4te d\u2019Ivoire<\/a>, new forms of urban violence have started to emerge, despite the end\u00a0of the country\u2019s armed conflict. To cope with these crises, <a href=\"http:\/\/www.interpeace.org\/fr\/programme\/interpeace-regional-office-for-west-africa\/\">Interpeace\u2019s Regional Office for West Africa<\/a>, with its local partners <a href=\"https:\/\/www.facebook.com\/imrapmali\/\">IMRAP<\/a> et un <a href=\"https:\/\/www.facebook.com\/indigocotedivoire\/\">Indigo C\u00f4te d\u2019Ivoire<\/a>, conducted participatory research to understand the trajectories of young people towards new forms of violence and more specifically the role of education in these dynamics. Over the course of seven months, with the support of <a href=\"https:\/\/www.unicef.org\/\">UNICEF<\/a>, the researchers engaged with 741 people from a range of communities in C\u00f4te d\u2019Ivoire and Mali.<\/p>\n<p><a href=\"http:\/\/www.interpeace.org\/wp-content\/uploads\/2016\/11\/banner-1-trajectories-of-violence.jpg\"><img loading=\"lazy\" decoding=\"async\" class=\"alignnone wp-image-5985\" src=\"http:\/\/www.interpeace.org\/wp-content\/uploads\/2016\/11\/banner-1-trajectories-of-violence.jpg\" alt=\"banner 1 trajectories of violence\" width=\"556\" height=\"183\" \/><\/a><\/p>\n<p>There is growing international interest and scrutiny of young people\u2019s engagement in new forms of violence. This phenomenon is generally analyzed through lenses of radicalization and violent extremism. As the international community desperately seeks to eradicate it, \u00a0the factors often described as \u201cstructural and root causes\u201d need to be revisited. It is widely believed that unemployment and religious ideologies are pivotal factors that contribute to radicalization and violent extremism in West Africa, but research findings show that these elements are, in fact, secondary. Contrary to common wisdom, young people do not\u00a0engage in violent activities for negative reasons - against something or for violence itself. Rather, they perceive their engagement as constructive. Elements, such as young people's need to find their place in society, to be recognized and valued in their communities are of \u00a0paramount importance in explaining their engagement in violence.<\/p>\n<p>\u201cWhen youth doesn\u2019t recognize itself in society\u2019s values, it looks for landmarks elsewhere\u201d. High level civil servant, Bamako, Mali.<\/p>\n<p>Similar to research conducted in Latin America, \u00a0dynamics that push young people to join or remain in armed groups are often related to identity, opportunities for social mobility and the security of belonging that comes from being a part of a group. As a young man in the study described: \u201cSomeone who only knows how to use weapons. You dump him into the streets, what is he to become?\u201d The research therefore identified a phenomenon of \u201cprofessionalization of violence,\u201d which describes how young people use violence as a way to gain capital, but more significantly, how they accrue\u00a0social acceptance and value, through a positive recognition of the violence they perpetrate.<\/p>\n<div id=\"attachment_5958\" style=\"width: 536px\" class=\"wp-caption alignnone\"><a href=\"http:\/\/www.interpeace.org\/wp-content\/uploads\/2016\/11\/2016-Au-del\u00e0-de-lid\u00e9ologie-et-de-lapp\u00e2t-du-gain1.jpg\"><img loading=\"lazy\" decoding=\"async\" aria-describedby=\"caption-attachment-5958\" class=\"wp-image-5958\" src=\"http:\/\/www.interpeace.org\/wp-content\/uploads\/2016\/11\/2016-Au-del\u00e0-de-lid\u00e9ologie-et-de-lapp\u00e2t-du-gain1.jpg\" alt=\"\" width=\"526\" height=\"376\" \/><\/a><p id=\"caption-attachment-5958\" class=\"wp-caption-text\">Photo credit: Aboubacar Traore<\/p><\/div>\n<p>The study also identified that the majority of the population in both countries believes that an educational crisis and a crisis of authority are at the heart of young people's path towards violence. It is widely recognized that family, school and the community are unable to provide young people with the guidance they need. As an older man explained: \u201cWe simply raise our children instead of educating them. Because we are more worried about the food and clothes of our children, than of their education.\u201d Therefore, for youth, joining \u00a0violent groups offers an opportunity to climb the social ladder and to build their identity and self-esteem.<\/p>\n<p>The report \u201cBeyond Ideology &amp; Greed: Trajectories of Young People towards New Forms of Violence in C\u00f4te d\u2019Ivoire and Mali,\u201d has been launched in Abidjan on October 26, Bamako on November 2 and in Dakar on November 12. For \u00a0the regional launch in Dakar, Interpeace, IMRAP and Indigo, were joined by high-level UN officials from diverse agencies, including the DSRSG for the Sahel and West African region, Ms. Hiroute Guebre Sellassie. In her closing remarks, she stated: that the study \u201cexhorts all of us to humility and to challenge received wisdom when trying to understand such complex social issues\u201d.<\/p>\n<div id=\"attachment_5987\" style=\"width: 600px\" class=\"wp-caption alignnone\"><a href=\"http:\/\/www.interpeace.org\/wp-content\/uploads\/2016\/11\/presentation-in-Dakar-Senegal.jpg\"><img loading=\"lazy\" decoding=\"async\" aria-describedby=\"caption-attachment-5987\" class=\"wp-image-5987\" src=\"http:\/\/www.interpeace.org\/wp-content\/uploads\/2016\/11\/presentation-in-Dakar-Senegal.jpg\" alt=\"\" width=\"590\" height=\"413\" \/><\/a><p id=\"caption-attachment-5987\" class=\"wp-caption-text\">Report launch in Dakar, Senegal. Photo credit: Interpeace<\/p><\/div>\n<p>To learn more about this study and read the recommendations at the social, economic and educational levels, please do refer to the following links:<\/p>\n<p>Full report (in French) <a href=\"http:\/\/3n589z370e6o2eata9wahfl4.wpengine.netdna-cdn.com\/wp-content\/uploads\/2016\/11\/2016-Au-del%C3%A0-de-lid%C3%A9ologie-et-de-lapp%C3%A2t-du-gain.pdf\">Cliquez ici<\/a>.<\/p>\n<p>Executive summary (in French) <a href=\"http:\/\/3n589z370e6o2eata9wahfl4.wpengine.netdna-cdn.com\/wp-content\/uploads\/2016\/11\/2016-Au-del%C3%A0-de-lid%C3%A9ologie-et-de-lapp%C3%A2t-du-gain-ExecSum-FR.pdf\">Cliquez ici<\/a>.<\/p>\n<p>Executive summary (in English) <a href=\"http:\/\/3n589z370e6o2eata9wahfl4.wpengine.netdna-cdn.com\/wp-content\/uploads\/2016\/11\/2016-Au-del%C3%A0-de-lid%C3%A9ologie-et-de-lapp%C3%A2t-du-gain-ExecSum-ENG-002.pdf\">Cliquez ici<\/a>.<\/p>\n<p>Watch documentary films with the findings of this research in French and English.<\/p>\n<p><iframe loading=\"lazy\" title=\"Au-del\u00e0 de l&#039;id\u00e9ologie et de l&#039;app\u00e2t du gain: trajectoires des jeunes vers la violence\" width=\"500\" height=\"281\" src=\"https:\/\/www.youtube.com\/embed\/3N_w2zEput0?feature=oembed\" frameborder=\"0\" allow=\"accelerometer; autoplay; clipboard-write; encrypted-media; gyroscope; picture-in-picture; web-share\" referrerpolicy=\"strict-origin-when-cross-origin\" allowfullscreen><\/iframe><\/p>\n<p><iframe loading=\"lazy\" title=\"Beyond Ideology and Greed: Trajectories of Young People towards New Forms of Violence\" width=\"500\" height=\"281\" src=\"https:\/\/www.youtube.com\/embed\/l7hVA24TaKg?feature=oembed\" frameborder=\"0\" allow=\"accelerometer; autoplay; clipboard-write; encrypted-media; gyroscope; picture-in-picture; web-share\" referrerpolicy=\"strict-origin-when-cross-origin\" allowfullscreen><\/iframe><\/p>","protected":false},"excerpt":{"rendered":"<p>\u201cBeing forgotten, marginalized, not considered\u2026 that\u2019s what generates violence.\u201d Youth from Bouak\u00e9, C\u00f4te d\u2019Ivoire. Over the past few years, the Sahel region has faced rising levels of violence. Since 2012, Mali has been greatly impacted by the reactivation of diverse armed groups, who claim to be inspired by a jihadist ideology. In C\u00f4te d\u2019Ivoire, new [&hellip;]<\/p>\n","protected":false},"author":1,"featured_media":5958,"comment_status":"closed","ping_status":"closed","sticky":false,"template":"","format":"standard","meta":{"_acf_changed":false,"_editorskit_title_hidden":false,"_editorskit_reading_time":0,"_editorskit_is_block_options_detached":false,"_editorskit_block_options_position":"{}","editor_plus_copied_stylings":"{}","_exactmetrics_skip_tracking":false,"_exactmetrics_sitenote_active":false,"_exactmetrics_sitenote_note":"","_exactmetrics_sitenote_category":0,"footnotes":"","_links_to":"","_links_to_target":""},"categories":[1],"tags":[],"globales":[],"initiatives":[824],"news_type":[],"programmes":[203,67,69,72],"resource_theme":[510],"videos_vimeo":[],"class_list":["post-5975","post","type-post","status-publish","format-standard","has-post-thumbnail","hentry","category-uncategorized","initiatives-analyzing-causes-violence-africa","programmes-west-africa-and-the-sahel-region","programmes-west-africa","programmes-cote-divoire","programmes-mali","resource_theme-dialogue"],"acf":[],"yoast_head":"<!-- This site is optimized with the Yoast SEO Premium plugin v27.4 (Yoast SEO v27.4) - https:\/\/yoast.com\/product\/yoast-seo-premium-wordpress\/ -->\n<title>Beyond Ideology and Greed - Understanding new forms of violence in C\u00f4te d\u2019Ivoire and Mali - Interpeace<\/title>\n<meta name=\"robots\" content=\"index, follow, max-snippet:-1, max-image-preview:large, max-video-preview:-1\" \/>\n<link rel=\"canonical\" href=\"https:\/\/www.interpeace.org\/fr\/2016\/11\/ideology-understanding-violence\/\" \/>\n<meta property=\"og:locale\" content=\"fr_FR\" \/>\n<meta property=\"og:type\" content=\"article\" \/>\n<meta property=\"og:title\" content=\"Beyond Ideology and Greed - Understanding new forms of violence in C\u00f4te d\u2019Ivoire and Mali\" \/>\n<meta property=\"og:description\" content=\"\u201cBeing forgotten, marginalized, not considered\u2026 that\u2019s what generates violence.\u201d Youth from Bouak\u00e9, C\u00f4te d\u2019Ivoire. Over the past few years, the Sahel region has faced rising levels of violence. Since 2012, Mali has been greatly impacted by the reactivation of diverse armed groups, who claim to be inspired by a jihadist ideology. In C\u00f4te d\u2019Ivoire, new [&hellip;]\" \/>\n<meta property=\"og:url\" content=\"https:\/\/www.interpeace.org\/fr\/2016\/11\/ideology-understanding-violence\/\" \/>\n<meta property=\"og:site_name\" content=\"Interpeace\" \/>\n<meta property=\"article:publisher\" content=\"https:\/\/www.facebook.com\/Interpeace\" \/>\n<meta property=\"article:published_time\" content=\"2016-11-25T17:17:36+00:00\" \/>\n<meta property=\"article:modified_time\" content=\"2017-05-04T16:41:05+00:00\" \/>\n<meta property=\"og:image\" content=\"https:\/\/www.interpeace.org\/wp-content\/uploads\/2016\/11\/2016-Au-del\u00e0-de-lid\u00e9ologie-et-de-lapp\u00e2t-du-gain1-1000x500.jpg\" \/>\n\t<meta property=\"og:image:width\" content=\"1000\" \/>\n\t<meta property=\"og:image:height\" content=\"714\" \/>\n\t<meta property=\"og:image:type\" content=\"image\/jpeg\" \/>\n<meta name=\"author\" content=\"Alejandro\" \/>\n<meta name=\"twitter:card\" content=\"summary_large_image\" \/>\n<meta name=\"twitter:creator\" content=\"@InterpeaceTweet\" \/>\n<meta name=\"twitter:site\" content=\"@InterpeaceTweet\" \/>\n<meta name=\"twitter:label1\" content=\"\u00c9crit par\" \/>\n\t<meta name=\"twitter:data1\" content=\"Alejandro\" \/>\n\t<meta name=\"twitter:label2\" content=\"Dur\u00e9e de lecture estim\u00e9e\" \/>\n\t<meta name=\"twitter:data2\" content=\"4 minutes\" \/>\n<script type=\"application\/ld+json\" class=\"yoast-schema-graph\">{\"@context\":\"https:\\\/\\\/schema.org\",\"@graph\":[{\"@type\":\"Article\",\"@id\":\"https:\\\/\\\/www.interpeace.org\\\/2016\\\/11\\\/ideology-understanding-violence\\\/#article\",\"isPartOf\":{\"@id\":\"https:\\\/\\\/www.interpeace.org\\\/2016\\\/11\\\/ideology-understanding-violence\\\/\"},\"author\":{\"name\":\"Alejandro\",\"@id\":\"https:\\\/\\\/www.interpeace.org\\\/#\\\/schema\\\/person\\\/75fea8ede2ce310d5f1bea81166bf9a1\"},\"headline\":\"Beyond Ideology and Greed - Understanding new forms of violence in C\u00f4te d\u2019Ivoire and Mali\",\"datePublished\":\"2016-11-25T17:17:36+00:00\",\"dateModified\":\"2017-05-04T16:41:05+00:00\",\"mainEntityOfPage\":{\"@id\":\"https:\\\/\\\/www.interpeace.org\\\/2016\\\/11\\\/ideology-understanding-violence\\\/\"},\"wordCount\":750,\"publisher\":{\"@id\":\"https:\\\/\\\/www.interpeace.org\\\/#organization\"},\"image\":{\"@id\":\"https:\\\/\\\/www.interpeace.org\\\/2016\\\/11\\\/ideology-understanding-violence\\\/#primaryimage\"},\"thumbnailUrl\":\"https:\\\/\\\/www.interpeace.org\\\/wp-content\\\/uploads\\\/2016\\\/11\\\/2016-Au-del\u00e0-de-lid\u00e9ologie-et-de-lapp\u00e2t-du-gain1-1000x500.jpg\",\"articleSection\":[\"Uncategorized\"],\"inLanguage\":\"fr-FR\"},{\"@type\":\"WebPage\",\"@id\":\"https:\\\/\\\/www.interpeace.org\\\/2016\\\/11\\\/ideology-understanding-violence\\\/\",\"url\":\"https:\\\/\\\/www.interpeace.org\\\/2016\\\/11\\\/ideology-understanding-violence\\\/\",\"name\":\"Beyond Ideology and Greed - Understanding new forms of violence in C\u00f4te d\u2019Ivoire and Mali - Interpeace\",\"isPartOf\":{\"@id\":\"https:\\\/\\\/www.interpeace.org\\\/#website\"},\"primaryImageOfPage\":{\"@id\":\"https:\\\/\\\/www.interpeace.org\\\/2016\\\/11\\\/ideology-understanding-violence\\\/#primaryimage\"},\"image\":{\"@id\":\"https:\\\/\\\/www.interpeace.org\\\/2016\\\/11\\\/ideology-understanding-violence\\\/#primaryimage\"},\"thumbnailUrl\":\"https:\\\/\\\/www.interpeace.org\\\/wp-content\\\/uploads\\\/2016\\\/11\\\/2016-Au-del\u00e0-de-lid\u00e9ologie-et-de-lapp\u00e2t-du-gain1-1000x500.jpg\",\"datePublished\":\"2016-11-25T17:17:36+00:00\",\"dateModified\":\"2017-05-04T16:41:05+00:00\",\"breadcrumb\":{\"@id\":\"https:\\\/\\\/www.interpeace.org\\\/2016\\\/11\\\/ideology-understanding-violence\\\/#breadcrumb\"},\"inLanguage\":\"fr-FR\",\"potentialAction\":[{\"@type\":\"ReadAction\",\"target\":[\"https:\\\/\\\/www.interpeace.org\\\/2016\\\/11\\\/ideology-understanding-violence\\\/\"]}]},{\"@type\":\"ImageObject\",\"inLanguage\":\"fr-FR\",\"@id\":\"https:\\\/\\\/www.interpeace.org\\\/2016\\\/11\\\/ideology-understanding-violence\\\/#primaryimage\",\"url\":\"https:\\\/\\\/www.interpeace.org\\\/wp-content\\\/uploads\\\/2016\\\/11\\\/2016-Au-del\u00e0-de-lid\u00e9ologie-et-de-lapp\u00e2t-du-gain1-1000x500.jpg\",\"contentUrl\":\"https:\\\/\\\/www.interpeace.org\\\/wp-content\\\/uploads\\\/2016\\\/11\\\/2016-Au-del\u00e0-de-lid\u00e9ologie-et-de-lapp\u00e2t-du-gain1-1000x500.jpg\",\"width\":1000,\"height\":714,\"caption\":\"Photo credit: Aboubacar Traore\"},{\"@type\":\"BreadcrumbList\",\"@id\":\"https:\\\/\\\/www.interpeace.org\\\/2016\\\/11\\\/ideology-understanding-violence\\\/#breadcrumb\",\"itemListElement\":[{\"@type\":\"ListItem\",\"position\":1,\"name\":\"Home\",\"item\":\"https:\\\/\\\/www.interpeace.org\\\/\"},{\"@type\":\"ListItem\",\"position\":2,\"name\":\"Beyond Ideology and Greed - Understanding new forms of violence in C\u00f4te d\u2019Ivoire and Mali\"}]},{\"@type\":\"WebSite\",\"@id\":\"https:\\\/\\\/www.interpeace.org\\\/#website\",\"url\":\"https:\\\/\\\/www.interpeace.org\\\/\",\"name\":\"Interpeace\",\"description\":\"Enabling people to build lasting peace since 1994\",\"publisher\":{\"@id\":\"https:\\\/\\\/www.interpeace.org\\\/#organization\"},\"potentialAction\":[{\"@type\":\"SearchAction\",\"target\":{\"@type\":\"EntryPoint\",\"urlTemplate\":\"https:\\\/\\\/www.interpeace.org\\\/?s={search_term_string}\"},\"query-input\":{\"@type\":\"PropertyValueSpecification\",\"valueRequired\":true,\"valueName\":\"search_term_string\"}}],\"inLanguage\":\"fr-FR\"},{\"@type\":\"Organization\",\"@id\":\"https:\\\/\\\/www.interpeace.org\\\/#organization\",\"name\":\"INTERPEACE\",\"url\":\"https:\\\/\\\/www.interpeace.org\\\/\",\"logo\":{\"@type\":\"ImageObject\",\"inLanguage\":\"fr-FR\",\"@id\":\"https:\\\/\\\/www.interpeace.org\\\/#\\\/schema\\\/logo\\\/image\\\/\",\"url\":\"https:\\\/\\\/www.interpeace.org\\\/wp-content\\\/uploads\\\/2019\\\/11\\\/EN-Interpeace-small.png\",\"contentUrl\":\"https:\\\/\\\/www.interpeace.org\\\/wp-content\\\/uploads\\\/2019\\\/11\\\/EN-Interpeace-small.png\",\"width\":111,\"height\":85,\"caption\":\"INTERPEACE\"},\"image\":{\"@id\":\"https:\\\/\\\/www.interpeace.org\\\/#\\\/schema\\\/logo\\\/image\\\/\"},\"sameAs\":[\"https:\\\/\\\/www.facebook.com\\\/Interpeace\",\"https:\\\/\\\/x.com\\\/InterpeaceTweet\",\"https:\\\/\\\/www.instagram.com\\\/interpeace\\\/\"]},{\"@type\":\"Person\",\"@id\":\"https:\\\/\\\/www.interpeace.org\\\/#\\\/schema\\\/person\\\/75fea8ede2ce310d5f1bea81166bf9a1\",\"name\":\"Alejandro\",\"image\":{\"@type\":\"ImageObject\",\"inLanguage\":\"fr-FR\",\"@id\":\"https:\\\/\\\/secure.gravatar.com\\\/avatar\\\/a5627fb156910981ea3ab2405e881b80c8234e50bb58a577081f805dd3bfd753?s=96&d=mm&r=g\",\"url\":\"https:\\\/\\\/secure.gravatar.com\\\/avatar\\\/a5627fb156910981ea3ab2405e881b80c8234e50bb58a577081f805dd3bfd753?s=96&d=mm&r=g\",\"contentUrl\":\"https:\\\/\\\/secure.gravatar.com\\\/avatar\\\/a5627fb156910981ea3ab2405e881b80c8234e50bb58a577081f805dd3bfd753?s=96&d=mm&r=g\",\"caption\":\"Alejandro\"},\"url\":\"https:\\\/\\\/www.interpeace.org\\\/fr\\\/author\\\/amoralesruiz-gm\\\/\"}]}<\/script>\n<!-- \/ Yoast SEO Premium plugin. -->","yoast_head_json":{"title":"Beyond Ideology and Greed - Understanding new forms of violence in C\u00f4te d\u2019Ivoire and Mali - Interpeace","robots":{"index":"index","follow":"follow","max-snippet":"max-snippet:-1","max-image-preview":"max-image-preview:large","max-video-preview":"max-video-preview:-1"},"canonical":"https:\/\/www.interpeace.org\/fr\/2016\/11\/ideology-understanding-violence\/","og_locale":"fr_FR","og_type":"article","og_title":"Beyond Ideology and Greed - Understanding new forms of violence in C\u00f4te d\u2019Ivoire and Mali","og_description":"\u201cBeing forgotten, marginalized, not considered\u2026 that\u2019s what generates violence.\u201d Youth from Bouak\u00e9, C\u00f4te d\u2019Ivoire. Over the past few years, the Sahel region has faced rising levels of violence. Since 2012, Mali has been greatly impacted by the reactivation of diverse armed groups, who claim to be inspired by a jihadist ideology. In C\u00f4te d\u2019Ivoire, new [&hellip;]","og_url":"https:\/\/www.interpeace.org\/fr\/2016\/11\/ideology-understanding-violence\/","og_site_name":"Interpeace","article_publisher":"https:\/\/www.facebook.com\/Interpeace","article_published_time":"2016-11-25T17:17:36+00:00","article_modified_time":"2017-05-04T16:41:05+00:00","og_image":[{"width":1000,"height":714,"url":"https:\/\/www.interpeace.org\/wp-content\/uploads\/2016\/11\/2016-Au-del\u00e0-de-lid\u00e9ologie-et-de-lapp\u00e2t-du-gain1-1000x500.jpg","type":"image\/jpeg"}],"author":"Alejandro","twitter_card":"summary_large_image","twitter_creator":"@InterpeaceTweet","twitter_site":"@InterpeaceTweet","twitter_misc":{"\u00c9crit par":"Alejandro","Dur\u00e9e de lecture estim\u00e9e":"4 minutes"},"schema":{"@context":"https:\/\/schema.org","@graph":[{"@type":"Article","@id":"https:\/\/www.interpeace.org\/2016\/11\/ideology-understanding-violence\/#article","isPartOf":{"@id":"https:\/\/www.interpeace.org\/2016\/11\/ideology-understanding-violence\/"},"author":{"name":"Alejandro","@id":"https:\/\/www.interpeace.org\/#\/schema\/person\/75fea8ede2ce310d5f1bea81166bf9a1"},"headline":"Beyond Ideology and Greed - Understanding new forms of violence in C\u00f4te d\u2019Ivoire and Mali","datePublished":"2016-11-25T17:17:36+00:00","dateModified":"2017-05-04T16:41:05+00:00","mainEntityOfPage":{"@id":"https:\/\/www.interpeace.org\/2016\/11\/ideology-understanding-violence\/"},"wordCount":750,"publisher":{"@id":"https:\/\/www.interpeace.org\/#organization"},"image":{"@id":"https:\/\/www.interpeace.org\/2016\/11\/ideology-understanding-violence\/#primaryimage"},"thumbnailUrl":"https:\/\/www.interpeace.org\/wp-content\/uploads\/2016\/11\/2016-Au-del\u00e0-de-lid\u00e9ologie-et-de-lapp\u00e2t-du-gain1-1000x500.jpg","articleSection":["Uncategorized"],"inLanguage":"fr-FR"},{"@type":"WebPage","@id":"https:\/\/www.interpeace.org\/2016\/11\/ideology-understanding-violence\/","url":"https:\/\/www.interpeace.org\/2016\/11\/ideology-understanding-violence\/","name":"Beyond Ideology and Greed - Understanding new forms of violence in C\u00f4te d\u2019Ivoire and Mali - Interpeace","isPartOf":{"@id":"https:\/\/www.interpeace.org\/#website"},"primaryImageOfPage":{"@id":"https:\/\/www.interpeace.org\/2016\/11\/ideology-understanding-violence\/#primaryimage"},"image":{"@id":"https:\/\/www.interpeace.org\/2016\/11\/ideology-understanding-violence\/#primaryimage"},"thumbnailUrl":"https:\/\/www.interpeace.org\/wp-content\/uploads\/2016\/11\/2016-Au-del\u00e0-de-lid\u00e9ologie-et-de-lapp\u00e2t-du-gain1-1000x500.jpg","datePublished":"2016-11-25T17:17:36+00:00","dateModified":"2017-05-04T16:41:05+00:00","breadcrumb":{"@id":"https:\/\/www.interpeace.org\/2016\/11\/ideology-understanding-violence\/#breadcrumb"},"inLanguage":"fr-FR","potentialAction":[{"@type":"ReadAction","target":["https:\/\/www.interpeace.org\/2016\/11\/ideology-understanding-violence\/"]}]},{"@type":"ImageObject","inLanguage":"fr-FR","@id":"https:\/\/www.interpeace.org\/2016\/11\/ideology-understanding-violence\/#primaryimage","url":"https:\/\/www.interpeace.org\/wp-content\/uploads\/2016\/11\/2016-Au-del\u00e0-de-lid\u00e9ologie-et-de-lapp\u00e2t-du-gain1-1000x500.jpg","contentUrl":"https:\/\/www.interpeace.org\/wp-content\/uploads\/2016\/11\/2016-Au-del\u00e0-de-lid\u00e9ologie-et-de-lapp\u00e2t-du-gain1-1000x500.jpg","width":1000,"height":714,"caption":"Photo credit: Aboubacar Traore"},{"@type":"BreadcrumbList","@id":"https:\/\/www.interpeace.org\/2016\/11\/ideology-understanding-violence\/#breadcrumb","itemListElement":[{"@type":"ListItem","position":1,"name":"Home","item":"https:\/\/www.interpeace.org\/"},{"@type":"ListItem","position":2,"name":"Beyond Ideology and Greed - Understanding new forms of violence in C\u00f4te d\u2019Ivoire and Mali"}]},{"@type":"WebSite","@id":"https:\/\/www.interpeace.org\/#website","url":"https:\/\/www.interpeace.org\/","name":"Interpeace","description":"Permettre aux gens de construire une paix durable depuis 1994","publisher":{"@id":"https:\/\/www.interpeace.org\/#organization"},"potentialAction":[{"@type":"SearchAction","target":{"@type":"EntryPoint","urlTemplate":"https:\/\/www.interpeace.org\/?s={search_term_string}"},"query-input":{"@type":"PropertyValueSpecification","valueRequired":true,"valueName":"search_term_string"}}],"inLanguage":"fr-FR"},{"@type":"Organization","@id":"https:\/\/www.interpeace.org\/#organization","name":"INTERPEACE","url":"https:\/\/www.interpeace.org\/","logo":{"@type":"ImageObject","inLanguage":"fr-FR","@id":"https:\/\/www.interpeace.org\/#\/schema\/logo\/image\/","url":"https:\/\/www.interpeace.org\/wp-content\/uploads\/2019\/11\/EN-Interpeace-small.png","contentUrl":"https:\/\/www.interpeace.org\/wp-content\/uploads\/2019\/11\/EN-Interpeace-small.png","width":111,"height":85,"caption":"INTERPEACE"},"image":{"@id":"https:\/\/www.interpeace.org\/#\/schema\/logo\/image\/"},"sameAs":["https:\/\/www.facebook.com\/Interpeace","https:\/\/x.com\/InterpeaceTweet","https:\/\/www.instagram.com\/interpeace\/"]},{"@type":"Person","@id":"https:\/\/www.interpeace.org\/#\/schema\/person\/75fea8ede2ce310d5f1bea81166bf9a1","name":"Alejandro","image":{"@type":"ImageObject","inLanguage":"fr-FR","@id":"https:\/\/secure.gravatar.com\/avatar\/a5627fb156910981ea3ab2405e881b80c8234e50bb58a577081f805dd3bfd753?s=96&d=mm&r=g","url":"https:\/\/secure.gravatar.com\/avatar\/a5627fb156910981ea3ab2405e881b80c8234e50bb58a577081f805dd3bfd753?s=96&d=mm&r=g","contentUrl":"https:\/\/secure.gravatar.com\/avatar\/a5627fb156910981ea3ab2405e881b80c8234e50bb58a577081f805dd3bfd753?s=96&d=mm&r=g","caption":"Alejandro"},"url":"https:\/\/www.interpeace.org\/fr\/author\/amoralesruiz-gm\/"}]}},"_links":{"self":[{"href":"https:\/\/www.interpeace.org\/fr\/wp-json\/wp\/v2\/posts\/5975","targetHints":{"allow":["GET"]}}],"collection":[{"href":"https:\/\/www.interpeace.org\/fr\/wp-json\/wp\/v2\/posts"}],"about":[{"href":"https:\/\/www.interpeace.org\/fr\/wp-json\/wp\/v2\/types\/post"}],"author":[{"embeddable":true,"href":"https:\/\/www.interpeace.org\/fr\/wp-json\/wp\/v2\/users\/1"}],"replies":[{"embeddable":true,"href":"https:\/\/www.interpeace.org\/fr\/wp-json\/wp\/v2\/comments?post=5975"}],"version-history":[{"count":0,"href":"https:\/\/www.interpeace.org\/fr\/wp-json\/wp\/v2\/posts\/5975\/revisions"}],"wp:featuredmedia":[{"embeddable":true,"href":"https:\/\/www.interpeace.org\/fr\/wp-json\/wp\/v2\/media\/5958"}],"wp:attachment":[{"href":"https:\/\/www.interpeace.org\/fr\/wp-json\/wp\/v2\/media?parent=5975"}],"wp:term":[{"taxonomy":"category","embeddable":true,"href":"https:\/\/www.interpeace.org\/fr\/wp-json\/wp\/v2\/categories?post=5975"},{"taxonomy":"post_tag","embeddable":true,"href":"https:\/\/www.interpeace.org\/fr\/wp-json\/wp\/v2\/tags?post=5975"},{"taxonomy":"globales","embeddable":true,"href":"https:\/\/www.interpeace.org\/fr\/wp-json\/wp\/v2\/globales?post=5975"},{"taxonomy":"initiatives","embeddable":true,"href":"https:\/\/www.interpeace.org\/fr\/wp-json\/wp\/v2\/initiatives?post=5975"},{"taxonomy":"news_type","embeddable":true,"href":"https:\/\/www.interpeace.org\/fr\/wp-json\/wp\/v2\/news_type?post=5975"},{"taxonomy":"programmes","embeddable":true,"href":"https:\/\/www.interpeace.org\/fr\/wp-json\/wp\/v2\/programmes?post=5975"},{"taxonomy":"resource_theme","embeddable":true,"href":"https:\/\/www.interpeace.org\/fr\/wp-json\/wp\/v2\/resource_theme?post=5975"},{"taxonomy":"videos_vimeo","embeddable":true,"href":"https:\/\/www.interpeace.org\/fr\/wp-json\/wp\/v2\/videos_vimeo?post=5975"}],"curies":[{"name":"wp","href":"https:\/\/api.w.org\/{rel}","templated":true}]}}