{"id":5919,"date":"2016-10-24T19:55:35","date_gmt":"2016-10-24T17:55:35","guid":{"rendered":"http:\/\/www.interpeace.org\/?p=5919"},"modified":"2017-05-04T18:45:15","modified_gmt":"2017-05-04T16:45:15","slug":"interpeaces-inclusion-sweden","status":"publish","type":"post","link":"https:\/\/www.interpeace.org\/fr\/2016\/10\/interpeaces-inclusion-sweden\/","title":{"rendered":"Launch of Interpeace\u2019s report on Inclusion in Sweden"},"content":{"rendered":"<p>Marginalization and exclusion have caused an increase of violent incidents in Europe in the past decade. Issues associated with socio-economic inequalities and lack of opportunities have resulted in social protests and riots. Following a series of social unrests in 2012 and 2013 in <a href=\"http:\/\/www.interpeace.org\/fr\/programme\/sweden\/\">Su\u00e8de<\/a>, Interpeace initiated a participatory research initiative in Tensta, a suburb of Stockholm, to better understand the challenges facing marginalized communities and identify practical ways to overcome exclusion. In 2015, Interpeace launched the second phase of its programme, engaging over 200 stakeholders across the country in a dialogue about the opportunities to build a more inclusive Swedish society. The project was carried out in four areas of Sweden: Tensta in Stockholm and Roseng\u00e5rd in Malm\u00f6, well known marginalized neighborhoods in the country, as well as Lule\u00e5 in the north and \u00c4lvsj\u00f6 in the Stockholm area, two areas that are representative of the national average in terms of demographics and socioeconomic standards.<\/p>\n<div id=\"attachment_5922\" style=\"width: 757px\" class=\"wp-caption alignnone\"><a href=\"http:\/\/www.interpeace.org\/wp-content\/uploads\/2016\/10\/Tensta-market.jpg\"><img loading=\"lazy\" decoding=\"async\" aria-describedby=\"caption-attachment-5922\" class=\"wp-image-5922\" src=\"http:\/\/www.interpeace.org\/wp-content\/uploads\/2016\/10\/Tensta-market.jpg\" alt=\"\" width=\"747\" height=\"497\" srcset=\"https:\/\/www.interpeace.org\/wp-content\/uploads\/2016\/10\/Tensta-market.jpg 1000w, https:\/\/www.interpeace.org\/wp-content\/uploads\/2016\/10\/Tensta-market-300x200.jpg 300w, https:\/\/www.interpeace.org\/wp-content\/uploads\/2016\/10\/Tensta-market-600x400.jpg 600w, https:\/\/www.interpeace.org\/wp-content\/uploads\/2016\/10\/Tensta-market-150x100.jpg 150w\" sizes=\"auto, (max-width: 747px) 100vw, 747px\" \/><\/a><p id=\"caption-attachment-5922\" class=\"wp-caption-text\">Tensta Centrum, Sweden. Photo credit: Oskar Kullander<\/p><\/div>\n<p><strong>\"People shouldn't be focusing on their differences but on what they have in common. We are all humans and have much more in common than what we think.\"<\/strong> Youth from Tensta, Sweden<\/p>\n<p>Building on the findings of its work, Interpeace is launching the report \u201cFrom Margins to Mainstream: Fostering Inclusion in Sweden\u201d. Our research reveals three main aspects that emerged as cornerstones of inclusion, according to the participants consulted in the research: acceptance, dignity and diversity. Promoting these three aspects at all levels of society will help foster greater inclusion and create better opportunities for everyone to prosper. The report highlights a number of recommendations that can be taken up by the various stakeholders working on this topic, including institutions of the state, the private sector, municipalities and civil society. The report also discusses how tackling barriers of exclusion in all aspects of life, including the education and employment systems, are critical to laying the foundations for greater inclusion.<\/p>\n<div id=\"attachment_5926\" style=\"width: 677px\" class=\"wp-caption alignnone\"><a href=\"http:\/\/www.interpeace.org\/wp-content\/uploads\/2016\/10\/tensta-market-2.jpg\"><img loading=\"lazy\" decoding=\"async\" aria-describedby=\"caption-attachment-5926\" class=\"wp-image-5926\" src=\"http:\/\/www.interpeace.org\/wp-content\/uploads\/2016\/10\/tensta-market-2.jpg\" alt=\"tensta market 2\" width=\"667\" height=\"444\" srcset=\"https:\/\/www.interpeace.org\/wp-content\/uploads\/2016\/10\/tensta-market-2.jpg 1000w, https:\/\/www.interpeace.org\/wp-content\/uploads\/2016\/10\/tensta-market-2-300x200.jpg 300w, https:\/\/www.interpeace.org\/wp-content\/uploads\/2016\/10\/tensta-market-2-600x400.jpg 600w, https:\/\/www.interpeace.org\/wp-content\/uploads\/2016\/10\/tensta-market-2-150x100.jpg 150w\" sizes=\"auto, (max-width: 667px) 100vw, 667px\" \/><\/a><p id=\"caption-attachment-5926\" class=\"wp-caption-text\">Tensta, Sweden. Photo credit: Oskar Kullander.<\/p><\/div>\n<p><strong>\"The only way to fail is to not do anything.\"<\/strong> A teenager from \u00c4lvsj\u00f6, Sweden<\/p>\n<p>Sweden, as several countries in Europe, has recently adopted tougher asylum legislations. The large influx of migrants and refugees to the continent in the last two years captured the attention of the media and has served to reinforced negative perceptions and stereotypes of immigrants among the public, reviving and polarizing the debate on the effectiveness of integration policies and practices.<br \/>\nToday, Sweden has the opportunity to construct the foundation for a society that is rich in empathy and culture. Failing to take these steps, the country will see poorly integrated immigrant communities continue to grow in size and scope, and social exclusion will increase accordingly. The 2030 Agenda for Sustainable Development, and in particular Goal 16 on inclusive and peaceful societies presents an opportunity for Sweden to implement a vision for inclusion that is meaningful in tackling the challenges of inclusion in highly developed settings and to inspire other countries.<\/p>\n<p>Read the full report here - <a href=\"http:\/\/www.interpeace.org\/wp-content\/uploads\/2016\/10\/From-Margins-to-Mainstream_Interpeace_Sept.-2016.pdf\">From Margins to Mainstream: Fostering Inclusion in Sweden<\/a>. The Swedish version of the report will be available shortly.<\/p>\n<p><a href=\"http:\/\/www.interpeace.org\/wp-content\/uploads\/2016\/10\/From-Margins-to-Mainstream_Interpeace_Sept.-2016.pdf\"><img loading=\"lazy\" decoding=\"async\" class=\"alignnone wp-image-5940\" src=\"http:\/\/www.interpeace.org\/wp-content\/uploads\/2016\/10\/cover-page-of-Sweden-report.jpg\" alt=\"cover page of Sweden report\" width=\"439\" height=\"621\" \/><\/a><\/p>","protected":false},"excerpt":{"rendered":"<p>Marginalization and exclusion have caused an increase of violent incidents in Europe in the past decade. Issues associated with socio-economic inequalities and lack of opportunities have resulted in social protests and riots. Following a series of social unrests in 2012 and 2013 in Sweden, Interpeace initiated a participatory research initiative in Tensta, a suburb of [&hellip;]<\/p>\n","protected":false},"author":1,"featured_media":5924,"comment_status":"closed","ping_status":"closed","sticky":false,"template":"","format":"standard","meta":{"_acf_changed":false,"_editorskit_title_hidden":false,"_editorskit_reading_time":0,"_editorskit_is_block_options_detached":false,"_editorskit_block_options_position":"{}","editor_plus_copied_stylings":"{}","_exactmetrics_skip_tracking":false,"_exactmetrics_sitenote_active":false,"_exactmetrics_sitenote_note":"","_exactmetrics_sitenote_category":0,"footnotes":"","_links_to":"","_links_to_target":""},"categories":[1],"tags":[],"globales":[],"initiatives":[],"news_type":[],"programmes":[80],"resource_theme":[510],"videos_vimeo":[],"class_list":["post-5919","post","type-post","status-publish","format-standard","has-post-thumbnail","hentry","category-uncategorized","programmes-sweden","resource_theme-dialogue"],"acf":[],"yoast_head":"<!-- This site is optimized with the Yoast SEO Premium plugin v27.4 (Yoast SEO v27.4) - https:\/\/yoast.com\/product\/yoast-seo-premium-wordpress\/ -->\n<title>Launch of Interpeace\u2019s report on Inclusion in Sweden - Interpeace<\/title>\n<meta name=\"robots\" content=\"index, follow, max-snippet:-1, max-image-preview:large, max-video-preview:-1\" \/>\n<link rel=\"canonical\" href=\"https:\/\/www.interpeace.org\/fr\/2016\/10\/interpeaces-inclusion-sweden\/\" \/>\n<meta property=\"og:locale\" content=\"fr_FR\" \/>\n<meta property=\"og:type\" content=\"article\" \/>\n<meta property=\"og:title\" content=\"Launch of Interpeace\u2019s report on Inclusion in Sweden\" \/>\n<meta property=\"og:description\" content=\"Marginalization and exclusion have caused an increase of violent incidents in Europe in the past decade. Issues associated with socio-economic inequalities and lack of opportunities have resulted in social protests and riots. Following a series of social unrests in 2012 and 2013 in Sweden, Interpeace initiated a participatory research initiative in Tensta, a suburb of [&hellip;]\" \/>\n<meta property=\"og:url\" content=\"https:\/\/www.interpeace.org\/fr\/2016\/10\/interpeaces-inclusion-sweden\/\" \/>\n<meta property=\"og:site_name\" content=\"Interpeace\" \/>\n<meta property=\"article:publisher\" content=\"https:\/\/www.facebook.com\/Interpeace\" \/>\n<meta property=\"article:published_time\" content=\"2016-10-24T17:55:35+00:00\" \/>\n<meta property=\"article:modified_time\" content=\"2017-05-04T16:45:15+00:00\" \/>\n<meta property=\"og:image\" content=\"https:\/\/www.interpeace.org\/wp-content\/uploads\/2016\/10\/tensta-market-31-1000x500.jpg\" \/>\n\t<meta property=\"og:image:width\" content=\"1000\" \/>\n\t<meta property=\"og:image:height\" content=\"666\" \/>\n\t<meta property=\"og:image:type\" content=\"image\/jpeg\" \/>\n<meta name=\"author\" content=\"Alejandro\" \/>\n<meta name=\"twitter:card\" content=\"summary_large_image\" \/>\n<meta name=\"twitter:creator\" content=\"@InterpeaceTweet\" \/>\n<meta name=\"twitter:site\" content=\"@InterpeaceTweet\" \/>\n<meta name=\"twitter:label1\" content=\"\u00c9crit par\" \/>\n\t<meta name=\"twitter:data1\" content=\"Alejandro\" \/>\n\t<meta name=\"twitter:label2\" content=\"Dur\u00e9e de lecture estim\u00e9e\" \/>\n\t<meta name=\"twitter:data2\" content=\"3 minutes\" \/>\n<script type=\"application\/ld+json\" class=\"yoast-schema-graph\">{\"@context\":\"https:\\\/\\\/schema.org\",\"@graph\":[{\"@type\":\"Article\",\"@id\":\"https:\\\/\\\/www.interpeace.org\\\/2016\\\/10\\\/interpeaces-inclusion-sweden\\\/#article\",\"isPartOf\":{\"@id\":\"https:\\\/\\\/www.interpeace.org\\\/2016\\\/10\\\/interpeaces-inclusion-sweden\\\/\"},\"author\":{\"name\":\"Alejandro\",\"@id\":\"https:\\\/\\\/www.interpeace.org\\\/#\\\/schema\\\/person\\\/75fea8ede2ce310d5f1bea81166bf9a1\"},\"headline\":\"Launch of Interpeace\u2019s report on Inclusion in Sweden\",\"datePublished\":\"2016-10-24T17:55:35+00:00\",\"dateModified\":\"2017-05-04T16:45:15+00:00\",\"mainEntityOfPage\":{\"@id\":\"https:\\\/\\\/www.interpeace.org\\\/2016\\\/10\\\/interpeaces-inclusion-sweden\\\/\"},\"wordCount\":534,\"publisher\":{\"@id\":\"https:\\\/\\\/www.interpeace.org\\\/#organization\"},\"image\":{\"@id\":\"https:\\\/\\\/www.interpeace.org\\\/2016\\\/10\\\/interpeaces-inclusion-sweden\\\/#primaryimage\"},\"thumbnailUrl\":\"https:\\\/\\\/www.interpeace.org\\\/wp-content\\\/uploads\\\/2016\\\/10\\\/tensta-market-31-1000x500.jpg\",\"articleSection\":[\"Uncategorized\"],\"inLanguage\":\"fr-FR\"},{\"@type\":\"WebPage\",\"@id\":\"https:\\\/\\\/www.interpeace.org\\\/2016\\\/10\\\/interpeaces-inclusion-sweden\\\/\",\"url\":\"https:\\\/\\\/www.interpeace.org\\\/2016\\\/10\\\/interpeaces-inclusion-sweden\\\/\",\"name\":\"Launch of Interpeace\u2019s report on Inclusion in Sweden - Interpeace\",\"isPartOf\":{\"@id\":\"https:\\\/\\\/www.interpeace.org\\\/#website\"},\"primaryImageOfPage\":{\"@id\":\"https:\\\/\\\/www.interpeace.org\\\/2016\\\/10\\\/interpeaces-inclusion-sweden\\\/#primaryimage\"},\"image\":{\"@id\":\"https:\\\/\\\/www.interpeace.org\\\/2016\\\/10\\\/interpeaces-inclusion-sweden\\\/#primaryimage\"},\"thumbnailUrl\":\"https:\\\/\\\/www.interpeace.org\\\/wp-content\\\/uploads\\\/2016\\\/10\\\/tensta-market-31-1000x500.jpg\",\"datePublished\":\"2016-10-24T17:55:35+00:00\",\"dateModified\":\"2017-05-04T16:45:15+00:00\",\"breadcrumb\":{\"@id\":\"https:\\\/\\\/www.interpeace.org\\\/2016\\\/10\\\/interpeaces-inclusion-sweden\\\/#breadcrumb\"},\"inLanguage\":\"fr-FR\",\"potentialAction\":[{\"@type\":\"ReadAction\",\"target\":[\"https:\\\/\\\/www.interpeace.org\\\/2016\\\/10\\\/interpeaces-inclusion-sweden\\\/\"]}]},{\"@type\":\"ImageObject\",\"inLanguage\":\"fr-FR\",\"@id\":\"https:\\\/\\\/www.interpeace.org\\\/2016\\\/10\\\/interpeaces-inclusion-sweden\\\/#primaryimage\",\"url\":\"https:\\\/\\\/www.interpeace.org\\\/wp-content\\\/uploads\\\/2016\\\/10\\\/tensta-market-31-1000x500.jpg\",\"contentUrl\":\"https:\\\/\\\/www.interpeace.org\\\/wp-content\\\/uploads\\\/2016\\\/10\\\/tensta-market-31-1000x500.jpg\",\"width\":1000,\"height\":666,\"caption\":\"Tensta, Sweden. Photo credit: Oskar Kullander\"},{\"@type\":\"BreadcrumbList\",\"@id\":\"https:\\\/\\\/www.interpeace.org\\\/2016\\\/10\\\/interpeaces-inclusion-sweden\\\/#breadcrumb\",\"itemListElement\":[{\"@type\":\"ListItem\",\"position\":1,\"name\":\"Home\",\"item\":\"https:\\\/\\\/www.interpeace.org\\\/\"},{\"@type\":\"ListItem\",\"position\":2,\"name\":\"Launch of Interpeace\u2019s report on Inclusion in Sweden\"}]},{\"@type\":\"WebSite\",\"@id\":\"https:\\\/\\\/www.interpeace.org\\\/#website\",\"url\":\"https:\\\/\\\/www.interpeace.org\\\/\",\"name\":\"Interpeace\",\"description\":\"Enabling people to build lasting peace since 1994\",\"publisher\":{\"@id\":\"https:\\\/\\\/www.interpeace.org\\\/#organization\"},\"potentialAction\":[{\"@type\":\"SearchAction\",\"target\":{\"@type\":\"EntryPoint\",\"urlTemplate\":\"https:\\\/\\\/www.interpeace.org\\\/?s={search_term_string}\"},\"query-input\":{\"@type\":\"PropertyValueSpecification\",\"valueRequired\":true,\"valueName\":\"search_term_string\"}}],\"inLanguage\":\"fr-FR\"},{\"@type\":\"Organization\",\"@id\":\"https:\\\/\\\/www.interpeace.org\\\/#organization\",\"name\":\"INTERPEACE\",\"url\":\"https:\\\/\\\/www.interpeace.org\\\/\",\"logo\":{\"@type\":\"ImageObject\",\"inLanguage\":\"fr-FR\",\"@id\":\"https:\\\/\\\/www.interpeace.org\\\/#\\\/schema\\\/logo\\\/image\\\/\",\"url\":\"https:\\\/\\\/www.interpeace.org\\\/wp-content\\\/uploads\\\/2019\\\/11\\\/EN-Interpeace-small.png\",\"contentUrl\":\"https:\\\/\\\/www.interpeace.org\\\/wp-content\\\/uploads\\\/2019\\\/11\\\/EN-Interpeace-small.png\",\"width\":111,\"height\":85,\"caption\":\"INTERPEACE\"},\"image\":{\"@id\":\"https:\\\/\\\/www.interpeace.org\\\/#\\\/schema\\\/logo\\\/image\\\/\"},\"sameAs\":[\"https:\\\/\\\/www.facebook.com\\\/Interpeace\",\"https:\\\/\\\/x.com\\\/InterpeaceTweet\",\"https:\\\/\\\/www.instagram.com\\\/interpeace\\\/\"]},{\"@type\":\"Person\",\"@id\":\"https:\\\/\\\/www.interpeace.org\\\/#\\\/schema\\\/person\\\/75fea8ede2ce310d5f1bea81166bf9a1\",\"name\":\"Alejandro\",\"image\":{\"@type\":\"ImageObject\",\"inLanguage\":\"fr-FR\",\"@id\":\"https:\\\/\\\/secure.gravatar.com\\\/avatar\\\/a5627fb156910981ea3ab2405e881b80c8234e50bb58a577081f805dd3bfd753?s=96&d=mm&r=g\",\"url\":\"https:\\\/\\\/secure.gravatar.com\\\/avatar\\\/a5627fb156910981ea3ab2405e881b80c8234e50bb58a577081f805dd3bfd753?s=96&d=mm&r=g\",\"contentUrl\":\"https:\\\/\\\/secure.gravatar.com\\\/avatar\\\/a5627fb156910981ea3ab2405e881b80c8234e50bb58a577081f805dd3bfd753?s=96&d=mm&r=g\",\"caption\":\"Alejandro\"},\"url\":\"https:\\\/\\\/www.interpeace.org\\\/fr\\\/author\\\/amoralesruiz-gm\\\/\"}]}<\/script>\n<!-- \/ Yoast SEO Premium plugin. -->","yoast_head_json":{"title":"Launch of Interpeace\u2019s report on Inclusion in Sweden - Interpeace","robots":{"index":"index","follow":"follow","max-snippet":"max-snippet:-1","max-image-preview":"max-image-preview:large","max-video-preview":"max-video-preview:-1"},"canonical":"https:\/\/www.interpeace.org\/fr\/2016\/10\/interpeaces-inclusion-sweden\/","og_locale":"fr_FR","og_type":"article","og_title":"Launch of Interpeace\u2019s report on Inclusion in Sweden","og_description":"Marginalization and exclusion have caused an increase of violent incidents in Europe in the past decade. Issues associated with socio-economic inequalities and lack of opportunities have resulted in social protests and riots. Following a series of social unrests in 2012 and 2013 in Sweden, Interpeace initiated a participatory research initiative in Tensta, a suburb of [&hellip;]","og_url":"https:\/\/www.interpeace.org\/fr\/2016\/10\/interpeaces-inclusion-sweden\/","og_site_name":"Interpeace","article_publisher":"https:\/\/www.facebook.com\/Interpeace","article_published_time":"2016-10-24T17:55:35+00:00","article_modified_time":"2017-05-04T16:45:15+00:00","og_image":[{"width":1000,"height":666,"url":"https:\/\/www.interpeace.org\/wp-content\/uploads\/2016\/10\/tensta-market-31-1000x500.jpg","type":"image\/jpeg"}],"author":"Alejandro","twitter_card":"summary_large_image","twitter_creator":"@InterpeaceTweet","twitter_site":"@InterpeaceTweet","twitter_misc":{"\u00c9crit par":"Alejandro","Dur\u00e9e de lecture estim\u00e9e":"3 minutes"},"schema":{"@context":"https:\/\/schema.org","@graph":[{"@type":"Article","@id":"https:\/\/www.interpeace.org\/2016\/10\/interpeaces-inclusion-sweden\/#article","isPartOf":{"@id":"https:\/\/www.interpeace.org\/2016\/10\/interpeaces-inclusion-sweden\/"},"author":{"name":"Alejandro","@id":"https:\/\/www.interpeace.org\/#\/schema\/person\/75fea8ede2ce310d5f1bea81166bf9a1"},"headline":"Launch of Interpeace\u2019s report on Inclusion in Sweden","datePublished":"2016-10-24T17:55:35+00:00","dateModified":"2017-05-04T16:45:15+00:00","mainEntityOfPage":{"@id":"https:\/\/www.interpeace.org\/2016\/10\/interpeaces-inclusion-sweden\/"},"wordCount":534,"publisher":{"@id":"https:\/\/www.interpeace.org\/#organization"},"image":{"@id":"https:\/\/www.interpeace.org\/2016\/10\/interpeaces-inclusion-sweden\/#primaryimage"},"thumbnailUrl":"https:\/\/www.interpeace.org\/wp-content\/uploads\/2016\/10\/tensta-market-31-1000x500.jpg","articleSection":["Uncategorized"],"inLanguage":"fr-FR"},{"@type":"WebPage","@id":"https:\/\/www.interpeace.org\/2016\/10\/interpeaces-inclusion-sweden\/","url":"https:\/\/www.interpeace.org\/2016\/10\/interpeaces-inclusion-sweden\/","name":"Launch of Interpeace\u2019s report on Inclusion in Sweden - Interpeace","isPartOf":{"@id":"https:\/\/www.interpeace.org\/#website"},"primaryImageOfPage":{"@id":"https:\/\/www.interpeace.org\/2016\/10\/interpeaces-inclusion-sweden\/#primaryimage"},"image":{"@id":"https:\/\/www.interpeace.org\/2016\/10\/interpeaces-inclusion-sweden\/#primaryimage"},"thumbnailUrl":"https:\/\/www.interpeace.org\/wp-content\/uploads\/2016\/10\/tensta-market-31-1000x500.jpg","datePublished":"2016-10-24T17:55:35+00:00","dateModified":"2017-05-04T16:45:15+00:00","breadcrumb":{"@id":"https:\/\/www.interpeace.org\/2016\/10\/interpeaces-inclusion-sweden\/#breadcrumb"},"inLanguage":"fr-FR","potentialAction":[{"@type":"ReadAction","target":["https:\/\/www.interpeace.org\/2016\/10\/interpeaces-inclusion-sweden\/"]}]},{"@type":"ImageObject","inLanguage":"fr-FR","@id":"https:\/\/www.interpeace.org\/2016\/10\/interpeaces-inclusion-sweden\/#primaryimage","url":"https:\/\/www.interpeace.org\/wp-content\/uploads\/2016\/10\/tensta-market-31-1000x500.jpg","contentUrl":"https:\/\/www.interpeace.org\/wp-content\/uploads\/2016\/10\/tensta-market-31-1000x500.jpg","width":1000,"height":666,"caption":"Tensta, Sweden. Photo credit: Oskar Kullander"},{"@type":"BreadcrumbList","@id":"https:\/\/www.interpeace.org\/2016\/10\/interpeaces-inclusion-sweden\/#breadcrumb","itemListElement":[{"@type":"ListItem","position":1,"name":"Home","item":"https:\/\/www.interpeace.org\/"},{"@type":"ListItem","position":2,"name":"Launch of Interpeace\u2019s report on Inclusion in Sweden"}]},{"@type":"WebSite","@id":"https:\/\/www.interpeace.org\/#website","url":"https:\/\/www.interpeace.org\/","name":"Interpeace","description":"Permettre aux gens de construire une paix durable depuis 1994","publisher":{"@id":"https:\/\/www.interpeace.org\/#organization"},"potentialAction":[{"@type":"SearchAction","target":{"@type":"EntryPoint","urlTemplate":"https:\/\/www.interpeace.org\/?s={search_term_string}"},"query-input":{"@type":"PropertyValueSpecification","valueRequired":true,"valueName":"search_term_string"}}],"inLanguage":"fr-FR"},{"@type":"Organization","@id":"https:\/\/www.interpeace.org\/#organization","name":"INTERPEACE","url":"https:\/\/www.interpeace.org\/","logo":{"@type":"ImageObject","inLanguage":"fr-FR","@id":"https:\/\/www.interpeace.org\/#\/schema\/logo\/image\/","url":"https:\/\/www.interpeace.org\/wp-content\/uploads\/2019\/11\/EN-Interpeace-small.png","contentUrl":"https:\/\/www.interpeace.org\/wp-content\/uploads\/2019\/11\/EN-Interpeace-small.png","width":111,"height":85,"caption":"INTERPEACE"},"image":{"@id":"https:\/\/www.interpeace.org\/#\/schema\/logo\/image\/"},"sameAs":["https:\/\/www.facebook.com\/Interpeace","https:\/\/x.com\/InterpeaceTweet","https:\/\/www.instagram.com\/interpeace\/"]},{"@type":"Person","@id":"https:\/\/www.interpeace.org\/#\/schema\/person\/75fea8ede2ce310d5f1bea81166bf9a1","name":"Alejandro","image":{"@type":"ImageObject","inLanguage":"fr-FR","@id":"https:\/\/secure.gravatar.com\/avatar\/a5627fb156910981ea3ab2405e881b80c8234e50bb58a577081f805dd3bfd753?s=96&d=mm&r=g","url":"https:\/\/secure.gravatar.com\/avatar\/a5627fb156910981ea3ab2405e881b80c8234e50bb58a577081f805dd3bfd753?s=96&d=mm&r=g","contentUrl":"https:\/\/secure.gravatar.com\/avatar\/a5627fb156910981ea3ab2405e881b80c8234e50bb58a577081f805dd3bfd753?s=96&d=mm&r=g","caption":"Alejandro"},"url":"https:\/\/www.interpeace.org\/fr\/author\/amoralesruiz-gm\/"}]}},"_links":{"self":[{"href":"https:\/\/www.interpeace.org\/fr\/wp-json\/wp\/v2\/posts\/5919","targetHints":{"allow":["GET"]}}],"collection":[{"href":"https:\/\/www.interpeace.org\/fr\/wp-json\/wp\/v2\/posts"}],"about":[{"href":"https:\/\/www.interpeace.org\/fr\/wp-json\/wp\/v2\/types\/post"}],"author":[{"embeddable":true,"href":"https:\/\/www.interpeace.org\/fr\/wp-json\/wp\/v2\/users\/1"}],"replies":[{"embeddable":true,"href":"https:\/\/www.interpeace.org\/fr\/wp-json\/wp\/v2\/comments?post=5919"}],"version-history":[{"count":0,"href":"https:\/\/www.interpeace.org\/fr\/wp-json\/wp\/v2\/posts\/5919\/revisions"}],"wp:featuredmedia":[{"embeddable":true,"href":"https:\/\/www.interpeace.org\/fr\/wp-json\/wp\/v2\/media\/5924"}],"wp:attachment":[{"href":"https:\/\/www.interpeace.org\/fr\/wp-json\/wp\/v2\/media?parent=5919"}],"wp:term":[{"taxonomy":"category","embeddable":true,"href":"https:\/\/www.interpeace.org\/fr\/wp-json\/wp\/v2\/categories?post=5919"},{"taxonomy":"post_tag","embeddable":true,"href":"https:\/\/www.interpeace.org\/fr\/wp-json\/wp\/v2\/tags?post=5919"},{"taxonomy":"globales","embeddable":true,"href":"https:\/\/www.interpeace.org\/fr\/wp-json\/wp\/v2\/globales?post=5919"},{"taxonomy":"initiatives","embeddable":true,"href":"https:\/\/www.interpeace.org\/fr\/wp-json\/wp\/v2\/initiatives?post=5919"},{"taxonomy":"news_type","embeddable":true,"href":"https:\/\/www.interpeace.org\/fr\/wp-json\/wp\/v2\/news_type?post=5919"},{"taxonomy":"programmes","embeddable":true,"href":"https:\/\/www.interpeace.org\/fr\/wp-json\/wp\/v2\/programmes?post=5919"},{"taxonomy":"resource_theme","embeddable":true,"href":"https:\/\/www.interpeace.org\/fr\/wp-json\/wp\/v2\/resource_theme?post=5919"},{"taxonomy":"videos_vimeo","embeddable":true,"href":"https:\/\/www.interpeace.org\/fr\/wp-json\/wp\/v2\/videos_vimeo?post=5919"}],"curies":[{"name":"wp","href":"https:\/\/api.w.org\/{rel}","templated":true}]}}