{"id":345,"date":"2011-09-27T12:32:35","date_gmt":"2011-09-27T10:32:35","guid":{"rendered":"http:\/\/www.interpeace.org\/2011\/09\/27\/striding-out-for-peace-in-kigali-rwanda\/"},"modified":"2015-07-30T16:33:02","modified_gmt":"2015-07-30T14:33:02","slug":"striding-out-for-peace-in-kigali-rwanda","status":"publish","type":"post","link":"https:\/\/www.interpeace.org\/fr\/2011\/09\/striding-out-for-peace-in-kigali-rwanda\/","title":{"rendered":"Striding out for peace in Kigali, Rwanda"},"content":{"rendered":"<p>Key players in the peacebuilding process in Rwanda united to stride out for peace on World Peace Day celebrated on Wednesday, 21 September. A concert and speeches provided a finale for an enthusiastic and positive day.<\/p>\n<p>Interpeace local partner, Institute of Research and Dialogue for Peace (IRDP), One UN, the National Unity and Reconciliation Commission, the Rwandan Defense Forces, the Rwandan Police and other governmental and nongovernmental actors celebrated the day alongside students from IRDP\u2019s Schools for Debate programme and Kigali residents.<\/p>\n<p>The Peace walk started from Kimihurura Roundabout and ended at \"Petit Stade\", outside the Amahoro National Stadium where the concert later took place. Local artists spread messages of peace and provided the entertainment. Sgt Robert Kabera, solo musician, the Army Jazz Band, and singer Kizito Mihigo were all part of the programme.The theme for 2011 was \u2018Make Your Voice Heard,\u2019 with the aim that all involved would use the day to share their ideas and experiences to strive for lasting peace and unity.<\/p>\n<p>IRDP\u2019s representative, Immacul\u00e9e Mukankubito, stood before the crowd to encourage them all to take positive steps towards building unity. \u201cPositive actions for unity and lasting peace, no matter how large or small, are what will make the difference \u2013 no matter if you are governmental representative or an ordinary citizen.\u201d<\/p>\n<p>The Rwanda Defense Forces\u2019 representative discussed the achievements of the armed forces in promoting peace at home and abroad. Jean Baptiste Habyalimana, the Executive Secretary of the National Unity and Reconciliation Commission also talked about the importance of collaboration among the different actors. He also highlighted that Rwanda had reason to celebrate the day, having recovered from the damages left behind by the 1994 Genocide, and ensuing instabilities.The Minister of the President\u2019s office, Venantia Tugireyezu was the guest of honour for the event. He talked about the importance government has in ensuring cohesion among the different stakeholders, and that without the promotion of peace nothing else can be attained.<\/p>","protected":false},"excerpt":{"rendered":"<p>Key players in the peacebuilding process in Rwanda united to stride out for peace on World Peace Day celebrated on Wednesday, 21 September. A concert and speeches provided a finale for an enthusiastic and positive day. Interpeace local partner, Institute of Research and Dialogue for Peace (IRDP), One UN, the National Unity and Reconciliation Commission, [&hellip;]<\/p>\n","protected":false},"author":3,"featured_media":3600,"comment_status":"open","ping_status":"open","sticky":false,"template":"","format":"standard","meta":{"_acf_changed":false,"_editorskit_title_hidden":false,"_editorskit_reading_time":0,"_editorskit_is_block_options_detached":false,"_editorskit_block_options_position":"{}","editor_plus_copied_stylings":"{}","_exactmetrics_skip_tracking":false,"_exactmetrics_sitenote_active":false,"_exactmetrics_sitenote_note":"","_exactmetrics_sitenote_category":0,"footnotes":"","_links_to":"","_links_to_target":""},"categories":[1],"tags":[],"globales":[],"initiatives":[],"news_type":[],"programmes":[68,74],"resource_theme":[],"videos_vimeo":[],"class_list":["post-345","post","type-post","status-publish","format-standard","has-post-thumbnail","hentry","category-uncategorized","programmes-eastern-and-central-africa","programmes-rwanda"],"acf":[],"yoast_head":"<!-- This site is optimized with the Yoast SEO Premium plugin v27.4 (Yoast SEO v27.4) - https:\/\/yoast.com\/product\/yoast-seo-premium-wordpress\/ -->\n<title>Striding out for peace in Kigali, Rwanda - Interpeace<\/title>\n<meta name=\"robots\" content=\"index, follow, max-snippet:-1, max-image-preview:large, max-video-preview:-1\" \/>\n<link rel=\"canonical\" href=\"https:\/\/www.interpeace.org\/fr\/2011\/09\/striding-out-for-peace-in-kigali-rwanda\/\" \/>\n<meta property=\"og:locale\" content=\"fr_FR\" \/>\n<meta property=\"og:type\" content=\"article\" \/>\n<meta property=\"og:title\" content=\"Striding out for peace in Kigali, Rwanda\" \/>\n<meta property=\"og:description\" content=\"Key players in the peacebuilding process in Rwanda united to stride out for peace on World Peace Day celebrated on Wednesday, 21 September. A concert and speeches provided a finale for an enthusiastic and positive day. Interpeace local partner, Institute of Research and Dialogue for Peace (IRDP), One UN, the National Unity and Reconciliation Commission, [&hellip;]\" \/>\n<meta property=\"og:url\" content=\"https:\/\/www.interpeace.org\/fr\/2011\/09\/striding-out-for-peace-in-kigali-rwanda\/\" \/>\n<meta property=\"og:site_name\" content=\"Interpeace\" \/>\n<meta property=\"article:publisher\" content=\"https:\/\/www.facebook.com\/Interpeace\" \/>\n<meta property=\"article:published_time\" content=\"2011-09-27T10:32:35+00:00\" \/>\n<meta property=\"article:modified_time\" content=\"2015-07-30T14:33:02+00:00\" \/>\n<meta property=\"og:image\" content=\"https:\/\/www.interpeace.org\/wp-content\/uploads\/2012\/07\/2011_Rwa_Peace_Day.jpg\" \/>\n\t<meta property=\"og:image:width\" content=\"600\" \/>\n\t<meta property=\"og:image:height\" content=\"451\" \/>\n\t<meta property=\"og:image:type\" content=\"image\/jpeg\" \/>\n<meta name=\"twitter:card\" content=\"summary_large_image\" \/>\n<meta name=\"twitter:creator\" content=\"@InterpeaceTweet\" \/>\n<meta name=\"twitter:site\" content=\"@InterpeaceTweet\" \/>\n<meta name=\"twitter:label1\" content=\"\u00c9crit par\" \/>\n\t<meta name=\"twitter:data1\" content=\"\" \/>\n\t<meta name=\"twitter:label2\" content=\"Dur\u00e9e de lecture estim\u00e9e\" \/>\n\t<meta name=\"twitter:data2\" content=\"2 minutes\" \/>\n<script type=\"application\/ld+json\" class=\"yoast-schema-graph\">{\"@context\":\"https:\\\/\\\/schema.org\",\"@graph\":[{\"@type\":\"Article\",\"@id\":\"https:\\\/\\\/www.interpeace.org\\\/fr\\\/2011\\\/09\\\/striding-out-for-peace-in-kigali-rwanda\\\/#article\",\"isPartOf\":{\"@id\":\"https:\\\/\\\/www.interpeace.org\\\/fr\\\/2011\\\/09\\\/striding-out-for-peace-in-kigali-rwanda\\\/\"},\"author\":{\"name\":\"\",\"@id\":\"\"},\"headline\":\"Striding out for peace in Kigali, Rwanda\",\"datePublished\":\"2011-09-27T10:32:35+00:00\",\"dateModified\":\"2015-07-30T14:33:02+00:00\",\"mainEntityOfPage\":{\"@id\":\"https:\\\/\\\/www.interpeace.org\\\/fr\\\/2011\\\/09\\\/striding-out-for-peace-in-kigali-rwanda\\\/\"},\"wordCount\":333,\"commentCount\":0,\"publisher\":{\"@id\":\"https:\\\/\\\/www.interpeace.org\\\/#organization\"},\"image\":{\"@id\":\"https:\\\/\\\/www.interpeace.org\\\/fr\\\/2011\\\/09\\\/striding-out-for-peace-in-kigali-rwanda\\\/#primaryimage\"},\"thumbnailUrl\":\"https:\\\/\\\/www.interpeace.org\\\/wp-content\\\/uploads\\\/2012\\\/07\\\/2011_Rwa_Peace_Day.jpg\",\"articleSection\":[\"Uncategorized\"],\"inLanguage\":\"fr-FR\",\"potentialAction\":[{\"@type\":\"CommentAction\",\"name\":\"Comment\",\"target\":[\"https:\\\/\\\/www.interpeace.org\\\/fr\\\/2011\\\/09\\\/striding-out-for-peace-in-kigali-rwanda\\\/#respond\"]}]},{\"@type\":\"WebPage\",\"@id\":\"https:\\\/\\\/www.interpeace.org\\\/fr\\\/2011\\\/09\\\/striding-out-for-peace-in-kigali-rwanda\\\/\",\"url\":\"https:\\\/\\\/www.interpeace.org\\\/fr\\\/2011\\\/09\\\/striding-out-for-peace-in-kigali-rwanda\\\/\",\"name\":\"Striding out for peace in Kigali, Rwanda - Interpeace\",\"isPartOf\":{\"@id\":\"https:\\\/\\\/www.interpeace.org\\\/#website\"},\"primaryImageOfPage\":{\"@id\":\"https:\\\/\\\/www.interpeace.org\\\/fr\\\/2011\\\/09\\\/striding-out-for-peace-in-kigali-rwanda\\\/#primaryimage\"},\"image\":{\"@id\":\"https:\\\/\\\/www.interpeace.org\\\/fr\\\/2011\\\/09\\\/striding-out-for-peace-in-kigali-rwanda\\\/#primaryimage\"},\"thumbnailUrl\":\"https:\\\/\\\/www.interpeace.org\\\/wp-content\\\/uploads\\\/2012\\\/07\\\/2011_Rwa_Peace_Day.jpg\",\"datePublished\":\"2011-09-27T10:32:35+00:00\",\"dateModified\":\"2015-07-30T14:33:02+00:00\",\"breadcrumb\":{\"@id\":\"https:\\\/\\\/www.interpeace.org\\\/fr\\\/2011\\\/09\\\/striding-out-for-peace-in-kigali-rwanda\\\/#breadcrumb\"},\"inLanguage\":\"fr-FR\",\"potentialAction\":[{\"@type\":\"ReadAction\",\"target\":[\"https:\\\/\\\/www.interpeace.org\\\/fr\\\/2011\\\/09\\\/striding-out-for-peace-in-kigali-rwanda\\\/\"]}]},{\"@type\":\"ImageObject\",\"inLanguage\":\"fr-FR\",\"@id\":\"https:\\\/\\\/www.interpeace.org\\\/fr\\\/2011\\\/09\\\/striding-out-for-peace-in-kigali-rwanda\\\/#primaryimage\",\"url\":\"https:\\\/\\\/www.interpeace.org\\\/wp-content\\\/uploads\\\/2012\\\/07\\\/2011_Rwa_Peace_Day.jpg\",\"contentUrl\":\"https:\\\/\\\/www.interpeace.org\\\/wp-content\\\/uploads\\\/2012\\\/07\\\/2011_Rwa_Peace_Day.jpg\",\"width\":600,\"height\":451,\"caption\":\"Photo credit: IRDP\"},{\"@type\":\"BreadcrumbList\",\"@id\":\"https:\\\/\\\/www.interpeace.org\\\/fr\\\/2011\\\/09\\\/striding-out-for-peace-in-kigali-rwanda\\\/#breadcrumb\",\"itemListElement\":[{\"@type\":\"ListItem\",\"position\":1,\"name\":\"Home\",\"item\":\"https:\\\/\\\/www.interpeace.org\\\/\"},{\"@type\":\"ListItem\",\"position\":2,\"name\":\"Striding out for peace in Kigali, Rwanda\"}]},{\"@type\":\"WebSite\",\"@id\":\"https:\\\/\\\/www.interpeace.org\\\/#website\",\"url\":\"https:\\\/\\\/www.interpeace.org\\\/\",\"name\":\"Interpeace\",\"description\":\"Enabling people to build lasting peace since 1994\",\"publisher\":{\"@id\":\"https:\\\/\\\/www.interpeace.org\\\/#organization\"},\"potentialAction\":[{\"@type\":\"SearchAction\",\"target\":{\"@type\":\"EntryPoint\",\"urlTemplate\":\"https:\\\/\\\/www.interpeace.org\\\/?s={search_term_string}\"},\"query-input\":{\"@type\":\"PropertyValueSpecification\",\"valueRequired\":true,\"valueName\":\"search_term_string\"}}],\"inLanguage\":\"fr-FR\"},{\"@type\":\"Organization\",\"@id\":\"https:\\\/\\\/www.interpeace.org\\\/#organization\",\"name\":\"INTERPEACE\",\"url\":\"https:\\\/\\\/www.interpeace.org\\\/\",\"logo\":{\"@type\":\"ImageObject\",\"inLanguage\":\"fr-FR\",\"@id\":\"https:\\\/\\\/www.interpeace.org\\\/#\\\/schema\\\/logo\\\/image\\\/\",\"url\":\"https:\\\/\\\/www.interpeace.org\\\/wp-content\\\/uploads\\\/2019\\\/11\\\/EN-Interpeace-small.png\",\"contentUrl\":\"https:\\\/\\\/www.interpeace.org\\\/wp-content\\\/uploads\\\/2019\\\/11\\\/EN-Interpeace-small.png\",\"width\":111,\"height\":85,\"caption\":\"INTERPEACE\"},\"image\":{\"@id\":\"https:\\\/\\\/www.interpeace.org\\\/#\\\/schema\\\/logo\\\/image\\\/\"},\"sameAs\":[\"https:\\\/\\\/www.facebook.com\\\/Interpeace\",\"https:\\\/\\\/x.com\\\/InterpeaceTweet\",\"https:\\\/\\\/www.instagram.com\\\/interpeace\\\/\"]},{\"@type\":\"Person\",\"@id\":\"\",\"url\":\"https:\\\/\\\/www.interpeace.org\\\/fr\\\/author\\\/\"}]}<\/script>\n<!-- \/ Yoast SEO Premium plugin. -->","yoast_head_json":{"title":"Striding out for peace in Kigali, Rwanda - Interpeace","robots":{"index":"index","follow":"follow","max-snippet":"max-snippet:-1","max-image-preview":"max-image-preview:large","max-video-preview":"max-video-preview:-1"},"canonical":"https:\/\/www.interpeace.org\/fr\/2011\/09\/striding-out-for-peace-in-kigali-rwanda\/","og_locale":"fr_FR","og_type":"article","og_title":"Striding out for peace in Kigali, Rwanda","og_description":"Key players in the peacebuilding process in Rwanda united to stride out for peace on World Peace Day celebrated on Wednesday, 21 September. A concert and speeches provided a finale for an enthusiastic and positive day. Interpeace local partner, Institute of Research and Dialogue for Peace (IRDP), One UN, the National Unity and Reconciliation Commission, [&hellip;]","og_url":"https:\/\/www.interpeace.org\/fr\/2011\/09\/striding-out-for-peace-in-kigali-rwanda\/","og_site_name":"Interpeace","article_publisher":"https:\/\/www.facebook.com\/Interpeace","article_published_time":"2011-09-27T10:32:35+00:00","article_modified_time":"2015-07-30T14:33:02+00:00","og_image":[{"width":600,"height":451,"url":"https:\/\/www.interpeace.org\/wp-content\/uploads\/2012\/07\/2011_Rwa_Peace_Day.jpg","type":"image\/jpeg"}],"twitter_card":"summary_large_image","twitter_creator":"@InterpeaceTweet","twitter_site":"@InterpeaceTweet","twitter_misc":{"\u00c9crit par":"","Dur\u00e9e de lecture estim\u00e9e":"2 minutes"},"schema":{"@context":"https:\/\/schema.org","@graph":[{"@type":"Article","@id":"https:\/\/www.interpeace.org\/fr\/2011\/09\/striding-out-for-peace-in-kigali-rwanda\/#article","isPartOf":{"@id":"https:\/\/www.interpeace.org\/fr\/2011\/09\/striding-out-for-peace-in-kigali-rwanda\/"},"author":{"name":"","@id":""},"headline":"Striding out for peace in Kigali, Rwanda","datePublished":"2011-09-27T10:32:35+00:00","dateModified":"2015-07-30T14:33:02+00:00","mainEntityOfPage":{"@id":"https:\/\/www.interpeace.org\/fr\/2011\/09\/striding-out-for-peace-in-kigali-rwanda\/"},"wordCount":333,"commentCount":0,"publisher":{"@id":"https:\/\/www.interpeace.org\/#organization"},"image":{"@id":"https:\/\/www.interpeace.org\/fr\/2011\/09\/striding-out-for-peace-in-kigali-rwanda\/#primaryimage"},"thumbnailUrl":"https:\/\/www.interpeace.org\/wp-content\/uploads\/2012\/07\/2011_Rwa_Peace_Day.jpg","articleSection":["Uncategorized"],"inLanguage":"fr-FR","potentialAction":[{"@type":"CommentAction","name":"Comment","target":["https:\/\/www.interpeace.org\/fr\/2011\/09\/striding-out-for-peace-in-kigali-rwanda\/#respond"]}]},{"@type":"WebPage","@id":"https:\/\/www.interpeace.org\/fr\/2011\/09\/striding-out-for-peace-in-kigali-rwanda\/","url":"https:\/\/www.interpeace.org\/fr\/2011\/09\/striding-out-for-peace-in-kigali-rwanda\/","name":"Striding out for peace in Kigali, Rwanda - Interpeace","isPartOf":{"@id":"https:\/\/www.interpeace.org\/#website"},"primaryImageOfPage":{"@id":"https:\/\/www.interpeace.org\/fr\/2011\/09\/striding-out-for-peace-in-kigali-rwanda\/#primaryimage"},"image":{"@id":"https:\/\/www.interpeace.org\/fr\/2011\/09\/striding-out-for-peace-in-kigali-rwanda\/#primaryimage"},"thumbnailUrl":"https:\/\/www.interpeace.org\/wp-content\/uploads\/2012\/07\/2011_Rwa_Peace_Day.jpg","datePublished":"2011-09-27T10:32:35+00:00","dateModified":"2015-07-30T14:33:02+00:00","breadcrumb":{"@id":"https:\/\/www.interpeace.org\/fr\/2011\/09\/striding-out-for-peace-in-kigali-rwanda\/#breadcrumb"},"inLanguage":"fr-FR","potentialAction":[{"@type":"ReadAction","target":["https:\/\/www.interpeace.org\/fr\/2011\/09\/striding-out-for-peace-in-kigali-rwanda\/"]}]},{"@type":"ImageObject","inLanguage":"fr-FR","@id":"https:\/\/www.interpeace.org\/fr\/2011\/09\/striding-out-for-peace-in-kigali-rwanda\/#primaryimage","url":"https:\/\/www.interpeace.org\/wp-content\/uploads\/2012\/07\/2011_Rwa_Peace_Day.jpg","contentUrl":"https:\/\/www.interpeace.org\/wp-content\/uploads\/2012\/07\/2011_Rwa_Peace_Day.jpg","width":600,"height":451,"caption":"Photo credit: IRDP"},{"@type":"BreadcrumbList","@id":"https:\/\/www.interpeace.org\/fr\/2011\/09\/striding-out-for-peace-in-kigali-rwanda\/#breadcrumb","itemListElement":[{"@type":"ListItem","position":1,"name":"Home","item":"https:\/\/www.interpeace.org\/"},{"@type":"ListItem","position":2,"name":"Striding out for peace in Kigali, Rwanda"}]},{"@type":"WebSite","@id":"https:\/\/www.interpeace.org\/#website","url":"https:\/\/www.interpeace.org\/","name":"Interpeace","description":"Permettre aux gens de construire une paix durable depuis 1994","publisher":{"@id":"https:\/\/www.interpeace.org\/#organization"},"potentialAction":[{"@type":"SearchAction","target":{"@type":"EntryPoint","urlTemplate":"https:\/\/www.interpeace.org\/?s={search_term_string}"},"query-input":{"@type":"PropertyValueSpecification","valueRequired":true,"valueName":"search_term_string"}}],"inLanguage":"fr-FR"},{"@type":"Organization","@id":"https:\/\/www.interpeace.org\/#organization","name":"INTERPEACE","url":"https:\/\/www.interpeace.org\/","logo":{"@type":"ImageObject","inLanguage":"fr-FR","@id":"https:\/\/www.interpeace.org\/#\/schema\/logo\/image\/","url":"https:\/\/www.interpeace.org\/wp-content\/uploads\/2019\/11\/EN-Interpeace-small.png","contentUrl":"https:\/\/www.interpeace.org\/wp-content\/uploads\/2019\/11\/EN-Interpeace-small.png","width":111,"height":85,"caption":"INTERPEACE"},"image":{"@id":"https:\/\/www.interpeace.org\/#\/schema\/logo\/image\/"},"sameAs":["https:\/\/www.facebook.com\/Interpeace","https:\/\/x.com\/InterpeaceTweet","https:\/\/www.instagram.com\/interpeace\/"]},{"@type":"Person","@id":"","url":"https:\/\/www.interpeace.org\/fr\/author\/"}]}},"_links":{"self":[{"href":"https:\/\/www.interpeace.org\/fr\/wp-json\/wp\/v2\/posts\/345","targetHints":{"allow":["GET"]}}],"collection":[{"href":"https:\/\/www.interpeace.org\/fr\/wp-json\/wp\/v2\/posts"}],"about":[{"href":"https:\/\/www.interpeace.org\/fr\/wp-json\/wp\/v2\/types\/post"}],"author":[{"embeddable":true,"href":"https:\/\/www.interpeace.org\/fr\/wp-json\/wp\/v2\/users\/3"}],"replies":[{"embeddable":true,"href":"https:\/\/www.interpeace.org\/fr\/wp-json\/wp\/v2\/comments?post=345"}],"version-history":[{"count":0,"href":"https:\/\/www.interpeace.org\/fr\/wp-json\/wp\/v2\/posts\/345\/revisions"}],"wp:featuredmedia":[{"embeddable":true,"href":"https:\/\/www.interpeace.org\/fr\/wp-json\/wp\/v2\/media\/3600"}],"wp:attachment":[{"href":"https:\/\/www.interpeace.org\/fr\/wp-json\/wp\/v2\/media?parent=345"}],"wp:term":[{"taxonomy":"category","embeddable":true,"href":"https:\/\/www.interpeace.org\/fr\/wp-json\/wp\/v2\/categories?post=345"},{"taxonomy":"post_tag","embeddable":true,"href":"https:\/\/www.interpeace.org\/fr\/wp-json\/wp\/v2\/tags?post=345"},{"taxonomy":"globales","embeddable":true,"href":"https:\/\/www.interpeace.org\/fr\/wp-json\/wp\/v2\/globales?post=345"},{"taxonomy":"initiatives","embeddable":true,"href":"https:\/\/www.interpeace.org\/fr\/wp-json\/wp\/v2\/initiatives?post=345"},{"taxonomy":"news_type","embeddable":true,"href":"https:\/\/www.interpeace.org\/fr\/wp-json\/wp\/v2\/news_type?post=345"},{"taxonomy":"programmes","embeddable":true,"href":"https:\/\/www.interpeace.org\/fr\/wp-json\/wp\/v2\/programmes?post=345"},{"taxonomy":"resource_theme","embeddable":true,"href":"https:\/\/www.interpeace.org\/fr\/wp-json\/wp\/v2\/resource_theme?post=345"},{"taxonomy":"videos_vimeo","embeddable":true,"href":"https:\/\/www.interpeace.org\/fr\/wp-json\/wp\/v2\/videos_vimeo?post=345"}],"curies":[{"name":"wp","href":"https:\/\/api.w.org\/{rel}","templated":true}]}}