{"id":341,"date":"2011-09-20T13:06:21","date_gmt":"2011-09-20T11:06:21","guid":{"rendered":"http:\/\/www.interpeace.org\/2011\/09\/20\/timor-leste-making-peace-not-on-one-day-but-everyday\/"},"modified":"2015-07-30T16:42:53","modified_gmt":"2015-07-30T14:42:53","slug":"timor-leste-making-peace-not-on-one-day-but-everyday","status":"publish","type":"post","link":"https:\/\/www.interpeace.org\/fr\/2011\/09\/timor-leste-making-peace-not-on-one-day-but-everyday\/","title":{"rendered":"Timor-Leste: Making peace not on one day but everyday"},"content":{"rendered":"<p>Last week Timor-Leste\u2019s newest \u2018Peace House\u2019 was already packed out. More than 500 people came to be part of the inauguration ceremony of the Baucau \u2018Peace House\u2019.<\/p>\n<p>The building stands proud in the centre of Baucau, a city which has been badly damaged during the outbreaks of violence that swept the country after independence. Even six years ago, it would have been difficult to believe the day\u2019s event could be possible. But the Baucau \u2018Peace House\u2019 is laying the foundation for not simply making peace on one day, but on everyday.<\/p>\n<p><strong>The new and the old unite<\/strong><br \/>\nPresident Ramos-Horta unveiled the plaque as part of ceremony where \u2018tradition\u2019 and \u2018modernity\u2019 united. Symbolism provided the focus of the event as older generations participated side by side, with younger Timorese. One of the world\u2019s newest countries, Timor-Leste has one of the youngest populations.<\/p>\n<p><strong>Answering the request of Timorese<\/strong><br \/>\nOver 900 Timorese, had taken part in a nationwide dialogue on the obstacles that stand in the way of peace. Participants, from all levels and sectors of society, felt that \u2018Peace Houses\u2019 would make a significant difference. They would provide a space for residents to meet peacefully and resolve differences and find solutions. They felt any new Peace house should be based on the tradition of <em>Fatin Nahe-biti<\/em>, or mat meeting place. It would lay the foundations for lasting peace within and between communities.<\/p>\n<p>\u201cThe creation of these \u2018Peace Houses\u2019 provides an alternative channel for conflict resolution. It enables the Timorese people to seek a peaceful solution to conflict. The \u2018Peace Houses\u2019 will provide a location where participants feel secure and are able to speak openly and honestly about their grievances and collectively identify solutions.\u201d says Ren\u00e9e Larivi\u00e8re, Interpeace Director of Programme Development.\u00a0 She adds, \u201cThe turn out today and the enthusiasm that surrounds the \u2018Peace House\u2019 project is evidence of how the international community can help empower the local people so that they can craft solutions that work for them.\u201d<\/p>\n<p><strong>Prominent figures attended the event<\/strong><br \/>\nPresident Ramos-Horta was joined by local traditional and administrative leaders, as well as representatives from Interpeace, its local partner the Centre of Studies for Peace and Development (CEPAD), the Global Development Group (GDG) and The Charitable Foundation.<\/p>\n<p><strong>More \u2018Peace Houses\u2019 to come<\/strong><br \/>\nThe ceremony in Baucau on September 14, 2011 marked the second Peace House constructed this year. The first was in Aileu and inaugurated by the local community on August 5, 2011.\u00a0 As part of the ongoing project two additional \u201cPeace Houses\u201d will be built, in the districts of Maliana and Ainaro. Together the four houses will serve as the pilot for the programme.<\/p>\n<p><strong>Partners making the \u2018Peace Houses\u2019 possible<\/strong><br \/>\nPeace Houses are part of a strategic initiative to enable Timorese to build lasting peace. The \u2018Peace House\u2019 pilot project is being funded by The Charitable Foundation, an Australian based organization that complements and sustains the dialogue activities undertaken by Interpeace local partner, CEPAD.<\/p>\n<p>\"This initiative is just one part of the work being carried out by the CEPAD team as they work to highlight and address the root causes of conflict and the obstacles that stand in the way of lasting peace,\u201d says Ren\u00e9e Larivi\u00e8re.<\/p>","protected":false},"excerpt":{"rendered":"<p>Last week Timor-Leste\u2019s newest \u2018Peace House\u2019 was already packed out. More than 500 people came to be part of the inauguration ceremony of the Baucau \u2018Peace House\u2019. The building stands proud in the centre of Baucau, a city which has been badly damaged during the outbreaks of violence that swept the country after independence. Even [&hellip;]<\/p>\n","protected":false},"author":3,"featured_media":340,"comment_status":"open","ping_status":"open","sticky":false,"template":"","format":"standard","meta":{"_acf_changed":false,"_editorskit_title_hidden":false,"_editorskit_reading_time":0,"_editorskit_is_block_options_detached":false,"_editorskit_block_options_position":"{}","editor_plus_copied_stylings":"{}","_exactmetrics_skip_tracking":false,"_exactmetrics_sitenote_active":false,"_exactmetrics_sitenote_note":"","_exactmetrics_sitenote_category":0,"footnotes":"","_links_to":"","_links_to_target":""},"categories":[1],"tags":[],"globales":[],"initiatives":[],"news_type":[],"programmes":[81,82],"resource_theme":[],"videos_vimeo":[],"class_list":["post-341","post","type-post","status-publish","format-standard","has-post-thumbnail","hentry","category-uncategorized","programmes-asia","programmes-timor-leste"],"acf":[],"yoast_head":"<!-- This site is optimized with the Yoast SEO Premium plugin v27.4 (Yoast SEO v27.4) - https:\/\/yoast.com\/product\/yoast-seo-premium-wordpress\/ -->\n<title>Timor-Leste: Making peace not on one day but everyday - Interpeace<\/title>\n<meta name=\"robots\" content=\"index, follow, max-snippet:-1, max-image-preview:large, max-video-preview:-1\" \/>\n<link rel=\"canonical\" href=\"https:\/\/www.interpeace.org\/fr\/2011\/09\/timor-leste-making-peace-not-on-one-day-but-everyday\/\" \/>\n<meta property=\"og:locale\" content=\"fr_FR\" \/>\n<meta property=\"og:type\" content=\"article\" \/>\n<meta property=\"og:title\" content=\"Timor-Leste: Making peace not on one day but everyday\" \/>\n<meta property=\"og:description\" content=\"Last week Timor-Leste\u2019s newest \u2018Peace House\u2019 was already packed out. More than 500 people came to be part of the inauguration ceremony of the Baucau \u2018Peace House\u2019. The building stands proud in the centre of Baucau, a city which has been badly damaged during the outbreaks of violence that swept the country after independence. Even [&hellip;]\" \/>\n<meta property=\"og:url\" content=\"https:\/\/www.interpeace.org\/fr\/2011\/09\/timor-leste-making-peace-not-on-one-day-but-everyday\/\" \/>\n<meta property=\"og:site_name\" content=\"Interpeace\" \/>\n<meta property=\"article:publisher\" content=\"https:\/\/www.facebook.com\/Interpeace\" \/>\n<meta property=\"article:published_time\" content=\"2011-09-20T11:06:21+00:00\" \/>\n<meta property=\"article:modified_time\" content=\"2015-07-30T14:42:53+00:00\" \/>\n<meta property=\"og:image\" content=\"https:\/\/www.interpeace.org\/wp-content\/uploads\/2011\/09\/2011_09_20_tl_interpeace_peace_house_launch_7.jpg\" \/>\n\t<meta property=\"og:image:width\" content=\"448\" \/>\n\t<meta property=\"og:image:height\" content=\"300\" \/>\n\t<meta property=\"og:image:type\" content=\"image\/jpeg\" \/>\n<meta name=\"twitter:card\" content=\"summary_large_image\" \/>\n<meta name=\"twitter:creator\" content=\"@InterpeaceTweet\" \/>\n<meta name=\"twitter:site\" content=\"@InterpeaceTweet\" \/>\n<meta name=\"twitter:label1\" content=\"\u00c9crit par\" \/>\n\t<meta name=\"twitter:data1\" content=\"\" \/>\n\t<meta name=\"twitter:label2\" content=\"Dur\u00e9e de lecture estim\u00e9e\" \/>\n\t<meta name=\"twitter:data2\" content=\"3 minutes\" \/>\n<script type=\"application\/ld+json\" class=\"yoast-schema-graph\">{\"@context\":\"https:\\\/\\\/schema.org\",\"@graph\":[{\"@type\":\"Article\",\"@id\":\"https:\\\/\\\/www.interpeace.org\\\/2011\\\/09\\\/timor-leste-making-peace-not-on-one-day-but-everyday\\\/#article\",\"isPartOf\":{\"@id\":\"https:\\\/\\\/www.interpeace.org\\\/2011\\\/09\\\/timor-leste-making-peace-not-on-one-day-but-everyday\\\/\"},\"author\":{\"name\":\"\",\"@id\":\"\"},\"headline\":\"Timor-Leste: Making peace not on one day but everyday\",\"datePublished\":\"2011-09-20T11:06:21+00:00\",\"dateModified\":\"2015-07-30T14:42:53+00:00\",\"mainEntityOfPage\":{\"@id\":\"https:\\\/\\\/www.interpeace.org\\\/2011\\\/09\\\/timor-leste-making-peace-not-on-one-day-but-everyday\\\/\"},\"wordCount\":539,\"commentCount\":0,\"publisher\":{\"@id\":\"https:\\\/\\\/www.interpeace.org\\\/#organization\"},\"image\":{\"@id\":\"https:\\\/\\\/www.interpeace.org\\\/2011\\\/09\\\/timor-leste-making-peace-not-on-one-day-but-everyday\\\/#primaryimage\"},\"thumbnailUrl\":\"https:\\\/\\\/www.interpeace.org\\\/wp-content\\\/uploads\\\/2011\\\/09\\\/2011_09_20_tl_interpeace_peace_house_launch_7.jpg\",\"articleSection\":[\"Uncategorized\"],\"inLanguage\":\"fr-FR\",\"potentialAction\":[{\"@type\":\"CommentAction\",\"name\":\"Comment\",\"target\":[\"https:\\\/\\\/www.interpeace.org\\\/2011\\\/09\\\/timor-leste-making-peace-not-on-one-day-but-everyday\\\/#respond\"]}]},{\"@type\":\"WebPage\",\"@id\":\"https:\\\/\\\/www.interpeace.org\\\/2011\\\/09\\\/timor-leste-making-peace-not-on-one-day-but-everyday\\\/\",\"url\":\"https:\\\/\\\/www.interpeace.org\\\/2011\\\/09\\\/timor-leste-making-peace-not-on-one-day-but-everyday\\\/\",\"name\":\"Timor-Leste: Making peace not on one day but everyday - Interpeace\",\"isPartOf\":{\"@id\":\"https:\\\/\\\/www.interpeace.org\\\/#website\"},\"primaryImageOfPage\":{\"@id\":\"https:\\\/\\\/www.interpeace.org\\\/2011\\\/09\\\/timor-leste-making-peace-not-on-one-day-but-everyday\\\/#primaryimage\"},\"image\":{\"@id\":\"https:\\\/\\\/www.interpeace.org\\\/2011\\\/09\\\/timor-leste-making-peace-not-on-one-day-but-everyday\\\/#primaryimage\"},\"thumbnailUrl\":\"https:\\\/\\\/www.interpeace.org\\\/wp-content\\\/uploads\\\/2011\\\/09\\\/2011_09_20_tl_interpeace_peace_house_launch_7.jpg\",\"datePublished\":\"2011-09-20T11:06:21+00:00\",\"dateModified\":\"2015-07-30T14:42:53+00:00\",\"breadcrumb\":{\"@id\":\"https:\\\/\\\/www.interpeace.org\\\/2011\\\/09\\\/timor-leste-making-peace-not-on-one-day-but-everyday\\\/#breadcrumb\"},\"inLanguage\":\"fr-FR\",\"potentialAction\":[{\"@type\":\"ReadAction\",\"target\":[\"https:\\\/\\\/www.interpeace.org\\\/2011\\\/09\\\/timor-leste-making-peace-not-on-one-day-but-everyday\\\/\"]}]},{\"@type\":\"ImageObject\",\"inLanguage\":\"fr-FR\",\"@id\":\"https:\\\/\\\/www.interpeace.org\\\/2011\\\/09\\\/timor-leste-making-peace-not-on-one-day-but-everyday\\\/#primaryimage\",\"url\":\"https:\\\/\\\/www.interpeace.org\\\/wp-content\\\/uploads\\\/2011\\\/09\\\/2011_09_20_tl_interpeace_peace_house_launch_7.jpg\",\"contentUrl\":\"https:\\\/\\\/www.interpeace.org\\\/wp-content\\\/uploads\\\/2011\\\/09\\\/2011_09_20_tl_interpeace_peace_house_launch_7.jpg\",\"width\":448,\"height\":300,\"caption\":\"Photo credit: Jo\u00e3o Vas for Interpeace\"},{\"@type\":\"BreadcrumbList\",\"@id\":\"https:\\\/\\\/www.interpeace.org\\\/2011\\\/09\\\/timor-leste-making-peace-not-on-one-day-but-everyday\\\/#breadcrumb\",\"itemListElement\":[{\"@type\":\"ListItem\",\"position\":1,\"name\":\"Home\",\"item\":\"https:\\\/\\\/www.interpeace.org\\\/\"},{\"@type\":\"ListItem\",\"position\":2,\"name\":\"Timor-Leste: Making peace not on one day but everyday\"}]},{\"@type\":\"WebSite\",\"@id\":\"https:\\\/\\\/www.interpeace.org\\\/#website\",\"url\":\"https:\\\/\\\/www.interpeace.org\\\/\",\"name\":\"Interpeace\",\"description\":\"Enabling people to build lasting peace since 1994\",\"publisher\":{\"@id\":\"https:\\\/\\\/www.interpeace.org\\\/#organization\"},\"potentialAction\":[{\"@type\":\"SearchAction\",\"target\":{\"@type\":\"EntryPoint\",\"urlTemplate\":\"https:\\\/\\\/www.interpeace.org\\\/?s={search_term_string}\"},\"query-input\":{\"@type\":\"PropertyValueSpecification\",\"valueRequired\":true,\"valueName\":\"search_term_string\"}}],\"inLanguage\":\"fr-FR\"},{\"@type\":\"Organization\",\"@id\":\"https:\\\/\\\/www.interpeace.org\\\/#organization\",\"name\":\"INTERPEACE\",\"url\":\"https:\\\/\\\/www.interpeace.org\\\/\",\"logo\":{\"@type\":\"ImageObject\",\"inLanguage\":\"fr-FR\",\"@id\":\"https:\\\/\\\/www.interpeace.org\\\/#\\\/schema\\\/logo\\\/image\\\/\",\"url\":\"https:\\\/\\\/www.interpeace.org\\\/wp-content\\\/uploads\\\/2019\\\/11\\\/EN-Interpeace-small.png\",\"contentUrl\":\"https:\\\/\\\/www.interpeace.org\\\/wp-content\\\/uploads\\\/2019\\\/11\\\/EN-Interpeace-small.png\",\"width\":111,\"height\":85,\"caption\":\"INTERPEACE\"},\"image\":{\"@id\":\"https:\\\/\\\/www.interpeace.org\\\/#\\\/schema\\\/logo\\\/image\\\/\"},\"sameAs\":[\"https:\\\/\\\/www.facebook.com\\\/Interpeace\",\"https:\\\/\\\/x.com\\\/InterpeaceTweet\",\"https:\\\/\\\/www.instagram.com\\\/interpeace\\\/\"]},{\"@type\":\"Person\",\"@id\":\"\",\"url\":\"https:\\\/\\\/www.interpeace.org\\\/fr\\\/author\\\/\"}]}<\/script>\n<!-- \/ Yoast SEO Premium plugin. -->","yoast_head_json":{"title":"Timor-Leste: Making peace not on one day but everyday - Interpeace","robots":{"index":"index","follow":"follow","max-snippet":"max-snippet:-1","max-image-preview":"max-image-preview:large","max-video-preview":"max-video-preview:-1"},"canonical":"https:\/\/www.interpeace.org\/fr\/2011\/09\/timor-leste-making-peace-not-on-one-day-but-everyday\/","og_locale":"fr_FR","og_type":"article","og_title":"Timor-Leste: Making peace not on one day but everyday","og_description":"Last week Timor-Leste\u2019s newest \u2018Peace House\u2019 was already packed out. More than 500 people came to be part of the inauguration ceremony of the Baucau \u2018Peace House\u2019. The building stands proud in the centre of Baucau, a city which has been badly damaged during the outbreaks of violence that swept the country after independence. Even [&hellip;]","og_url":"https:\/\/www.interpeace.org\/fr\/2011\/09\/timor-leste-making-peace-not-on-one-day-but-everyday\/","og_site_name":"Interpeace","article_publisher":"https:\/\/www.facebook.com\/Interpeace","article_published_time":"2011-09-20T11:06:21+00:00","article_modified_time":"2015-07-30T14:42:53+00:00","og_image":[{"width":448,"height":300,"url":"https:\/\/www.interpeace.org\/wp-content\/uploads\/2011\/09\/2011_09_20_tl_interpeace_peace_house_launch_7.jpg","type":"image\/jpeg"}],"twitter_card":"summary_large_image","twitter_creator":"@InterpeaceTweet","twitter_site":"@InterpeaceTweet","twitter_misc":{"\u00c9crit par":"","Dur\u00e9e de lecture estim\u00e9e":"3 minutes"},"schema":{"@context":"https:\/\/schema.org","@graph":[{"@type":"Article","@id":"https:\/\/www.interpeace.org\/2011\/09\/timor-leste-making-peace-not-on-one-day-but-everyday\/#article","isPartOf":{"@id":"https:\/\/www.interpeace.org\/2011\/09\/timor-leste-making-peace-not-on-one-day-but-everyday\/"},"author":{"name":"","@id":""},"headline":"Timor-Leste: Making peace not on one day but everyday","datePublished":"2011-09-20T11:06:21+00:00","dateModified":"2015-07-30T14:42:53+00:00","mainEntityOfPage":{"@id":"https:\/\/www.interpeace.org\/2011\/09\/timor-leste-making-peace-not-on-one-day-but-everyday\/"},"wordCount":539,"commentCount":0,"publisher":{"@id":"https:\/\/www.interpeace.org\/#organization"},"image":{"@id":"https:\/\/www.interpeace.org\/2011\/09\/timor-leste-making-peace-not-on-one-day-but-everyday\/#primaryimage"},"thumbnailUrl":"https:\/\/www.interpeace.org\/wp-content\/uploads\/2011\/09\/2011_09_20_tl_interpeace_peace_house_launch_7.jpg","articleSection":["Uncategorized"],"inLanguage":"fr-FR","potentialAction":[{"@type":"CommentAction","name":"Comment","target":["https:\/\/www.interpeace.org\/2011\/09\/timor-leste-making-peace-not-on-one-day-but-everyday\/#respond"]}]},{"@type":"WebPage","@id":"https:\/\/www.interpeace.org\/2011\/09\/timor-leste-making-peace-not-on-one-day-but-everyday\/","url":"https:\/\/www.interpeace.org\/2011\/09\/timor-leste-making-peace-not-on-one-day-but-everyday\/","name":"Timor-Leste: Making peace not on one day but everyday - Interpeace","isPartOf":{"@id":"https:\/\/www.interpeace.org\/#website"},"primaryImageOfPage":{"@id":"https:\/\/www.interpeace.org\/2011\/09\/timor-leste-making-peace-not-on-one-day-but-everyday\/#primaryimage"},"image":{"@id":"https:\/\/www.interpeace.org\/2011\/09\/timor-leste-making-peace-not-on-one-day-but-everyday\/#primaryimage"},"thumbnailUrl":"https:\/\/www.interpeace.org\/wp-content\/uploads\/2011\/09\/2011_09_20_tl_interpeace_peace_house_launch_7.jpg","datePublished":"2011-09-20T11:06:21+00:00","dateModified":"2015-07-30T14:42:53+00:00","breadcrumb":{"@id":"https:\/\/www.interpeace.org\/2011\/09\/timor-leste-making-peace-not-on-one-day-but-everyday\/#breadcrumb"},"inLanguage":"fr-FR","potentialAction":[{"@type":"ReadAction","target":["https:\/\/www.interpeace.org\/2011\/09\/timor-leste-making-peace-not-on-one-day-but-everyday\/"]}]},{"@type":"ImageObject","inLanguage":"fr-FR","@id":"https:\/\/www.interpeace.org\/2011\/09\/timor-leste-making-peace-not-on-one-day-but-everyday\/#primaryimage","url":"https:\/\/www.interpeace.org\/wp-content\/uploads\/2011\/09\/2011_09_20_tl_interpeace_peace_house_launch_7.jpg","contentUrl":"https:\/\/www.interpeace.org\/wp-content\/uploads\/2011\/09\/2011_09_20_tl_interpeace_peace_house_launch_7.jpg","width":448,"height":300,"caption":"Photo credit: Jo\u00e3o Vas for Interpeace"},{"@type":"BreadcrumbList","@id":"https:\/\/www.interpeace.org\/2011\/09\/timor-leste-making-peace-not-on-one-day-but-everyday\/#breadcrumb","itemListElement":[{"@type":"ListItem","position":1,"name":"Home","item":"https:\/\/www.interpeace.org\/"},{"@type":"ListItem","position":2,"name":"Timor-Leste: Making peace not on one day but everyday"}]},{"@type":"WebSite","@id":"https:\/\/www.interpeace.org\/#website","url":"https:\/\/www.interpeace.org\/","name":"Interpeace","description":"Permettre aux gens de construire une paix durable depuis 1994","publisher":{"@id":"https:\/\/www.interpeace.org\/#organization"},"potentialAction":[{"@type":"SearchAction","target":{"@type":"EntryPoint","urlTemplate":"https:\/\/www.interpeace.org\/?s={search_term_string}"},"query-input":{"@type":"PropertyValueSpecification","valueRequired":true,"valueName":"search_term_string"}}],"inLanguage":"fr-FR"},{"@type":"Organization","@id":"https:\/\/www.interpeace.org\/#organization","name":"INTERPEACE","url":"https:\/\/www.interpeace.org\/","logo":{"@type":"ImageObject","inLanguage":"fr-FR","@id":"https:\/\/www.interpeace.org\/#\/schema\/logo\/image\/","url":"https:\/\/www.interpeace.org\/wp-content\/uploads\/2019\/11\/EN-Interpeace-small.png","contentUrl":"https:\/\/www.interpeace.org\/wp-content\/uploads\/2019\/11\/EN-Interpeace-small.png","width":111,"height":85,"caption":"INTERPEACE"},"image":{"@id":"https:\/\/www.interpeace.org\/#\/schema\/logo\/image\/"},"sameAs":["https:\/\/www.facebook.com\/Interpeace","https:\/\/x.com\/InterpeaceTweet","https:\/\/www.instagram.com\/interpeace\/"]},{"@type":"Person","@id":"","url":"https:\/\/www.interpeace.org\/fr\/author\/"}]}},"_links":{"self":[{"href":"https:\/\/www.interpeace.org\/fr\/wp-json\/wp\/v2\/posts\/341","targetHints":{"allow":["GET"]}}],"collection":[{"href":"https:\/\/www.interpeace.org\/fr\/wp-json\/wp\/v2\/posts"}],"about":[{"href":"https:\/\/www.interpeace.org\/fr\/wp-json\/wp\/v2\/types\/post"}],"author":[{"embeddable":true,"href":"https:\/\/www.interpeace.org\/fr\/wp-json\/wp\/v2\/users\/3"}],"replies":[{"embeddable":true,"href":"https:\/\/www.interpeace.org\/fr\/wp-json\/wp\/v2\/comments?post=341"}],"version-history":[{"count":0,"href":"https:\/\/www.interpeace.org\/fr\/wp-json\/wp\/v2\/posts\/341\/revisions"}],"wp:featuredmedia":[{"embeddable":true,"href":"https:\/\/www.interpeace.org\/fr\/wp-json\/wp\/v2\/media\/340"}],"wp:attachment":[{"href":"https:\/\/www.interpeace.org\/fr\/wp-json\/wp\/v2\/media?parent=341"}],"wp:term":[{"taxonomy":"category","embeddable":true,"href":"https:\/\/www.interpeace.org\/fr\/wp-json\/wp\/v2\/categories?post=341"},{"taxonomy":"post_tag","embeddable":true,"href":"https:\/\/www.interpeace.org\/fr\/wp-json\/wp\/v2\/tags?post=341"},{"taxonomy":"globales","embeddable":true,"href":"https:\/\/www.interpeace.org\/fr\/wp-json\/wp\/v2\/globales?post=341"},{"taxonomy":"initiatives","embeddable":true,"href":"https:\/\/www.interpeace.org\/fr\/wp-json\/wp\/v2\/initiatives?post=341"},{"taxonomy":"news_type","embeddable":true,"href":"https:\/\/www.interpeace.org\/fr\/wp-json\/wp\/v2\/news_type?post=341"},{"taxonomy":"programmes","embeddable":true,"href":"https:\/\/www.interpeace.org\/fr\/wp-json\/wp\/v2\/programmes?post=341"},{"taxonomy":"resource_theme","embeddable":true,"href":"https:\/\/www.interpeace.org\/fr\/wp-json\/wp\/v2\/resource_theme?post=341"},{"taxonomy":"videos_vimeo","embeddable":true,"href":"https:\/\/www.interpeace.org\/fr\/wp-json\/wp\/v2\/videos_vimeo?post=341"}],"curies":[{"name":"wp","href":"https:\/\/api.w.org\/{rel}","templated":true}]}}