{"id":337,"date":"2011-09-19T10:19:27","date_gmt":"2011-09-19T10:19:27","guid":{"rendered":"http:\/\/www.interpeace.org\/2011\/09\/19\/no-to-violence-no-to-coercion-yes-to-peace\/"},"modified":"2015-09-02T10:55:39","modified_gmt":"2015-09-02T08:55:39","slug":"no-to-violence-no-to-coercion-yes-to-peace","status":"publish","type":"post","link":"https:\/\/www.interpeace.org\/fr\/2011\/09\/no-to-violence-no-to-coercion-yes-to-peace\/","title":{"rendered":"'No' to violence. 'No' to coercion. 'Yes' to peace."},"content":{"rendered":"<p>Interpeace signs up to support <a href=\"http:\/\/www.peaceoneday.org\/\" target=\"_blank\">Peace One Day<\/a>. Interpeace today joins Jeremy Gilley, the Peace One Day team, and all those calling for the Global Truce 2012. It\u2019s a call for a day of ceasefire and non-violence to be observed by everyone around the globe and is scheduled for next year\u2019s Peace Day on Friday, 21 September, 2012. The 365-day global countdown will start on Wednesday, 21 September 2011, at the O2 Arena in London.<\/p>\n<p><strong>La paix est possible<\/strong><br \/>\nInterpeace partners in countries across Africa, Asia, Central America, Europe and the Middle East are backing the Global Truce 2012 initiative. As Interpeace works to build lasting peace in their own societies, the Global Truce 2012 is an opportunity to demonstrate to the world that peace is possible.<\/p>\n<p><strong>Uniting for peace<\/strong><br \/>\n\u201cWe see it every day. The foundations for lasting peace are being laid by brave and committed individuals on a daily basis,\u201d confirms Scott M. Weber, Director-General of Interpeace. Scott adds: \u201cInterpeace is supporting a global truce on World Peace Day 2012 as we can all make a difference on that day by uniting for peace.\u201d He closes by saying: \u201cWe must all say \u2018No\u2019 to violent conflict. \u2018No\u2019 to coercion. And \u2018yes\u2019 to peace. Together we can make peace \u2013 not just for one day but for everyday.\u201d<\/p>\n<p>For more on the Global Truce 2012 go to <a href=\"http:\/\/www.peaceoneday.org\/\" target=\"_blank\">www.peaceoneday.org<\/a><\/p>\n<p>Follow us on Twitter \u2013 <a href=\"http:\/\/twitter.com\/#%21\/InterpeaceTweet\" target=\"_blank\">InterpeaceTweet<\/a> \u2013 to see what Interpeace is doing to build lasting peace.<\/p>","protected":false},"excerpt":{"rendered":"<p>Interpeace signs up to support Peace One Day. Interpeace today joins Jeremy Gilley, the Peace One Day team, and all those calling for the Global Truce 2012. It\u2019s a call for a day of ceasefire and non-violence to be observed by everyone around the globe and is scheduled for next year\u2019s Peace Day on Friday, [&hellip;]<\/p>\n","protected":false},"author":3,"featured_media":524,"comment_status":"open","ping_status":"open","sticky":false,"template":"","format":"standard","meta":{"_acf_changed":false,"_editorskit_title_hidden":false,"_editorskit_reading_time":0,"_editorskit_is_block_options_detached":false,"_editorskit_block_options_position":"{}","editor_plus_copied_stylings":"{}","_exactmetrics_skip_tracking":false,"_exactmetrics_sitenote_active":false,"_exactmetrics_sitenote_note":"","_exactmetrics_sitenote_category":0,"footnotes":"","_links_to":"","_links_to_target":""},"categories":[1],"tags":[],"globales":[],"initiatives":[],"news_type":[],"programmes":[],"resource_theme":[],"videos_vimeo":[],"class_list":["post-337","post","type-post","status-publish","format-standard","has-post-thumbnail","hentry","category-uncategorized"],"acf":[],"yoast_head":"<!-- This site is optimized with the Yoast SEO Premium plugin v27.4 (Yoast SEO v27.4) - https:\/\/yoast.com\/product\/yoast-seo-premium-wordpress\/ -->\n<title>&#039;No&#039; to violence. &#039;No&#039; to coercion. &#039;Yes&#039; to peace. - Interpeace<\/title>\n<meta name=\"robots\" content=\"index, follow, max-snippet:-1, max-image-preview:large, max-video-preview:-1\" \/>\n<link rel=\"canonical\" href=\"https:\/\/www.interpeace.org\/fr\/2011\/09\/no-to-violence-no-to-coercion-yes-to-peace\/\" \/>\n<meta property=\"og:locale\" content=\"fr_FR\" \/>\n<meta property=\"og:type\" content=\"article\" \/>\n<meta property=\"og:title\" content=\"&#039;No&#039; to violence. &#039;No&#039; to coercion. &#039;Yes&#039; to peace.\" \/>\n<meta property=\"og:description\" content=\"Interpeace signs up to support Peace One Day. Interpeace today joins Jeremy Gilley, the Peace One Day team, and all those calling for the Global Truce 2012. It\u2019s a call for a day of ceasefire and non-violence to be observed by everyone around the globe and is scheduled for next year\u2019s Peace Day on Friday, [&hellip;]\" \/>\n<meta property=\"og:url\" content=\"https:\/\/www.interpeace.org\/fr\/2011\/09\/no-to-violence-no-to-coercion-yes-to-peace\/\" \/>\n<meta property=\"og:site_name\" content=\"Interpeace\" \/>\n<meta property=\"article:publisher\" content=\"https:\/\/www.facebook.com\/Interpeace\" \/>\n<meta property=\"article:published_time\" content=\"2011-09-19T10:19:27+00:00\" \/>\n<meta property=\"article:modified_time\" content=\"2015-09-02T08:55:39+00:00\" \/>\n<meta property=\"og:image\" content=\"https:\/\/www.interpeace.org\/wp-content\/uploads\/2012\/06\/2012_06_06_jeremy_gilley_founder_pod.jpg\" \/>\n\t<meta property=\"og:image:width\" content=\"336\" \/>\n\t<meta property=\"og:image:height\" content=\"448\" \/>\n\t<meta property=\"og:image:type\" content=\"image\/jpeg\" \/>\n<meta name=\"twitter:card\" content=\"summary_large_image\" \/>\n<meta name=\"twitter:creator\" content=\"@InterpeaceTweet\" \/>\n<meta name=\"twitter:site\" content=\"@InterpeaceTweet\" \/>\n<meta name=\"twitter:label1\" content=\"\u00c9crit par\" \/>\n\t<meta name=\"twitter:data1\" content=\"\" \/>\n\t<meta name=\"twitter:label2\" content=\"Dur\u00e9e de lecture estim\u00e9e\" \/>\n\t<meta name=\"twitter:data2\" content=\"1 minute\" \/>\n<script type=\"application\/ld+json\" class=\"yoast-schema-graph\">{\"@context\":\"https:\\\/\\\/schema.org\",\"@graph\":[{\"@type\":\"Article\",\"@id\":\"https:\\\/\\\/www.interpeace.org\\\/2011\\\/09\\\/no-to-violence-no-to-coercion-yes-to-peace\\\/#article\",\"isPartOf\":{\"@id\":\"https:\\\/\\\/www.interpeace.org\\\/2011\\\/09\\\/no-to-violence-no-to-coercion-yes-to-peace\\\/\"},\"author\":{\"name\":\"\",\"@id\":\"\"},\"headline\":\"'No' to violence. 'No' to coercion. 'Yes' to peace.\",\"datePublished\":\"2011-09-19T10:19:27+00:00\",\"dateModified\":\"2015-09-02T08:55:39+00:00\",\"mainEntityOfPage\":{\"@id\":\"https:\\\/\\\/www.interpeace.org\\\/2011\\\/09\\\/no-to-violence-no-to-coercion-yes-to-peace\\\/\"},\"wordCount\":246,\"commentCount\":0,\"publisher\":{\"@id\":\"https:\\\/\\\/www.interpeace.org\\\/#organization\"},\"image\":{\"@id\":\"https:\\\/\\\/www.interpeace.org\\\/2011\\\/09\\\/no-to-violence-no-to-coercion-yes-to-peace\\\/#primaryimage\"},\"thumbnailUrl\":\"https:\\\/\\\/www.interpeace.org\\\/wp-content\\\/uploads\\\/2012\\\/06\\\/2012_06_06_jeremy_gilley_founder_pod.jpg\",\"articleSection\":[\"Uncategorized\"],\"inLanguage\":\"fr-FR\",\"potentialAction\":[{\"@type\":\"CommentAction\",\"name\":\"Comment\",\"target\":[\"https:\\\/\\\/www.interpeace.org\\\/2011\\\/09\\\/no-to-violence-no-to-coercion-yes-to-peace\\\/#respond\"]}]},{\"@type\":\"WebPage\",\"@id\":\"https:\\\/\\\/www.interpeace.org\\\/2011\\\/09\\\/no-to-violence-no-to-coercion-yes-to-peace\\\/\",\"url\":\"https:\\\/\\\/www.interpeace.org\\\/2011\\\/09\\\/no-to-violence-no-to-coercion-yes-to-peace\\\/\",\"name\":\"'No' to violence. 'No' to coercion. 'Yes' to peace. - Interpeace\",\"isPartOf\":{\"@id\":\"https:\\\/\\\/www.interpeace.org\\\/#website\"},\"primaryImageOfPage\":{\"@id\":\"https:\\\/\\\/www.interpeace.org\\\/2011\\\/09\\\/no-to-violence-no-to-coercion-yes-to-peace\\\/#primaryimage\"},\"image\":{\"@id\":\"https:\\\/\\\/www.interpeace.org\\\/2011\\\/09\\\/no-to-violence-no-to-coercion-yes-to-peace\\\/#primaryimage\"},\"thumbnailUrl\":\"https:\\\/\\\/www.interpeace.org\\\/wp-content\\\/uploads\\\/2012\\\/06\\\/2012_06_06_jeremy_gilley_founder_pod.jpg\",\"datePublished\":\"2011-09-19T10:19:27+00:00\",\"dateModified\":\"2015-09-02T08:55:39+00:00\",\"breadcrumb\":{\"@id\":\"https:\\\/\\\/www.interpeace.org\\\/2011\\\/09\\\/no-to-violence-no-to-coercion-yes-to-peace\\\/#breadcrumb\"},\"inLanguage\":\"fr-FR\",\"potentialAction\":[{\"@type\":\"ReadAction\",\"target\":[\"https:\\\/\\\/www.interpeace.org\\\/2011\\\/09\\\/no-to-violence-no-to-coercion-yes-to-peace\\\/\"]}]},{\"@type\":\"ImageObject\",\"inLanguage\":\"fr-FR\",\"@id\":\"https:\\\/\\\/www.interpeace.org\\\/2011\\\/09\\\/no-to-violence-no-to-coercion-yes-to-peace\\\/#primaryimage\",\"url\":\"https:\\\/\\\/www.interpeace.org\\\/wp-content\\\/uploads\\\/2012\\\/06\\\/2012_06_06_jeremy_gilley_founder_pod.jpg\",\"contentUrl\":\"https:\\\/\\\/www.interpeace.org\\\/wp-content\\\/uploads\\\/2012\\\/06\\\/2012_06_06_jeremy_gilley_founder_pod.jpg\",\"width\":336,\"height\":448,\"caption\":\"Jeremy Gilley, Founder of Peace One Day\"},{\"@type\":\"BreadcrumbList\",\"@id\":\"https:\\\/\\\/www.interpeace.org\\\/2011\\\/09\\\/no-to-violence-no-to-coercion-yes-to-peace\\\/#breadcrumb\",\"itemListElement\":[{\"@type\":\"ListItem\",\"position\":1,\"name\":\"Home\",\"item\":\"https:\\\/\\\/www.interpeace.org\\\/\"},{\"@type\":\"ListItem\",\"position\":2,\"name\":\"'No' to violence. 'No' to coercion. 'Yes' to peace.\"}]},{\"@type\":\"WebSite\",\"@id\":\"https:\\\/\\\/www.interpeace.org\\\/#website\",\"url\":\"https:\\\/\\\/www.interpeace.org\\\/\",\"name\":\"Interpeace\",\"description\":\"Enabling people to build lasting peace since 1994\",\"publisher\":{\"@id\":\"https:\\\/\\\/www.interpeace.org\\\/#organization\"},\"potentialAction\":[{\"@type\":\"SearchAction\",\"target\":{\"@type\":\"EntryPoint\",\"urlTemplate\":\"https:\\\/\\\/www.interpeace.org\\\/?s={search_term_string}\"},\"query-input\":{\"@type\":\"PropertyValueSpecification\",\"valueRequired\":true,\"valueName\":\"search_term_string\"}}],\"inLanguage\":\"fr-FR\"},{\"@type\":\"Organization\",\"@id\":\"https:\\\/\\\/www.interpeace.org\\\/#organization\",\"name\":\"INTERPEACE\",\"url\":\"https:\\\/\\\/www.interpeace.org\\\/\",\"logo\":{\"@type\":\"ImageObject\",\"inLanguage\":\"fr-FR\",\"@id\":\"https:\\\/\\\/www.interpeace.org\\\/#\\\/schema\\\/logo\\\/image\\\/\",\"url\":\"https:\\\/\\\/www.interpeace.org\\\/wp-content\\\/uploads\\\/2019\\\/11\\\/EN-Interpeace-small.png\",\"contentUrl\":\"https:\\\/\\\/www.interpeace.org\\\/wp-content\\\/uploads\\\/2019\\\/11\\\/EN-Interpeace-small.png\",\"width\":111,\"height\":85,\"caption\":\"INTERPEACE\"},\"image\":{\"@id\":\"https:\\\/\\\/www.interpeace.org\\\/#\\\/schema\\\/logo\\\/image\\\/\"},\"sameAs\":[\"https:\\\/\\\/www.facebook.com\\\/Interpeace\",\"https:\\\/\\\/x.com\\\/InterpeaceTweet\",\"https:\\\/\\\/www.instagram.com\\\/interpeace\\\/\"]},{\"@type\":\"Person\",\"@id\":\"\",\"url\":\"https:\\\/\\\/www.interpeace.org\\\/fr\\\/author\\\/\"}]}<\/script>\n<!-- \/ Yoast SEO Premium plugin. -->","yoast_head_json":{"title":"'No' to violence. 'No' to coercion. 'Yes' to peace. - Interpeace","robots":{"index":"index","follow":"follow","max-snippet":"max-snippet:-1","max-image-preview":"max-image-preview:large","max-video-preview":"max-video-preview:-1"},"canonical":"https:\/\/www.interpeace.org\/fr\/2011\/09\/no-to-violence-no-to-coercion-yes-to-peace\/","og_locale":"fr_FR","og_type":"article","og_title":"'No' to violence. 'No' to coercion. 'Yes' to peace.","og_description":"Interpeace signs up to support Peace One Day. Interpeace today joins Jeremy Gilley, the Peace One Day team, and all those calling for the Global Truce 2012. It\u2019s a call for a day of ceasefire and non-violence to be observed by everyone around the globe and is scheduled for next year\u2019s Peace Day on Friday, [&hellip;]","og_url":"https:\/\/www.interpeace.org\/fr\/2011\/09\/no-to-violence-no-to-coercion-yes-to-peace\/","og_site_name":"Interpeace","article_publisher":"https:\/\/www.facebook.com\/Interpeace","article_published_time":"2011-09-19T10:19:27+00:00","article_modified_time":"2015-09-02T08:55:39+00:00","og_image":[{"width":336,"height":448,"url":"https:\/\/www.interpeace.org\/wp-content\/uploads\/2012\/06\/2012_06_06_jeremy_gilley_founder_pod.jpg","type":"image\/jpeg"}],"twitter_card":"summary_large_image","twitter_creator":"@InterpeaceTweet","twitter_site":"@InterpeaceTweet","twitter_misc":{"\u00c9crit par":"","Dur\u00e9e de lecture estim\u00e9e":"1 minute"},"schema":{"@context":"https:\/\/schema.org","@graph":[{"@type":"Article","@id":"https:\/\/www.interpeace.org\/2011\/09\/no-to-violence-no-to-coercion-yes-to-peace\/#article","isPartOf":{"@id":"https:\/\/www.interpeace.org\/2011\/09\/no-to-violence-no-to-coercion-yes-to-peace\/"},"author":{"name":"","@id":""},"headline":"'No' to violence. 'No' to coercion. 'Yes' to peace.","datePublished":"2011-09-19T10:19:27+00:00","dateModified":"2015-09-02T08:55:39+00:00","mainEntityOfPage":{"@id":"https:\/\/www.interpeace.org\/2011\/09\/no-to-violence-no-to-coercion-yes-to-peace\/"},"wordCount":246,"commentCount":0,"publisher":{"@id":"https:\/\/www.interpeace.org\/#organization"},"image":{"@id":"https:\/\/www.interpeace.org\/2011\/09\/no-to-violence-no-to-coercion-yes-to-peace\/#primaryimage"},"thumbnailUrl":"https:\/\/www.interpeace.org\/wp-content\/uploads\/2012\/06\/2012_06_06_jeremy_gilley_founder_pod.jpg","articleSection":["Uncategorized"],"inLanguage":"fr-FR","potentialAction":[{"@type":"CommentAction","name":"Comment","target":["https:\/\/www.interpeace.org\/2011\/09\/no-to-violence-no-to-coercion-yes-to-peace\/#respond"]}]},{"@type":"WebPage","@id":"https:\/\/www.interpeace.org\/2011\/09\/no-to-violence-no-to-coercion-yes-to-peace\/","url":"https:\/\/www.interpeace.org\/2011\/09\/no-to-violence-no-to-coercion-yes-to-peace\/","name":"'No' to violence. 'No' to coercion. 'Yes' to peace. - Interpeace","isPartOf":{"@id":"https:\/\/www.interpeace.org\/#website"},"primaryImageOfPage":{"@id":"https:\/\/www.interpeace.org\/2011\/09\/no-to-violence-no-to-coercion-yes-to-peace\/#primaryimage"},"image":{"@id":"https:\/\/www.interpeace.org\/2011\/09\/no-to-violence-no-to-coercion-yes-to-peace\/#primaryimage"},"thumbnailUrl":"https:\/\/www.interpeace.org\/wp-content\/uploads\/2012\/06\/2012_06_06_jeremy_gilley_founder_pod.jpg","datePublished":"2011-09-19T10:19:27+00:00","dateModified":"2015-09-02T08:55:39+00:00","breadcrumb":{"@id":"https:\/\/www.interpeace.org\/2011\/09\/no-to-violence-no-to-coercion-yes-to-peace\/#breadcrumb"},"inLanguage":"fr-FR","potentialAction":[{"@type":"ReadAction","target":["https:\/\/www.interpeace.org\/2011\/09\/no-to-violence-no-to-coercion-yes-to-peace\/"]}]},{"@type":"ImageObject","inLanguage":"fr-FR","@id":"https:\/\/www.interpeace.org\/2011\/09\/no-to-violence-no-to-coercion-yes-to-peace\/#primaryimage","url":"https:\/\/www.interpeace.org\/wp-content\/uploads\/2012\/06\/2012_06_06_jeremy_gilley_founder_pod.jpg","contentUrl":"https:\/\/www.interpeace.org\/wp-content\/uploads\/2012\/06\/2012_06_06_jeremy_gilley_founder_pod.jpg","width":336,"height":448,"caption":"Jeremy Gilley, Founder of Peace One Day"},{"@type":"BreadcrumbList","@id":"https:\/\/www.interpeace.org\/2011\/09\/no-to-violence-no-to-coercion-yes-to-peace\/#breadcrumb","itemListElement":[{"@type":"ListItem","position":1,"name":"Home","item":"https:\/\/www.interpeace.org\/"},{"@type":"ListItem","position":2,"name":"'No' to violence. 'No' to coercion. 'Yes' to peace."}]},{"@type":"WebSite","@id":"https:\/\/www.interpeace.org\/#website","url":"https:\/\/www.interpeace.org\/","name":"Interpeace","description":"Permettre aux gens de construire une paix durable depuis 1994","publisher":{"@id":"https:\/\/www.interpeace.org\/#organization"},"potentialAction":[{"@type":"SearchAction","target":{"@type":"EntryPoint","urlTemplate":"https:\/\/www.interpeace.org\/?s={search_term_string}"},"query-input":{"@type":"PropertyValueSpecification","valueRequired":true,"valueName":"search_term_string"}}],"inLanguage":"fr-FR"},{"@type":"Organization","@id":"https:\/\/www.interpeace.org\/#organization","name":"INTERPEACE","url":"https:\/\/www.interpeace.org\/","logo":{"@type":"ImageObject","inLanguage":"fr-FR","@id":"https:\/\/www.interpeace.org\/#\/schema\/logo\/image\/","url":"https:\/\/www.interpeace.org\/wp-content\/uploads\/2019\/11\/EN-Interpeace-small.png","contentUrl":"https:\/\/www.interpeace.org\/wp-content\/uploads\/2019\/11\/EN-Interpeace-small.png","width":111,"height":85,"caption":"INTERPEACE"},"image":{"@id":"https:\/\/www.interpeace.org\/#\/schema\/logo\/image\/"},"sameAs":["https:\/\/www.facebook.com\/Interpeace","https:\/\/x.com\/InterpeaceTweet","https:\/\/www.instagram.com\/interpeace\/"]},{"@type":"Person","@id":"","url":"https:\/\/www.interpeace.org\/fr\/author\/"}]}},"_links":{"self":[{"href":"https:\/\/www.interpeace.org\/fr\/wp-json\/wp\/v2\/posts\/337","targetHints":{"allow":["GET"]}}],"collection":[{"href":"https:\/\/www.interpeace.org\/fr\/wp-json\/wp\/v2\/posts"}],"about":[{"href":"https:\/\/www.interpeace.org\/fr\/wp-json\/wp\/v2\/types\/post"}],"author":[{"embeddable":true,"href":"https:\/\/www.interpeace.org\/fr\/wp-json\/wp\/v2\/users\/3"}],"replies":[{"embeddable":true,"href":"https:\/\/www.interpeace.org\/fr\/wp-json\/wp\/v2\/comments?post=337"}],"version-history":[{"count":0,"href":"https:\/\/www.interpeace.org\/fr\/wp-json\/wp\/v2\/posts\/337\/revisions"}],"wp:featuredmedia":[{"embeddable":true,"href":"https:\/\/www.interpeace.org\/fr\/wp-json\/wp\/v2\/media\/524"}],"wp:attachment":[{"href":"https:\/\/www.interpeace.org\/fr\/wp-json\/wp\/v2\/media?parent=337"}],"wp:term":[{"taxonomy":"category","embeddable":true,"href":"https:\/\/www.interpeace.org\/fr\/wp-json\/wp\/v2\/categories?post=337"},{"taxonomy":"post_tag","embeddable":true,"href":"https:\/\/www.interpeace.org\/fr\/wp-json\/wp\/v2\/tags?post=337"},{"taxonomy":"globales","embeddable":true,"href":"https:\/\/www.interpeace.org\/fr\/wp-json\/wp\/v2\/globales?post=337"},{"taxonomy":"initiatives","embeddable":true,"href":"https:\/\/www.interpeace.org\/fr\/wp-json\/wp\/v2\/initiatives?post=337"},{"taxonomy":"news_type","embeddable":true,"href":"https:\/\/www.interpeace.org\/fr\/wp-json\/wp\/v2\/news_type?post=337"},{"taxonomy":"programmes","embeddable":true,"href":"https:\/\/www.interpeace.org\/fr\/wp-json\/wp\/v2\/programmes?post=337"},{"taxonomy":"resource_theme","embeddable":true,"href":"https:\/\/www.interpeace.org\/fr\/wp-json\/wp\/v2\/resource_theme?post=337"},{"taxonomy":"videos_vimeo","embeddable":true,"href":"https:\/\/www.interpeace.org\/fr\/wp-json\/wp\/v2\/videos_vimeo?post=337"}],"curies":[{"name":"wp","href":"https:\/\/api.w.org\/{rel}","templated":true}]}}