{"id":3278,"date":"2013-11-12T15:39:28","date_gmt":"2013-11-12T14:39:28","guid":{"rendered":"http:\/\/www.interpeace.org\/?p=3278"},"modified":"2015-07-24T15:20:13","modified_gmt":"2015-07-24T13:20:13","slug":"visite-de-son-excellence-lancien-president-kufuor-a-abidjan-pour-long-interpeace","status":"publish","type":"post","link":"https:\/\/www.interpeace.org\/fr\/2013\/11\/visite-de-son-excellence-lancien-president-kufuor-a-abidjan-pour-long-interpeace\/","title":{"rendered":"Visite de Son Excellence l'ancien Pr\u00e9sident Kufuor \u00e0 Abidjan pour l'ONG Interpeace"},"content":{"rendered":"<p>Abidjan, 12 novembre 2013<\/p>\n<p>Son Excellence M. John Kufuor, ancien Pr\u00e9sident du Ghana, s\u2019est entretenu avec Son Excellence le Premier Ministre et des proches collaborateurs de Son Excellence le Pr\u00e9sident Ouattara lundi 11 novembre au sujet de la consolidation de la paix en C\u00f4te d\u2019Ivoire.\u00a0 Dans ce contexte, il a exprim\u00e9 son admiration pour le progr\u00e8s que la C\u00f4te d\u2019Ivoire est en train de r\u00e9aliser en faveur de la consolidation de la paix, la s\u00e9curit\u00e9, la coh\u00e9sion sociale, ainsi que le d\u00e9veloppement \u00e9conomique et social. SE le Pr\u00e9sident Kufuor est en visite \u00e0 Abidjan en tant que Pr\u00e9sident du Conseil d\u2019Administration d\u2019Interpeace. Interpeace est une organisation non gouvernementale qui \u0153uvre en collaboration avec des partenaires locaux pour la construction de solutions de paix durable.<\/p>\n<p><em>\u00ab Nous sommes venus en C\u00f4te d\u2019Ivoire pour \u00e9changer avec les communaut\u00e9s locales ainsi que les autorit\u00e9s ivoiriennes pour explorer la mani\u00e8re dont Interpeace pourrait le mieux soutenir leurs efforts en mati\u00e8re de consolidation de la paix. La mission d\u2019Interpeace ne consiste pas \u00e0 r\u00e9soudre les probl\u00e8mes des ivoiriens \u00e0 leur place, mais \u00e0 les soutenir dans le d\u00e9veloppement de leurs propres solutions \u00bb<\/em>, soulignait SE Pr\u00e9sident Kufuor lors de la r\u00e9union avec la jeunesse.<\/p>\n<p>Le Conseil d\u2019Administration a choisi de porter son attention sur l\u2019engagement d\u2019Interpeace en Afrique de l\u2019Ouest, alors que son Bureau r\u00e9gional pour l\u2019Afrique de l\u2019Ouest a \u00e9t\u00e9 officiellement inaugur\u00e9 le mois dernier \u00e0 Abidjan. Cette nouvelle pr\u00e9sence r\u00e9gionale permettra \u00e0 l\u2019organisation de renforcer et r\u00e9affirmer son engagement strat\u00e9gique, et d\u2019offrir une assistance plus directe aux soci\u00e9t\u00e9s affect\u00e9es par des conflits violents dans la r\u00e9gion. En Afrique de l\u2019Ouest, Interpeace soutient actuellement des initiatives locales de consolidation de la paix en C\u00f4te d\u2019Ivoire, en Guin\u00e9e-Bissau, au Lib\u00e9ria et au Mali.<\/p>\n<p><em>\u00ab Interpeace vient juste d\u2019\u00e9tendre son rayon d\u2019activit\u00e9s en Afrique de l\u2019Ouest avec ce nouveau Bureau R\u00e9gional. Les discussions et les visites \u00e0 Abidjan se sont d\u00e9j\u00e0 av\u00e9r\u00e9es tr\u00e8s instructives, et elles contribueront \u00e0 l\u2019approche strat\u00e9gique en C\u00f4te d\u2019Ivoire \u00bb<\/em> souligne M. Scott Weber, Directeur g\u00e9n\u00e9ral d\u2019Interpeace.<\/p>\n<p>Lundi, les membres du Conseil d\u2019Administration ont eu l\u2019occasion de visiter le programme actuellement en construction dans le pays, et plus particuli\u00e8rement d\u2019\u00e9changer avec des repr\u00e9sentants de la jeunesse de Yopougon et Abobo, deux des quartiers d\u2019Abidjan les plus enclins \u00e0 la violence, afin d\u2019engager un dialogue sur la question des conditions pour une r\u00e9conciliation durable en C\u00f4te d\u2019Ivoire.<\/p>\n<p><em>\u00ab La visite d\u2019un programme d\u2019Interpeace est toujours une exp\u00e9rience enrichissante, et dans ce cas pr\u00e9cis, j\u2019ai particuli\u00e8rement appr\u00e9ci\u00e9 l\u2019opportunit\u00e9 qui m\u2019a \u00e9t\u00e9 faite d\u2019avoir un contact direct avec la jeunesse ivoirienne. Je crois fermement que les jeunes peuvent s\u2019av\u00e9rer \u00eatre des agents actifs de changement et contribuer \u00e0 la consolidation d\u2019une paix durable au sein de leur soci\u00e9t\u00e9 \u00bb<\/em> remarque le Pr\u00e9sident du Conseil d\u2019Administration, SE l\u2019ancien Pr\u00e9sident du Ghana, John Kufuor.<\/p>\n<p>Le Conseil d\u2019Administration d\u2019Interpeace a \u00e9t\u00e9 tr\u00e8s encourag\u00e9 par les positives r\u00e9actions de SE M. le<br \/>\nPremier Ministre Duncan et les Ministres rencontr\u00e9s au cours de cette visite, particuli\u00e8rement le Ministre d\u2019Etat, Ministre du Plan et du D\u00e9veloppement ainsi que le Ministre d\u2019Etat, Ministre de l\u2019Int\u00e9rieur et de la S\u00e9curit\u00e9. Ensemble ils se sont accord\u00e9s sur les d\u00e9fis qui demeurent \u00e0 d\u00e9passer pour consolider les acquis \u00e9minents qui ont \u00e9t\u00e9 r\u00e9alis\u00e9s et sont r\u00e9solus \u00e0 travailler ensemble.<\/p>\n<p><strong>FIN<\/strong><\/p>\n<p><strong>CONTACT MEDIA<\/strong><br \/>\nInterpeace Bureau R\u00e9gional pour l\u2019Afrique de l\u2019Ouest<br \/>\nMirko Hoff<br \/>\nCit\u00e9 des Lauriers 5, Deux Plateaux, Cocody<br \/>\nAbidjan, C\u00f4te d\u2019Ivoire<br \/>\nhoff@interpeace.org<br \/>\nT\u00e9l: +225 22 42 33 41<\/p>\n<p>Interpeace (si\u00e8ge)<br \/>\nAnnabell Merklin<br \/>\n7-9 Chemin de Balexert<br \/>\n1219 Chatelaine, Suisse<br \/>\nmerklin@interpeace.org<br \/>\nT\u00e9l : +41 22 917 85 83<\/p>\n<p><strong>\u00c0 PROPOS D\u2019INTERPEACE<\/strong><\/p>\n<p>interpeace.org<br \/>\nTwitter: @InterpeaceTweet<br \/>\nFacebook:\u00a0 www.facebook.com\/Interpeace<\/p>\n<p>Interpeace est une organisation internationale de consolidation de la paix bas\u00e9e en Suisse, avec des programmes dans des r\u00e9gions affect\u00e9es par des conflits. Elle a \u00e9t\u00e9 cr\u00e9\u00e9e par les Nations Unies en 1994 dans le but de travailler avec des soci\u00e9t\u00e9s divis\u00e9es par des conflits violents pour construire une paix durable. En 2000, Interpeace est devenue une organisation ind\u00e9pendante au b\u00e9n\u00e9fice d\u2019un partenariat op\u00e9rationnel innovant avec les Nations Unies.<\/p>\n<p>Interpeace soutient actuellement des \u00e9quipes travaillant dans des programmes pour la consolidation de la paix au Burundi, \u00e0 Chypre, dans la r\u00e9gion africaine des Grands Lacs, en Isra\u00ebl, en Libye, en Palestine, au Rwanda, dans la R\u00e9gion somalienne, au Timor-Leste, et en Am\u00e9rique centrale (Belize, Costa Rica, Guatemala, Honduras, Nicaragua, Panama, Salvador). En Afrique de l\u2019Ouest Interpeace est actuellement en train de mener des programmes en C\u00f4te d\u2019Ivoire, au Mali, en Guin\u00e9e-Bissau et au Lib\u00e9ria.<\/p>","protected":false},"excerpt":{"rendered":"<p>Abidjan, 12 novembre 2013 Son Excellence M. John Kufuor, ancien Pr\u00e9sident du Ghana, s\u2019est entretenu avec Son Excellence le Premier Ministre et des proches collaborateurs de Son Excellence le Pr\u00e9sident Ouattara lundi 11 novembre au sujet de la consolidation de la paix en C\u00f4te d\u2019Ivoire.\u00a0 Dans ce contexte, il a exprim\u00e9 son admiration pour le [&hellip;]<\/p>\n","protected":false},"author":5,"featured_media":364,"comment_status":"closed","ping_status":"closed","sticky":false,"template":"","format":"standard","meta":{"_acf_changed":false,"_editorskit_title_hidden":false,"_editorskit_reading_time":0,"_editorskit_is_block_options_detached":false,"_editorskit_block_options_position":"{}","editor_plus_copied_stylings":"{}","_exactmetrics_skip_tracking":false,"_exactmetrics_sitenote_active":false,"_exactmetrics_sitenote_note":"","_exactmetrics_sitenote_category":0,"footnotes":"","_links_to":"","_links_to_target":""},"categories":[1],"tags":[],"globales":[],"initiatives":[],"news_type":[127],"programmes":[67,69],"resource_theme":[],"videos_vimeo":[],"class_list":["post-3278","post","type-post","status-publish","format-standard","has-post-thumbnail","hentry","category-uncategorized","news_type-press-release","programmes-west-africa","programmes-cote-divoire"],"acf":[],"yoast_head":"<!-- This site is optimized with the Yoast SEO Premium plugin v27.4 (Yoast SEO v27.4) - https:\/\/yoast.com\/product\/yoast-seo-premium-wordpress\/ -->\n<title>Visite de Son Excellence l&#039;ancien Pr\u00e9sident Kufuor \u00e0 Abidjan pour l&#039;ONG Interpeace - Interpeace<\/title>\n<meta name=\"robots\" content=\"index, follow, max-snippet:-1, max-image-preview:large, max-video-preview:-1\" \/>\n<link rel=\"canonical\" href=\"https:\/\/www.interpeace.org\/fr\/2013\/11\/visite-de-son-excellence-lancien-president-kufuor-a-abidjan-pour-long-interpeace\/\" \/>\n<meta property=\"og:locale\" content=\"fr_FR\" \/>\n<meta property=\"og:type\" content=\"article\" \/>\n<meta property=\"og:title\" content=\"Visite de Son Excellence l&#039;ancien Pr\u00e9sident Kufuor \u00e0 Abidjan pour l&#039;ONG Interpeace\" \/>\n<meta property=\"og:description\" content=\"Abidjan, 12 novembre 2013 Son Excellence M. John Kufuor, ancien Pr\u00e9sident du Ghana, s\u2019est entretenu avec Son Excellence le Premier Ministre et des proches collaborateurs de Son Excellence le Pr\u00e9sident Ouattara lundi 11 novembre au sujet de la consolidation de la paix en C\u00f4te d\u2019Ivoire.\u00a0 Dans ce contexte, il a exprim\u00e9 son admiration pour le [&hellip;]\" \/>\n<meta property=\"og:url\" content=\"https:\/\/www.interpeace.org\/fr\/2013\/11\/visite-de-son-excellence-lancien-president-kufuor-a-abidjan-pour-long-interpeace\/\" \/>\n<meta property=\"og:site_name\" content=\"Interpeace\" \/>\n<meta property=\"article:publisher\" content=\"https:\/\/www.facebook.com\/Interpeace\" \/>\n<meta property=\"article:published_time\" content=\"2013-11-12T14:39:28+00:00\" \/>\n<meta property=\"article:modified_time\" content=\"2015-07-24T13:20:13+00:00\" \/>\n<meta property=\"og:image\" content=\"https:\/\/www.interpeace.org\/wp-content\/uploads\/2011\/10\/2011_10_10_int_kufuor_food_prize.jpg\" \/>\n\t<meta property=\"og:image:width\" content=\"448\" \/>\n\t<meta property=\"og:image:height\" content=\"297\" \/>\n\t<meta property=\"og:image:type\" content=\"image\/jpeg\" \/>\n<meta name=\"twitter:card\" content=\"summary_large_image\" \/>\n<meta name=\"twitter:creator\" content=\"@InterpeaceTweet\" \/>\n<meta name=\"twitter:site\" content=\"@InterpeaceTweet\" \/>\n<meta name=\"twitter:label1\" content=\"\u00c9crit par\" \/>\n\t<meta name=\"twitter:data1\" content=\"\" \/>\n\t<meta name=\"twitter:label2\" content=\"Dur\u00e9e de lecture estim\u00e9e\" \/>\n\t<meta name=\"twitter:data2\" content=\"4 minutes\" \/>\n<script type=\"application\/ld+json\" class=\"yoast-schema-graph\">{\"@context\":\"https:\\\/\\\/schema.org\",\"@graph\":[{\"@type\":\"Article\",\"@id\":\"https:\\\/\\\/www.interpeace.org\\\/2013\\\/11\\\/visite-de-son-excellence-lancien-president-kufuor-a-abidjan-pour-long-interpeace\\\/#article\",\"isPartOf\":{\"@id\":\"https:\\\/\\\/www.interpeace.org\\\/2013\\\/11\\\/visite-de-son-excellence-lancien-president-kufuor-a-abidjan-pour-long-interpeace\\\/\"},\"author\":{\"name\":\"\",\"@id\":\"\"},\"headline\":\"Visite de Son Excellence l'ancien Pr\u00e9sident Kufuor \u00e0 Abidjan pour l'ONG Interpeace\",\"datePublished\":\"2013-11-12T14:39:28+00:00\",\"dateModified\":\"2015-07-24T13:20:13+00:00\",\"mainEntityOfPage\":{\"@id\":\"https:\\\/\\\/www.interpeace.org\\\/2013\\\/11\\\/visite-de-son-excellence-lancien-president-kufuor-a-abidjan-pour-long-interpeace\\\/\"},\"wordCount\":870,\"publisher\":{\"@id\":\"https:\\\/\\\/www.interpeace.org\\\/#organization\"},\"image\":{\"@id\":\"https:\\\/\\\/www.interpeace.org\\\/2013\\\/11\\\/visite-de-son-excellence-lancien-president-kufuor-a-abidjan-pour-long-interpeace\\\/#primaryimage\"},\"thumbnailUrl\":\"https:\\\/\\\/www.interpeace.org\\\/wp-content\\\/uploads\\\/2011\\\/10\\\/2011_10_10_int_kufuor_food_prize.jpg\",\"articleSection\":[\"Uncategorized\"],\"inLanguage\":\"fr-FR\"},{\"@type\":\"WebPage\",\"@id\":\"https:\\\/\\\/www.interpeace.org\\\/2013\\\/11\\\/visite-de-son-excellence-lancien-president-kufuor-a-abidjan-pour-long-interpeace\\\/\",\"url\":\"https:\\\/\\\/www.interpeace.org\\\/2013\\\/11\\\/visite-de-son-excellence-lancien-president-kufuor-a-abidjan-pour-long-interpeace\\\/\",\"name\":\"Visite de Son Excellence l'ancien Pr\u00e9sident Kufuor \u00e0 Abidjan pour l'ONG Interpeace - Interpeace\",\"isPartOf\":{\"@id\":\"https:\\\/\\\/www.interpeace.org\\\/#website\"},\"primaryImageOfPage\":{\"@id\":\"https:\\\/\\\/www.interpeace.org\\\/2013\\\/11\\\/visite-de-son-excellence-lancien-president-kufuor-a-abidjan-pour-long-interpeace\\\/#primaryimage\"},\"image\":{\"@id\":\"https:\\\/\\\/www.interpeace.org\\\/2013\\\/11\\\/visite-de-son-excellence-lancien-president-kufuor-a-abidjan-pour-long-interpeace\\\/#primaryimage\"},\"thumbnailUrl\":\"https:\\\/\\\/www.interpeace.org\\\/wp-content\\\/uploads\\\/2011\\\/10\\\/2011_10_10_int_kufuor_food_prize.jpg\",\"datePublished\":\"2013-11-12T14:39:28+00:00\",\"dateModified\":\"2015-07-24T13:20:13+00:00\",\"breadcrumb\":{\"@id\":\"https:\\\/\\\/www.interpeace.org\\\/2013\\\/11\\\/visite-de-son-excellence-lancien-president-kufuor-a-abidjan-pour-long-interpeace\\\/#breadcrumb\"},\"inLanguage\":\"fr-FR\",\"potentialAction\":[{\"@type\":\"ReadAction\",\"target\":[\"https:\\\/\\\/www.interpeace.org\\\/2013\\\/11\\\/visite-de-son-excellence-lancien-president-kufuor-a-abidjan-pour-long-interpeace\\\/\"]}]},{\"@type\":\"ImageObject\",\"inLanguage\":\"fr-FR\",\"@id\":\"https:\\\/\\\/www.interpeace.org\\\/2013\\\/11\\\/visite-de-son-excellence-lancien-president-kufuor-a-abidjan-pour-long-interpeace\\\/#primaryimage\",\"url\":\"https:\\\/\\\/www.interpeace.org\\\/wp-content\\\/uploads\\\/2011\\\/10\\\/2011_10_10_int_kufuor_food_prize.jpg\",\"contentUrl\":\"https:\\\/\\\/www.interpeace.org\\\/wp-content\\\/uploads\\\/2011\\\/10\\\/2011_10_10_int_kufuor_food_prize.jpg\",\"width\":448,\"height\":297,\"caption\":\"Photo credit: Steve Simon\\\/Panos for Interpeace\"},{\"@type\":\"BreadcrumbList\",\"@id\":\"https:\\\/\\\/www.interpeace.org\\\/2013\\\/11\\\/visite-de-son-excellence-lancien-president-kufuor-a-abidjan-pour-long-interpeace\\\/#breadcrumb\",\"itemListElement\":[{\"@type\":\"ListItem\",\"position\":1,\"name\":\"Home\",\"item\":\"https:\\\/\\\/www.interpeace.org\\\/\"},{\"@type\":\"ListItem\",\"position\":2,\"name\":\"Visite de Son Excellence l'ancien Pr\u00e9sident Kufuor \u00e0 Abidjan pour l'ONG Interpeace\"}]},{\"@type\":\"WebSite\",\"@id\":\"https:\\\/\\\/www.interpeace.org\\\/#website\",\"url\":\"https:\\\/\\\/www.interpeace.org\\\/\",\"name\":\"Interpeace\",\"description\":\"Enabling people to build lasting peace since 1994\",\"publisher\":{\"@id\":\"https:\\\/\\\/www.interpeace.org\\\/#organization\"},\"potentialAction\":[{\"@type\":\"SearchAction\",\"target\":{\"@type\":\"EntryPoint\",\"urlTemplate\":\"https:\\\/\\\/www.interpeace.org\\\/?s={search_term_string}\"},\"query-input\":{\"@type\":\"PropertyValueSpecification\",\"valueRequired\":true,\"valueName\":\"search_term_string\"}}],\"inLanguage\":\"fr-FR\"},{\"@type\":\"Organization\",\"@id\":\"https:\\\/\\\/www.interpeace.org\\\/#organization\",\"name\":\"INTERPEACE\",\"url\":\"https:\\\/\\\/www.interpeace.org\\\/\",\"logo\":{\"@type\":\"ImageObject\",\"inLanguage\":\"fr-FR\",\"@id\":\"https:\\\/\\\/www.interpeace.org\\\/#\\\/schema\\\/logo\\\/image\\\/\",\"url\":\"https:\\\/\\\/www.interpeace.org\\\/wp-content\\\/uploads\\\/2019\\\/11\\\/EN-Interpeace-small.png\",\"contentUrl\":\"https:\\\/\\\/www.interpeace.org\\\/wp-content\\\/uploads\\\/2019\\\/11\\\/EN-Interpeace-small.png\",\"width\":111,\"height\":85,\"caption\":\"INTERPEACE\"},\"image\":{\"@id\":\"https:\\\/\\\/www.interpeace.org\\\/#\\\/schema\\\/logo\\\/image\\\/\"},\"sameAs\":[\"https:\\\/\\\/www.facebook.com\\\/Interpeace\",\"https:\\\/\\\/x.com\\\/InterpeaceTweet\",\"https:\\\/\\\/www.instagram.com\\\/interpeace\\\/\"]},{\"@type\":\"Person\",\"@id\":\"\",\"url\":\"https:\\\/\\\/www.interpeace.org\\\/fr\\\/author\\\/\"}]}<\/script>\n<!-- \/ Yoast SEO Premium plugin. -->","yoast_head_json":{"title":"Visite de Son Excellence l'ancien Pr\u00e9sident Kufuor \u00e0 Abidjan pour l'ONG Interpeace - Interpeace","robots":{"index":"index","follow":"follow","max-snippet":"max-snippet:-1","max-image-preview":"max-image-preview:large","max-video-preview":"max-video-preview:-1"},"canonical":"https:\/\/www.interpeace.org\/fr\/2013\/11\/visite-de-son-excellence-lancien-president-kufuor-a-abidjan-pour-long-interpeace\/","og_locale":"fr_FR","og_type":"article","og_title":"Visite de Son Excellence l'ancien Pr\u00e9sident Kufuor \u00e0 Abidjan pour l'ONG Interpeace","og_description":"Abidjan, 12 novembre 2013 Son Excellence M. John Kufuor, ancien Pr\u00e9sident du Ghana, s\u2019est entretenu avec Son Excellence le Premier Ministre et des proches collaborateurs de Son Excellence le Pr\u00e9sident Ouattara lundi 11 novembre au sujet de la consolidation de la paix en C\u00f4te d\u2019Ivoire.\u00a0 Dans ce contexte, il a exprim\u00e9 son admiration pour le [&hellip;]","og_url":"https:\/\/www.interpeace.org\/fr\/2013\/11\/visite-de-son-excellence-lancien-president-kufuor-a-abidjan-pour-long-interpeace\/","og_site_name":"Interpeace","article_publisher":"https:\/\/www.facebook.com\/Interpeace","article_published_time":"2013-11-12T14:39:28+00:00","article_modified_time":"2015-07-24T13:20:13+00:00","og_image":[{"width":448,"height":297,"url":"https:\/\/www.interpeace.org\/wp-content\/uploads\/2011\/10\/2011_10_10_int_kufuor_food_prize.jpg","type":"image\/jpeg"}],"twitter_card":"summary_large_image","twitter_creator":"@InterpeaceTweet","twitter_site":"@InterpeaceTweet","twitter_misc":{"\u00c9crit par":"","Dur\u00e9e de lecture estim\u00e9e":"4 minutes"},"schema":{"@context":"https:\/\/schema.org","@graph":[{"@type":"Article","@id":"https:\/\/www.interpeace.org\/2013\/11\/visite-de-son-excellence-lancien-president-kufuor-a-abidjan-pour-long-interpeace\/#article","isPartOf":{"@id":"https:\/\/www.interpeace.org\/2013\/11\/visite-de-son-excellence-lancien-president-kufuor-a-abidjan-pour-long-interpeace\/"},"author":{"name":"","@id":""},"headline":"Visite de Son Excellence l'ancien Pr\u00e9sident Kufuor \u00e0 Abidjan pour l'ONG Interpeace","datePublished":"2013-11-12T14:39:28+00:00","dateModified":"2015-07-24T13:20:13+00:00","mainEntityOfPage":{"@id":"https:\/\/www.interpeace.org\/2013\/11\/visite-de-son-excellence-lancien-president-kufuor-a-abidjan-pour-long-interpeace\/"},"wordCount":870,"publisher":{"@id":"https:\/\/www.interpeace.org\/#organization"},"image":{"@id":"https:\/\/www.interpeace.org\/2013\/11\/visite-de-son-excellence-lancien-president-kufuor-a-abidjan-pour-long-interpeace\/#primaryimage"},"thumbnailUrl":"https:\/\/www.interpeace.org\/wp-content\/uploads\/2011\/10\/2011_10_10_int_kufuor_food_prize.jpg","articleSection":["Uncategorized"],"inLanguage":"fr-FR"},{"@type":"WebPage","@id":"https:\/\/www.interpeace.org\/2013\/11\/visite-de-son-excellence-lancien-president-kufuor-a-abidjan-pour-long-interpeace\/","url":"https:\/\/www.interpeace.org\/2013\/11\/visite-de-son-excellence-lancien-president-kufuor-a-abidjan-pour-long-interpeace\/","name":"Visite de Son Excellence l'ancien Pr\u00e9sident Kufuor \u00e0 Abidjan pour l'ONG Interpeace - Interpeace","isPartOf":{"@id":"https:\/\/www.interpeace.org\/#website"},"primaryImageOfPage":{"@id":"https:\/\/www.interpeace.org\/2013\/11\/visite-de-son-excellence-lancien-president-kufuor-a-abidjan-pour-long-interpeace\/#primaryimage"},"image":{"@id":"https:\/\/www.interpeace.org\/2013\/11\/visite-de-son-excellence-lancien-president-kufuor-a-abidjan-pour-long-interpeace\/#primaryimage"},"thumbnailUrl":"https:\/\/www.interpeace.org\/wp-content\/uploads\/2011\/10\/2011_10_10_int_kufuor_food_prize.jpg","datePublished":"2013-11-12T14:39:28+00:00","dateModified":"2015-07-24T13:20:13+00:00","breadcrumb":{"@id":"https:\/\/www.interpeace.org\/2013\/11\/visite-de-son-excellence-lancien-president-kufuor-a-abidjan-pour-long-interpeace\/#breadcrumb"},"inLanguage":"fr-FR","potentialAction":[{"@type":"ReadAction","target":["https:\/\/www.interpeace.org\/2013\/11\/visite-de-son-excellence-lancien-president-kufuor-a-abidjan-pour-long-interpeace\/"]}]},{"@type":"ImageObject","inLanguage":"fr-FR","@id":"https:\/\/www.interpeace.org\/2013\/11\/visite-de-son-excellence-lancien-president-kufuor-a-abidjan-pour-long-interpeace\/#primaryimage","url":"https:\/\/www.interpeace.org\/wp-content\/uploads\/2011\/10\/2011_10_10_int_kufuor_food_prize.jpg","contentUrl":"https:\/\/www.interpeace.org\/wp-content\/uploads\/2011\/10\/2011_10_10_int_kufuor_food_prize.jpg","width":448,"height":297,"caption":"Photo credit: Steve Simon\/Panos for Interpeace"},{"@type":"BreadcrumbList","@id":"https:\/\/www.interpeace.org\/2013\/11\/visite-de-son-excellence-lancien-president-kufuor-a-abidjan-pour-long-interpeace\/#breadcrumb","itemListElement":[{"@type":"ListItem","position":1,"name":"Home","item":"https:\/\/www.interpeace.org\/"},{"@type":"ListItem","position":2,"name":"Visite de Son Excellence l'ancien Pr\u00e9sident Kufuor \u00e0 Abidjan pour l'ONG Interpeace"}]},{"@type":"WebSite","@id":"https:\/\/www.interpeace.org\/#website","url":"https:\/\/www.interpeace.org\/","name":"Interpeace","description":"Permettre aux gens de construire une paix durable depuis 1994","publisher":{"@id":"https:\/\/www.interpeace.org\/#organization"},"potentialAction":[{"@type":"SearchAction","target":{"@type":"EntryPoint","urlTemplate":"https:\/\/www.interpeace.org\/?s={search_term_string}"},"query-input":{"@type":"PropertyValueSpecification","valueRequired":true,"valueName":"search_term_string"}}],"inLanguage":"fr-FR"},{"@type":"Organization","@id":"https:\/\/www.interpeace.org\/#organization","name":"INTERPEACE","url":"https:\/\/www.interpeace.org\/","logo":{"@type":"ImageObject","inLanguage":"fr-FR","@id":"https:\/\/www.interpeace.org\/#\/schema\/logo\/image\/","url":"https:\/\/www.interpeace.org\/wp-content\/uploads\/2019\/11\/EN-Interpeace-small.png","contentUrl":"https:\/\/www.interpeace.org\/wp-content\/uploads\/2019\/11\/EN-Interpeace-small.png","width":111,"height":85,"caption":"INTERPEACE"},"image":{"@id":"https:\/\/www.interpeace.org\/#\/schema\/logo\/image\/"},"sameAs":["https:\/\/www.facebook.com\/Interpeace","https:\/\/x.com\/InterpeaceTweet","https:\/\/www.instagram.com\/interpeace\/"]},{"@type":"Person","@id":"","url":"https:\/\/www.interpeace.org\/fr\/author\/"}]}},"_links":{"self":[{"href":"https:\/\/www.interpeace.org\/fr\/wp-json\/wp\/v2\/posts\/3278","targetHints":{"allow":["GET"]}}],"collection":[{"href":"https:\/\/www.interpeace.org\/fr\/wp-json\/wp\/v2\/posts"}],"about":[{"href":"https:\/\/www.interpeace.org\/fr\/wp-json\/wp\/v2\/types\/post"}],"author":[{"embeddable":true,"href":"https:\/\/www.interpeace.org\/fr\/wp-json\/wp\/v2\/users\/5"}],"replies":[{"embeddable":true,"href":"https:\/\/www.interpeace.org\/fr\/wp-json\/wp\/v2\/comments?post=3278"}],"version-history":[{"count":0,"href":"https:\/\/www.interpeace.org\/fr\/wp-json\/wp\/v2\/posts\/3278\/revisions"}],"wp:featuredmedia":[{"embeddable":true,"href":"https:\/\/www.interpeace.org\/fr\/wp-json\/wp\/v2\/media\/364"}],"wp:attachment":[{"href":"https:\/\/www.interpeace.org\/fr\/wp-json\/wp\/v2\/media?parent=3278"}],"wp:term":[{"taxonomy":"category","embeddable":true,"href":"https:\/\/www.interpeace.org\/fr\/wp-json\/wp\/v2\/categories?post=3278"},{"taxonomy":"post_tag","embeddable":true,"href":"https:\/\/www.interpeace.org\/fr\/wp-json\/wp\/v2\/tags?post=3278"},{"taxonomy":"globales","embeddable":true,"href":"https:\/\/www.interpeace.org\/fr\/wp-json\/wp\/v2\/globales?post=3278"},{"taxonomy":"initiatives","embeddable":true,"href":"https:\/\/www.interpeace.org\/fr\/wp-json\/wp\/v2\/initiatives?post=3278"},{"taxonomy":"news_type","embeddable":true,"href":"https:\/\/www.interpeace.org\/fr\/wp-json\/wp\/v2\/news_type?post=3278"},{"taxonomy":"programmes","embeddable":true,"href":"https:\/\/www.interpeace.org\/fr\/wp-json\/wp\/v2\/programmes?post=3278"},{"taxonomy":"resource_theme","embeddable":true,"href":"https:\/\/www.interpeace.org\/fr\/wp-json\/wp\/v2\/resource_theme?post=3278"},{"taxonomy":"videos_vimeo","embeddable":true,"href":"https:\/\/www.interpeace.org\/fr\/wp-json\/wp\/v2\/videos_vimeo?post=3278"}],"curies":[{"name":"wp","href":"https:\/\/api.w.org\/{rel}","templated":true}]}}