{"id":215,"date":"2010-10-17T00:00:00","date_gmt":"2010-10-16T22:00:00","guid":{"rendered":"http:\/\/www.interpeace.org\/2010\/10\/17\/president-kufuor-opens-the-national-conference-in-rwanda\/"},"modified":"2015-07-31T16:30:43","modified_gmt":"2015-07-31T14:30:43","slug":"president-kufuor-opens-the-national-conference-in-rwanda","status":"publish","type":"post","link":"https:\/\/www.interpeace.org\/fr\/2010\/10\/president-kufuor-opens-the-national-conference-in-rwanda\/","title":{"rendered":"President Kufuor opens the national conference in Rwanda"},"content":{"rendered":"<p>President John A. Kufuor, former President of Ghana and Chairman of the Interpeace Governing Council, opened the national stakeholder conference in Kigali. The conference was hosted by Interpeace\u2019s partner in Rwanda, The Institute of Research and Dialogue for Peace (IRDP), a Rwandan based think-tank that promotes unity.<\/p>\n<p>The objectives of the conference were to present the results of the nationwide consultation with Rwandan society. The discussion focused on the issues of ethnic identity and social cohesion as well as citizen\u2019s participation in democratic governance.<\/p>\n<p>The first Interpeace Chairman from the Southern hemisphere welcomed over 150 representatives from all sectors of society and said that \u201cthis conference presents an opportunity for the people of Rwanda to consolidate the peacebuilding process in their country.\u201d<\/p>\n<p>All conference participants had the opportunity to provide input and validation of the results of the research presented to them.<\/p>\n<p>President Kufuor went on to visit the Genocide memorial site where over 250,000 people are buried and paid tribute to all those who fell victim to the genocide.<\/p>\n<p>President Kufuor also visited the IRDP\u2019s newly opened Peace Centre in Kigali. First opened in 2009 the Peace Centre is now complete. \u201cThe Peace Centre provides a space to bring people from across Rwanda, Africa and even the whole world together to talk about peace.\u201d said President Kufuor. The Peace Centre houses research on obstacles to peace and how to overcome them by means of dialogue and debate. It also includes a conference facility, an audio-visual centre and a resource centre that contains documents and research results.<\/p>\n<p>President Kufuor ended his visit to Kigali with a meeting with President Kagame to discuss peacebuilding issues and congratulate the President on his re-election.<\/p>","protected":false},"excerpt":{"rendered":"<p>President John A. Kufuor, former President of Ghana and Chairman of the Interpeace Governing Council, opened the national stakeholder conference in Kigali. The conference was hosted by Interpeace\u2019s partner in Rwanda, The Institute of Research and Dialogue for Peace (IRDP), a Rwandan based think-tank that promotes unity. The objectives of the conference were to present [&hellip;]<\/p>\n","protected":false},"author":3,"featured_media":213,"comment_status":"open","ping_status":"open","sticky":false,"template":"","format":"standard","meta":{"_acf_changed":false,"_editorskit_title_hidden":false,"_editorskit_reading_time":0,"_editorskit_is_block_options_detached":false,"_editorskit_block_options_position":"{}","editor_plus_copied_stylings":"{}","_exactmetrics_skip_tracking":false,"_exactmetrics_sitenote_active":false,"_exactmetrics_sitenote_note":"","_exactmetrics_sitenote_category":0,"footnotes":"","_links_to":"","_links_to_target":""},"categories":[1],"tags":[],"globales":[],"initiatives":[],"news_type":[],"programmes":[68,74],"resource_theme":[],"videos_vimeo":[],"class_list":["post-215","post","type-post","status-publish","format-standard","has-post-thumbnail","hentry","category-uncategorized","programmes-eastern-and-central-africa","programmes-rwanda"],"acf":[],"yoast_head":"<!-- This site is optimized with the Yoast SEO Premium plugin v27.4 (Yoast SEO v27.4) - https:\/\/yoast.com\/product\/yoast-seo-premium-wordpress\/ -->\n<title>President Kufuor opens the national conference in Rwanda - Interpeace<\/title>\n<meta name=\"robots\" content=\"index, follow, max-snippet:-1, max-image-preview:large, max-video-preview:-1\" \/>\n<link rel=\"canonical\" href=\"https:\/\/www.interpeace.org\/fr\/2010\/10\/president-kufuor-opens-the-national-conference-in-rwanda\/\" \/>\n<meta property=\"og:locale\" content=\"fr_FR\" \/>\n<meta property=\"og:type\" content=\"article\" \/>\n<meta property=\"og:title\" content=\"President Kufuor opens the national conference in Rwanda\" \/>\n<meta property=\"og:description\" content=\"President John A. Kufuor, former President of Ghana and Chairman of the Interpeace Governing Council, opened the national stakeholder conference in Kigali. The conference was hosted by Interpeace\u2019s partner in Rwanda, The Institute of Research and Dialogue for Peace (IRDP), a Rwandan based think-tank that promotes unity. The objectives of the conference were to present [&hellip;]\" \/>\n<meta property=\"og:url\" content=\"https:\/\/www.interpeace.org\/fr\/2010\/10\/president-kufuor-opens-the-national-conference-in-rwanda\/\" \/>\n<meta property=\"og:site_name\" content=\"Interpeace\" \/>\n<meta property=\"article:publisher\" content=\"https:\/\/www.facebook.com\/Interpeace\" \/>\n<meta property=\"article:published_time\" content=\"2010-10-16T22:00:00+00:00\" \/>\n<meta property=\"article:modified_time\" content=\"2015-07-31T14:30:43+00:00\" \/>\n<meta property=\"og:image\" content=\"https:\/\/www.interpeace.org\/wp-content\/uploads\/2010\/10\/2010_11_rwa_president_kufuor_opens_national_conference_andrew_mcconnell_panos_for_interpeace1.jpg\" \/>\n\t<meta property=\"og:image:width\" content=\"448\" \/>\n\t<meta property=\"og:image:height\" content=\"212\" \/>\n\t<meta property=\"og:image:type\" content=\"image\/jpeg\" \/>\n<meta name=\"twitter:card\" content=\"summary_large_image\" \/>\n<meta name=\"twitter:creator\" content=\"@InterpeaceTweet\" \/>\n<meta name=\"twitter:site\" content=\"@InterpeaceTweet\" \/>\n<meta name=\"twitter:label1\" content=\"\u00c9crit par\" \/>\n\t<meta name=\"twitter:data1\" content=\"\" \/>\n\t<meta name=\"twitter:label2\" content=\"Dur\u00e9e de lecture estim\u00e9e\" \/>\n\t<meta name=\"twitter:data2\" content=\"1 minute\" \/>\n<script type=\"application\/ld+json\" class=\"yoast-schema-graph\">{\"@context\":\"https:\\\/\\\/schema.org\",\"@graph\":[{\"@type\":\"Article\",\"@id\":\"https:\\\/\\\/www.interpeace.org\\\/2010\\\/10\\\/president-kufuor-opens-the-national-conference-in-rwanda\\\/#article\",\"isPartOf\":{\"@id\":\"https:\\\/\\\/www.interpeace.org\\\/2010\\\/10\\\/president-kufuor-opens-the-national-conference-in-rwanda\\\/\"},\"author\":{\"name\":\"\",\"@id\":\"\"},\"headline\":\"President Kufuor opens the national conference in Rwanda\",\"datePublished\":\"2010-10-16T22:00:00+00:00\",\"dateModified\":\"2015-07-31T14:30:43+00:00\",\"mainEntityOfPage\":{\"@id\":\"https:\\\/\\\/www.interpeace.org\\\/2010\\\/10\\\/president-kufuor-opens-the-national-conference-in-rwanda\\\/\"},\"wordCount\":289,\"commentCount\":0,\"publisher\":{\"@id\":\"https:\\\/\\\/www.interpeace.org\\\/#organization\"},\"image\":{\"@id\":\"https:\\\/\\\/www.interpeace.org\\\/2010\\\/10\\\/president-kufuor-opens-the-national-conference-in-rwanda\\\/#primaryimage\"},\"thumbnailUrl\":\"https:\\\/\\\/www.interpeace.org\\\/wp-content\\\/uploads\\\/2010\\\/10\\\/2010_11_rwa_president_kufuor_opens_national_conference_andrew_mcconnell_panos_for_interpeace1.jpg\",\"articleSection\":[\"Uncategorized\"],\"inLanguage\":\"fr-FR\",\"potentialAction\":[{\"@type\":\"CommentAction\",\"name\":\"Comment\",\"target\":[\"https:\\\/\\\/www.interpeace.org\\\/2010\\\/10\\\/president-kufuor-opens-the-national-conference-in-rwanda\\\/#respond\"]}]},{\"@type\":\"WebPage\",\"@id\":\"https:\\\/\\\/www.interpeace.org\\\/2010\\\/10\\\/president-kufuor-opens-the-national-conference-in-rwanda\\\/\",\"url\":\"https:\\\/\\\/www.interpeace.org\\\/2010\\\/10\\\/president-kufuor-opens-the-national-conference-in-rwanda\\\/\",\"name\":\"President Kufuor opens the national conference in Rwanda - Interpeace\",\"isPartOf\":{\"@id\":\"https:\\\/\\\/www.interpeace.org\\\/#website\"},\"primaryImageOfPage\":{\"@id\":\"https:\\\/\\\/www.interpeace.org\\\/2010\\\/10\\\/president-kufuor-opens-the-national-conference-in-rwanda\\\/#primaryimage\"},\"image\":{\"@id\":\"https:\\\/\\\/www.interpeace.org\\\/2010\\\/10\\\/president-kufuor-opens-the-national-conference-in-rwanda\\\/#primaryimage\"},\"thumbnailUrl\":\"https:\\\/\\\/www.interpeace.org\\\/wp-content\\\/uploads\\\/2010\\\/10\\\/2010_11_rwa_president_kufuor_opens_national_conference_andrew_mcconnell_panos_for_interpeace1.jpg\",\"datePublished\":\"2010-10-16T22:00:00+00:00\",\"dateModified\":\"2015-07-31T14:30:43+00:00\",\"breadcrumb\":{\"@id\":\"https:\\\/\\\/www.interpeace.org\\\/2010\\\/10\\\/president-kufuor-opens-the-national-conference-in-rwanda\\\/#breadcrumb\"},\"inLanguage\":\"fr-FR\",\"potentialAction\":[{\"@type\":\"ReadAction\",\"target\":[\"https:\\\/\\\/www.interpeace.org\\\/2010\\\/10\\\/president-kufuor-opens-the-national-conference-in-rwanda\\\/\"]}]},{\"@type\":\"ImageObject\",\"inLanguage\":\"fr-FR\",\"@id\":\"https:\\\/\\\/www.interpeace.org\\\/2010\\\/10\\\/president-kufuor-opens-the-national-conference-in-rwanda\\\/#primaryimage\",\"url\":\"https:\\\/\\\/www.interpeace.org\\\/wp-content\\\/uploads\\\/2010\\\/10\\\/2010_11_rwa_president_kufuor_opens_national_conference_andrew_mcconnell_panos_for_interpeace1.jpg\",\"contentUrl\":\"https:\\\/\\\/www.interpeace.org\\\/wp-content\\\/uploads\\\/2010\\\/10\\\/2010_11_rwa_president_kufuor_opens_national_conference_andrew_mcconnell_panos_for_interpeace1.jpg\",\"width\":448,\"height\":212,\"caption\":\"John A. Kufuor opening the National Group Meeting. Photo credit: Andrew McConnell\\\/PANOS for Interpeace\"},{\"@type\":\"BreadcrumbList\",\"@id\":\"https:\\\/\\\/www.interpeace.org\\\/2010\\\/10\\\/president-kufuor-opens-the-national-conference-in-rwanda\\\/#breadcrumb\",\"itemListElement\":[{\"@type\":\"ListItem\",\"position\":1,\"name\":\"Home\",\"item\":\"https:\\\/\\\/www.interpeace.org\\\/\"},{\"@type\":\"ListItem\",\"position\":2,\"name\":\"President Kufuor opens the national conference in Rwanda\"}]},{\"@type\":\"WebSite\",\"@id\":\"https:\\\/\\\/www.interpeace.org\\\/#website\",\"url\":\"https:\\\/\\\/www.interpeace.org\\\/\",\"name\":\"Interpeace\",\"description\":\"Enabling people to build lasting peace since 1994\",\"publisher\":{\"@id\":\"https:\\\/\\\/www.interpeace.org\\\/#organization\"},\"potentialAction\":[{\"@type\":\"SearchAction\",\"target\":{\"@type\":\"EntryPoint\",\"urlTemplate\":\"https:\\\/\\\/www.interpeace.org\\\/?s={search_term_string}\"},\"query-input\":{\"@type\":\"PropertyValueSpecification\",\"valueRequired\":true,\"valueName\":\"search_term_string\"}}],\"inLanguage\":\"fr-FR\"},{\"@type\":\"Organization\",\"@id\":\"https:\\\/\\\/www.interpeace.org\\\/#organization\",\"name\":\"INTERPEACE\",\"url\":\"https:\\\/\\\/www.interpeace.org\\\/\",\"logo\":{\"@type\":\"ImageObject\",\"inLanguage\":\"fr-FR\",\"@id\":\"https:\\\/\\\/www.interpeace.org\\\/#\\\/schema\\\/logo\\\/image\\\/\",\"url\":\"https:\\\/\\\/www.interpeace.org\\\/wp-content\\\/uploads\\\/2019\\\/11\\\/EN-Interpeace-small.png\",\"contentUrl\":\"https:\\\/\\\/www.interpeace.org\\\/wp-content\\\/uploads\\\/2019\\\/11\\\/EN-Interpeace-small.png\",\"width\":111,\"height\":85,\"caption\":\"INTERPEACE\"},\"image\":{\"@id\":\"https:\\\/\\\/www.interpeace.org\\\/#\\\/schema\\\/logo\\\/image\\\/\"},\"sameAs\":[\"https:\\\/\\\/www.facebook.com\\\/Interpeace\",\"https:\\\/\\\/x.com\\\/InterpeaceTweet\",\"https:\\\/\\\/www.instagram.com\\\/interpeace\\\/\"]},{\"@type\":\"Person\",\"@id\":\"\",\"url\":\"https:\\\/\\\/www.interpeace.org\\\/fr\\\/author\\\/\"}]}<\/script>\n<!-- \/ Yoast SEO Premium plugin. -->","yoast_head_json":{"title":"President Kufuor opens the national conference in Rwanda - Interpeace","robots":{"index":"index","follow":"follow","max-snippet":"max-snippet:-1","max-image-preview":"max-image-preview:large","max-video-preview":"max-video-preview:-1"},"canonical":"https:\/\/www.interpeace.org\/fr\/2010\/10\/president-kufuor-opens-the-national-conference-in-rwanda\/","og_locale":"fr_FR","og_type":"article","og_title":"President Kufuor opens the national conference in Rwanda","og_description":"President John A. Kufuor, former President of Ghana and Chairman of the Interpeace Governing Council, opened the national stakeholder conference in Kigali. The conference was hosted by Interpeace\u2019s partner in Rwanda, The Institute of Research and Dialogue for Peace (IRDP), a Rwandan based think-tank that promotes unity. The objectives of the conference were to present [&hellip;]","og_url":"https:\/\/www.interpeace.org\/fr\/2010\/10\/president-kufuor-opens-the-national-conference-in-rwanda\/","og_site_name":"Interpeace","article_publisher":"https:\/\/www.facebook.com\/Interpeace","article_published_time":"2010-10-16T22:00:00+00:00","article_modified_time":"2015-07-31T14:30:43+00:00","og_image":[{"width":448,"height":212,"url":"https:\/\/www.interpeace.org\/wp-content\/uploads\/2010\/10\/2010_11_rwa_president_kufuor_opens_national_conference_andrew_mcconnell_panos_for_interpeace1.jpg","type":"image\/jpeg"}],"twitter_card":"summary_large_image","twitter_creator":"@InterpeaceTweet","twitter_site":"@InterpeaceTweet","twitter_misc":{"\u00c9crit par":"","Dur\u00e9e de lecture estim\u00e9e":"1 minute"},"schema":{"@context":"https:\/\/schema.org","@graph":[{"@type":"Article","@id":"https:\/\/www.interpeace.org\/2010\/10\/president-kufuor-opens-the-national-conference-in-rwanda\/#article","isPartOf":{"@id":"https:\/\/www.interpeace.org\/2010\/10\/president-kufuor-opens-the-national-conference-in-rwanda\/"},"author":{"name":"","@id":""},"headline":"President Kufuor opens the national conference in Rwanda","datePublished":"2010-10-16T22:00:00+00:00","dateModified":"2015-07-31T14:30:43+00:00","mainEntityOfPage":{"@id":"https:\/\/www.interpeace.org\/2010\/10\/president-kufuor-opens-the-national-conference-in-rwanda\/"},"wordCount":289,"commentCount":0,"publisher":{"@id":"https:\/\/www.interpeace.org\/#organization"},"image":{"@id":"https:\/\/www.interpeace.org\/2010\/10\/president-kufuor-opens-the-national-conference-in-rwanda\/#primaryimage"},"thumbnailUrl":"https:\/\/www.interpeace.org\/wp-content\/uploads\/2010\/10\/2010_11_rwa_president_kufuor_opens_national_conference_andrew_mcconnell_panos_for_interpeace1.jpg","articleSection":["Uncategorized"],"inLanguage":"fr-FR","potentialAction":[{"@type":"CommentAction","name":"Comment","target":["https:\/\/www.interpeace.org\/2010\/10\/president-kufuor-opens-the-national-conference-in-rwanda\/#respond"]}]},{"@type":"WebPage","@id":"https:\/\/www.interpeace.org\/2010\/10\/president-kufuor-opens-the-national-conference-in-rwanda\/","url":"https:\/\/www.interpeace.org\/2010\/10\/president-kufuor-opens-the-national-conference-in-rwanda\/","name":"President Kufuor opens the national conference in Rwanda - Interpeace","isPartOf":{"@id":"https:\/\/www.interpeace.org\/#website"},"primaryImageOfPage":{"@id":"https:\/\/www.interpeace.org\/2010\/10\/president-kufuor-opens-the-national-conference-in-rwanda\/#primaryimage"},"image":{"@id":"https:\/\/www.interpeace.org\/2010\/10\/president-kufuor-opens-the-national-conference-in-rwanda\/#primaryimage"},"thumbnailUrl":"https:\/\/www.interpeace.org\/wp-content\/uploads\/2010\/10\/2010_11_rwa_president_kufuor_opens_national_conference_andrew_mcconnell_panos_for_interpeace1.jpg","datePublished":"2010-10-16T22:00:00+00:00","dateModified":"2015-07-31T14:30:43+00:00","breadcrumb":{"@id":"https:\/\/www.interpeace.org\/2010\/10\/president-kufuor-opens-the-national-conference-in-rwanda\/#breadcrumb"},"inLanguage":"fr-FR","potentialAction":[{"@type":"ReadAction","target":["https:\/\/www.interpeace.org\/2010\/10\/president-kufuor-opens-the-national-conference-in-rwanda\/"]}]},{"@type":"ImageObject","inLanguage":"fr-FR","@id":"https:\/\/www.interpeace.org\/2010\/10\/president-kufuor-opens-the-national-conference-in-rwanda\/#primaryimage","url":"https:\/\/www.interpeace.org\/wp-content\/uploads\/2010\/10\/2010_11_rwa_president_kufuor_opens_national_conference_andrew_mcconnell_panos_for_interpeace1.jpg","contentUrl":"https:\/\/www.interpeace.org\/wp-content\/uploads\/2010\/10\/2010_11_rwa_president_kufuor_opens_national_conference_andrew_mcconnell_panos_for_interpeace1.jpg","width":448,"height":212,"caption":"John A. Kufuor opening the National Group Meeting. Photo credit: Andrew McConnell\/PANOS for Interpeace"},{"@type":"BreadcrumbList","@id":"https:\/\/www.interpeace.org\/2010\/10\/president-kufuor-opens-the-national-conference-in-rwanda\/#breadcrumb","itemListElement":[{"@type":"ListItem","position":1,"name":"Home","item":"https:\/\/www.interpeace.org\/"},{"@type":"ListItem","position":2,"name":"President Kufuor opens the national conference in Rwanda"}]},{"@type":"WebSite","@id":"https:\/\/www.interpeace.org\/#website","url":"https:\/\/www.interpeace.org\/","name":"Interpeace","description":"Permettre aux gens de construire une paix durable depuis 1994","publisher":{"@id":"https:\/\/www.interpeace.org\/#organization"},"potentialAction":[{"@type":"SearchAction","target":{"@type":"EntryPoint","urlTemplate":"https:\/\/www.interpeace.org\/?s={search_term_string}"},"query-input":{"@type":"PropertyValueSpecification","valueRequired":true,"valueName":"search_term_string"}}],"inLanguage":"fr-FR"},{"@type":"Organization","@id":"https:\/\/www.interpeace.org\/#organization","name":"INTERPEACE","url":"https:\/\/www.interpeace.org\/","logo":{"@type":"ImageObject","inLanguage":"fr-FR","@id":"https:\/\/www.interpeace.org\/#\/schema\/logo\/image\/","url":"https:\/\/www.interpeace.org\/wp-content\/uploads\/2019\/11\/EN-Interpeace-small.png","contentUrl":"https:\/\/www.interpeace.org\/wp-content\/uploads\/2019\/11\/EN-Interpeace-small.png","width":111,"height":85,"caption":"INTERPEACE"},"image":{"@id":"https:\/\/www.interpeace.org\/#\/schema\/logo\/image\/"},"sameAs":["https:\/\/www.facebook.com\/Interpeace","https:\/\/x.com\/InterpeaceTweet","https:\/\/www.instagram.com\/interpeace\/"]},{"@type":"Person","@id":"","url":"https:\/\/www.interpeace.org\/fr\/author\/"}]}},"_links":{"self":[{"href":"https:\/\/www.interpeace.org\/fr\/wp-json\/wp\/v2\/posts\/215","targetHints":{"allow":["GET"]}}],"collection":[{"href":"https:\/\/www.interpeace.org\/fr\/wp-json\/wp\/v2\/posts"}],"about":[{"href":"https:\/\/www.interpeace.org\/fr\/wp-json\/wp\/v2\/types\/post"}],"author":[{"embeddable":true,"href":"https:\/\/www.interpeace.org\/fr\/wp-json\/wp\/v2\/users\/3"}],"replies":[{"embeddable":true,"href":"https:\/\/www.interpeace.org\/fr\/wp-json\/wp\/v2\/comments?post=215"}],"version-history":[{"count":0,"href":"https:\/\/www.interpeace.org\/fr\/wp-json\/wp\/v2\/posts\/215\/revisions"}],"wp:featuredmedia":[{"embeddable":true,"href":"https:\/\/www.interpeace.org\/fr\/wp-json\/wp\/v2\/media\/213"}],"wp:attachment":[{"href":"https:\/\/www.interpeace.org\/fr\/wp-json\/wp\/v2\/media?parent=215"}],"wp:term":[{"taxonomy":"category","embeddable":true,"href":"https:\/\/www.interpeace.org\/fr\/wp-json\/wp\/v2\/categories?post=215"},{"taxonomy":"post_tag","embeddable":true,"href":"https:\/\/www.interpeace.org\/fr\/wp-json\/wp\/v2\/tags?post=215"},{"taxonomy":"globales","embeddable":true,"href":"https:\/\/www.interpeace.org\/fr\/wp-json\/wp\/v2\/globales?post=215"},{"taxonomy":"initiatives","embeddable":true,"href":"https:\/\/www.interpeace.org\/fr\/wp-json\/wp\/v2\/initiatives?post=215"},{"taxonomy":"news_type","embeddable":true,"href":"https:\/\/www.interpeace.org\/fr\/wp-json\/wp\/v2\/news_type?post=215"},{"taxonomy":"programmes","embeddable":true,"href":"https:\/\/www.interpeace.org\/fr\/wp-json\/wp\/v2\/programmes?post=215"},{"taxonomy":"resource_theme","embeddable":true,"href":"https:\/\/www.interpeace.org\/fr\/wp-json\/wp\/v2\/resource_theme?post=215"},{"taxonomy":"videos_vimeo","embeddable":true,"href":"https:\/\/www.interpeace.org\/fr\/wp-json\/wp\/v2\/videos_vimeo?post=215"}],"curies":[{"name":"wp","href":"https:\/\/api.w.org\/{rel}","templated":true}]}}