{"id":174,"date":"2009-10-16T13:58:36","date_gmt":"2009-10-16T11:58:36","guid":{"rendered":"http:\/\/www.interpeace.org\/2009\/10\/16\/interpeace-team-in-burundi-turns-their-attention-to-the-diaspora-based-across-europe\/"},"modified":"2015-07-31T17:30:28","modified_gmt":"2015-07-31T15:30:28","slug":"interpeace-team-in-burundi-turns-their-attention-to-the-diaspora-based-across-europe","status":"publish","type":"post","link":"https:\/\/www.interpeace.org\/fr\/2009\/10\/interpeace-team-in-burundi-turns-their-attention-to-the-diaspora-based-across-europe\/","title":{"rendered":"Interpeace team in Burundi turns their attention to the diaspora based across Europe"},"content":{"rendered":"<p>To ensure long-term peace is not imposed from the outside and there is local ownership of solutions to conflict, Interpeace partners with local NGOs. Interpeace has been working in Burundi since 2007 with local NGO, the Centre d\u2019Alerte et de Pr\u00e9vention des Conflits.<\/p>\n<p>This October,\u00a0the team from Burundi focused on their country\u2019s diaspora living across Europe. Sessions were held in Geneva, Paris, Rotterdam and in two locations in Belgium and over 70 people participated.<\/p>\n<p>Students, academics, religious leaders, temporary and salaried staff, representatives from the business community, caregivers and government representatives, living in Europe, all shared their different points of view on challenges to peace and ways to address them.<\/p>\n<p>As with the Interpeace approach, video footage was shown during the diaspora meetings. People from across Burundi and from all backgrounds are featured in the video as they \u2018unpack\u2019 the issues and potential solutions for peace.<\/p>\n<p>This encouraged the participants in the sessions in Europe to do the same.<\/p>\n<p>Because Burundians from the diaspora are divided along ethnic lines and rarely come togehter, many participants thanked CENAP for the opportunity to meet and build bridges. For many of the diaspora it was the first time they shared their experiences, ideas and thoughts on solutions to the sensitive issues of:<\/p>\n<ul>\n<li>Transitional justice<\/li>\n<li>Poverty and unemployment<\/li>\n<li>Pre and post elections<\/li>\n<\/ul>\n<p>The three themes had come out of the earlier \u2018National Forum\u2019 held last year in Burundi. In October 2008, over 200 representatives from all sectors of society gathered in Bujumbura and selected the most important obstacles to lasting peace. Since that meeting the CENAP researchers have been working on the three issues relating to peace in addition to the question of disarmament of the population .<\/p>\n<p>The results from the constructive and animated discussions with the diaspora, which are part of the overall programme, will now provide important input into this overall process.<\/p>","protected":false},"excerpt":{"rendered":"<p>To ensure long-term peace is not imposed from the outside and there is local ownership of solutions to conflict, Interpeace partners with local NGOs. Interpeace has been working in Burundi since 2007 with local NGO, the Centre d\u2019Alerte et de Pr\u00e9vention des Conflits. This October,\u00a0the team from Burundi focused on their country\u2019s diaspora living across [&hellip;]<\/p>\n","protected":false},"author":1,"featured_media":172,"comment_status":"open","ping_status":"open","sticky":false,"template":"","format":"standard","meta":{"_acf_changed":false,"_editorskit_title_hidden":false,"_editorskit_reading_time":0,"_editorskit_is_block_options_detached":false,"_editorskit_block_options_position":"{}","editor_plus_copied_stylings":"{}","_exactmetrics_skip_tracking":false,"_exactmetrics_sitenote_active":false,"_exactmetrics_sitenote_note":"","_exactmetrics_sitenote_category":0,"footnotes":"","_links_to":"","_links_to_target":""},"categories":[1],"tags":[],"globales":[],"initiatives":[],"news_type":[],"programmes":[68,73],"resource_theme":[],"videos_vimeo":[],"class_list":["post-174","post","type-post","status-publish","format-standard","has-post-thumbnail","hentry","category-uncategorized","programmes-eastern-and-central-africa","programmes-burundi"],"acf":[],"yoast_head":"<!-- This site is optimized with the Yoast SEO Premium plugin v27.4 (Yoast SEO v27.4) - https:\/\/yoast.com\/product\/yoast-seo-premium-wordpress\/ -->\n<title>Interpeace team in Burundi turns their attention to the diaspora based across Europe - Interpeace<\/title>\n<meta name=\"robots\" content=\"index, follow, max-snippet:-1, max-image-preview:large, max-video-preview:-1\" \/>\n<link rel=\"canonical\" href=\"https:\/\/www.interpeace.org\/fr\/2009\/10\/interpeace-team-in-burundi-turns-their-attention-to-the-diaspora-based-across-europe\/\" \/>\n<meta property=\"og:locale\" content=\"fr_FR\" \/>\n<meta property=\"og:type\" content=\"article\" \/>\n<meta property=\"og:title\" content=\"Interpeace team in Burundi turns their attention to the diaspora based across Europe\" \/>\n<meta property=\"og:description\" content=\"To ensure long-term peace is not imposed from the outside and there is local ownership of solutions to conflict, Interpeace partners with local NGOs. Interpeace has been working in Burundi since 2007 with local NGO, the Centre d\u2019Alerte et de Pr\u00e9vention des Conflits. This October,\u00a0the team from Burundi focused on their country\u2019s diaspora living across [&hellip;]\" \/>\n<meta property=\"og:url\" content=\"https:\/\/www.interpeace.org\/fr\/2009\/10\/interpeace-team-in-burundi-turns-their-attention-to-the-diaspora-based-across-europe\/\" \/>\n<meta property=\"og:site_name\" content=\"Interpeace\" \/>\n<meta property=\"article:publisher\" content=\"https:\/\/www.facebook.com\/Interpeace\" \/>\n<meta property=\"article:published_time\" content=\"2009-10-16T11:58:36+00:00\" \/>\n<meta property=\"article:modified_time\" content=\"2015-07-31T15:30:28+00:00\" \/>\n<meta property=\"og:image\" content=\"https:\/\/www.interpeace.org\/wp-content\/uploads\/2009\/10\/2009_10_bur_diaspora_meeting_interpeace1.jpg\" \/>\n\t<meta property=\"og:image:width\" content=\"640\" \/>\n\t<meta property=\"og:image:height\" content=\"427\" \/>\n\t<meta property=\"og:image:type\" content=\"image\/jpeg\" \/>\n<meta name=\"author\" content=\"Alejandro\" \/>\n<meta name=\"twitter:card\" content=\"summary_large_image\" \/>\n<meta name=\"twitter:creator\" content=\"@InterpeaceTweet\" \/>\n<meta name=\"twitter:site\" content=\"@InterpeaceTweet\" \/>\n<meta name=\"twitter:label1\" content=\"\u00c9crit par\" \/>\n\t<meta name=\"twitter:data1\" content=\"Alejandro\" \/>\n\t<meta name=\"twitter:label2\" content=\"Dur\u00e9e de lecture estim\u00e9e\" \/>\n\t<meta name=\"twitter:data2\" content=\"2 minutes\" \/>\n<script type=\"application\/ld+json\" class=\"yoast-schema-graph\">{\"@context\":\"https:\\\/\\\/schema.org\",\"@graph\":[{\"@type\":\"Article\",\"@id\":\"https:\\\/\\\/www.interpeace.org\\\/2009\\\/10\\\/interpeace-team-in-burundi-turns-their-attention-to-the-diaspora-based-across-europe\\\/#article\",\"isPartOf\":{\"@id\":\"https:\\\/\\\/www.interpeace.org\\\/2009\\\/10\\\/interpeace-team-in-burundi-turns-their-attention-to-the-diaspora-based-across-europe\\\/\"},\"author\":{\"name\":\"Alejandro\",\"@id\":\"https:\\\/\\\/www.interpeace.org\\\/#\\\/schema\\\/person\\\/75fea8ede2ce310d5f1bea81166bf9a1\"},\"headline\":\"Interpeace team in Burundi turns their attention to the diaspora based across Europe\",\"datePublished\":\"2009-10-16T11:58:36+00:00\",\"dateModified\":\"2015-07-31T15:30:28+00:00\",\"mainEntityOfPage\":{\"@id\":\"https:\\\/\\\/www.interpeace.org\\\/2009\\\/10\\\/interpeace-team-in-burundi-turns-their-attention-to-the-diaspora-based-across-europe\\\/\"},\"wordCount\":323,\"commentCount\":0,\"publisher\":{\"@id\":\"https:\\\/\\\/www.interpeace.org\\\/#organization\"},\"image\":{\"@id\":\"https:\\\/\\\/www.interpeace.org\\\/2009\\\/10\\\/interpeace-team-in-burundi-turns-their-attention-to-the-diaspora-based-across-europe\\\/#primaryimage\"},\"thumbnailUrl\":\"https:\\\/\\\/www.interpeace.org\\\/wp-content\\\/uploads\\\/2009\\\/10\\\/2009_10_bur_diaspora_meeting_interpeace1.jpg\",\"articleSection\":[\"Uncategorized\"],\"inLanguage\":\"fr-FR\",\"potentialAction\":[{\"@type\":\"CommentAction\",\"name\":\"Comment\",\"target\":[\"https:\\\/\\\/www.interpeace.org\\\/2009\\\/10\\\/interpeace-team-in-burundi-turns-their-attention-to-the-diaspora-based-across-europe\\\/#respond\"]}]},{\"@type\":\"WebPage\",\"@id\":\"https:\\\/\\\/www.interpeace.org\\\/2009\\\/10\\\/interpeace-team-in-burundi-turns-their-attention-to-the-diaspora-based-across-europe\\\/\",\"url\":\"https:\\\/\\\/www.interpeace.org\\\/2009\\\/10\\\/interpeace-team-in-burundi-turns-their-attention-to-the-diaspora-based-across-europe\\\/\",\"name\":\"Interpeace team in Burundi turns their attention to the diaspora based across Europe - Interpeace\",\"isPartOf\":{\"@id\":\"https:\\\/\\\/www.interpeace.org\\\/#website\"},\"primaryImageOfPage\":{\"@id\":\"https:\\\/\\\/www.interpeace.org\\\/2009\\\/10\\\/interpeace-team-in-burundi-turns-their-attention-to-the-diaspora-based-across-europe\\\/#primaryimage\"},\"image\":{\"@id\":\"https:\\\/\\\/www.interpeace.org\\\/2009\\\/10\\\/interpeace-team-in-burundi-turns-their-attention-to-the-diaspora-based-across-europe\\\/#primaryimage\"},\"thumbnailUrl\":\"https:\\\/\\\/www.interpeace.org\\\/wp-content\\\/uploads\\\/2009\\\/10\\\/2009_10_bur_diaspora_meeting_interpeace1.jpg\",\"datePublished\":\"2009-10-16T11:58:36+00:00\",\"dateModified\":\"2015-07-31T15:30:28+00:00\",\"breadcrumb\":{\"@id\":\"https:\\\/\\\/www.interpeace.org\\\/2009\\\/10\\\/interpeace-team-in-burundi-turns-their-attention-to-the-diaspora-based-across-europe\\\/#breadcrumb\"},\"inLanguage\":\"fr-FR\",\"potentialAction\":[{\"@type\":\"ReadAction\",\"target\":[\"https:\\\/\\\/www.interpeace.org\\\/2009\\\/10\\\/interpeace-team-in-burundi-turns-their-attention-to-the-diaspora-based-across-europe\\\/\"]}]},{\"@type\":\"ImageObject\",\"inLanguage\":\"fr-FR\",\"@id\":\"https:\\\/\\\/www.interpeace.org\\\/2009\\\/10\\\/interpeace-team-in-burundi-turns-their-attention-to-the-diaspora-based-across-europe\\\/#primaryimage\",\"url\":\"https:\\\/\\\/www.interpeace.org\\\/wp-content\\\/uploads\\\/2009\\\/10\\\/2009_10_bur_diaspora_meeting_interpeace1.jpg\",\"contentUrl\":\"https:\\\/\\\/www.interpeace.org\\\/wp-content\\\/uploads\\\/2009\\\/10\\\/2009_10_bur_diaspora_meeting_interpeace1.jpg\",\"width\":640,\"height\":427,\"caption\":\"Photo credit: Niels Ackerman\\\/rezo for Interpeace\"},{\"@type\":\"BreadcrumbList\",\"@id\":\"https:\\\/\\\/www.interpeace.org\\\/2009\\\/10\\\/interpeace-team-in-burundi-turns-their-attention-to-the-diaspora-based-across-europe\\\/#breadcrumb\",\"itemListElement\":[{\"@type\":\"ListItem\",\"position\":1,\"name\":\"Home\",\"item\":\"https:\\\/\\\/www.interpeace.org\\\/\"},{\"@type\":\"ListItem\",\"position\":2,\"name\":\"Interpeace team in Burundi turns their attention to the diaspora based across Europe\"}]},{\"@type\":\"WebSite\",\"@id\":\"https:\\\/\\\/www.interpeace.org\\\/#website\",\"url\":\"https:\\\/\\\/www.interpeace.org\\\/\",\"name\":\"Interpeace\",\"description\":\"Enabling people to build lasting peace since 1994\",\"publisher\":{\"@id\":\"https:\\\/\\\/www.interpeace.org\\\/#organization\"},\"potentialAction\":[{\"@type\":\"SearchAction\",\"target\":{\"@type\":\"EntryPoint\",\"urlTemplate\":\"https:\\\/\\\/www.interpeace.org\\\/?s={search_term_string}\"},\"query-input\":{\"@type\":\"PropertyValueSpecification\",\"valueRequired\":true,\"valueName\":\"search_term_string\"}}],\"inLanguage\":\"fr-FR\"},{\"@type\":\"Organization\",\"@id\":\"https:\\\/\\\/www.interpeace.org\\\/#organization\",\"name\":\"INTERPEACE\",\"url\":\"https:\\\/\\\/www.interpeace.org\\\/\",\"logo\":{\"@type\":\"ImageObject\",\"inLanguage\":\"fr-FR\",\"@id\":\"https:\\\/\\\/www.interpeace.org\\\/#\\\/schema\\\/logo\\\/image\\\/\",\"url\":\"https:\\\/\\\/www.interpeace.org\\\/wp-content\\\/uploads\\\/2019\\\/11\\\/EN-Interpeace-small.png\",\"contentUrl\":\"https:\\\/\\\/www.interpeace.org\\\/wp-content\\\/uploads\\\/2019\\\/11\\\/EN-Interpeace-small.png\",\"width\":111,\"height\":85,\"caption\":\"INTERPEACE\"},\"image\":{\"@id\":\"https:\\\/\\\/www.interpeace.org\\\/#\\\/schema\\\/logo\\\/image\\\/\"},\"sameAs\":[\"https:\\\/\\\/www.facebook.com\\\/Interpeace\",\"https:\\\/\\\/x.com\\\/InterpeaceTweet\",\"https:\\\/\\\/www.instagram.com\\\/interpeace\\\/\"]},{\"@type\":\"Person\",\"@id\":\"https:\\\/\\\/www.interpeace.org\\\/#\\\/schema\\\/person\\\/75fea8ede2ce310d5f1bea81166bf9a1\",\"name\":\"Alejandro\",\"image\":{\"@type\":\"ImageObject\",\"inLanguage\":\"fr-FR\",\"@id\":\"https:\\\/\\\/secure.gravatar.com\\\/avatar\\\/a5627fb156910981ea3ab2405e881b80c8234e50bb58a577081f805dd3bfd753?s=96&d=mm&r=g\",\"url\":\"https:\\\/\\\/secure.gravatar.com\\\/avatar\\\/a5627fb156910981ea3ab2405e881b80c8234e50bb58a577081f805dd3bfd753?s=96&d=mm&r=g\",\"contentUrl\":\"https:\\\/\\\/secure.gravatar.com\\\/avatar\\\/a5627fb156910981ea3ab2405e881b80c8234e50bb58a577081f805dd3bfd753?s=96&d=mm&r=g\",\"caption\":\"Alejandro\"},\"url\":\"https:\\\/\\\/www.interpeace.org\\\/fr\\\/author\\\/amoralesruiz-gm\\\/\"}]}<\/script>\n<!-- \/ Yoast SEO Premium plugin. -->","yoast_head_json":{"title":"Interpeace team in Burundi turns their attention to the diaspora based across Europe - Interpeace","robots":{"index":"index","follow":"follow","max-snippet":"max-snippet:-1","max-image-preview":"max-image-preview:large","max-video-preview":"max-video-preview:-1"},"canonical":"https:\/\/www.interpeace.org\/fr\/2009\/10\/interpeace-team-in-burundi-turns-their-attention-to-the-diaspora-based-across-europe\/","og_locale":"fr_FR","og_type":"article","og_title":"Interpeace team in Burundi turns their attention to the diaspora based across Europe","og_description":"To ensure long-term peace is not imposed from the outside and there is local ownership of solutions to conflict, Interpeace partners with local NGOs. Interpeace has been working in Burundi since 2007 with local NGO, the Centre d\u2019Alerte et de Pr\u00e9vention des Conflits. This October,\u00a0the team from Burundi focused on their country\u2019s diaspora living across [&hellip;]","og_url":"https:\/\/www.interpeace.org\/fr\/2009\/10\/interpeace-team-in-burundi-turns-their-attention-to-the-diaspora-based-across-europe\/","og_site_name":"Interpeace","article_publisher":"https:\/\/www.facebook.com\/Interpeace","article_published_time":"2009-10-16T11:58:36+00:00","article_modified_time":"2015-07-31T15:30:28+00:00","og_image":[{"width":640,"height":427,"url":"https:\/\/www.interpeace.org\/wp-content\/uploads\/2009\/10\/2009_10_bur_diaspora_meeting_interpeace1.jpg","type":"image\/jpeg"}],"author":"Alejandro","twitter_card":"summary_large_image","twitter_creator":"@InterpeaceTweet","twitter_site":"@InterpeaceTweet","twitter_misc":{"\u00c9crit par":"Alejandro","Dur\u00e9e de lecture estim\u00e9e":"2 minutes"},"schema":{"@context":"https:\/\/schema.org","@graph":[{"@type":"Article","@id":"https:\/\/www.interpeace.org\/2009\/10\/interpeace-team-in-burundi-turns-their-attention-to-the-diaspora-based-across-europe\/#article","isPartOf":{"@id":"https:\/\/www.interpeace.org\/2009\/10\/interpeace-team-in-burundi-turns-their-attention-to-the-diaspora-based-across-europe\/"},"author":{"name":"Alejandro","@id":"https:\/\/www.interpeace.org\/#\/schema\/person\/75fea8ede2ce310d5f1bea81166bf9a1"},"headline":"Interpeace team in Burundi turns their attention to the diaspora based across Europe","datePublished":"2009-10-16T11:58:36+00:00","dateModified":"2015-07-31T15:30:28+00:00","mainEntityOfPage":{"@id":"https:\/\/www.interpeace.org\/2009\/10\/interpeace-team-in-burundi-turns-their-attention-to-the-diaspora-based-across-europe\/"},"wordCount":323,"commentCount":0,"publisher":{"@id":"https:\/\/www.interpeace.org\/#organization"},"image":{"@id":"https:\/\/www.interpeace.org\/2009\/10\/interpeace-team-in-burundi-turns-their-attention-to-the-diaspora-based-across-europe\/#primaryimage"},"thumbnailUrl":"https:\/\/www.interpeace.org\/wp-content\/uploads\/2009\/10\/2009_10_bur_diaspora_meeting_interpeace1.jpg","articleSection":["Uncategorized"],"inLanguage":"fr-FR","potentialAction":[{"@type":"CommentAction","name":"Comment","target":["https:\/\/www.interpeace.org\/2009\/10\/interpeace-team-in-burundi-turns-their-attention-to-the-diaspora-based-across-europe\/#respond"]}]},{"@type":"WebPage","@id":"https:\/\/www.interpeace.org\/2009\/10\/interpeace-team-in-burundi-turns-their-attention-to-the-diaspora-based-across-europe\/","url":"https:\/\/www.interpeace.org\/2009\/10\/interpeace-team-in-burundi-turns-their-attention-to-the-diaspora-based-across-europe\/","name":"Interpeace team in Burundi turns their attention to the diaspora based across Europe - Interpeace","isPartOf":{"@id":"https:\/\/www.interpeace.org\/#website"},"primaryImageOfPage":{"@id":"https:\/\/www.interpeace.org\/2009\/10\/interpeace-team-in-burundi-turns-their-attention-to-the-diaspora-based-across-europe\/#primaryimage"},"image":{"@id":"https:\/\/www.interpeace.org\/2009\/10\/interpeace-team-in-burundi-turns-their-attention-to-the-diaspora-based-across-europe\/#primaryimage"},"thumbnailUrl":"https:\/\/www.interpeace.org\/wp-content\/uploads\/2009\/10\/2009_10_bur_diaspora_meeting_interpeace1.jpg","datePublished":"2009-10-16T11:58:36+00:00","dateModified":"2015-07-31T15:30:28+00:00","breadcrumb":{"@id":"https:\/\/www.interpeace.org\/2009\/10\/interpeace-team-in-burundi-turns-their-attention-to-the-diaspora-based-across-europe\/#breadcrumb"},"inLanguage":"fr-FR","potentialAction":[{"@type":"ReadAction","target":["https:\/\/www.interpeace.org\/2009\/10\/interpeace-team-in-burundi-turns-their-attention-to-the-diaspora-based-across-europe\/"]}]},{"@type":"ImageObject","inLanguage":"fr-FR","@id":"https:\/\/www.interpeace.org\/2009\/10\/interpeace-team-in-burundi-turns-their-attention-to-the-diaspora-based-across-europe\/#primaryimage","url":"https:\/\/www.interpeace.org\/wp-content\/uploads\/2009\/10\/2009_10_bur_diaspora_meeting_interpeace1.jpg","contentUrl":"https:\/\/www.interpeace.org\/wp-content\/uploads\/2009\/10\/2009_10_bur_diaspora_meeting_interpeace1.jpg","width":640,"height":427,"caption":"Photo credit: Niels Ackerman\/rezo for Interpeace"},{"@type":"BreadcrumbList","@id":"https:\/\/www.interpeace.org\/2009\/10\/interpeace-team-in-burundi-turns-their-attention-to-the-diaspora-based-across-europe\/#breadcrumb","itemListElement":[{"@type":"ListItem","position":1,"name":"Home","item":"https:\/\/www.interpeace.org\/"},{"@type":"ListItem","position":2,"name":"Interpeace team in Burundi turns their attention to the diaspora based across Europe"}]},{"@type":"WebSite","@id":"https:\/\/www.interpeace.org\/#website","url":"https:\/\/www.interpeace.org\/","name":"Interpeace","description":"Permettre aux gens de construire une paix durable depuis 1994","publisher":{"@id":"https:\/\/www.interpeace.org\/#organization"},"potentialAction":[{"@type":"SearchAction","target":{"@type":"EntryPoint","urlTemplate":"https:\/\/www.interpeace.org\/?s={search_term_string}"},"query-input":{"@type":"PropertyValueSpecification","valueRequired":true,"valueName":"search_term_string"}}],"inLanguage":"fr-FR"},{"@type":"Organization","@id":"https:\/\/www.interpeace.org\/#organization","name":"INTERPEACE","url":"https:\/\/www.interpeace.org\/","logo":{"@type":"ImageObject","inLanguage":"fr-FR","@id":"https:\/\/www.interpeace.org\/#\/schema\/logo\/image\/","url":"https:\/\/www.interpeace.org\/wp-content\/uploads\/2019\/11\/EN-Interpeace-small.png","contentUrl":"https:\/\/www.interpeace.org\/wp-content\/uploads\/2019\/11\/EN-Interpeace-small.png","width":111,"height":85,"caption":"INTERPEACE"},"image":{"@id":"https:\/\/www.interpeace.org\/#\/schema\/logo\/image\/"},"sameAs":["https:\/\/www.facebook.com\/Interpeace","https:\/\/x.com\/InterpeaceTweet","https:\/\/www.instagram.com\/interpeace\/"]},{"@type":"Person","@id":"https:\/\/www.interpeace.org\/#\/schema\/person\/75fea8ede2ce310d5f1bea81166bf9a1","name":"Alejandro","image":{"@type":"ImageObject","inLanguage":"fr-FR","@id":"https:\/\/secure.gravatar.com\/avatar\/a5627fb156910981ea3ab2405e881b80c8234e50bb58a577081f805dd3bfd753?s=96&d=mm&r=g","url":"https:\/\/secure.gravatar.com\/avatar\/a5627fb156910981ea3ab2405e881b80c8234e50bb58a577081f805dd3bfd753?s=96&d=mm&r=g","contentUrl":"https:\/\/secure.gravatar.com\/avatar\/a5627fb156910981ea3ab2405e881b80c8234e50bb58a577081f805dd3bfd753?s=96&d=mm&r=g","caption":"Alejandro"},"url":"https:\/\/www.interpeace.org\/fr\/author\/amoralesruiz-gm\/"}]}},"_links":{"self":[{"href":"https:\/\/www.interpeace.org\/fr\/wp-json\/wp\/v2\/posts\/174","targetHints":{"allow":["GET"]}}],"collection":[{"href":"https:\/\/www.interpeace.org\/fr\/wp-json\/wp\/v2\/posts"}],"about":[{"href":"https:\/\/www.interpeace.org\/fr\/wp-json\/wp\/v2\/types\/post"}],"author":[{"embeddable":true,"href":"https:\/\/www.interpeace.org\/fr\/wp-json\/wp\/v2\/users\/1"}],"replies":[{"embeddable":true,"href":"https:\/\/www.interpeace.org\/fr\/wp-json\/wp\/v2\/comments?post=174"}],"version-history":[{"count":0,"href":"https:\/\/www.interpeace.org\/fr\/wp-json\/wp\/v2\/posts\/174\/revisions"}],"wp:featuredmedia":[{"embeddable":true,"href":"https:\/\/www.interpeace.org\/fr\/wp-json\/wp\/v2\/media\/172"}],"wp:attachment":[{"href":"https:\/\/www.interpeace.org\/fr\/wp-json\/wp\/v2\/media?parent=174"}],"wp:term":[{"taxonomy":"category","embeddable":true,"href":"https:\/\/www.interpeace.org\/fr\/wp-json\/wp\/v2\/categories?post=174"},{"taxonomy":"post_tag","embeddable":true,"href":"https:\/\/www.interpeace.org\/fr\/wp-json\/wp\/v2\/tags?post=174"},{"taxonomy":"globales","embeddable":true,"href":"https:\/\/www.interpeace.org\/fr\/wp-json\/wp\/v2\/globales?post=174"},{"taxonomy":"initiatives","embeddable":true,"href":"https:\/\/www.interpeace.org\/fr\/wp-json\/wp\/v2\/initiatives?post=174"},{"taxonomy":"news_type","embeddable":true,"href":"https:\/\/www.interpeace.org\/fr\/wp-json\/wp\/v2\/news_type?post=174"},{"taxonomy":"programmes","embeddable":true,"href":"https:\/\/www.interpeace.org\/fr\/wp-json\/wp\/v2\/programmes?post=174"},{"taxonomy":"resource_theme","embeddable":true,"href":"https:\/\/www.interpeace.org\/fr\/wp-json\/wp\/v2\/resource_theme?post=174"},{"taxonomy":"videos_vimeo","embeddable":true,"href":"https:\/\/www.interpeace.org\/fr\/wp-json\/wp\/v2\/videos_vimeo?post=174"}],"curies":[{"name":"wp","href":"https:\/\/api.w.org\/{rel}","templated":true}]}}