{"id":16538,"date":"2024-06-27T22:51:49","date_gmt":"2024-06-27T20:51:49","guid":{"rendered":"https:\/\/www.interpeace.org\/?p=16538"},"modified":"2024-06-27T22:51:49","modified_gmt":"2024-06-27T20:51:49","slug":"promoting-intergenerational-dialogue-to-foster-peace-and-social-cohesion-in-rwanda","status":"publish","type":"post","link":"https:\/\/www.interpeace.org\/fr\/2024\/06\/promoting-intergenerational-dialogue-to-foster-peace-and-social-cohesion-in-rwanda\/","title":{"rendered":"Promouvoir le dialogue interg\u00e9n\u00e9rationnel pour favoriser la paix et la coh\u00e9sion sociale au Rwanda"},"content":{"rendered":"<p>Faciliter la participation significative des jeunes aux initiatives de consolidation de la paix devrait \u00eatre la pierre angulaire de tout effort visant \u00e0 favoriser une soci\u00e9t\u00e9 pacifique et coh\u00e9sive. Cette approche r\u00e9sonne particuli\u00e8rement bien au Rwanda, o\u00f9 plus de 70 % de la population est constitu\u00e9e de jeunes, dont une grande partie est n\u00e9e apr\u00e8s le g\u00e9nocide contre les Tutsis qui a eu lieu il y a trente ans.<\/p>\r\n\r\n\r\n\r\n<p>Le g\u00e9nocide a d\u00e9chir\u00e9 le tissu social du Rwanda. Un nombre important de jeunes ont \u00e9t\u00e9 manipul\u00e9s et impliqu\u00e9s dans les meurtres. Pour construire une paix durable et consolider les acquis de r\u00e9conciliation et de coh\u00e9sion sociale, ils doivent \u00eatre impliqu\u00e9s dans le processus.<\/p>\r\n\r\n\r\n\r\n<p>Le 1er juin 2024, le Rotary Club Kigali Seniors (RCKS) s'est associ\u00e9 \u00e0 Interpeace pour organiser une retraite d'une journ\u00e9e afin d'associer davantage ces personnes. Ayant pour th\u00e8me \u00ab Consolider la paix et la coh\u00e9sion sociale au Rwanda \u00bb, l'\u00e9v\u00e9nement a r\u00e9uni plus de 50 jeunes, membres de clubs Rotaract (Rotaristes dirig\u00e9s par des jeunes) et anciens.<\/p>\r\n\n\t\t<style type=\"text\/css\">\n\t\t\t#gallery-1 {\n\t\t\t\tmargin: auto;\n\t\t\t}\n\t\t\t#gallery-1 .gallery-item {\n\t\t\t\tfloat: left;\n\t\t\t\tmargin-top: 10px;\n\t\t\t\ttext-align: center;\n\t\t\t\twidth: 50%;\n\t\t\t}\n\t\t\t#gallery-1 img {\n\t\t\t\tborder: 2px solid #cfcfcf;\n\t\t\t}\n\t\t\t#gallery-1 .gallery-caption {\n\t\t\t\tmargin-left: 0;\n\t\t\t}\n\t\t\t\/* see gallery_shortcode() in wp-includes\/media.php *\/\n\t\t<\/style>\n\t\t<div id='gallery-1' class='gallery galleryid-16538 gallery-columns-2 gallery-size-thumbnail'><dl class='gallery-item'>\n\t\t\t<dt class='gallery-icon landscape'>\n\t\t\t\t<a href='https:\/\/www.interpeace.org\/fr\/2024\/06\/promoting-intergenerational-dialogue-to-foster-peace-and-social-cohesion-in-rwanda\/5l8a2640\/'><img loading=\"lazy\" decoding=\"async\" width=\"300\" height=\"200\" src=\"https:\/\/www.interpeace.org\/wp-content\/uploads\/2024\/06\/5L8A2640-300x200.webp\" class=\"attachment-thumbnail size-thumbnail\" alt=\"\" srcset=\"https:\/\/www.interpeace.org\/wp-content\/uploads\/2024\/06\/5L8A2640-300x200.webp 300w, https:\/\/www.interpeace.org\/wp-content\/uploads\/2024\/06\/5L8A2640-600x400.webp 600w, https:\/\/www.interpeace.org\/wp-content\/uploads\/2024\/06\/5L8A2640-750x500.webp 750w, https:\/\/www.interpeace.org\/wp-content\/uploads\/2024\/06\/5L8A2640-768x512.webp 768w, https:\/\/www.interpeace.org\/wp-content\/uploads\/2024\/06\/5L8A2640-1536x1024.webp 1536w, https:\/\/www.interpeace.org\/wp-content\/uploads\/2024\/06\/5L8A2640-2048x1365.webp 2048w, https:\/\/www.interpeace.org\/wp-content\/uploads\/2024\/06\/5L8A2640-18x12.webp 18w, https:\/\/www.interpeace.org\/wp-content\/uploads\/2024\/06\/5L8A2640-scaled.webp 2560w\" sizes=\"auto, (max-width: 300px) 100vw, 300px\" \/><\/a>\n\t\t\t<\/dt><\/dl><dl class='gallery-item'>\n\t\t\t<dt class='gallery-icon landscape'>\n\t\t\t\t<a href='https:\/\/www.interpeace.org\/fr\/2024\/06\/promoting-intergenerational-dialogue-to-foster-peace-and-social-cohesion-in-rwanda\/5l8a2607\/'><img loading=\"lazy\" decoding=\"async\" width=\"293\" height=\"200\" src=\"https:\/\/www.interpeace.org\/wp-content\/uploads\/2024\/06\/5L8A2607-293x200.webp\" class=\"attachment-thumbnail size-thumbnail\" alt=\"\" srcset=\"https:\/\/www.interpeace.org\/wp-content\/uploads\/2024\/06\/5L8A2607-293x200.webp 293w, https:\/\/www.interpeace.org\/wp-content\/uploads\/2024\/06\/5L8A2607-586x400.webp 586w, https:\/\/www.interpeace.org\/wp-content\/uploads\/2024\/06\/5L8A2607-732x500.webp 732w, https:\/\/www.interpeace.org\/wp-content\/uploads\/2024\/06\/5L8A2607-768x525.webp 768w, https:\/\/www.interpeace.org\/wp-content\/uploads\/2024\/06\/5L8A2607-1536x1049.webp 1536w, https:\/\/www.interpeace.org\/wp-content\/uploads\/2024\/06\/5L8A2607-2048x1399.webp 2048w, https:\/\/www.interpeace.org\/wp-content\/uploads\/2024\/06\/5L8A2607-18x12.webp 18w, https:\/\/www.interpeace.org\/wp-content\/uploads\/2024\/06\/5L8A2607-scaled.webp 2560w\" sizes=\"auto, (max-width: 293px) 100vw, 293px\" \/><\/a>\n\t\t\t<\/dt><\/dl><br style=\"clear: both\" \/>\n\t\t<\/div>\n\r\n\r\n\r\n\r\n<p>Il a servi de dialogue interg\u00e9n\u00e9rationnel, permettant aux jeunes de comprendre le pass\u00e9 tragique de leur pays, qui a conduit au g\u00e9nocide, et d'\u00e9tablir les moyens de construire un Rwanda pacifique et r\u00e9silient \u00e0 l'avenir. Les participants \u00e9taient des \u00e9tudiants universitaires et de jeunes professionnels de tout le pays. Leurs a\u00een\u00e9s \u00e9taient des personnalit\u00e9s \u00e9minentes issues de divers horizons, notamment des secteurs public et priv\u00e9, du monde universitaire et des organisations de la soci\u00e9t\u00e9 civile.<\/p>\r\n\r\n\r\n\r\n<p>\u00ab Ce pays a \u00e9t\u00e9 d\u00e9truit par le divisionnisme ethnique il y a 30 ans. Nous avons parcouru un long chemin pour le reconstruire. Il est temps de comprendre d\u2019o\u00f9 nous venons et de nous engager \u00e0 ne plus jamais laisser cela se reproduire. Vous devez construire une soci\u00e9t\u00e9 meilleure que celle du Rwanda aujourd'hui \u00bb, a soulign\u00e9 le Dr Jean Pierre Dusingizemungu, professeur d'universit\u00e9, alors qu'il se penchait sur l'histoire des violences pass\u00e9es du Rwanda, sur la voie de la r\u00e9conciliation et de la reconstruction. Il a encourag\u00e9 les participants \u00e0 r\u00e9fl\u00e9chir aux cons\u00e9quences n\u00e9fastes de l'histoire des conflits et du g\u00e9nocide du Rwanda et \u00e0 forger une identit\u00e9 commune pour favoriser l'unit\u00e9 et la coh\u00e9sion sociale dans leurs communaut\u00e9s respectives.<\/p>\r\n\r\n\r\n\r\n<p>Nathalie Siborurema, l'une des participantes, a d\u00e9clar\u00e9 : \u00ab Ce type de dialogue est tr\u00e8s important et n\u00e9cessaire car il nous permet d'apprendre de personnes exp\u00e9riment\u00e9es qui ont v\u00e9cu la situation dont nous entendons parler. Il nous arme et nous pr\u00e9pare \u00e0 construire une future soci\u00e9t\u00e9 rwandaise pacifique et coh\u00e9sive. Je me sens pr\u00eate \u00e0 relever le d\u00e9fi avec enthousiasme\".<\/p>\r\n\r\n\r\n\r\n<p>Le Dr Jean Bosco Kabera, membre \u00e9minent du RCKS qui a coordonn\u00e9 cette activit\u00e9, a soulign\u00e9 l'importance d'\u00e9duquer les jeunes pour promouvoir la coh\u00e9sion sociale. \"Je pense qu'il est essentiel pour le Rwanda de garantir que les jeunes non seulement comprennent le pass\u00e9, mais jouent \u00e9galement un r\u00f4le de premier plan dans la d\u00e9finition de notre avenir\", a-t-il d\u00e9clar\u00e9, ajoutant que le partenariat avec Interpeace pour organiser cette retraite \u00e9tait enrichissant dans la mesure o\u00f9 les jeunes sont parmi les cibles de son programme holistique de consolidation de la paix au Rwanda qui cherche \u00e0 aborder la gu\u00e9rison mentale, \u00e0 promouvoir la coh\u00e9sion sociale et \u00e0 soutenir l'am\u00e9lioration des moyens de subsistance.<\/p>\r\n\r\n\r\n\r\n<p>Les participants se sont engag\u00e9s \u00e0 partager les connaissances et les comp\u00e9tences acquises avec leurs confr\u00e8res. Pour avoir un impact plus significatif, ils transmettront ces comp\u00e9tences au niveau communautaire et toucheront davantage de personnes.<\/p>\r\n<p><img loading=\"lazy\" decoding=\"async\" class=\"aligncenter wp-image-16543 size-large\" src=\"https:\/\/www.interpeace.org\/wp-content\/uploads\/2024\/06\/5L8A2665-815x500.webp\" alt=\"\" width=\"815\" height=\"500\" srcset=\"https:\/\/www.interpeace.org\/wp-content\/uploads\/2024\/06\/5L8A2665-815x500.webp 815w, https:\/\/www.interpeace.org\/wp-content\/uploads\/2024\/06\/5L8A2665-600x368.webp 600w, https:\/\/www.interpeace.org\/wp-content\/uploads\/2024\/06\/5L8A2665-300x184.webp 300w, https:\/\/www.interpeace.org\/wp-content\/uploads\/2024\/06\/5L8A2665-768x471.webp 768w, https:\/\/www.interpeace.org\/wp-content\/uploads\/2024\/06\/5L8A2665-1536x942.webp 1536w, https:\/\/www.interpeace.org\/wp-content\/uploads\/2024\/06\/5L8A2665-2048x1256.webp 2048w, https:\/\/www.interpeace.org\/wp-content\/uploads\/2024\/06\/5L8A2665-18x12.webp 18w, https:\/\/www.interpeace.org\/wp-content\/uploads\/2024\/06\/5L8A2665-scaled.webp 2560w\" sizes=\"auto, (max-width: 815px) 100vw, 815px\" \/><\/p>\r\n\r\n\r\n\r\n<p>Frank Kayitare, repr\u00e9sentant national d'Interpeace, affirme que l'autonomisation des jeunes garantit une paix et une coh\u00e9sion sociale durables. \u00ab Si vous voulez maintenir la paix et la coh\u00e9sion au Rwanda, vous devez cibler les jeunes. Ces discussions les aident non seulement \u00e0 comprendre le pass\u00e9, mais aussi \u00e0 forger un \u00e9tat d\u2019esprit diff\u00e9rent de celui qui a conduit au g\u00e9nocide contre les Tutsis. Elles leur permettent \u00e9galement de cultiver un \u00e9tat d\u2019esprit de dialogue, de r\u00e9soudre tout conflit par le dialogue.<\/p>\r\n\r\n\r\n\r\n<p><strong>Le travail d\u2019Interpeace pour soutenir la jeunesse au Rwanda<\/strong><\/p>\r\n\r\n\r\n\r\n<p>Le Rwanda a r\u00e9alis\u00e9 des avanc\u00e9es remarquables dans le renforcement de la r\u00e9silience sociale et \u00e9conomique au cours des 30 derni\u00e8res ann\u00e9es. Cependant, de nombreux Rwandais, y compris des jeunes, sont confront\u00e9s \u00e0 des d\u00e9fis li\u00e9s aux blessures psychologiques du g\u00e9nocide et de ses cons\u00e9quences, ainsi qu'au d\u00e9veloppement \u00e9conomique.<\/p>\r\n\r\n\r\n\r\n<p>Interpeace utilise des interventions de soutien psychosocial communautaires telles que la socioth\u00e9rapie et la th\u00e9rapie multifamiliale pour \u00e9tablir des espaces de gu\u00e9rison permettant aux jeunes et \u00e0 leurs parents de discuter de leur pass\u00e9 et de se lancer dans un voyage de gu\u00e9rison mutuelle. Elle travaille avec des partenaires locaux tels que Haguruka, Prison Fellowship Rwanda et Dignity in Detention pour organiser des dialogues interg\u00e9n\u00e9rationnels dans la communaut\u00e9.<\/p>\r\n\r\n\r\n\r\n<p>Gr\u00e2ce \u00e0 une approche collaborative des moyens de subsistance, Interpeace et ses partenaires s'efforcent de rem\u00e9dier aux disparit\u00e9s socio-\u00e9conomiques et de favoriser la r\u00e9silience socio-\u00e9conomique des jeunes en les dotant de comp\u00e9tences financi\u00e8res et entrepreneuriales. Les jeunes apprennent \u00e0 d\u00e9velopper des projets d'entreprise bancables, \u00e0 les \u00e9tablir et \u00e0 les g\u00e9rer. Gr\u00e2ce \u00e0 un processus comp\u00e9titif, les dispositifs les plus prometteurs sont soutenus par un capital d'amor\u00e7age. Les initiatives commerciales conjointes jouent un double r\u00f4le : leur permettre d\u2019am\u00e9liorer leurs conditions sociales et \u00e9conomiques et de maintenir les liens sociaux que ces personnes ont tiss\u00e9s au cours du parcours de gu\u00e9rison.<\/p>\r\n\r\n\r\n\r\n<p>Interpeace travaille \u00e9galement avec des organisations dirig\u00e9es par des jeunes, telles que Rwanda We Want, pour renforcer leurs capacit\u00e9s et leur permettre d'autonomiser davantage de jeunes \u00e0 travers le pays.<\/p>\r\n<p><iframe loading=\"lazy\" title=\"Consolidating peace and social cohesion in Rwanda - \u201cKnowing the past, building the future\u201d\" width=\"500\" height=\"281\" src=\"https:\/\/www.youtube.com\/embed\/LGm0B_4_so0?feature=oembed\" frameborder=\"0\" allow=\"accelerometer; autoplay; clipboard-write; encrypted-media; gyroscope; picture-in-picture; web-share\" referrerpolicy=\"strict-origin-when-cross-origin\" allowfullscreen><\/iframe><\/p>","protected":false},"excerpt":{"rendered":"<p>Facilitating young people\u2019s meaningful participation in peacebuilding initiatives should be a cornerstone of any effort to foster a peaceful and cohesive society. This resonates particularly well in Rwanda, where more than 70% of the population is youth, with a large proportion born after the Genocide against the Tutsi that took place three decades ago. The [&hellip;]<\/p>\n","protected":false},"author":1,"featured_media":16539,"comment_status":"closed","ping_status":"closed","sticky":false,"template":"","format":"standard","meta":{"_acf_changed":false,"_editorskit_title_hidden":false,"_editorskit_reading_time":0,"_editorskit_is_block_options_detached":false,"_editorskit_block_options_position":"{}","editor_plus_copied_stylings":"{}","_exactmetrics_skip_tracking":false,"_exactmetrics_sitenote_active":false,"_exactmetrics_sitenote_note":"","_exactmetrics_sitenote_category":0,"footnotes":"","_links_to":"","_links_to_target":""},"categories":[1],"tags":[],"globales":[],"initiatives":[],"news_type":[],"programmes":[74],"resource_theme":[514,542],"videos_vimeo":[],"class_list":["post-16538","post","type-post","status-publish","format-standard","has-post-thumbnail","hentry","category-uncategorized","programmes-rwanda","resource_theme-civil-society","resource_theme-youth"],"acf":[],"yoast_head":"<!-- This site is optimized with the Yoast SEO Premium plugin v27.4 (Yoast SEO v27.4) - https:\/\/yoast.com\/product\/yoast-seo-premium-wordpress\/ -->\n<title>Promoting Intergenerational Dialogue to Foster Peace and Social Cohesion in Rwanda - Interpeace<\/title>\n<meta name=\"robots\" content=\"index, follow, max-snippet:-1, max-image-preview:large, max-video-preview:-1\" \/>\n<link rel=\"canonical\" href=\"https:\/\/www.interpeace.org\/fr\/2024\/06\/promoting-intergenerational-dialogue-to-foster-peace-and-social-cohesion-in-rwanda\/\" \/>\n<meta property=\"og:locale\" content=\"fr_FR\" \/>\n<meta property=\"og:type\" content=\"article\" \/>\n<meta property=\"og:title\" content=\"Promoting Intergenerational Dialogue to Foster Peace and Social Cohesion in Rwanda\" \/>\n<meta property=\"og:description\" content=\"Facilitating young people\u2019s meaningful participation in peacebuilding initiatives should be a cornerstone of any effort to foster a peaceful and cohesive society. This resonates particularly well in Rwanda, where more than 70% of the population is youth, with a large proportion born after the Genocide against the Tutsi that took place three decades ago. The [&hellip;]\" \/>\n<meta property=\"og:url\" content=\"https:\/\/www.interpeace.org\/fr\/2024\/06\/promoting-intergenerational-dialogue-to-foster-peace-and-social-cohesion-in-rwanda\/\" \/>\n<meta property=\"og:site_name\" content=\"Interpeace\" \/>\n<meta property=\"article:publisher\" content=\"https:\/\/www.facebook.com\/Interpeace\" \/>\n<meta property=\"article:published_time\" content=\"2024-06-27T20:51:49+00:00\" \/>\n<meta property=\"og:image\" content=\"https:\/\/www.interpeace.org\/wp-content\/uploads\/2024\/06\/5L8A2750-scaled.webp\" \/>\n\t<meta property=\"og:image:width\" content=\"2560\" \/>\n\t<meta property=\"og:image:height\" content=\"1673\" \/>\n\t<meta property=\"og:image:type\" content=\"image\/jpeg\" \/>\n<meta name=\"author\" content=\"Alejandro\" \/>\n<meta name=\"twitter:card\" content=\"summary_large_image\" \/>\n<meta name=\"twitter:creator\" content=\"@InterpeaceTweet\" \/>\n<meta name=\"twitter:site\" content=\"@InterpeaceTweet\" \/>\n<meta name=\"twitter:label1\" content=\"\u00c9crit par\" \/>\n\t<meta name=\"twitter:data1\" content=\"Alejandro\" \/>\n\t<meta name=\"twitter:label2\" content=\"Dur\u00e9e de lecture estim\u00e9e\" \/>\n\t<meta name=\"twitter:data2\" content=\"4 minutes\" \/>\n<script type=\"application\/ld+json\" class=\"yoast-schema-graph\">{\"@context\":\"https:\\\/\\\/schema.org\",\"@graph\":[{\"@type\":\"Article\",\"@id\":\"https:\\\/\\\/www.interpeace.org\\\/2024\\\/06\\\/promoting-intergenerational-dialogue-to-foster-peace-and-social-cohesion-in-rwanda\\\/#article\",\"isPartOf\":{\"@id\":\"https:\\\/\\\/www.interpeace.org\\\/2024\\\/06\\\/promoting-intergenerational-dialogue-to-foster-peace-and-social-cohesion-in-rwanda\\\/\"},\"author\":{\"name\":\"Alejandro\",\"@id\":\"https:\\\/\\\/www.interpeace.org\\\/#\\\/schema\\\/person\\\/75fea8ede2ce310d5f1bea81166bf9a1\"},\"headline\":\"Promoting Intergenerational Dialogue to Foster Peace and Social Cohesion in Rwanda\",\"datePublished\":\"2024-06-27T20:51:49+00:00\",\"mainEntityOfPage\":{\"@id\":\"https:\\\/\\\/www.interpeace.org\\\/2024\\\/06\\\/promoting-intergenerational-dialogue-to-foster-peace-and-social-cohesion-in-rwanda\\\/\"},\"wordCount\":805,\"publisher\":{\"@id\":\"https:\\\/\\\/www.interpeace.org\\\/#organization\"},\"image\":{\"@id\":\"https:\\\/\\\/www.interpeace.org\\\/2024\\\/06\\\/promoting-intergenerational-dialogue-to-foster-peace-and-social-cohesion-in-rwanda\\\/#primaryimage\"},\"thumbnailUrl\":\"https:\\\/\\\/www.interpeace.org\\\/wp-content\\\/uploads\\\/2024\\\/06\\\/5L8A2750-scaled.webp\",\"articleSection\":[\"Uncategorized\"],\"inLanguage\":\"fr-FR\"},{\"@type\":\"WebPage\",\"@id\":\"https:\\\/\\\/www.interpeace.org\\\/2024\\\/06\\\/promoting-intergenerational-dialogue-to-foster-peace-and-social-cohesion-in-rwanda\\\/\",\"url\":\"https:\\\/\\\/www.interpeace.org\\\/2024\\\/06\\\/promoting-intergenerational-dialogue-to-foster-peace-and-social-cohesion-in-rwanda\\\/\",\"name\":\"Promoting Intergenerational Dialogue to Foster Peace and Social Cohesion in Rwanda - Interpeace\",\"isPartOf\":{\"@id\":\"https:\\\/\\\/www.interpeace.org\\\/#website\"},\"primaryImageOfPage\":{\"@id\":\"https:\\\/\\\/www.interpeace.org\\\/2024\\\/06\\\/promoting-intergenerational-dialogue-to-foster-peace-and-social-cohesion-in-rwanda\\\/#primaryimage\"},\"image\":{\"@id\":\"https:\\\/\\\/www.interpeace.org\\\/2024\\\/06\\\/promoting-intergenerational-dialogue-to-foster-peace-and-social-cohesion-in-rwanda\\\/#primaryimage\"},\"thumbnailUrl\":\"https:\\\/\\\/www.interpeace.org\\\/wp-content\\\/uploads\\\/2024\\\/06\\\/5L8A2750-scaled.webp\",\"datePublished\":\"2024-06-27T20:51:49+00:00\",\"breadcrumb\":{\"@id\":\"https:\\\/\\\/www.interpeace.org\\\/2024\\\/06\\\/promoting-intergenerational-dialogue-to-foster-peace-and-social-cohesion-in-rwanda\\\/#breadcrumb\"},\"inLanguage\":\"fr-FR\",\"potentialAction\":[{\"@type\":\"ReadAction\",\"target\":[\"https:\\\/\\\/www.interpeace.org\\\/2024\\\/06\\\/promoting-intergenerational-dialogue-to-foster-peace-and-social-cohesion-in-rwanda\\\/\"]}]},{\"@type\":\"ImageObject\",\"inLanguage\":\"fr-FR\",\"@id\":\"https:\\\/\\\/www.interpeace.org\\\/2024\\\/06\\\/promoting-intergenerational-dialogue-to-foster-peace-and-social-cohesion-in-rwanda\\\/#primaryimage\",\"url\":\"https:\\\/\\\/www.interpeace.org\\\/wp-content\\\/uploads\\\/2024\\\/06\\\/5L8A2750-scaled.webp\",\"contentUrl\":\"https:\\\/\\\/www.interpeace.org\\\/wp-content\\\/uploads\\\/2024\\\/06\\\/5L8A2750-scaled.webp\",\"width\":2560,\"height\":1673},{\"@type\":\"BreadcrumbList\",\"@id\":\"https:\\\/\\\/www.interpeace.org\\\/2024\\\/06\\\/promoting-intergenerational-dialogue-to-foster-peace-and-social-cohesion-in-rwanda\\\/#breadcrumb\",\"itemListElement\":[{\"@type\":\"ListItem\",\"position\":1,\"name\":\"Home\",\"item\":\"https:\\\/\\\/www.interpeace.org\\\/\"},{\"@type\":\"ListItem\",\"position\":2,\"name\":\"Promoting Intergenerational Dialogue to Foster Peace and Social Cohesion in Rwanda\"}]},{\"@type\":\"WebSite\",\"@id\":\"https:\\\/\\\/www.interpeace.org\\\/#website\",\"url\":\"https:\\\/\\\/www.interpeace.org\\\/\",\"name\":\"Interpeace\",\"description\":\"Enabling people to build lasting peace since 1994\",\"publisher\":{\"@id\":\"https:\\\/\\\/www.interpeace.org\\\/#organization\"},\"potentialAction\":[{\"@type\":\"SearchAction\",\"target\":{\"@type\":\"EntryPoint\",\"urlTemplate\":\"https:\\\/\\\/www.interpeace.org\\\/?s={search_term_string}\"},\"query-input\":{\"@type\":\"PropertyValueSpecification\",\"valueRequired\":true,\"valueName\":\"search_term_string\"}}],\"inLanguage\":\"fr-FR\"},{\"@type\":\"Organization\",\"@id\":\"https:\\\/\\\/www.interpeace.org\\\/#organization\",\"name\":\"INTERPEACE\",\"url\":\"https:\\\/\\\/www.interpeace.org\\\/\",\"logo\":{\"@type\":\"ImageObject\",\"inLanguage\":\"fr-FR\",\"@id\":\"https:\\\/\\\/www.interpeace.org\\\/#\\\/schema\\\/logo\\\/image\\\/\",\"url\":\"https:\\\/\\\/www.interpeace.org\\\/wp-content\\\/uploads\\\/2019\\\/11\\\/EN-Interpeace-small.png\",\"contentUrl\":\"https:\\\/\\\/www.interpeace.org\\\/wp-content\\\/uploads\\\/2019\\\/11\\\/EN-Interpeace-small.png\",\"width\":111,\"height\":85,\"caption\":\"INTERPEACE\"},\"image\":{\"@id\":\"https:\\\/\\\/www.interpeace.org\\\/#\\\/schema\\\/logo\\\/image\\\/\"},\"sameAs\":[\"https:\\\/\\\/www.facebook.com\\\/Interpeace\",\"https:\\\/\\\/x.com\\\/InterpeaceTweet\",\"https:\\\/\\\/www.instagram.com\\\/interpeace\\\/\"]},{\"@type\":\"Person\",\"@id\":\"https:\\\/\\\/www.interpeace.org\\\/#\\\/schema\\\/person\\\/75fea8ede2ce310d5f1bea81166bf9a1\",\"name\":\"Alejandro\",\"image\":{\"@type\":\"ImageObject\",\"inLanguage\":\"fr-FR\",\"@id\":\"https:\\\/\\\/secure.gravatar.com\\\/avatar\\\/a5627fb156910981ea3ab2405e881b80c8234e50bb58a577081f805dd3bfd753?s=96&d=mm&r=g\",\"url\":\"https:\\\/\\\/secure.gravatar.com\\\/avatar\\\/a5627fb156910981ea3ab2405e881b80c8234e50bb58a577081f805dd3bfd753?s=96&d=mm&r=g\",\"contentUrl\":\"https:\\\/\\\/secure.gravatar.com\\\/avatar\\\/a5627fb156910981ea3ab2405e881b80c8234e50bb58a577081f805dd3bfd753?s=96&d=mm&r=g\",\"caption\":\"Alejandro\"},\"url\":\"https:\\\/\\\/www.interpeace.org\\\/fr\\\/author\\\/amoralesruiz-gm\\\/\"}]}<\/script>\n<!-- \/ Yoast SEO Premium plugin. -->","yoast_head_json":{"title":"Promoting Intergenerational Dialogue to Foster Peace and Social Cohesion in Rwanda - Interpeace","robots":{"index":"index","follow":"follow","max-snippet":"max-snippet:-1","max-image-preview":"max-image-preview:large","max-video-preview":"max-video-preview:-1"},"canonical":"https:\/\/www.interpeace.org\/fr\/2024\/06\/promoting-intergenerational-dialogue-to-foster-peace-and-social-cohesion-in-rwanda\/","og_locale":"fr_FR","og_type":"article","og_title":"Promoting Intergenerational Dialogue to Foster Peace and Social Cohesion in Rwanda","og_description":"Facilitating young people\u2019s meaningful participation in peacebuilding initiatives should be a cornerstone of any effort to foster a peaceful and cohesive society. This resonates particularly well in Rwanda, where more than 70% of the population is youth, with a large proportion born after the Genocide against the Tutsi that took place three decades ago. The [&hellip;]","og_url":"https:\/\/www.interpeace.org\/fr\/2024\/06\/promoting-intergenerational-dialogue-to-foster-peace-and-social-cohesion-in-rwanda\/","og_site_name":"Interpeace","article_publisher":"https:\/\/www.facebook.com\/Interpeace","article_published_time":"2024-06-27T20:51:49+00:00","og_image":[{"width":2560,"height":1673,"url":"https:\/\/www.interpeace.org\/wp-content\/uploads\/2024\/06\/5L8A2750-scaled.webp","type":"image\/jpeg"}],"author":"Alejandro","twitter_card":"summary_large_image","twitter_creator":"@InterpeaceTweet","twitter_site":"@InterpeaceTweet","twitter_misc":{"\u00c9crit par":"Alejandro","Dur\u00e9e de lecture estim\u00e9e":"4 minutes"},"schema":{"@context":"https:\/\/schema.org","@graph":[{"@type":"Article","@id":"https:\/\/www.interpeace.org\/2024\/06\/promoting-intergenerational-dialogue-to-foster-peace-and-social-cohesion-in-rwanda\/#article","isPartOf":{"@id":"https:\/\/www.interpeace.org\/2024\/06\/promoting-intergenerational-dialogue-to-foster-peace-and-social-cohesion-in-rwanda\/"},"author":{"name":"Alejandro","@id":"https:\/\/www.interpeace.org\/#\/schema\/person\/75fea8ede2ce310d5f1bea81166bf9a1"},"headline":"Promoting Intergenerational Dialogue to Foster Peace and Social Cohesion in Rwanda","datePublished":"2024-06-27T20:51:49+00:00","mainEntityOfPage":{"@id":"https:\/\/www.interpeace.org\/2024\/06\/promoting-intergenerational-dialogue-to-foster-peace-and-social-cohesion-in-rwanda\/"},"wordCount":805,"publisher":{"@id":"https:\/\/www.interpeace.org\/#organization"},"image":{"@id":"https:\/\/www.interpeace.org\/2024\/06\/promoting-intergenerational-dialogue-to-foster-peace-and-social-cohesion-in-rwanda\/#primaryimage"},"thumbnailUrl":"https:\/\/www.interpeace.org\/wp-content\/uploads\/2024\/06\/5L8A2750-scaled.webp","articleSection":["Uncategorized"],"inLanguage":"fr-FR"},{"@type":"WebPage","@id":"https:\/\/www.interpeace.org\/2024\/06\/promoting-intergenerational-dialogue-to-foster-peace-and-social-cohesion-in-rwanda\/","url":"https:\/\/www.interpeace.org\/2024\/06\/promoting-intergenerational-dialogue-to-foster-peace-and-social-cohesion-in-rwanda\/","name":"Promoting Intergenerational Dialogue to Foster Peace and Social Cohesion in Rwanda - Interpeace","isPartOf":{"@id":"https:\/\/www.interpeace.org\/#website"},"primaryImageOfPage":{"@id":"https:\/\/www.interpeace.org\/2024\/06\/promoting-intergenerational-dialogue-to-foster-peace-and-social-cohesion-in-rwanda\/#primaryimage"},"image":{"@id":"https:\/\/www.interpeace.org\/2024\/06\/promoting-intergenerational-dialogue-to-foster-peace-and-social-cohesion-in-rwanda\/#primaryimage"},"thumbnailUrl":"https:\/\/www.interpeace.org\/wp-content\/uploads\/2024\/06\/5L8A2750-scaled.webp","datePublished":"2024-06-27T20:51:49+00:00","breadcrumb":{"@id":"https:\/\/www.interpeace.org\/2024\/06\/promoting-intergenerational-dialogue-to-foster-peace-and-social-cohesion-in-rwanda\/#breadcrumb"},"inLanguage":"fr-FR","potentialAction":[{"@type":"ReadAction","target":["https:\/\/www.interpeace.org\/2024\/06\/promoting-intergenerational-dialogue-to-foster-peace-and-social-cohesion-in-rwanda\/"]}]},{"@type":"ImageObject","inLanguage":"fr-FR","@id":"https:\/\/www.interpeace.org\/2024\/06\/promoting-intergenerational-dialogue-to-foster-peace-and-social-cohesion-in-rwanda\/#primaryimage","url":"https:\/\/www.interpeace.org\/wp-content\/uploads\/2024\/06\/5L8A2750-scaled.webp","contentUrl":"https:\/\/www.interpeace.org\/wp-content\/uploads\/2024\/06\/5L8A2750-scaled.webp","width":2560,"height":1673},{"@type":"BreadcrumbList","@id":"https:\/\/www.interpeace.org\/2024\/06\/promoting-intergenerational-dialogue-to-foster-peace-and-social-cohesion-in-rwanda\/#breadcrumb","itemListElement":[{"@type":"ListItem","position":1,"name":"Home","item":"https:\/\/www.interpeace.org\/"},{"@type":"ListItem","position":2,"name":"Promoting Intergenerational Dialogue to Foster Peace and Social Cohesion in Rwanda"}]},{"@type":"WebSite","@id":"https:\/\/www.interpeace.org\/#website","url":"https:\/\/www.interpeace.org\/","name":"Interpeace","description":"Permettre aux gens de construire une paix durable depuis 1994","publisher":{"@id":"https:\/\/www.interpeace.org\/#organization"},"potentialAction":[{"@type":"SearchAction","target":{"@type":"EntryPoint","urlTemplate":"https:\/\/www.interpeace.org\/?s={search_term_string}"},"query-input":{"@type":"PropertyValueSpecification","valueRequired":true,"valueName":"search_term_string"}}],"inLanguage":"fr-FR"},{"@type":"Organization","@id":"https:\/\/www.interpeace.org\/#organization","name":"INTERPEACE","url":"https:\/\/www.interpeace.org\/","logo":{"@type":"ImageObject","inLanguage":"fr-FR","@id":"https:\/\/www.interpeace.org\/#\/schema\/logo\/image\/","url":"https:\/\/www.interpeace.org\/wp-content\/uploads\/2019\/11\/EN-Interpeace-small.png","contentUrl":"https:\/\/www.interpeace.org\/wp-content\/uploads\/2019\/11\/EN-Interpeace-small.png","width":111,"height":85,"caption":"INTERPEACE"},"image":{"@id":"https:\/\/www.interpeace.org\/#\/schema\/logo\/image\/"},"sameAs":["https:\/\/www.facebook.com\/Interpeace","https:\/\/x.com\/InterpeaceTweet","https:\/\/www.instagram.com\/interpeace\/"]},{"@type":"Person","@id":"https:\/\/www.interpeace.org\/#\/schema\/person\/75fea8ede2ce310d5f1bea81166bf9a1","name":"Alejandro","image":{"@type":"ImageObject","inLanguage":"fr-FR","@id":"https:\/\/secure.gravatar.com\/avatar\/a5627fb156910981ea3ab2405e881b80c8234e50bb58a577081f805dd3bfd753?s=96&d=mm&r=g","url":"https:\/\/secure.gravatar.com\/avatar\/a5627fb156910981ea3ab2405e881b80c8234e50bb58a577081f805dd3bfd753?s=96&d=mm&r=g","contentUrl":"https:\/\/secure.gravatar.com\/avatar\/a5627fb156910981ea3ab2405e881b80c8234e50bb58a577081f805dd3bfd753?s=96&d=mm&r=g","caption":"Alejandro"},"url":"https:\/\/www.interpeace.org\/fr\/author\/amoralesruiz-gm\/"}]}},"_links":{"self":[{"href":"https:\/\/www.interpeace.org\/fr\/wp-json\/wp\/v2\/posts\/16538","targetHints":{"allow":["GET"]}}],"collection":[{"href":"https:\/\/www.interpeace.org\/fr\/wp-json\/wp\/v2\/posts"}],"about":[{"href":"https:\/\/www.interpeace.org\/fr\/wp-json\/wp\/v2\/types\/post"}],"author":[{"embeddable":true,"href":"https:\/\/www.interpeace.org\/fr\/wp-json\/wp\/v2\/users\/1"}],"replies":[{"embeddable":true,"href":"https:\/\/www.interpeace.org\/fr\/wp-json\/wp\/v2\/comments?post=16538"}],"version-history":[{"count":0,"href":"https:\/\/www.interpeace.org\/fr\/wp-json\/wp\/v2\/posts\/16538\/revisions"}],"wp:featuredmedia":[{"embeddable":true,"href":"https:\/\/www.interpeace.org\/fr\/wp-json\/wp\/v2\/media\/16539"}],"wp:attachment":[{"href":"https:\/\/www.interpeace.org\/fr\/wp-json\/wp\/v2\/media?parent=16538"}],"wp:term":[{"taxonomy":"category","embeddable":true,"href":"https:\/\/www.interpeace.org\/fr\/wp-json\/wp\/v2\/categories?post=16538"},{"taxonomy":"post_tag","embeddable":true,"href":"https:\/\/www.interpeace.org\/fr\/wp-json\/wp\/v2\/tags?post=16538"},{"taxonomy":"globales","embeddable":true,"href":"https:\/\/www.interpeace.org\/fr\/wp-json\/wp\/v2\/globales?post=16538"},{"taxonomy":"initiatives","embeddable":true,"href":"https:\/\/www.interpeace.org\/fr\/wp-json\/wp\/v2\/initiatives?post=16538"},{"taxonomy":"news_type","embeddable":true,"href":"https:\/\/www.interpeace.org\/fr\/wp-json\/wp\/v2\/news_type?post=16538"},{"taxonomy":"programmes","embeddable":true,"href":"https:\/\/www.interpeace.org\/fr\/wp-json\/wp\/v2\/programmes?post=16538"},{"taxonomy":"resource_theme","embeddable":true,"href":"https:\/\/www.interpeace.org\/fr\/wp-json\/wp\/v2\/resource_theme?post=16538"},{"taxonomy":"videos_vimeo","embeddable":true,"href":"https:\/\/www.interpeace.org\/fr\/wp-json\/wp\/v2\/videos_vimeo?post=16538"}],"curies":[{"name":"wp","href":"https:\/\/api.w.org\/{rel}","templated":true}]}}