{"id":15607,"date":"2024-02-01T23:27:43","date_gmt":"2024-02-01T22:27:43","guid":{"rendered":"https:\/\/www.interpeace.org\/?p=15607"},"modified":"2025-05-20T20:01:16","modified_gmt":"2025-05-20T18:01:16","slug":"young-innovators-determined-to-make-peace-a-reality-in-the-great-lakes-region","status":"publish","type":"post","link":"https:\/\/www.interpeace.org\/fr\/2024\/02\/young-innovators-determined-to-make-peace-a-reality-in-the-great-lakes-region\/","title":{"rendered":"Les jeunes innovateurs d\u00e9termin\u00e9s \u00e0 faire parler la paix dans la r\u00e9gion des Grands Lacs"},"content":{"rendered":"<p>Longtemps pr\u00e9occup\u00e9s par l\u2019instabilit\u00e9, les conflits, la guerre et toutes leurs cons\u00e9quences, les habitants de la r\u00e9gion des Grands Lacs, ne baissent pas les bras dans leur lutte pour la paix. Avec ce m\u00eame objectif, pendant trois jours plusieurs jeunes du Rwanda, de l\u2019Ouganda, de la R\u00e9publique d\u00e9mocratique du Congo (RDC) et du Burundi se sont r\u00e9unis du 11 au 13 d\u00e9cembre \u00e0 Kigali. Cet atelier \u00e9tait organis\u00e9 par Interpeace et ses parteneraires locaux dans le cadre du programme \u201cDialogue transfrontalier et autonomisation des jeunes pour la paix dans la r\u00e9gion des Grands Lacs\u201d, afin d\u2019\u00e9changer sur des initiatives pour la paix men\u00e9es par 30 jeunes innovateurs.<\/p>\r\n\r\n\r\n<div class=\"wp-block-image\">\r\n<figure class=\"aligncenter\"><img loading=\"lazy\" decoding=\"async\" width=\"560\" height=\"400\" class=\"wp-image-15609\" src=\"https:\/\/www.interpeace.org\/wp-content\/uploads\/2024\/02\/GL-Regional-WS2-560x400.jpg\" alt=\"\" srcset=\"https:\/\/www.interpeace.org\/wp-content\/uploads\/2024\/02\/GL-Regional-WS2-560x400.jpg 560w, https:\/\/www.interpeace.org\/wp-content\/uploads\/2024\/02\/GL-Regional-WS2-700x500.jpg 700w, https:\/\/www.interpeace.org\/wp-content\/uploads\/2024\/02\/GL-Regional-WS2-280x200.jpg 280w, https:\/\/www.interpeace.org\/wp-content\/uploads\/2024\/02\/GL-Regional-WS2-768x548.jpg 768w, https:\/\/www.interpeace.org\/wp-content\/uploads\/2024\/02\/GL-Regional-WS2-18x12.jpg 18w, https:\/\/www.interpeace.org\/wp-content\/uploads\/2024\/02\/GL-Regional-WS2-500x357.jpg 500w, https:\/\/www.interpeace.org\/wp-content\/uploads\/2024\/02\/GL-Regional-WS2.jpg 1024w\" sizes=\"auto, (max-width: 560px) 100vw, 560px\" \/><\/figure>\r\n<\/div>\r\n\r\n\r\n<p>Il a servi de platforme et d\u2019opportunit\u00e9 pour discuter des efforts de consolidation de la paix dans la r\u00e9gion ainsi que de saluer l\u2019apport des jeunes \u00e0 cette noble cause \u00e0 travers leurs diverses initiatives mises en oeuvre dans leurs pays respectifs.<\/p>\r\n\r\n\r\n\r\n<p>En RDC, les espaces MUUNGANO et l'initiative TUUNGANE KWA AMANI ont notamment \u00e9t\u00e9 port\u00e9es par des jeunes des provinces du Nord-Kivu et du Sud-Kivu respectivement, dans des milieux scolaires et universitaires ainsi que dans les communaut\u00e9s.<\/p>\r\n\r\n\r\n\r\n<p>De leur c\u00f4t\u00e9, pour promouvoir la cohabitation pacifique entre les r\u00e9fugi\u00e9s et les communaut\u00e9s d\u2019accueil, les jeunes innovateurs ougandais utilisent le football pour favoriser un espace de socialisation et d\u2019\u00e9change entre ces deux cat\u00e9gories d\u2019habitants, privil\u00e9giant ainsi les jeux pour promouvoir l\u2019harmonie et l\u2019entente dans leurs milieu.<\/p>\r\n\r\n\r\n\r\n<p>L'initiative J\u2019IBUNTU est celle lanc\u00e9e par ceux du Burundi pour faire advancer la r\u00e9silience socio-\u00e9conomique dans leurs communaut\u00e9s. Ces jeunes recourent \u00e9galement aux nouvelles technologies de l'information et de la communication, en \u00e9tablissant des plateformes de discussion sur les r\u00e9seaux sociaux pour v\u00e9hiculer leurs messages.<\/p>\r\n\r\n\r\n\r\n<p>Enfin, au Rwanda, les innovateurs qui participaient militent pour la sant\u00e9 mentale et l\u2019entrepreneuriat pour la paix par l'initiative AMANI YOUTH EXPO. La cible principale \u00e9tant la jeunesse, ils forment, informent et sensibilisent sur ces questions.<\/p>\r\n\r\n\r\n<div class=\"wp-block-image\">\r\n<figure class=\"aligncenter\"><img loading=\"lazy\" decoding=\"async\" width=\"600\" height=\"391\" class=\"wp-image-15610\" src=\"https:\/\/www.interpeace.org\/wp-content\/uploads\/2024\/02\/GL-Regional-WS3-600x391.jpg\" alt=\"\" srcset=\"https:\/\/www.interpeace.org\/wp-content\/uploads\/2024\/02\/GL-Regional-WS3-600x391.jpg 600w, https:\/\/www.interpeace.org\/wp-content\/uploads\/2024\/02\/GL-Regional-WS3-766x500.jpg 766w, https:\/\/www.interpeace.org\/wp-content\/uploads\/2024\/02\/GL-Regional-WS3-300x196.jpg 300w, https:\/\/www.interpeace.org\/wp-content\/uploads\/2024\/02\/GL-Regional-WS3-768x501.jpg 768w, https:\/\/www.interpeace.org\/wp-content\/uploads\/2024\/02\/GL-Regional-WS3-18x12.jpg 18w, https:\/\/www.interpeace.org\/wp-content\/uploads\/2024\/02\/GL-Regional-WS3-500x326.jpg 500w, https:\/\/www.interpeace.org\/wp-content\/uploads\/2024\/02\/GL-Regional-WS3.jpg 1024w\" sizes=\"auto, (max-width: 600px) 100vw, 600px\" \/><\/figure>\r\n<\/div>\r\n\r\n\r\n<p>Convaincus que la paix est possible et dans l'optique de p\u00e9renniser l'impact de leurs initiatives dans la r\u00e9gion des Grands Lacs, apr\u00e8s avoir re\u00e7u des certificats de m\u00e9rite, ces jeunes innovateurs appellent tout un chacun \u00e0 s'approprier le message de la consolidation de la paix. Ils insistent cependant sur le soutien et l'engagement actif des d\u00e9cideurs afin d\u2019aboutir \u00e0 une paix durable dans la region et se servent de leurs slogan: \u201cAlors viens autour du feu, autour du feu de la paix autour du feu\u201d.<\/p>\r\n\r\n\r\n\r\n<p>Repr\u00e9sentant l'Union europ\u00e9enne \u00e0 cet atelier, le chef de la section politique \u00e0 la d\u00e9l\u00e9gation au Rwanda, Uwe Wissenbach, a rappel\u00e9 le combat que m\u00e8ne cette coalition pour la construction de la paix et n\u2019a pas manqu\u00e9 \u00e0 saluer ces initiatives. \"R\u00e9soudre les conflits, cela prend du temps et beaucoup d'\u00e9nergie. L'important, c'est de faire intervenir des \u00e9changes d'id\u00e9es pacifiques et qu'on puisse construire ensemble un avenir. Alors, j'ai \u00e9cout\u00e9 avec beaucoup d\u2019attention les diff\u00e9rentes interventions des jeunes des diff\u00e9rents pays. Leurs initiatives sont louables\", a d\u00e9clar\u00e9 Wissenbach.<\/p>\r\n\r\n\r\n\r\n<p>Prenant la parole, le repr\u00e9sentant de la Coop\u00e9ration suisse au d\u00e9veloppement \u00e0 cet atelier, Dominique Habimana, a dit: \u201cLes jeunes sont l\u2019espoir non seulement de demain mais aussi d\u2019aujourd\u2019hui. Demain commence aujourd\u2019hui. Ils poss\u00e8dent de l\u2019energie n\u00e9cessaire pour relever les d\u00e9fis. Notre r\u00f4le doit \u00eatre de les accompagner pour qu\u2019ils jouent lemleur efficacement\u201d.<\/p>\r\n\r\n\r\n\r\n<p>Invit\u00e9 d\u2019honeur \u00e0 ces assises, le directeur g\u00e9n\u00e9ral charg\u00e9 de la communication et des partenariats au minist\u00e8re rwandais de l'unit\u00e9 nationale et l'engagement civique (MINUBUMWE), Paul Rukesha, a appel\u00e9 les jeunes \u00e0 travailler ensemble pour combattre les discours de haine. \"Nous encourageons les jeunes \u00e0 s'unir, \u00e0 avoir de l'amour et \u00e0 \u00e9viter toute forme de discrimination\u201d, a-t-il indiqu\u00e9.<\/p>\r\n\r\n\r\n<div class=\"wp-block-image\">\r\n<figure class=\"aligncenter\"><img loading=\"lazy\" decoding=\"async\" width=\"600\" height=\"395\" class=\"wp-image-15611\" src=\"https:\/\/www.interpeace.org\/wp-content\/uploads\/2024\/02\/GL-Regional-WS4-600x395.jpg\" alt=\"\" srcset=\"https:\/\/www.interpeace.org\/wp-content\/uploads\/2024\/02\/GL-Regional-WS4-600x395.jpg 600w, https:\/\/www.interpeace.org\/wp-content\/uploads\/2024\/02\/GL-Regional-WS4-760x500.jpg 760w, https:\/\/www.interpeace.org\/wp-content\/uploads\/2024\/02\/GL-Regional-WS4-300x197.jpg 300w, https:\/\/www.interpeace.org\/wp-content\/uploads\/2024\/02\/GL-Regional-WS4-768x506.jpg 768w, https:\/\/www.interpeace.org\/wp-content\/uploads\/2024\/02\/GL-Regional-WS4-18x12.jpg 18w, https:\/\/www.interpeace.org\/wp-content\/uploads\/2024\/02\/GL-Regional-WS4-500x329.jpg 500w, https:\/\/www.interpeace.org\/wp-content\/uploads\/2024\/02\/GL-Regional-WS4.jpg 1024w\" sizes=\"auto, (max-width: 600px) 100vw, 600px\" \/><\/figure>\r\n<\/div>\r\n\r\n\r\n<p>Depuis son lancement, le programme \u201cDialogue transfrontalier et autonomisation des jeunes pour la paix dans la r\u00e9gion des Grands Lacs\u201d, sous l\u2019appui financier de l\u2019Union europ\u00e9enne et de la Coop\u00e9ration suisse au d\u00e9veloppement, a apport\u00e9 des changements remarquables sur le terrain.<\/p>\r\n\r\n\r\n\r\n<p>Parmi ses principales r\u00e9alisations, figurent 30 jeunes innovateurs et 120 peace fellows form\u00e9s et encadr\u00e9s pour devenir des acteurs de paix dans leurs pays et communaut\u00e9s respectifs; cinq initiatives innovatrices de consolidation de la paix d\u00e9velopp\u00e9es par les jeunes, soutenues techniquement et financi\u00e8rement par le programme; 19 dialogues interg\u00e9n\u00e9rationnels et interculturels et sept dialogues politiques organis\u00e9s, facilitant ainsi un espace s\u00fbr pour que les jeunes et les a\u00een\u00e9s puissent discuter et promouvoir une culture de dialogue afin de surmonter les pr\u00e9jug\u00e9s et les st\u00e9r\u00e9otypes; deux festivals transfrontaliers de la paix au Burundi et au Rwanda, ayant atteint 821 participants; ou encore un sommet de la paix des jeunes des Grands Lacs tenu au Burundi en mars\u202f2023 et qui a fourni aux jeunes un espace d\u2019\u00e9change entre eux, avec les a\u00een\u00e9s et les d\u00e9cideurs politiques sur les d\u00e9fis auxquels est confront\u00e9e la nouvelle g\u00e9n\u00e9ration, de m\u00eame que les opportunit\u00e9s de jouer pleinement leur r\u00f4le cl\u00e9 dans le processus de paix et de d\u00e9veloppement.<\/p>\r\n\r\n\r\n\r\n<figure class=\"wp-block-embed is-type-video is-provider-youtube wp-block-embed-youtube wp-embed-aspect-16-9 wp-has-aspect-ratio\">\r\n<div class=\"wp-block-embed__wrapper\">https:\/\/www.youtube.com\/watch?v=jMdfVWHIp9M<\/div>\r\n<\/figure>","protected":false},"excerpt":{"rendered":"<p>Having long been plagued by instability, conflict, and war, the people of the Great Lakes region remain steadfast in their pursuit of peace. \u00a0With this objective in mind, young people from Rwanda, Uganda, the Democratic Republic of Congo (DRC) and Burundi met for three days in Kigali from 11 to 13 December for a workshop [&hellip;]<\/p>\n","protected":false},"author":1,"featured_media":15608,"comment_status":"closed","ping_status":"closed","sticky":false,"template":"","format":"standard","meta":{"_acf_changed":false,"_editorskit_title_hidden":false,"_editorskit_reading_time":0,"_editorskit_is_block_options_detached":false,"_editorskit_block_options_position":"{}","editor_plus_copied_stylings":"{}","_exactmetrics_skip_tracking":false,"_exactmetrics_sitenote_active":false,"_exactmetrics_sitenote_note":"","_exactmetrics_sitenote_category":0,"footnotes":"","_links_to":"","_links_to_target":""},"categories":[1],"tags":[],"globales":[],"initiatives":[],"news_type":[],"programmes":[68,75],"resource_theme":[542,1098],"videos_vimeo":[],"class_list":["post-15607","post","type-post","status-publish","format-standard","has-post-thumbnail","hentry","category-uncategorized","programmes-eastern-and-central-africa","programmes-great-lakes","resource_theme-youth","resource_theme-yps"],"acf":[],"yoast_head":"<!-- This site is optimized with the Yoast SEO Premium plugin v27.4 (Yoast SEO v27.4) - https:\/\/yoast.com\/product\/yoast-seo-premium-wordpress\/ -->\n<title>Young innovators determined to make peace a reality in the Great Lakes region - Interpeace<\/title>\n<meta name=\"robots\" content=\"index, follow, max-snippet:-1, max-image-preview:large, max-video-preview:-1\" \/>\n<link rel=\"canonical\" href=\"https:\/\/www.interpeace.org\/fr\/2024\/02\/young-innovators-determined-to-make-peace-a-reality-in-the-great-lakes-region\/\" \/>\n<meta property=\"og:locale\" content=\"fr_FR\" \/>\n<meta property=\"og:type\" content=\"article\" \/>\n<meta property=\"og:title\" content=\"Young innovators determined to make peace a reality in the Great Lakes region\" \/>\n<meta property=\"og:description\" content=\"Having long been plagued by instability, conflict, and war, the people of the Great Lakes region remain steadfast in their pursuit of peace. \u00a0With this objective in mind, young people from Rwanda, Uganda, the Democratic Republic of Congo (DRC) and Burundi met for three days in Kigali from 11 to 13 December for a workshop [&hellip;]\" \/>\n<meta property=\"og:url\" content=\"https:\/\/www.interpeace.org\/fr\/2024\/02\/young-innovators-determined-to-make-peace-a-reality-in-the-great-lakes-region\/\" \/>\n<meta property=\"og:site_name\" content=\"Interpeace\" \/>\n<meta property=\"article:publisher\" content=\"https:\/\/www.facebook.com\/Interpeace\" \/>\n<meta property=\"article:published_time\" content=\"2024-02-01T22:27:43+00:00\" \/>\n<meta property=\"article:modified_time\" content=\"2025-05-20T18:01:16+00:00\" \/>\n<meta property=\"og:image\" content=\"https:\/\/www.interpeace.org\/wp-content\/uploads\/2024\/02\/GL-Regional-WS1.jpg\" \/>\n\t<meta property=\"og:image:width\" content=\"1024\" \/>\n\t<meta property=\"og:image:height\" content=\"668\" \/>\n\t<meta property=\"og:image:type\" content=\"image\/jpeg\" \/>\n<meta name=\"author\" content=\"Alejandro\" \/>\n<meta name=\"twitter:card\" content=\"summary_large_image\" \/>\n<meta name=\"twitter:creator\" content=\"@InterpeaceTweet\" \/>\n<meta name=\"twitter:site\" content=\"@InterpeaceTweet\" \/>\n<meta name=\"twitter:label1\" content=\"\u00c9crit par\" \/>\n\t<meta name=\"twitter:data1\" content=\"Alejandro\" \/>\n\t<meta name=\"twitter:label2\" content=\"Dur\u00e9e de lecture estim\u00e9e\" \/>\n\t<meta name=\"twitter:data2\" content=\"4 minutes\" \/>\n<script type=\"application\/ld+json\" class=\"yoast-schema-graph\">{\"@context\":\"https:\\\/\\\/schema.org\",\"@graph\":[{\"@type\":\"Article\",\"@id\":\"https:\\\/\\\/www.interpeace.org\\\/2024\\\/02\\\/young-innovators-determined-to-make-peace-a-reality-in-the-great-lakes-region\\\/#article\",\"isPartOf\":{\"@id\":\"https:\\\/\\\/www.interpeace.org\\\/2024\\\/02\\\/young-innovators-determined-to-make-peace-a-reality-in-the-great-lakes-region\\\/\"},\"author\":{\"name\":\"Alejandro\",\"@id\":\"https:\\\/\\\/www.interpeace.org\\\/#\\\/schema\\\/person\\\/75fea8ede2ce310d5f1bea81166bf9a1\"},\"headline\":\"Young innovators determined to make peace a reality in the Great Lakes region\",\"datePublished\":\"2024-02-01T22:27:43+00:00\",\"dateModified\":\"2025-05-20T18:01:16+00:00\",\"mainEntityOfPage\":{\"@id\":\"https:\\\/\\\/www.interpeace.org\\\/2024\\\/02\\\/young-innovators-determined-to-make-peace-a-reality-in-the-great-lakes-region\\\/\"},\"wordCount\":745,\"publisher\":{\"@id\":\"https:\\\/\\\/www.interpeace.org\\\/#organization\"},\"image\":{\"@id\":\"https:\\\/\\\/www.interpeace.org\\\/2024\\\/02\\\/young-innovators-determined-to-make-peace-a-reality-in-the-great-lakes-region\\\/#primaryimage\"},\"thumbnailUrl\":\"https:\\\/\\\/www.interpeace.org\\\/wp-content\\\/uploads\\\/2024\\\/02\\\/GL-Regional-WS1.jpg\",\"articleSection\":[\"Uncategorized\"],\"inLanguage\":\"fr-FR\"},{\"@type\":\"WebPage\",\"@id\":\"https:\\\/\\\/www.interpeace.org\\\/2024\\\/02\\\/young-innovators-determined-to-make-peace-a-reality-in-the-great-lakes-region\\\/\",\"url\":\"https:\\\/\\\/www.interpeace.org\\\/2024\\\/02\\\/young-innovators-determined-to-make-peace-a-reality-in-the-great-lakes-region\\\/\",\"name\":\"Young innovators determined to make peace a reality in the Great Lakes region - Interpeace\",\"isPartOf\":{\"@id\":\"https:\\\/\\\/www.interpeace.org\\\/#website\"},\"primaryImageOfPage\":{\"@id\":\"https:\\\/\\\/www.interpeace.org\\\/2024\\\/02\\\/young-innovators-determined-to-make-peace-a-reality-in-the-great-lakes-region\\\/#primaryimage\"},\"image\":{\"@id\":\"https:\\\/\\\/www.interpeace.org\\\/2024\\\/02\\\/young-innovators-determined-to-make-peace-a-reality-in-the-great-lakes-region\\\/#primaryimage\"},\"thumbnailUrl\":\"https:\\\/\\\/www.interpeace.org\\\/wp-content\\\/uploads\\\/2024\\\/02\\\/GL-Regional-WS1.jpg\",\"datePublished\":\"2024-02-01T22:27:43+00:00\",\"dateModified\":\"2025-05-20T18:01:16+00:00\",\"breadcrumb\":{\"@id\":\"https:\\\/\\\/www.interpeace.org\\\/2024\\\/02\\\/young-innovators-determined-to-make-peace-a-reality-in-the-great-lakes-region\\\/#breadcrumb\"},\"inLanguage\":\"fr-FR\",\"potentialAction\":[{\"@type\":\"ReadAction\",\"target\":[\"https:\\\/\\\/www.interpeace.org\\\/2024\\\/02\\\/young-innovators-determined-to-make-peace-a-reality-in-the-great-lakes-region\\\/\"]}]},{\"@type\":\"ImageObject\",\"inLanguage\":\"fr-FR\",\"@id\":\"https:\\\/\\\/www.interpeace.org\\\/2024\\\/02\\\/young-innovators-determined-to-make-peace-a-reality-in-the-great-lakes-region\\\/#primaryimage\",\"url\":\"https:\\\/\\\/www.interpeace.org\\\/wp-content\\\/uploads\\\/2024\\\/02\\\/GL-Regional-WS1.jpg\",\"contentUrl\":\"https:\\\/\\\/www.interpeace.org\\\/wp-content\\\/uploads\\\/2024\\\/02\\\/GL-Regional-WS1.jpg\",\"width\":1024,\"height\":668},{\"@type\":\"BreadcrumbList\",\"@id\":\"https:\\\/\\\/www.interpeace.org\\\/2024\\\/02\\\/young-innovators-determined-to-make-peace-a-reality-in-the-great-lakes-region\\\/#breadcrumb\",\"itemListElement\":[{\"@type\":\"ListItem\",\"position\":1,\"name\":\"Home\",\"item\":\"https:\\\/\\\/www.interpeace.org\\\/\"},{\"@type\":\"ListItem\",\"position\":2,\"name\":\"Young innovators determined to make peace a reality in the Great Lakes region\"}]},{\"@type\":\"WebSite\",\"@id\":\"https:\\\/\\\/www.interpeace.org\\\/#website\",\"url\":\"https:\\\/\\\/www.interpeace.org\\\/\",\"name\":\"Interpeace\",\"description\":\"Enabling people to build lasting peace since 1994\",\"publisher\":{\"@id\":\"https:\\\/\\\/www.interpeace.org\\\/#organization\"},\"potentialAction\":[{\"@type\":\"SearchAction\",\"target\":{\"@type\":\"EntryPoint\",\"urlTemplate\":\"https:\\\/\\\/www.interpeace.org\\\/?s={search_term_string}\"},\"query-input\":{\"@type\":\"PropertyValueSpecification\",\"valueRequired\":true,\"valueName\":\"search_term_string\"}}],\"inLanguage\":\"fr-FR\"},{\"@type\":\"Organization\",\"@id\":\"https:\\\/\\\/www.interpeace.org\\\/#organization\",\"name\":\"INTERPEACE\",\"url\":\"https:\\\/\\\/www.interpeace.org\\\/\",\"logo\":{\"@type\":\"ImageObject\",\"inLanguage\":\"fr-FR\",\"@id\":\"https:\\\/\\\/www.interpeace.org\\\/#\\\/schema\\\/logo\\\/image\\\/\",\"url\":\"https:\\\/\\\/www.interpeace.org\\\/wp-content\\\/uploads\\\/2019\\\/11\\\/EN-Interpeace-small.png\",\"contentUrl\":\"https:\\\/\\\/www.interpeace.org\\\/wp-content\\\/uploads\\\/2019\\\/11\\\/EN-Interpeace-small.png\",\"width\":111,\"height\":85,\"caption\":\"INTERPEACE\"},\"image\":{\"@id\":\"https:\\\/\\\/www.interpeace.org\\\/#\\\/schema\\\/logo\\\/image\\\/\"},\"sameAs\":[\"https:\\\/\\\/www.facebook.com\\\/Interpeace\",\"https:\\\/\\\/x.com\\\/InterpeaceTweet\",\"https:\\\/\\\/www.instagram.com\\\/interpeace\\\/\"]},{\"@type\":\"Person\",\"@id\":\"https:\\\/\\\/www.interpeace.org\\\/#\\\/schema\\\/person\\\/75fea8ede2ce310d5f1bea81166bf9a1\",\"name\":\"Alejandro\",\"image\":{\"@type\":\"ImageObject\",\"inLanguage\":\"fr-FR\",\"@id\":\"https:\\\/\\\/secure.gravatar.com\\\/avatar\\\/a5627fb156910981ea3ab2405e881b80c8234e50bb58a577081f805dd3bfd753?s=96&d=mm&r=g\",\"url\":\"https:\\\/\\\/secure.gravatar.com\\\/avatar\\\/a5627fb156910981ea3ab2405e881b80c8234e50bb58a577081f805dd3bfd753?s=96&d=mm&r=g\",\"contentUrl\":\"https:\\\/\\\/secure.gravatar.com\\\/avatar\\\/a5627fb156910981ea3ab2405e881b80c8234e50bb58a577081f805dd3bfd753?s=96&d=mm&r=g\",\"caption\":\"Alejandro\"},\"url\":\"https:\\\/\\\/www.interpeace.org\\\/fr\\\/author\\\/amoralesruiz-gm\\\/\"}]}<\/script>\n<!-- \/ Yoast SEO Premium plugin. -->","yoast_head_json":{"title":"Young innovators determined to make peace a reality in the Great Lakes region - Interpeace","robots":{"index":"index","follow":"follow","max-snippet":"max-snippet:-1","max-image-preview":"max-image-preview:large","max-video-preview":"max-video-preview:-1"},"canonical":"https:\/\/www.interpeace.org\/fr\/2024\/02\/young-innovators-determined-to-make-peace-a-reality-in-the-great-lakes-region\/","og_locale":"fr_FR","og_type":"article","og_title":"Young innovators determined to make peace a reality in the Great Lakes region","og_description":"Having long been plagued by instability, conflict, and war, the people of the Great Lakes region remain steadfast in their pursuit of peace. \u00a0With this objective in mind, young people from Rwanda, Uganda, the Democratic Republic of Congo (DRC) and Burundi met for three days in Kigali from 11 to 13 December for a workshop [&hellip;]","og_url":"https:\/\/www.interpeace.org\/fr\/2024\/02\/young-innovators-determined-to-make-peace-a-reality-in-the-great-lakes-region\/","og_site_name":"Interpeace","article_publisher":"https:\/\/www.facebook.com\/Interpeace","article_published_time":"2024-02-01T22:27:43+00:00","article_modified_time":"2025-05-20T18:01:16+00:00","og_image":[{"width":1024,"height":668,"url":"https:\/\/www.interpeace.org\/wp-content\/uploads\/2024\/02\/GL-Regional-WS1.jpg","type":"image\/jpeg"}],"author":"Alejandro","twitter_card":"summary_large_image","twitter_creator":"@InterpeaceTweet","twitter_site":"@InterpeaceTweet","twitter_misc":{"\u00c9crit par":"Alejandro","Dur\u00e9e de lecture estim\u00e9e":"4 minutes"},"schema":{"@context":"https:\/\/schema.org","@graph":[{"@type":"Article","@id":"https:\/\/www.interpeace.org\/2024\/02\/young-innovators-determined-to-make-peace-a-reality-in-the-great-lakes-region\/#article","isPartOf":{"@id":"https:\/\/www.interpeace.org\/2024\/02\/young-innovators-determined-to-make-peace-a-reality-in-the-great-lakes-region\/"},"author":{"name":"Alejandro","@id":"https:\/\/www.interpeace.org\/#\/schema\/person\/75fea8ede2ce310d5f1bea81166bf9a1"},"headline":"Young innovators determined to make peace a reality in the Great Lakes region","datePublished":"2024-02-01T22:27:43+00:00","dateModified":"2025-05-20T18:01:16+00:00","mainEntityOfPage":{"@id":"https:\/\/www.interpeace.org\/2024\/02\/young-innovators-determined-to-make-peace-a-reality-in-the-great-lakes-region\/"},"wordCount":745,"publisher":{"@id":"https:\/\/www.interpeace.org\/#organization"},"image":{"@id":"https:\/\/www.interpeace.org\/2024\/02\/young-innovators-determined-to-make-peace-a-reality-in-the-great-lakes-region\/#primaryimage"},"thumbnailUrl":"https:\/\/www.interpeace.org\/wp-content\/uploads\/2024\/02\/GL-Regional-WS1.jpg","articleSection":["Uncategorized"],"inLanguage":"fr-FR"},{"@type":"WebPage","@id":"https:\/\/www.interpeace.org\/2024\/02\/young-innovators-determined-to-make-peace-a-reality-in-the-great-lakes-region\/","url":"https:\/\/www.interpeace.org\/2024\/02\/young-innovators-determined-to-make-peace-a-reality-in-the-great-lakes-region\/","name":"Young innovators determined to make peace a reality in the Great Lakes region - Interpeace","isPartOf":{"@id":"https:\/\/www.interpeace.org\/#website"},"primaryImageOfPage":{"@id":"https:\/\/www.interpeace.org\/2024\/02\/young-innovators-determined-to-make-peace-a-reality-in-the-great-lakes-region\/#primaryimage"},"image":{"@id":"https:\/\/www.interpeace.org\/2024\/02\/young-innovators-determined-to-make-peace-a-reality-in-the-great-lakes-region\/#primaryimage"},"thumbnailUrl":"https:\/\/www.interpeace.org\/wp-content\/uploads\/2024\/02\/GL-Regional-WS1.jpg","datePublished":"2024-02-01T22:27:43+00:00","dateModified":"2025-05-20T18:01:16+00:00","breadcrumb":{"@id":"https:\/\/www.interpeace.org\/2024\/02\/young-innovators-determined-to-make-peace-a-reality-in-the-great-lakes-region\/#breadcrumb"},"inLanguage":"fr-FR","potentialAction":[{"@type":"ReadAction","target":["https:\/\/www.interpeace.org\/2024\/02\/young-innovators-determined-to-make-peace-a-reality-in-the-great-lakes-region\/"]}]},{"@type":"ImageObject","inLanguage":"fr-FR","@id":"https:\/\/www.interpeace.org\/2024\/02\/young-innovators-determined-to-make-peace-a-reality-in-the-great-lakes-region\/#primaryimage","url":"https:\/\/www.interpeace.org\/wp-content\/uploads\/2024\/02\/GL-Regional-WS1.jpg","contentUrl":"https:\/\/www.interpeace.org\/wp-content\/uploads\/2024\/02\/GL-Regional-WS1.jpg","width":1024,"height":668},{"@type":"BreadcrumbList","@id":"https:\/\/www.interpeace.org\/2024\/02\/young-innovators-determined-to-make-peace-a-reality-in-the-great-lakes-region\/#breadcrumb","itemListElement":[{"@type":"ListItem","position":1,"name":"Home","item":"https:\/\/www.interpeace.org\/"},{"@type":"ListItem","position":2,"name":"Young innovators determined to make peace a reality in the Great Lakes region"}]},{"@type":"WebSite","@id":"https:\/\/www.interpeace.org\/#website","url":"https:\/\/www.interpeace.org\/","name":"Interpeace","description":"Permettre aux gens de construire une paix durable depuis 1994","publisher":{"@id":"https:\/\/www.interpeace.org\/#organization"},"potentialAction":[{"@type":"SearchAction","target":{"@type":"EntryPoint","urlTemplate":"https:\/\/www.interpeace.org\/?s={search_term_string}"},"query-input":{"@type":"PropertyValueSpecification","valueRequired":true,"valueName":"search_term_string"}}],"inLanguage":"fr-FR"},{"@type":"Organization","@id":"https:\/\/www.interpeace.org\/#organization","name":"INTERPEACE","url":"https:\/\/www.interpeace.org\/","logo":{"@type":"ImageObject","inLanguage":"fr-FR","@id":"https:\/\/www.interpeace.org\/#\/schema\/logo\/image\/","url":"https:\/\/www.interpeace.org\/wp-content\/uploads\/2019\/11\/EN-Interpeace-small.png","contentUrl":"https:\/\/www.interpeace.org\/wp-content\/uploads\/2019\/11\/EN-Interpeace-small.png","width":111,"height":85,"caption":"INTERPEACE"},"image":{"@id":"https:\/\/www.interpeace.org\/#\/schema\/logo\/image\/"},"sameAs":["https:\/\/www.facebook.com\/Interpeace","https:\/\/x.com\/InterpeaceTweet","https:\/\/www.instagram.com\/interpeace\/"]},{"@type":"Person","@id":"https:\/\/www.interpeace.org\/#\/schema\/person\/75fea8ede2ce310d5f1bea81166bf9a1","name":"Alejandro","image":{"@type":"ImageObject","inLanguage":"fr-FR","@id":"https:\/\/secure.gravatar.com\/avatar\/a5627fb156910981ea3ab2405e881b80c8234e50bb58a577081f805dd3bfd753?s=96&d=mm&r=g","url":"https:\/\/secure.gravatar.com\/avatar\/a5627fb156910981ea3ab2405e881b80c8234e50bb58a577081f805dd3bfd753?s=96&d=mm&r=g","contentUrl":"https:\/\/secure.gravatar.com\/avatar\/a5627fb156910981ea3ab2405e881b80c8234e50bb58a577081f805dd3bfd753?s=96&d=mm&r=g","caption":"Alejandro"},"url":"https:\/\/www.interpeace.org\/fr\/author\/amoralesruiz-gm\/"}]}},"_links":{"self":[{"href":"https:\/\/www.interpeace.org\/fr\/wp-json\/wp\/v2\/posts\/15607","targetHints":{"allow":["GET"]}}],"collection":[{"href":"https:\/\/www.interpeace.org\/fr\/wp-json\/wp\/v2\/posts"}],"about":[{"href":"https:\/\/www.interpeace.org\/fr\/wp-json\/wp\/v2\/types\/post"}],"author":[{"embeddable":true,"href":"https:\/\/www.interpeace.org\/fr\/wp-json\/wp\/v2\/users\/1"}],"replies":[{"embeddable":true,"href":"https:\/\/www.interpeace.org\/fr\/wp-json\/wp\/v2\/comments?post=15607"}],"version-history":[{"count":0,"href":"https:\/\/www.interpeace.org\/fr\/wp-json\/wp\/v2\/posts\/15607\/revisions"}],"wp:featuredmedia":[{"embeddable":true,"href":"https:\/\/www.interpeace.org\/fr\/wp-json\/wp\/v2\/media\/15608"}],"wp:attachment":[{"href":"https:\/\/www.interpeace.org\/fr\/wp-json\/wp\/v2\/media?parent=15607"}],"wp:term":[{"taxonomy":"category","embeddable":true,"href":"https:\/\/www.interpeace.org\/fr\/wp-json\/wp\/v2\/categories?post=15607"},{"taxonomy":"post_tag","embeddable":true,"href":"https:\/\/www.interpeace.org\/fr\/wp-json\/wp\/v2\/tags?post=15607"},{"taxonomy":"globales","embeddable":true,"href":"https:\/\/www.interpeace.org\/fr\/wp-json\/wp\/v2\/globales?post=15607"},{"taxonomy":"initiatives","embeddable":true,"href":"https:\/\/www.interpeace.org\/fr\/wp-json\/wp\/v2\/initiatives?post=15607"},{"taxonomy":"news_type","embeddable":true,"href":"https:\/\/www.interpeace.org\/fr\/wp-json\/wp\/v2\/news_type?post=15607"},{"taxonomy":"programmes","embeddable":true,"href":"https:\/\/www.interpeace.org\/fr\/wp-json\/wp\/v2\/programmes?post=15607"},{"taxonomy":"resource_theme","embeddable":true,"href":"https:\/\/www.interpeace.org\/fr\/wp-json\/wp\/v2\/resource_theme?post=15607"},{"taxonomy":"videos_vimeo","embeddable":true,"href":"https:\/\/www.interpeace.org\/fr\/wp-json\/wp\/v2\/videos_vimeo?post=15607"}],"curies":[{"name":"wp","href":"https:\/\/api.w.org\/{rel}","templated":true}]}}