{"id":15190,"date":"2023-10-17T22:31:51","date_gmt":"2023-10-17T20:31:51","guid":{"rendered":"https:\/\/www.interpeace.org\/?p=14354"},"modified":"2024-02-06T22:56:43","modified_gmt":"2024-02-06T21:56:43","slug":"promoting-mental-health-and-psycho-social-support-mhpss-sensitive-journalism-for-peacebuilding-in-rwanda","status":"publish","type":"post","link":"https:\/\/www.interpeace.org\/fr\/2023\/10\/promoting-mental-health-and-psycho-social-support-mhpss-sensitive-journalism-for-peacebuilding-in-rwanda\/","title":{"rendered":"Promouvoir un journalisme consid\u00e9rant la sant\u00e9 mentale et le soutien psychosocial (MHPSS) pour la consolidation de la paix au Rwanda"},"content":{"rendered":"<p>Le r\u00e9cent Rapport mondial sur la sant\u00e9 mentale publi\u00e9 par l'Organisation mondiale de la sant\u00e9 (OMS) en 2022 souligne le faible niveau de connaissances sur cette question comme l'un des principaux obstacles \u00e0 la sant\u00e9 mentale et au soutien psychosocial (MHPSS) dans le monde. Les m\u00e9dias, qu'ils soient traditionnels ou nouveaux, jouent un r\u00f4le central dans l'\u00e9limination de ces barri\u00e8res en \u00e9duquant la soci\u00e9t\u00e9, en plaidant et en sensibilisant. Ironiquement, les professionnels des m\u00e9dias eux-m\u00eames manquent souvent de connaissances et de compr\u00e9hension ad\u00e9quates en mati\u00e8re de sant\u00e9 mentale.<\/p>\n<p>Dans le cadre de son programme holistique de consolidation de la paix ax\u00e9 sur la MHPSS pour promouvoir la gu\u00e9rison soci\u00e9tale et la r\u00e9conciliation au Rwanda, Interpeace a organis\u00e9 une session de formation pour les journalistes. L\u2019objectif \u00e9tait d\u2019accro\u00eetre leurs connaissances, leurs comp\u00e9tences et leur compr\u00e9hension de cette question.<\/p>\n<p>La formation de deux jours a eu lieu en ao\u00fbt 2023 et a offert des outils et des comp\u00e9tences essentielles \u00e0 26 participants issus de divers m\u00e9dias locaux, garantissant ainsi leur capacit\u00e9 \u00e0 produire du contenu professionnel en mati\u00e8re de MHPSS et de consolidation de la paix qui respecte les normes \u00e9thiques.<\/p>\n<p>La participation des m\u00e9dias aux processus de consolidation de la paix et de MHPSS est primordiale au Rwanda, o\u00f9 la population continue de lutter contre des troubles de sant\u00e9 mentale r\u00e9sultant du g\u00e9nocide perp\u00e9tr\u00e9 contre les Tutsi il y a pr\u00e8s de trois d\u00e9cennies.<\/p>\n<p>La formation comprenait des th\u00e9ories, des \u00e9tudes de cas et des exercices pratiques pour approfondir la compr\u00e9hension des participants sur la sant\u00e9 mentale et les consid\u00e9rations \u00e9thiques qui doivent guider leurs reportages. Ceux-ci ont salu\u00e9 ce dispositif pour avoir renforc\u00e9 leurs capacit\u00e9s et \u00e9veill\u00e9 leur volont\u00e9 de r\u00e9aliser des reportages sensibles \u00e0 la sant\u00e9 mentale.<\/p>\n<p>La production de programmes et de rapports approfondis et bien document\u00e9s favorisera le plaidoyer aupr\u00e8s des diverses parties prenantes, notamment les responsables gouvernementaux, les experts et les donateurs, dans le but de faire progresser et d'influencer les politiques et pratiques de sant\u00e9 mentale dans le pays.<\/p>\n<p>L'un des journalistes radio les plus influents, Oswald Mutuyeyezu, a exprim\u00e9 son souhait d'avoir des ateliers r\u00e9guliers. \u00ab Nous avons beaucoup appris de cet atelier. Nous avons compris les troubles\/maladies de sant\u00e9 mentale les plus r\u00e9cemment diagnostiqu\u00e9s au Rwanda ainsi que les techniques et approches n\u00e9cessaires pour en rendre compte. M\u00eame s'il peut \u00eatre trop exigeant d'organiser cette formation tous les mois, je sugg\u00e8re qu'elle soit organis\u00e9e au moins tous les trimestres pour rafra\u00eechir nos esprits et nos connaissances \u00bb, a-t-il dit.<\/p>\n<p>Scovia Mutesi, journaliste ind\u00e9pendante, influenceuse des m\u00e9dias sociaux et propri\u00e9taire du journal en ligne \u00ab Mama Urwagasabo \u00bb et d\u2019une cha\u00eene YouTube, a propos\u00e9 d\u2019\u00e9largir la formation pour inclure des journalistes plus jeunes afin d\u2019assurer la p\u00e9rennit\u00e9 de l\u2019initiative.<\/p>\n<p>Les participants se sont engag\u00e9s \u00e0 produire davantage de contenu li\u00e9 \u00e0 la MHPSS et \u00e0 la consolidation de la paix pour \u00e9duquer les communaut\u00e9s et les sensibiliser. Cette approche contribuera \u00e0 une augmentation de l'utilisation des services de sant\u00e9 mentale dans le pays, qui s'\u00e9l\u00e8ve actuellement \u00e0 5,3 %. Elle oeuvrera pour lutter contre la stigmatisation et la discrimination profond\u00e9ment enracin\u00e9es auxquelles sont souvent confront\u00e9es les personnes vivant avec des probl\u00e8mes de sant\u00e9 mentale, qui entravent la demande de soins.<\/p>\n<p><img loading=\"lazy\" decoding=\"async\" width=\"600\" height=\"400\" class=\"aligncenter size-large wp-image-14358\" src=\"https:\/\/www.interpeace.org\/wp-content\/uploads\/2023\/10\/JournalistsMHPSS4-600x400.jpeg\" alt=\"\" srcset=\"https:\/\/www.interpeace.org\/wp-content\/uploads\/2023\/10\/JournalistsMHPSS4-600x400.jpeg 600w, https:\/\/www.interpeace.org\/wp-content\/uploads\/2023\/10\/JournalistsMHPSS4-750x500.jpeg 750w, https:\/\/www.interpeace.org\/wp-content\/uploads\/2023\/10\/JournalistsMHPSS4-300x200.jpeg 300w, https:\/\/www.interpeace.org\/wp-content\/uploads\/2023\/10\/JournalistsMHPSS4-768x512.jpeg 768w, https:\/\/www.interpeace.org\/wp-content\/uploads\/2023\/10\/JournalistsMHPSS4-18x12.jpeg 18w, https:\/\/www.interpeace.org\/wp-content\/uploads\/2023\/10\/JournalistsMHPSS4-500x333.jpeg 500w, https:\/\/www.interpeace.org\/wp-content\/uploads\/2023\/10\/JournalistsMHPSS4.jpeg 1500w\" sizes=\"auto, (max-width: 600px) 100vw, 600px\" \/><\/p>\n<p>Interpeace a organis\u00e9 l'atelier de formation en partenariat avec la Commission rwandaise des m\u00e9dias (RMC), l'organisme de r\u00e9gulation du secteur des m\u00e9dias au Rwanda, charg\u00e9 de renforcer ses capacit\u00e9s. Le secr\u00e9taire ex\u00e9cutif de celle-ci, Emmanuel Mugisha, a salu\u00e9 le partenariat pour l'organisation de cette formation. Il a en outre encourag\u00e9 les journalistes form\u00e9s \u00e0 utiliser les comp\u00e9tences acquises pour renforcer leur professionnalisme et remplir leur r\u00f4le de quatri\u00e8me pouvoir.<\/p>\n<p>\u00ab Nous croyons en votre capacit\u00e9 et votre pouvoir de conduire le changement. Par cons\u00e9quent, nous pr\u00e9voyons une augmentation des histoires, des documentaires et des programmes qui \u00e9duquent les Rwandais sur la sant\u00e9 mentale et plaident en faveur d\u2019un syst\u00e8me de sant\u00e9 mentale solide et d\u00e9centralis\u00e9. Cette formation jette les bases d'un partenariat solide et fructueux entre Interpeace et le secteur des m\u00e9dias dans la promotion de la MHPSS et de la consolidation de la paix au Rwanda \u00bb, a-t-il d\u00e9clar\u00e9.<\/p>\n<p><img loading=\"lazy\" decoding=\"async\" width=\"600\" height=\"400\" class=\"aligncenter size-large wp-image-14359\" src=\"https:\/\/www.interpeace.org\/wp-content\/uploads\/2023\/10\/JournalistsMHPSS5-600x400.jpeg\" alt=\"\" srcset=\"https:\/\/www.interpeace.org\/wp-content\/uploads\/2023\/10\/JournalistsMHPSS5-600x400.jpeg 600w, https:\/\/www.interpeace.org\/wp-content\/uploads\/2023\/10\/JournalistsMHPSS5-750x500.jpeg 750w, https:\/\/www.interpeace.org\/wp-content\/uploads\/2023\/10\/JournalistsMHPSS5-300x200.jpeg 300w, https:\/\/www.interpeace.org\/wp-content\/uploads\/2023\/10\/JournalistsMHPSS5-768x512.jpeg 768w, https:\/\/www.interpeace.org\/wp-content\/uploads\/2023\/10\/JournalistsMHPSS5-18x12.jpeg 18w, https:\/\/www.interpeace.org\/wp-content\/uploads\/2023\/10\/JournalistsMHPSS5-500x333.jpeg 500w, https:\/\/www.interpeace.org\/wp-content\/uploads\/2023\/10\/JournalistsMHPSS5.jpeg 1500w\" sizes=\"auto, (max-width: 600px) 100vw, 600px\" \/><\/p>","protected":false},"excerpt":{"rendered":"<p>The recent World Mental Health Report published by the World Health Organization (WHO) in 2022 highlights the low levels of health literacy regarding mental health as one of the major barriers undermining Mental Health and Psycho-social Support (MHPSS) worldwide. The media, both traditional and new, plays a pivotal role in dismantling these barriers by educating [&hellip;]<\/p>\n","protected":false},"author":1,"featured_media":15104,"comment_status":"closed","ping_status":"closed","sticky":false,"template":"","format":"standard","meta":{"_acf_changed":false,"_editorskit_title_hidden":false,"_editorskit_reading_time":0,"_editorskit_is_block_options_detached":false,"_editorskit_block_options_position":"{}","editor_plus_copied_stylings":"{}","_exactmetrics_skip_tracking":false,"_exactmetrics_sitenote_active":false,"_exactmetrics_sitenote_note":"","_exactmetrics_sitenote_category":0,"footnotes":"","_links_to":"","_links_to_target":""},"categories":[1],"tags":[],"globales":[],"initiatives":[],"news_type":[],"programmes":[74],"resource_theme":[510,508],"videos_vimeo":[],"class_list":["post-15190","post","type-post","status-publish","format-standard","has-post-thumbnail","hentry","category-uncategorized","programmes-rwanda","resource_theme-dialogue","resource_theme-mhpss"],"acf":[],"yoast_head":"<!-- This site is optimized with the Yoast SEO Premium plugin v27.4 (Yoast SEO v27.4) - https:\/\/yoast.com\/product\/yoast-seo-premium-wordpress\/ -->\n<title>Promoting mental health and psycho-social support (MHPSS) sensitive journalism for peacebuilding in Rwanda - Interpeace<\/title>\n<meta name=\"robots\" content=\"index, follow, max-snippet:-1, max-image-preview:large, max-video-preview:-1\" \/>\n<link rel=\"canonical\" href=\"https:\/\/www.interpeace.org\/fr\/2023\/10\/promoting-mental-health-and-psycho-social-support-mhpss-sensitive-journalism-for-peacebuilding-in-rwanda\/\" \/>\n<meta property=\"og:locale\" content=\"fr_FR\" \/>\n<meta property=\"og:type\" content=\"article\" \/>\n<meta property=\"og:title\" content=\"Promoting mental health and psycho-social support (MHPSS) sensitive journalism for peacebuilding in Rwanda\" \/>\n<meta property=\"og:description\" content=\"The recent World Mental Health Report published by the World Health Organization (WHO) in 2022 highlights the low levels of health literacy regarding mental health as one of the major barriers undermining Mental Health and Psycho-social Support (MHPSS) worldwide. The media, both traditional and new, plays a pivotal role in dismantling these barriers by educating [&hellip;]\" \/>\n<meta property=\"og:url\" content=\"https:\/\/www.interpeace.org\/fr\/2023\/10\/promoting-mental-health-and-psycho-social-support-mhpss-sensitive-journalism-for-peacebuilding-in-rwanda\/\" \/>\n<meta property=\"og:site_name\" content=\"Interpeace\" \/>\n<meta property=\"article:publisher\" content=\"https:\/\/www.facebook.com\/Interpeace\" \/>\n<meta property=\"article:published_time\" content=\"2023-10-17T20:31:51+00:00\" \/>\n<meta property=\"article:modified_time\" content=\"2024-02-06T21:56:43+00:00\" \/>\n<meta property=\"og:image\" content=\"https:\/\/www.interpeace.org\/wp-content\/uploads\/2023\/10\/JournalistsMHPSS1.jpeg\" \/>\n\t<meta property=\"og:image:width\" content=\"1500\" \/>\n\t<meta property=\"og:image:height\" content=\"878\" \/>\n\t<meta property=\"og:image:type\" content=\"image\/jpeg\" \/>\n<meta name=\"author\" content=\"Alejandro\" \/>\n<meta name=\"twitter:card\" content=\"summary_large_image\" \/>\n<meta name=\"twitter:creator\" content=\"@InterpeaceTweet\" \/>\n<meta name=\"twitter:site\" content=\"@InterpeaceTweet\" \/>\n<meta name=\"twitter:label1\" content=\"\u00c9crit par\" \/>\n\t<meta name=\"twitter:data1\" content=\"Alejandro\" \/>\n\t<meta name=\"twitter:label2\" content=\"Dur\u00e9e de lecture estim\u00e9e\" \/>\n\t<meta name=\"twitter:data2\" content=\"4 minutes\" \/>\n<script type=\"application\/ld+json\" class=\"yoast-schema-graph\">{\"@context\":\"https:\\\/\\\/schema.org\",\"@graph\":[{\"@type\":\"Article\",\"@id\":\"https:\\\/\\\/www.interpeace.org\\\/2023\\\/10\\\/promoting-mental-health-and-psycho-social-support-mhpss-sensitive-journalism-for-peacebuilding-in-rwanda\\\/#article\",\"isPartOf\":{\"@id\":\"https:\\\/\\\/www.interpeace.org\\\/2023\\\/10\\\/promoting-mental-health-and-psycho-social-support-mhpss-sensitive-journalism-for-peacebuilding-in-rwanda\\\/\"},\"author\":{\"name\":\"Alejandro\",\"@id\":\"https:\\\/\\\/www.interpeace.org\\\/#\\\/schema\\\/person\\\/75fea8ede2ce310d5f1bea81166bf9a1\"},\"headline\":\"Promoting mental health and psycho-social support (MHPSS) sensitive journalism for peacebuilding in Rwanda\",\"datePublished\":\"2023-10-17T20:31:51+00:00\",\"dateModified\":\"2024-02-06T21:56:43+00:00\",\"mainEntityOfPage\":{\"@id\":\"https:\\\/\\\/www.interpeace.org\\\/2023\\\/10\\\/promoting-mental-health-and-psycho-social-support-mhpss-sensitive-journalism-for-peacebuilding-in-rwanda\\\/\"},\"wordCount\":567,\"publisher\":{\"@id\":\"https:\\\/\\\/www.interpeace.org\\\/#organization\"},\"image\":{\"@id\":\"https:\\\/\\\/www.interpeace.org\\\/2023\\\/10\\\/promoting-mental-health-and-psycho-social-support-mhpss-sensitive-journalism-for-peacebuilding-in-rwanda\\\/#primaryimage\"},\"thumbnailUrl\":\"https:\\\/\\\/www.interpeace.org\\\/wp-content\\\/uploads\\\/2023\\\/10\\\/JournalistsMHPSS1.jpeg\",\"articleSection\":[\"Uncategorized\"],\"inLanguage\":\"fr-FR\"},{\"@type\":\"WebPage\",\"@id\":\"https:\\\/\\\/www.interpeace.org\\\/2023\\\/10\\\/promoting-mental-health-and-psycho-social-support-mhpss-sensitive-journalism-for-peacebuilding-in-rwanda\\\/\",\"url\":\"https:\\\/\\\/www.interpeace.org\\\/2023\\\/10\\\/promoting-mental-health-and-psycho-social-support-mhpss-sensitive-journalism-for-peacebuilding-in-rwanda\\\/\",\"name\":\"Promoting mental health and psycho-social support (MHPSS) sensitive journalism for peacebuilding in Rwanda - Interpeace\",\"isPartOf\":{\"@id\":\"https:\\\/\\\/www.interpeace.org\\\/#website\"},\"primaryImageOfPage\":{\"@id\":\"https:\\\/\\\/www.interpeace.org\\\/2023\\\/10\\\/promoting-mental-health-and-psycho-social-support-mhpss-sensitive-journalism-for-peacebuilding-in-rwanda\\\/#primaryimage\"},\"image\":{\"@id\":\"https:\\\/\\\/www.interpeace.org\\\/2023\\\/10\\\/promoting-mental-health-and-psycho-social-support-mhpss-sensitive-journalism-for-peacebuilding-in-rwanda\\\/#primaryimage\"},\"thumbnailUrl\":\"https:\\\/\\\/www.interpeace.org\\\/wp-content\\\/uploads\\\/2023\\\/10\\\/JournalistsMHPSS1.jpeg\",\"datePublished\":\"2023-10-17T20:31:51+00:00\",\"dateModified\":\"2024-02-06T21:56:43+00:00\",\"breadcrumb\":{\"@id\":\"https:\\\/\\\/www.interpeace.org\\\/2023\\\/10\\\/promoting-mental-health-and-psycho-social-support-mhpss-sensitive-journalism-for-peacebuilding-in-rwanda\\\/#breadcrumb\"},\"inLanguage\":\"fr-FR\",\"potentialAction\":[{\"@type\":\"ReadAction\",\"target\":[\"https:\\\/\\\/www.interpeace.org\\\/2023\\\/10\\\/promoting-mental-health-and-psycho-social-support-mhpss-sensitive-journalism-for-peacebuilding-in-rwanda\\\/\"]}]},{\"@type\":\"ImageObject\",\"inLanguage\":\"fr-FR\",\"@id\":\"https:\\\/\\\/www.interpeace.org\\\/2023\\\/10\\\/promoting-mental-health-and-psycho-social-support-mhpss-sensitive-journalism-for-peacebuilding-in-rwanda\\\/#primaryimage\",\"url\":\"https:\\\/\\\/www.interpeace.org\\\/wp-content\\\/uploads\\\/2023\\\/10\\\/JournalistsMHPSS1.jpeg\",\"contentUrl\":\"https:\\\/\\\/www.interpeace.org\\\/wp-content\\\/uploads\\\/2023\\\/10\\\/JournalistsMHPSS1.jpeg\",\"width\":1500,\"height\":878},{\"@type\":\"BreadcrumbList\",\"@id\":\"https:\\\/\\\/www.interpeace.org\\\/2023\\\/10\\\/promoting-mental-health-and-psycho-social-support-mhpss-sensitive-journalism-for-peacebuilding-in-rwanda\\\/#breadcrumb\",\"itemListElement\":[{\"@type\":\"ListItem\",\"position\":1,\"name\":\"Home\",\"item\":\"https:\\\/\\\/www.interpeace.org\\\/\"},{\"@type\":\"ListItem\",\"position\":2,\"name\":\"Promoting mental health and psycho-social support (MHPSS) sensitive journalism for peacebuilding in Rwanda\"}]},{\"@type\":\"WebSite\",\"@id\":\"https:\\\/\\\/www.interpeace.org\\\/#website\",\"url\":\"https:\\\/\\\/www.interpeace.org\\\/\",\"name\":\"Interpeace\",\"description\":\"Enabling people to build lasting peace since 1994\",\"publisher\":{\"@id\":\"https:\\\/\\\/www.interpeace.org\\\/#organization\"},\"potentialAction\":[{\"@type\":\"SearchAction\",\"target\":{\"@type\":\"EntryPoint\",\"urlTemplate\":\"https:\\\/\\\/www.interpeace.org\\\/?s={search_term_string}\"},\"query-input\":{\"@type\":\"PropertyValueSpecification\",\"valueRequired\":true,\"valueName\":\"search_term_string\"}}],\"inLanguage\":\"fr-FR\"},{\"@type\":\"Organization\",\"@id\":\"https:\\\/\\\/www.interpeace.org\\\/#organization\",\"name\":\"INTERPEACE\",\"url\":\"https:\\\/\\\/www.interpeace.org\\\/\",\"logo\":{\"@type\":\"ImageObject\",\"inLanguage\":\"fr-FR\",\"@id\":\"https:\\\/\\\/www.interpeace.org\\\/#\\\/schema\\\/logo\\\/image\\\/\",\"url\":\"https:\\\/\\\/www.interpeace.org\\\/wp-content\\\/uploads\\\/2019\\\/11\\\/EN-Interpeace-small.png\",\"contentUrl\":\"https:\\\/\\\/www.interpeace.org\\\/wp-content\\\/uploads\\\/2019\\\/11\\\/EN-Interpeace-small.png\",\"width\":111,\"height\":85,\"caption\":\"INTERPEACE\"},\"image\":{\"@id\":\"https:\\\/\\\/www.interpeace.org\\\/#\\\/schema\\\/logo\\\/image\\\/\"},\"sameAs\":[\"https:\\\/\\\/www.facebook.com\\\/Interpeace\",\"https:\\\/\\\/x.com\\\/InterpeaceTweet\",\"https:\\\/\\\/www.instagram.com\\\/interpeace\\\/\"]},{\"@type\":\"Person\",\"@id\":\"https:\\\/\\\/www.interpeace.org\\\/#\\\/schema\\\/person\\\/75fea8ede2ce310d5f1bea81166bf9a1\",\"name\":\"Alejandro\",\"image\":{\"@type\":\"ImageObject\",\"inLanguage\":\"fr-FR\",\"@id\":\"https:\\\/\\\/secure.gravatar.com\\\/avatar\\\/a5627fb156910981ea3ab2405e881b80c8234e50bb58a577081f805dd3bfd753?s=96&d=mm&r=g\",\"url\":\"https:\\\/\\\/secure.gravatar.com\\\/avatar\\\/a5627fb156910981ea3ab2405e881b80c8234e50bb58a577081f805dd3bfd753?s=96&d=mm&r=g\",\"contentUrl\":\"https:\\\/\\\/secure.gravatar.com\\\/avatar\\\/a5627fb156910981ea3ab2405e881b80c8234e50bb58a577081f805dd3bfd753?s=96&d=mm&r=g\",\"caption\":\"Alejandro\"},\"url\":\"https:\\\/\\\/www.interpeace.org\\\/fr\\\/author\\\/amoralesruiz-gm\\\/\"}]}<\/script>\n<!-- \/ Yoast SEO Premium plugin. -->","yoast_head_json":{"title":"Promoting mental health and psycho-social support (MHPSS) sensitive journalism for peacebuilding in Rwanda - Interpeace","robots":{"index":"index","follow":"follow","max-snippet":"max-snippet:-1","max-image-preview":"max-image-preview:large","max-video-preview":"max-video-preview:-1"},"canonical":"https:\/\/www.interpeace.org\/fr\/2023\/10\/promoting-mental-health-and-psycho-social-support-mhpss-sensitive-journalism-for-peacebuilding-in-rwanda\/","og_locale":"fr_FR","og_type":"article","og_title":"Promoting mental health and psycho-social support (MHPSS) sensitive journalism for peacebuilding in Rwanda","og_description":"The recent World Mental Health Report published by the World Health Organization (WHO) in 2022 highlights the low levels of health literacy regarding mental health as one of the major barriers undermining Mental Health and Psycho-social Support (MHPSS) worldwide. The media, both traditional and new, plays a pivotal role in dismantling these barriers by educating [&hellip;]","og_url":"https:\/\/www.interpeace.org\/fr\/2023\/10\/promoting-mental-health-and-psycho-social-support-mhpss-sensitive-journalism-for-peacebuilding-in-rwanda\/","og_site_name":"Interpeace","article_publisher":"https:\/\/www.facebook.com\/Interpeace","article_published_time":"2023-10-17T20:31:51+00:00","article_modified_time":"2024-02-06T21:56:43+00:00","og_image":[{"width":1500,"height":878,"url":"https:\/\/www.interpeace.org\/wp-content\/uploads\/2023\/10\/JournalistsMHPSS1.jpeg","type":"image\/jpeg"}],"author":"Alejandro","twitter_card":"summary_large_image","twitter_creator":"@InterpeaceTweet","twitter_site":"@InterpeaceTweet","twitter_misc":{"\u00c9crit par":"Alejandro","Dur\u00e9e de lecture estim\u00e9e":"4 minutes"},"schema":{"@context":"https:\/\/schema.org","@graph":[{"@type":"Article","@id":"https:\/\/www.interpeace.org\/2023\/10\/promoting-mental-health-and-psycho-social-support-mhpss-sensitive-journalism-for-peacebuilding-in-rwanda\/#article","isPartOf":{"@id":"https:\/\/www.interpeace.org\/2023\/10\/promoting-mental-health-and-psycho-social-support-mhpss-sensitive-journalism-for-peacebuilding-in-rwanda\/"},"author":{"name":"Alejandro","@id":"https:\/\/www.interpeace.org\/#\/schema\/person\/75fea8ede2ce310d5f1bea81166bf9a1"},"headline":"Promoting mental health and psycho-social support (MHPSS) sensitive journalism for peacebuilding in Rwanda","datePublished":"2023-10-17T20:31:51+00:00","dateModified":"2024-02-06T21:56:43+00:00","mainEntityOfPage":{"@id":"https:\/\/www.interpeace.org\/2023\/10\/promoting-mental-health-and-psycho-social-support-mhpss-sensitive-journalism-for-peacebuilding-in-rwanda\/"},"wordCount":567,"publisher":{"@id":"https:\/\/www.interpeace.org\/#organization"},"image":{"@id":"https:\/\/www.interpeace.org\/2023\/10\/promoting-mental-health-and-psycho-social-support-mhpss-sensitive-journalism-for-peacebuilding-in-rwanda\/#primaryimage"},"thumbnailUrl":"https:\/\/www.interpeace.org\/wp-content\/uploads\/2023\/10\/JournalistsMHPSS1.jpeg","articleSection":["Uncategorized"],"inLanguage":"fr-FR"},{"@type":"WebPage","@id":"https:\/\/www.interpeace.org\/2023\/10\/promoting-mental-health-and-psycho-social-support-mhpss-sensitive-journalism-for-peacebuilding-in-rwanda\/","url":"https:\/\/www.interpeace.org\/2023\/10\/promoting-mental-health-and-psycho-social-support-mhpss-sensitive-journalism-for-peacebuilding-in-rwanda\/","name":"Promoting mental health and psycho-social support (MHPSS) sensitive journalism for peacebuilding in Rwanda - Interpeace","isPartOf":{"@id":"https:\/\/www.interpeace.org\/#website"},"primaryImageOfPage":{"@id":"https:\/\/www.interpeace.org\/2023\/10\/promoting-mental-health-and-psycho-social-support-mhpss-sensitive-journalism-for-peacebuilding-in-rwanda\/#primaryimage"},"image":{"@id":"https:\/\/www.interpeace.org\/2023\/10\/promoting-mental-health-and-psycho-social-support-mhpss-sensitive-journalism-for-peacebuilding-in-rwanda\/#primaryimage"},"thumbnailUrl":"https:\/\/www.interpeace.org\/wp-content\/uploads\/2023\/10\/JournalistsMHPSS1.jpeg","datePublished":"2023-10-17T20:31:51+00:00","dateModified":"2024-02-06T21:56:43+00:00","breadcrumb":{"@id":"https:\/\/www.interpeace.org\/2023\/10\/promoting-mental-health-and-psycho-social-support-mhpss-sensitive-journalism-for-peacebuilding-in-rwanda\/#breadcrumb"},"inLanguage":"fr-FR","potentialAction":[{"@type":"ReadAction","target":["https:\/\/www.interpeace.org\/2023\/10\/promoting-mental-health-and-psycho-social-support-mhpss-sensitive-journalism-for-peacebuilding-in-rwanda\/"]}]},{"@type":"ImageObject","inLanguage":"fr-FR","@id":"https:\/\/www.interpeace.org\/2023\/10\/promoting-mental-health-and-psycho-social-support-mhpss-sensitive-journalism-for-peacebuilding-in-rwanda\/#primaryimage","url":"https:\/\/www.interpeace.org\/wp-content\/uploads\/2023\/10\/JournalistsMHPSS1.jpeg","contentUrl":"https:\/\/www.interpeace.org\/wp-content\/uploads\/2023\/10\/JournalistsMHPSS1.jpeg","width":1500,"height":878},{"@type":"BreadcrumbList","@id":"https:\/\/www.interpeace.org\/2023\/10\/promoting-mental-health-and-psycho-social-support-mhpss-sensitive-journalism-for-peacebuilding-in-rwanda\/#breadcrumb","itemListElement":[{"@type":"ListItem","position":1,"name":"Home","item":"https:\/\/www.interpeace.org\/"},{"@type":"ListItem","position":2,"name":"Promoting mental health and psycho-social support (MHPSS) sensitive journalism for peacebuilding in Rwanda"}]},{"@type":"WebSite","@id":"https:\/\/www.interpeace.org\/#website","url":"https:\/\/www.interpeace.org\/","name":"Interpeace","description":"Permettre aux gens de construire une paix durable depuis 1994","publisher":{"@id":"https:\/\/www.interpeace.org\/#organization"},"potentialAction":[{"@type":"SearchAction","target":{"@type":"EntryPoint","urlTemplate":"https:\/\/www.interpeace.org\/?s={search_term_string}"},"query-input":{"@type":"PropertyValueSpecification","valueRequired":true,"valueName":"search_term_string"}}],"inLanguage":"fr-FR"},{"@type":"Organization","@id":"https:\/\/www.interpeace.org\/#organization","name":"INTERPEACE","url":"https:\/\/www.interpeace.org\/","logo":{"@type":"ImageObject","inLanguage":"fr-FR","@id":"https:\/\/www.interpeace.org\/#\/schema\/logo\/image\/","url":"https:\/\/www.interpeace.org\/wp-content\/uploads\/2019\/11\/EN-Interpeace-small.png","contentUrl":"https:\/\/www.interpeace.org\/wp-content\/uploads\/2019\/11\/EN-Interpeace-small.png","width":111,"height":85,"caption":"INTERPEACE"},"image":{"@id":"https:\/\/www.interpeace.org\/#\/schema\/logo\/image\/"},"sameAs":["https:\/\/www.facebook.com\/Interpeace","https:\/\/x.com\/InterpeaceTweet","https:\/\/www.instagram.com\/interpeace\/"]},{"@type":"Person","@id":"https:\/\/www.interpeace.org\/#\/schema\/person\/75fea8ede2ce310d5f1bea81166bf9a1","name":"Alejandro","image":{"@type":"ImageObject","inLanguage":"fr-FR","@id":"https:\/\/secure.gravatar.com\/avatar\/a5627fb156910981ea3ab2405e881b80c8234e50bb58a577081f805dd3bfd753?s=96&d=mm&r=g","url":"https:\/\/secure.gravatar.com\/avatar\/a5627fb156910981ea3ab2405e881b80c8234e50bb58a577081f805dd3bfd753?s=96&d=mm&r=g","contentUrl":"https:\/\/secure.gravatar.com\/avatar\/a5627fb156910981ea3ab2405e881b80c8234e50bb58a577081f805dd3bfd753?s=96&d=mm&r=g","caption":"Alejandro"},"url":"https:\/\/www.interpeace.org\/fr\/author\/amoralesruiz-gm\/"}]}},"_links":{"self":[{"href":"https:\/\/www.interpeace.org\/fr\/wp-json\/wp\/v2\/posts\/15190","targetHints":{"allow":["GET"]}}],"collection":[{"href":"https:\/\/www.interpeace.org\/fr\/wp-json\/wp\/v2\/posts"}],"about":[{"href":"https:\/\/www.interpeace.org\/fr\/wp-json\/wp\/v2\/types\/post"}],"author":[{"embeddable":true,"href":"https:\/\/www.interpeace.org\/fr\/wp-json\/wp\/v2\/users\/1"}],"replies":[{"embeddable":true,"href":"https:\/\/www.interpeace.org\/fr\/wp-json\/wp\/v2\/comments?post=15190"}],"version-history":[{"count":0,"href":"https:\/\/www.interpeace.org\/fr\/wp-json\/wp\/v2\/posts\/15190\/revisions"}],"wp:featuredmedia":[{"embeddable":true,"href":"https:\/\/www.interpeace.org\/fr\/wp-json\/wp\/v2\/media\/15104"}],"wp:attachment":[{"href":"https:\/\/www.interpeace.org\/fr\/wp-json\/wp\/v2\/media?parent=15190"}],"wp:term":[{"taxonomy":"category","embeddable":true,"href":"https:\/\/www.interpeace.org\/fr\/wp-json\/wp\/v2\/categories?post=15190"},{"taxonomy":"post_tag","embeddable":true,"href":"https:\/\/www.interpeace.org\/fr\/wp-json\/wp\/v2\/tags?post=15190"},{"taxonomy":"globales","embeddable":true,"href":"https:\/\/www.interpeace.org\/fr\/wp-json\/wp\/v2\/globales?post=15190"},{"taxonomy":"initiatives","embeddable":true,"href":"https:\/\/www.interpeace.org\/fr\/wp-json\/wp\/v2\/initiatives?post=15190"},{"taxonomy":"news_type","embeddable":true,"href":"https:\/\/www.interpeace.org\/fr\/wp-json\/wp\/v2\/news_type?post=15190"},{"taxonomy":"programmes","embeddable":true,"href":"https:\/\/www.interpeace.org\/fr\/wp-json\/wp\/v2\/programmes?post=15190"},{"taxonomy":"resource_theme","embeddable":true,"href":"https:\/\/www.interpeace.org\/fr\/wp-json\/wp\/v2\/resource_theme?post=15190"},{"taxonomy":"videos_vimeo","embeddable":true,"href":"https:\/\/www.interpeace.org\/fr\/wp-json\/wp\/v2\/videos_vimeo?post=15190"}],"curies":[{"name":"wp","href":"https:\/\/api.w.org\/{rel}","templated":true}]}}