{"id":14371,"date":"2023-10-18T19:54:49","date_gmt":"2023-10-18T17:54:49","guid":{"rendered":"https:\/\/www.interpeace.org\/?p=14371"},"modified":"2024-02-28T22:50:30","modified_gmt":"2024-02-28T21:50:30","slug":"linclusivite-comme-levier-de-resilience-et-de-cohesion-sociale","status":"publish","type":"post","link":"https:\/\/www.interpeace.org\/fr\/2023\/10\/linclusivite-comme-levier-de-resilience-et-de-cohesion-sociale\/","title":{"rendered":"L\u2019inclusivit\u00e9 comme levier de r\u00e9silience et de coh\u00e9sion sociale"},"content":{"rendered":"<p>Le Mali est confront\u00e9 depuis 2012 \u00e0 une ins\u00e9curit\u00e9 croissante. La signature en 2015 d\u2019un accord pour la paix et la r\u00e9conciliation, espoir vers une paix retrouv\u00e9e, n\u2019a pas \u00e9t\u00e9 suivie dans sa mise \u0153uvre en raison de nombreux d\u00e9fis.<\/p>\n<p>Parmi ceux-ci figure le manque d\u2019inclusivit\u00e9 et de participation des populations concern\u00e9es. Ces personnes ne sont pas suffisamment associ\u00e9es au m\u00e9canisme op\u00e9rationnel de coordination (MOC), pilier de l\u2019accord, \u00e0 la gestion de la s\u00e9curit\u00e9 et au processus de d\u00e9sarmement, d\u00e9mobilisation et r\u00e9insertion (DDR). Elles ne sont pas prises en compte dans les initiatives mises en place par les acteurs internationaux.<\/p>\n<p>L\u2019analyse locale des dynamiques de conflit et de r\u00e9silience \u00e0 Gao et \u00e0 Mopti, ainsi que d\u2019autres recherches men\u00e9es par Interpeace et l\u2019Institut Malien de Recherche-Action pour la Paix (IMRAP) ont mis en exergue les tensions existantes et potentielles qui d\u00e9coulent du manque d\u2019inclusivit\u00e9.<\/p>\n<p>Les consultations de l\u2019IMRAP\/Interpeace ont aussi fait ressortir l\u2019existence d\u2019attentes profondes envers le processus de DDR de la part des populations qui le voient comme un facilitateur \u00e0 l\u2019emploi et un droit qui leur est d\u00fb.<\/p>\n<p>C\u2019est en r\u00e9ponse aux d\u00e9fis que le projet 5P\u00a0(Pour un processus de paix plus participatif et appropri\u00e9) a contribu\u00e9 \u00e0 une collaboration durable et efficace pour la paix en\u00a0:<\/p>\n<ul>\n<li>R\u00e9duisant les tensions, particuli\u00e8rement celles impliquant les femmes, et en pr\u00e9venant des conflits dans les r\u00e9gions de Gao, Tombouctou et Mopti \u00e0 travers l\u2019appropriation du processus DDR par l\u2019ensemble des acteurs concern\u00e9s ;<\/li>\n<li>Renfor\u00e7ant les relations entre le MOC et les populations, en particulier les femmes, \u00e0 Gao, Tombouctou et Kidal afin d\u2019am\u00e9liorer la coh\u00e9sion sociale dans le Nord du Mali ;<\/li>\n<li>Renfor\u00e7ant les m\u00e9canismes et capacit\u00e9s de gestion inclusive et participative de la s\u00e9curit\u00e9;<\/li>\n<li>Am\u00e9liorant la compr\u00e9hension mutuelle entre les populations (en particulier jeunes et femmes) et instances \u00e9tatiques r\u00e9gionales et nationales autour de leur r\u00f4les et attentes concernant le processus DDR ;<\/li>\n<li>Mettant en place ou renfor\u00e7ant des m\u00e9canismes de collaboration entre populations et instances \u00e9tatiques concern\u00e9es par le processus DDR.<\/li>\n<\/ul>\n<p><strong>Les femmes pour une large sensibilisation autour du D\u00e9sarmement, D\u00e9mobilisation et R\u00e9insertion \u2013 DDR<\/strong><\/p>\n<p>Apr\u00e8s avoir fait le constat de la faible information\/implication des femmes dans le m\u00e9canisme de fonctionnement du DDR, la Coordination des Associations et ONG F\u00e9minines du Mali (CAFO) sous le leadership de sa pr\u00e9sidente r\u00e9gionale (Mopti) a pu conduire une vaste campagne d\u2019information et de sensibilisation \u00e0 l\u2019adresse des familles \u00e9largies \u00e0 toutes les communaut\u00e9s. Cette initiative a eu des r\u00e9sultats palpables sur les femmes et les jeunes. Elle a \u00e9t\u00e9 rendue possible gr\u00e2ce au soutien technique et financier d\u2019IMRAP et son partenaire Interpeace.<\/p>\n<p><iframe loading=\"lazy\" title=\"Les femmes pour une large sensibilisation autour du D\u00e9sarmement, D\u00e9mobilisation et R\u00e9insertion - DDR\" width=\"500\" height=\"281\" src=\"https:\/\/www.youtube.com\/embed\/QtOoiYmmdTI?feature=oembed\" frameborder=\"0\" allow=\"accelerometer; autoplay; clipboard-write; encrypted-media; gyroscope; picture-in-picture; web-share\" referrerpolicy=\"strict-origin-when-cross-origin\" allowfullscreen><\/iframe><\/p>\n<p>&nbsp;<\/p>\n<p><strong>Les activit\u00e9s culturelles au c\u0153ur de la coh\u00e9sion sociale et le vivre ensemble au nord du Mali (Tombouctou)<\/strong><\/p>\n<p>Avec la crise multidimensionnelle qui secoue le Mali tout entier et singuli\u00e8rement le nord \u00e0 Tombouctou, les liens socioculturels entre les diff\u00e9rentes ethnies \u00e9taient profond\u00e9ment fragilit\u00e9s, en raison de l'amalgame et de la m\u00e9fiance entre les diff\u00e9rentes communaut\u00e9s. Les recommandations issues des dialogues communautaires ont permis \u00e0 l\u2019association pour l\u2019autonomisation de la femme et la paix d\u2019initier une initiative communautaire soutenue par IMRAP et son partenaire Interpeace. Il s\u2019agit du forum de danses traditionnelles pour la coh\u00e9sion sociale et le vivre ensemble.<\/p>\n<p><iframe loading=\"lazy\" title=\"Les activit\u00e9s culturelles au c\u0153ur de la coh\u00e9sion sociale et le vivre ensemble au nord du Mali\" width=\"500\" height=\"281\" src=\"https:\/\/www.youtube.com\/embed\/m-rm2PSAlwg?feature=oembed\" frameborder=\"0\" allow=\"accelerometer; autoplay; clipboard-write; encrypted-media; gyroscope; picture-in-picture; web-share\" referrerpolicy=\"strict-origin-when-cross-origin\" allowfullscreen><\/iframe><\/p>\n<p>&nbsp;<\/p>\n<p><strong>Les activit\u00e9s socio\u00e9ducatives, une alternative contre l\u2019enr\u00f4lement des jeunes et l\u2019extr\u00e9misme violent<\/strong><\/p>\n<p>Avec la crise multidimensionnelle qui secoue le Mali tout entier et singuli\u00e8rement le nord \u00e0 Tombouctou, les jeunes et les femmes \u00e9taient les plus vuln\u00e9rables. Singuli\u00e8rement, ils faisaient l\u2019objet d\u2019intimidation et d\u2019enr\u00f4lement par les djihadistes, car toutes les \u00e9coles \u00e9taient ferm\u00e9es. A l\u2019issue des assises communautaires, l\u2019association pour l\u2019autonomisation de la femme et la paix avec l\u2019appui d\u2019IMRAP et son partenaire Interpeace a initi\u00e9 un concours artistique interscolaire avec comme th\u00e8me central \u00ab la pr\u00e9vention contre l\u2019extr\u00e9misme violent en milieu scolaire \u00bb. Les r\u00e9sultats engrang\u00e9s sont salutaires.<\/p>\n<p><iframe loading=\"lazy\" title=\"Les activit\u00e9s socio\u00e9ducatives une alternative contre l\u2019enr\u00f4lement des jeunes et l\u2019extr\u00e9misme violent\" width=\"500\" height=\"281\" src=\"https:\/\/www.youtube.com\/embed\/qk3LvmiWgXM?feature=oembed\" frameborder=\"0\" allow=\"accelerometer; autoplay; clipboard-write; encrypted-media; gyroscope; picture-in-picture; web-share\" referrerpolicy=\"strict-origin-when-cross-origin\" allowfullscreen><\/iframe><\/p>\n<p>&nbsp;<\/p>\n<p><strong>Les groupes de discussion, une opportunit\u00e9 de visibilit\u00e9 pour les services de formation professionnelle<\/strong><\/p>\n<p>Les groupes de discussion initi\u00e9s dans le cadre du projet ont servi de cadre pour donner plus de visibilit\u00e9 aux diff\u00e9rents services de la formation professionnelle. Ceux-ci ont constitu\u00e9 de levier pour soutenir le processus du DDR en termes de formation et d\u2019insertion professionnelle.<\/p>\n<p><iframe loading=\"lazy\" title=\"Groupes de discussion, une opportunit\u00e9 de visibilit\u00e9 pour les services de formation professionnelle\" width=\"500\" height=\"281\" src=\"https:\/\/www.youtube.com\/embed\/-EOkaTssWpg?feature=oembed\" frameborder=\"0\" allow=\"accelerometer; autoplay; clipboard-write; encrypted-media; gyroscope; picture-in-picture; web-share\" referrerpolicy=\"strict-origin-when-cross-origin\" allowfullscreen><\/iframe><\/p>\n<p>&nbsp;<\/p>\n<p><strong>Les femmes formulent des recommandations et participent \u00e0 la prise de d\u00e9cision \u00e0 l\u2019issue des groupes de discussion.<\/strong><\/p>\n<p>Les femmes du nord \u00e0 travers notamment l\u2019association pour le progr\u00e8s et la d\u00e9fense des droits des femmes collaborent \u00e9troitement avec les Force de D\u00e9fense et de S\u00e9curit\u00e9 (FDS) et participent \u00e0 la prise de d\u00e9cision avec les autorit\u00e9s politico-militaires. Une initiative soutenue par IMRAP et son partenaire Interpeace.<\/p>\n<p><iframe loading=\"lazy\" title=\"Les femmes formulent des recommandations et participent \u00e0 la prise de d\u00e9cision \u00e0 l\u2019issue des groupes\" width=\"500\" height=\"281\" src=\"https:\/\/www.youtube.com\/embed\/3SOTX-meysA?feature=oembed\" frameborder=\"0\" allow=\"accelerometer; autoplay; clipboard-write; encrypted-media; gyroscope; picture-in-picture; web-share\" referrerpolicy=\"strict-origin-when-cross-origin\" allowfullscreen><\/iframe><\/p>\n<p>&nbsp;<\/p>\n<p>&nbsp;<\/p>","protected":false},"excerpt":{"rendered":"<p>Le Mali est confront\u00e9 depuis 2012 \u00e0 une ins\u00e9curit\u00e9 croissante. La signature en 2015 d\u2019un accord pour la paix et la r\u00e9conciliation, espoir vers une paix retrouv\u00e9e, n\u2019a pas \u00e9t\u00e9 suivie dans sa mise \u0153uvre en raison de nombreux d\u00e9fis. Parmi ceux-ci figure le manque d\u2019inclusivit\u00e9 et de participation des populations concern\u00e9es. Ces personnes ne [&hellip;]<\/p>\n","protected":false},"author":1,"featured_media":15035,"comment_status":"closed","ping_status":"closed","sticky":false,"template":"","format":"standard","meta":{"_acf_changed":false,"_editorskit_title_hidden":false,"_editorskit_reading_time":0,"_editorskit_is_block_options_detached":false,"_editorskit_block_options_position":"{}","editor_plus_copied_stylings":"{}","_exactmetrics_skip_tracking":false,"_exactmetrics_sitenote_active":false,"_exactmetrics_sitenote_note":"","_exactmetrics_sitenote_category":0,"footnotes":"","_links_to":"","_links_to_target":""},"categories":[1],"tags":[],"globales":[],"initiatives":[],"news_type":[],"programmes":[219,67,72],"resource_theme":[],"videos_vimeo":[],"class_list":["post-14371","post","type-post","status-publish","format-standard","has-post-thumbnail","hentry","category-uncategorized","programmes-mali-2","programmes-west-africa","programmes-mali"],"acf":[],"yoast_head":"<!-- This site is optimized with the Yoast SEO Premium plugin v27.4 (Yoast SEO v27.4) - https:\/\/yoast.com\/product\/yoast-seo-premium-wordpress\/ -->\n<title>L\u2019inclusivit\u00e9 comme levier de r\u00e9silience et de coh\u00e9sion sociale - Interpeace<\/title>\n<meta name=\"robots\" content=\"index, follow, max-snippet:-1, max-image-preview:large, max-video-preview:-1\" \/>\n<link rel=\"canonical\" href=\"https:\/\/www.interpeace.org\/fr\/2023\/10\/linclusivite-comme-levier-de-resilience-et-de-cohesion-sociale\/\" \/>\n<meta property=\"og:locale\" content=\"fr_FR\" \/>\n<meta property=\"og:type\" content=\"article\" \/>\n<meta property=\"og:title\" content=\"L\u2019inclusivit\u00e9 comme levier de r\u00e9silience et de coh\u00e9sion sociale\" \/>\n<meta property=\"og:description\" content=\"Le Mali est confront\u00e9 depuis 2012 \u00e0 une ins\u00e9curit\u00e9 croissante. La signature en 2015 d\u2019un accord pour la paix et la r\u00e9conciliation, espoir vers une paix retrouv\u00e9e, n\u2019a pas \u00e9t\u00e9 suivie dans sa mise \u0153uvre en raison de nombreux d\u00e9fis. Parmi ceux-ci figure le manque d\u2019inclusivit\u00e9 et de participation des populations concern\u00e9es. Ces personnes ne [&hellip;]\" \/>\n<meta property=\"og:url\" content=\"https:\/\/www.interpeace.org\/fr\/2023\/10\/linclusivite-comme-levier-de-resilience-et-de-cohesion-sociale\/\" \/>\n<meta property=\"og:site_name\" content=\"Interpeace\" \/>\n<meta property=\"article:publisher\" content=\"https:\/\/www.facebook.com\/Interpeace\" \/>\n<meta property=\"article:published_time\" content=\"2023-10-18T17:54:49+00:00\" \/>\n<meta property=\"article:modified_time\" content=\"2024-02-28T21:50:30+00:00\" \/>\n<meta property=\"og:image\" content=\"https:\/\/www.interpeace.org\/wp-content\/uploads\/2023\/09\/Fadima-2_Mali-850x500.png\" \/>\n\t<meta property=\"og:image:width\" content=\"850\" \/>\n\t<meta property=\"og:image:height\" content=\"500\" \/>\n\t<meta property=\"og:image:type\" content=\"image\/png\" \/>\n<meta name=\"author\" content=\"Alejandro\" \/>\n<meta name=\"twitter:card\" content=\"summary_large_image\" \/>\n<meta name=\"twitter:creator\" content=\"@InterpeaceTweet\" \/>\n<meta name=\"twitter:site\" content=\"@InterpeaceTweet\" \/>\n<meta name=\"twitter:label1\" content=\"\u00c9crit par\" \/>\n\t<meta name=\"twitter:data1\" content=\"Alejandro\" \/>\n\t<meta name=\"twitter:label2\" content=\"Dur\u00e9e de lecture estim\u00e9e\" \/>\n\t<meta name=\"twitter:data2\" content=\"4 minutes\" \/>\n<script type=\"application\/ld+json\" class=\"yoast-schema-graph\">{\"@context\":\"https:\\\/\\\/schema.org\",\"@graph\":[{\"@type\":\"Article\",\"@id\":\"https:\\\/\\\/www.interpeace.org\\\/2023\\\/10\\\/linclusivite-comme-levier-de-resilience-et-de-cohesion-sociale\\\/#article\",\"isPartOf\":{\"@id\":\"https:\\\/\\\/www.interpeace.org\\\/2023\\\/10\\\/linclusivite-comme-levier-de-resilience-et-de-cohesion-sociale\\\/\"},\"author\":{\"name\":\"Alejandro\",\"@id\":\"https:\\\/\\\/www.interpeace.org\\\/#\\\/schema\\\/person\\\/75fea8ede2ce310d5f1bea81166bf9a1\"},\"headline\":\"L\u2019inclusivit\u00e9 comme levier de r\u00e9silience et de coh\u00e9sion sociale\",\"datePublished\":\"2023-10-18T17:54:49+00:00\",\"dateModified\":\"2024-02-28T21:50:30+00:00\",\"mainEntityOfPage\":{\"@id\":\"https:\\\/\\\/www.interpeace.org\\\/2023\\\/10\\\/linclusivite-comme-levier-de-resilience-et-de-cohesion-sociale\\\/\"},\"wordCount\":927,\"publisher\":{\"@id\":\"https:\\\/\\\/www.interpeace.org\\\/#organization\"},\"image\":{\"@id\":\"https:\\\/\\\/www.interpeace.org\\\/2023\\\/10\\\/linclusivite-comme-levier-de-resilience-et-de-cohesion-sociale\\\/#primaryimage\"},\"thumbnailUrl\":\"https:\\\/\\\/www.interpeace.org\\\/wp-content\\\/uploads\\\/2023\\\/09\\\/Fadima-2_Mali.png\",\"articleSection\":[\"Uncategorized\"],\"inLanguage\":\"fr-FR\"},{\"@type\":\"WebPage\",\"@id\":\"https:\\\/\\\/www.interpeace.org\\\/2023\\\/10\\\/linclusivite-comme-levier-de-resilience-et-de-cohesion-sociale\\\/\",\"url\":\"https:\\\/\\\/www.interpeace.org\\\/2023\\\/10\\\/linclusivite-comme-levier-de-resilience-et-de-cohesion-sociale\\\/\",\"name\":\"L\u2019inclusivit\u00e9 comme levier de r\u00e9silience et de coh\u00e9sion sociale - Interpeace\",\"isPartOf\":{\"@id\":\"https:\\\/\\\/www.interpeace.org\\\/#website\"},\"primaryImageOfPage\":{\"@id\":\"https:\\\/\\\/www.interpeace.org\\\/2023\\\/10\\\/linclusivite-comme-levier-de-resilience-et-de-cohesion-sociale\\\/#primaryimage\"},\"image\":{\"@id\":\"https:\\\/\\\/www.interpeace.org\\\/2023\\\/10\\\/linclusivite-comme-levier-de-resilience-et-de-cohesion-sociale\\\/#primaryimage\"},\"thumbnailUrl\":\"https:\\\/\\\/www.interpeace.org\\\/wp-content\\\/uploads\\\/2023\\\/09\\\/Fadima-2_Mali.png\",\"datePublished\":\"2023-10-18T17:54:49+00:00\",\"dateModified\":\"2024-02-28T21:50:30+00:00\",\"breadcrumb\":{\"@id\":\"https:\\\/\\\/www.interpeace.org\\\/2023\\\/10\\\/linclusivite-comme-levier-de-resilience-et-de-cohesion-sociale\\\/#breadcrumb\"},\"inLanguage\":\"fr-FR\",\"potentialAction\":[{\"@type\":\"ReadAction\",\"target\":[\"https:\\\/\\\/www.interpeace.org\\\/2023\\\/10\\\/linclusivite-comme-levier-de-resilience-et-de-cohesion-sociale\\\/\"]}]},{\"@type\":\"ImageObject\",\"inLanguage\":\"fr-FR\",\"@id\":\"https:\\\/\\\/www.interpeace.org\\\/2023\\\/10\\\/linclusivite-comme-levier-de-resilience-et-de-cohesion-sociale\\\/#primaryimage\",\"url\":\"https:\\\/\\\/www.interpeace.org\\\/wp-content\\\/uploads\\\/2023\\\/09\\\/Fadima-2_Mali.png\",\"contentUrl\":\"https:\\\/\\\/www.interpeace.org\\\/wp-content\\\/uploads\\\/2023\\\/09\\\/Fadima-2_Mali.png\",\"width\":2192,\"height\":1290},{\"@type\":\"BreadcrumbList\",\"@id\":\"https:\\\/\\\/www.interpeace.org\\\/2023\\\/10\\\/linclusivite-comme-levier-de-resilience-et-de-cohesion-sociale\\\/#breadcrumb\",\"itemListElement\":[{\"@type\":\"ListItem\",\"position\":1,\"name\":\"Home\",\"item\":\"https:\\\/\\\/www.interpeace.org\\\/\"},{\"@type\":\"ListItem\",\"position\":2,\"name\":\"L\u2019inclusivit\u00e9 comme levier de r\u00e9silience et de coh\u00e9sion sociale\"}]},{\"@type\":\"WebSite\",\"@id\":\"https:\\\/\\\/www.interpeace.org\\\/#website\",\"url\":\"https:\\\/\\\/www.interpeace.org\\\/\",\"name\":\"Interpeace\",\"description\":\"Enabling people to build lasting peace since 1994\",\"publisher\":{\"@id\":\"https:\\\/\\\/www.interpeace.org\\\/#organization\"},\"potentialAction\":[{\"@type\":\"SearchAction\",\"target\":{\"@type\":\"EntryPoint\",\"urlTemplate\":\"https:\\\/\\\/www.interpeace.org\\\/?s={search_term_string}\"},\"query-input\":{\"@type\":\"PropertyValueSpecification\",\"valueRequired\":true,\"valueName\":\"search_term_string\"}}],\"inLanguage\":\"fr-FR\"},{\"@type\":\"Organization\",\"@id\":\"https:\\\/\\\/www.interpeace.org\\\/#organization\",\"name\":\"INTERPEACE\",\"url\":\"https:\\\/\\\/www.interpeace.org\\\/\",\"logo\":{\"@type\":\"ImageObject\",\"inLanguage\":\"fr-FR\",\"@id\":\"https:\\\/\\\/www.interpeace.org\\\/#\\\/schema\\\/logo\\\/image\\\/\",\"url\":\"https:\\\/\\\/www.interpeace.org\\\/wp-content\\\/uploads\\\/2019\\\/11\\\/EN-Interpeace-small.png\",\"contentUrl\":\"https:\\\/\\\/www.interpeace.org\\\/wp-content\\\/uploads\\\/2019\\\/11\\\/EN-Interpeace-small.png\",\"width\":111,\"height\":85,\"caption\":\"INTERPEACE\"},\"image\":{\"@id\":\"https:\\\/\\\/www.interpeace.org\\\/#\\\/schema\\\/logo\\\/image\\\/\"},\"sameAs\":[\"https:\\\/\\\/www.facebook.com\\\/Interpeace\",\"https:\\\/\\\/x.com\\\/InterpeaceTweet\",\"https:\\\/\\\/www.instagram.com\\\/interpeace\\\/\"]},{\"@type\":\"Person\",\"@id\":\"https:\\\/\\\/www.interpeace.org\\\/#\\\/schema\\\/person\\\/75fea8ede2ce310d5f1bea81166bf9a1\",\"name\":\"Alejandro\",\"image\":{\"@type\":\"ImageObject\",\"inLanguage\":\"fr-FR\",\"@id\":\"https:\\\/\\\/secure.gravatar.com\\\/avatar\\\/a5627fb156910981ea3ab2405e881b80c8234e50bb58a577081f805dd3bfd753?s=96&d=mm&r=g\",\"url\":\"https:\\\/\\\/secure.gravatar.com\\\/avatar\\\/a5627fb156910981ea3ab2405e881b80c8234e50bb58a577081f805dd3bfd753?s=96&d=mm&r=g\",\"contentUrl\":\"https:\\\/\\\/secure.gravatar.com\\\/avatar\\\/a5627fb156910981ea3ab2405e881b80c8234e50bb58a577081f805dd3bfd753?s=96&d=mm&r=g\",\"caption\":\"Alejandro\"},\"url\":\"https:\\\/\\\/www.interpeace.org\\\/fr\\\/author\\\/amoralesruiz-gm\\\/\"}]}<\/script>\n<!-- \/ Yoast SEO Premium plugin. -->","yoast_head_json":{"title":"L\u2019inclusivit\u00e9 comme levier de r\u00e9silience et de coh\u00e9sion sociale - Interpeace","robots":{"index":"index","follow":"follow","max-snippet":"max-snippet:-1","max-image-preview":"max-image-preview:large","max-video-preview":"max-video-preview:-1"},"canonical":"https:\/\/www.interpeace.org\/fr\/2023\/10\/linclusivite-comme-levier-de-resilience-et-de-cohesion-sociale\/","og_locale":"fr_FR","og_type":"article","og_title":"L\u2019inclusivit\u00e9 comme levier de r\u00e9silience et de coh\u00e9sion sociale","og_description":"Le Mali est confront\u00e9 depuis 2012 \u00e0 une ins\u00e9curit\u00e9 croissante. La signature en 2015 d\u2019un accord pour la paix et la r\u00e9conciliation, espoir vers une paix retrouv\u00e9e, n\u2019a pas \u00e9t\u00e9 suivie dans sa mise \u0153uvre en raison de nombreux d\u00e9fis. Parmi ceux-ci figure le manque d\u2019inclusivit\u00e9 et de participation des populations concern\u00e9es. Ces personnes ne [&hellip;]","og_url":"https:\/\/www.interpeace.org\/fr\/2023\/10\/linclusivite-comme-levier-de-resilience-et-de-cohesion-sociale\/","og_site_name":"Interpeace","article_publisher":"https:\/\/www.facebook.com\/Interpeace","article_published_time":"2023-10-18T17:54:49+00:00","article_modified_time":"2024-02-28T21:50:30+00:00","og_image":[{"width":850,"height":500,"url":"https:\/\/www.interpeace.org\/wp-content\/uploads\/2023\/09\/Fadima-2_Mali-850x500.png","type":"image\/png"}],"author":"Alejandro","twitter_card":"summary_large_image","twitter_creator":"@InterpeaceTweet","twitter_site":"@InterpeaceTweet","twitter_misc":{"\u00c9crit par":"Alejandro","Dur\u00e9e de lecture estim\u00e9e":"4 minutes"},"schema":{"@context":"https:\/\/schema.org","@graph":[{"@type":"Article","@id":"https:\/\/www.interpeace.org\/2023\/10\/linclusivite-comme-levier-de-resilience-et-de-cohesion-sociale\/#article","isPartOf":{"@id":"https:\/\/www.interpeace.org\/2023\/10\/linclusivite-comme-levier-de-resilience-et-de-cohesion-sociale\/"},"author":{"name":"Alejandro","@id":"https:\/\/www.interpeace.org\/#\/schema\/person\/75fea8ede2ce310d5f1bea81166bf9a1"},"headline":"L\u2019inclusivit\u00e9 comme levier de r\u00e9silience et de coh\u00e9sion sociale","datePublished":"2023-10-18T17:54:49+00:00","dateModified":"2024-02-28T21:50:30+00:00","mainEntityOfPage":{"@id":"https:\/\/www.interpeace.org\/2023\/10\/linclusivite-comme-levier-de-resilience-et-de-cohesion-sociale\/"},"wordCount":927,"publisher":{"@id":"https:\/\/www.interpeace.org\/#organization"},"image":{"@id":"https:\/\/www.interpeace.org\/2023\/10\/linclusivite-comme-levier-de-resilience-et-de-cohesion-sociale\/#primaryimage"},"thumbnailUrl":"https:\/\/www.interpeace.org\/wp-content\/uploads\/2023\/09\/Fadima-2_Mali.png","articleSection":["Uncategorized"],"inLanguage":"fr-FR"},{"@type":"WebPage","@id":"https:\/\/www.interpeace.org\/2023\/10\/linclusivite-comme-levier-de-resilience-et-de-cohesion-sociale\/","url":"https:\/\/www.interpeace.org\/2023\/10\/linclusivite-comme-levier-de-resilience-et-de-cohesion-sociale\/","name":"L\u2019inclusivit\u00e9 comme levier de r\u00e9silience et de coh\u00e9sion sociale - Interpeace","isPartOf":{"@id":"https:\/\/www.interpeace.org\/#website"},"primaryImageOfPage":{"@id":"https:\/\/www.interpeace.org\/2023\/10\/linclusivite-comme-levier-de-resilience-et-de-cohesion-sociale\/#primaryimage"},"image":{"@id":"https:\/\/www.interpeace.org\/2023\/10\/linclusivite-comme-levier-de-resilience-et-de-cohesion-sociale\/#primaryimage"},"thumbnailUrl":"https:\/\/www.interpeace.org\/wp-content\/uploads\/2023\/09\/Fadima-2_Mali.png","datePublished":"2023-10-18T17:54:49+00:00","dateModified":"2024-02-28T21:50:30+00:00","breadcrumb":{"@id":"https:\/\/www.interpeace.org\/2023\/10\/linclusivite-comme-levier-de-resilience-et-de-cohesion-sociale\/#breadcrumb"},"inLanguage":"fr-FR","potentialAction":[{"@type":"ReadAction","target":["https:\/\/www.interpeace.org\/2023\/10\/linclusivite-comme-levier-de-resilience-et-de-cohesion-sociale\/"]}]},{"@type":"ImageObject","inLanguage":"fr-FR","@id":"https:\/\/www.interpeace.org\/2023\/10\/linclusivite-comme-levier-de-resilience-et-de-cohesion-sociale\/#primaryimage","url":"https:\/\/www.interpeace.org\/wp-content\/uploads\/2023\/09\/Fadima-2_Mali.png","contentUrl":"https:\/\/www.interpeace.org\/wp-content\/uploads\/2023\/09\/Fadima-2_Mali.png","width":2192,"height":1290},{"@type":"BreadcrumbList","@id":"https:\/\/www.interpeace.org\/2023\/10\/linclusivite-comme-levier-de-resilience-et-de-cohesion-sociale\/#breadcrumb","itemListElement":[{"@type":"ListItem","position":1,"name":"Home","item":"https:\/\/www.interpeace.org\/"},{"@type":"ListItem","position":2,"name":"L\u2019inclusivit\u00e9 comme levier de r\u00e9silience et de coh\u00e9sion sociale"}]},{"@type":"WebSite","@id":"https:\/\/www.interpeace.org\/#website","url":"https:\/\/www.interpeace.org\/","name":"Interpeace","description":"Permettre aux gens de construire une paix durable depuis 1994","publisher":{"@id":"https:\/\/www.interpeace.org\/#organization"},"potentialAction":[{"@type":"SearchAction","target":{"@type":"EntryPoint","urlTemplate":"https:\/\/www.interpeace.org\/?s={search_term_string}"},"query-input":{"@type":"PropertyValueSpecification","valueRequired":true,"valueName":"search_term_string"}}],"inLanguage":"fr-FR"},{"@type":"Organization","@id":"https:\/\/www.interpeace.org\/#organization","name":"INTERPEACE","url":"https:\/\/www.interpeace.org\/","logo":{"@type":"ImageObject","inLanguage":"fr-FR","@id":"https:\/\/www.interpeace.org\/#\/schema\/logo\/image\/","url":"https:\/\/www.interpeace.org\/wp-content\/uploads\/2019\/11\/EN-Interpeace-small.png","contentUrl":"https:\/\/www.interpeace.org\/wp-content\/uploads\/2019\/11\/EN-Interpeace-small.png","width":111,"height":85,"caption":"INTERPEACE"},"image":{"@id":"https:\/\/www.interpeace.org\/#\/schema\/logo\/image\/"},"sameAs":["https:\/\/www.facebook.com\/Interpeace","https:\/\/x.com\/InterpeaceTweet","https:\/\/www.instagram.com\/interpeace\/"]},{"@type":"Person","@id":"https:\/\/www.interpeace.org\/#\/schema\/person\/75fea8ede2ce310d5f1bea81166bf9a1","name":"Alejandro","image":{"@type":"ImageObject","inLanguage":"fr-FR","@id":"https:\/\/secure.gravatar.com\/avatar\/a5627fb156910981ea3ab2405e881b80c8234e50bb58a577081f805dd3bfd753?s=96&d=mm&r=g","url":"https:\/\/secure.gravatar.com\/avatar\/a5627fb156910981ea3ab2405e881b80c8234e50bb58a577081f805dd3bfd753?s=96&d=mm&r=g","contentUrl":"https:\/\/secure.gravatar.com\/avatar\/a5627fb156910981ea3ab2405e881b80c8234e50bb58a577081f805dd3bfd753?s=96&d=mm&r=g","caption":"Alejandro"},"url":"https:\/\/www.interpeace.org\/fr\/author\/amoralesruiz-gm\/"}]}},"_links":{"self":[{"href":"https:\/\/www.interpeace.org\/fr\/wp-json\/wp\/v2\/posts\/14371","targetHints":{"allow":["GET"]}}],"collection":[{"href":"https:\/\/www.interpeace.org\/fr\/wp-json\/wp\/v2\/posts"}],"about":[{"href":"https:\/\/www.interpeace.org\/fr\/wp-json\/wp\/v2\/types\/post"}],"author":[{"embeddable":true,"href":"https:\/\/www.interpeace.org\/fr\/wp-json\/wp\/v2\/users\/1"}],"replies":[{"embeddable":true,"href":"https:\/\/www.interpeace.org\/fr\/wp-json\/wp\/v2\/comments?post=14371"}],"version-history":[{"count":0,"href":"https:\/\/www.interpeace.org\/fr\/wp-json\/wp\/v2\/posts\/14371\/revisions"}],"wp:featuredmedia":[{"embeddable":true,"href":"https:\/\/www.interpeace.org\/fr\/wp-json\/wp\/v2\/media\/15035"}],"wp:attachment":[{"href":"https:\/\/www.interpeace.org\/fr\/wp-json\/wp\/v2\/media?parent=14371"}],"wp:term":[{"taxonomy":"category","embeddable":true,"href":"https:\/\/www.interpeace.org\/fr\/wp-json\/wp\/v2\/categories?post=14371"},{"taxonomy":"post_tag","embeddable":true,"href":"https:\/\/www.interpeace.org\/fr\/wp-json\/wp\/v2\/tags?post=14371"},{"taxonomy":"globales","embeddable":true,"href":"https:\/\/www.interpeace.org\/fr\/wp-json\/wp\/v2\/globales?post=14371"},{"taxonomy":"initiatives","embeddable":true,"href":"https:\/\/www.interpeace.org\/fr\/wp-json\/wp\/v2\/initiatives?post=14371"},{"taxonomy":"news_type","embeddable":true,"href":"https:\/\/www.interpeace.org\/fr\/wp-json\/wp\/v2\/news_type?post=14371"},{"taxonomy":"programmes","embeddable":true,"href":"https:\/\/www.interpeace.org\/fr\/wp-json\/wp\/v2\/programmes?post=14371"},{"taxonomy":"resource_theme","embeddable":true,"href":"https:\/\/www.interpeace.org\/fr\/wp-json\/wp\/v2\/resource_theme?post=14371"},{"taxonomy":"videos_vimeo","embeddable":true,"href":"https:\/\/www.interpeace.org\/fr\/wp-json\/wp\/v2\/videos_vimeo?post=14371"}],"curies":[{"name":"wp","href":"https:\/\/api.w.org\/{rel}","templated":true}]}}