{"id":13945,"date":"2023-07-05T19:56:35","date_gmt":"2023-07-05T17:56:35","guid":{"rendered":"https:\/\/www.interpeace.org\/?p=13945"},"modified":"2024-01-30T19:34:58","modified_gmt":"2024-01-30T18:34:58","slug":"ituri-involving-land-administration-to-prevent-conflicts-between-communities","status":"publish","type":"post","link":"https:\/\/www.interpeace.org\/fr\/2023\/07\/ituri-involving-land-administration-to-prevent-conflicts-between-communities\/","title":{"rendered":"Ituri : impliquer l\u2019administration fonci\u00e8re pour pr\u00e9venir les conflits entre les communaut\u00e9s"},"content":{"rendered":"<p>\u00ab Nous sommes tous la terre\u2026 c\u2019est mieux que la terre nous nourrisse et nous unisse\u2026 \u00bb. <span class=\"ui-provider fz b c d e f g h i j k l m n o p q r s t u v w x y z ab ac ae af ag ah ai aj ak\" dir=\"ltr\">Face aux tensions fonci\u00e8res observ\u00e9es dans le territoire de Mambasa, dans la province de l\u2019Ituri en R\u00e9publique d\u00e9mocratique du Congo (RDC)<\/span>, l\u2019administration a un r\u00f4le \u00e0 jouer pour pr\u00e9venir les conflits.<\/p>\n<p>Dans le bureau de la division du service de cadastre, la nervosit\u00e9 est palpable chaque jour. En ce petit matin, une palabre vient d\u2019opposer deux familles sur les limites des concessions. Pour le chef de division, le non-respect des proc\u00e9dures d\u2019acquisition de la terre est en cause. Ces sc\u00e8nes de tensions se transforment pour la plupart en des conflits violents si certains membres de ce service ne sont pas suffisamment outill\u00e9s sur la gestion des questions fonci\u00e8res.<\/p>\n<p>Pour pr\u00e9venir des affrontements et r\u00e9tablir la paix entre les communaut\u00e9s, Interpeace a lanc\u00e9 une s\u00e9rie de consultations et accompagnements des responsables provinciaux et acteurs locaux de l\u2019administration fonci\u00e8re de l\u2019Ituri. Cette approche est men\u00e9e dans le cadre de la mise en \u0153uvre du projet \"Soutien \u00e0 la m\u00e9diation pour la r\u00e9silience et la paix en Ituri et au Grand Nord-Kivu\" financ\u00e9 par l\u2019Union europ\u00e9enne. Elle est pilot\u00e9e par un consortium de m\u00e9diation regroupant Interpeace, Pole Institute, Action pour la paix et la concorde (APC) et le Centre de coop\u00e9ration internationale de l\u2019Universit\u00e9 de New York.<\/p>\n<p>Fin f\u00e9vrier dernier, un atelier d\u2019accompagnement technique d\u2019une trentaine d\u2019acteurs locaux pour la r\u00e9solution des conflits fonciers en territoire de Mambasa a \u00e9t\u00e9 organis\u00e9. \"Nous devons nous demander quel est l'h\u00e9ritage que nous allons laisser \u00e0 la g\u00e9n\u00e9ration future. Nous devons \u00e9crire notre histoire. Ce n'est pas \u00e9vident que nous puissions l\u00e9guer \u00e0 nos enfants les conflits, les m\u00e9sententes ou les mauvaises choses'', a laiss\u00e9 entendre le charg\u00e9 de programme au sein d\u2019Interpeace, Christian Vangazi, au terme de cette discussion. Au cours de ces deux journ\u00e9es d'\u00e9changes, une trentaine de participants, parmi lesquels les leaders communautaires, ont abord\u00e9 la compr\u00e9hension de la loi et l\u2019identification des contentieux fonciers. S\u2019en est suivi un plan d'action face aux diff\u00e9rends pouvant faire l'objet d'une m\u00e9diation. l\u2019administration a un r\u00f4le \u00e0 jouer pour pr\u00e9venir les conflits CONAREF) ont \u00e9galement \u00e9t\u00e9 \u00e9voqu\u00e9s. <span class=\"ui-provider fz b c d e f g h i j k l m n o p q r s t u v w x y z ab ac ae af ag ah ai aj ak\" dir=\"ltr\">Face aux tensions fonci\u00e8res observ\u00e9es dans le territoire de Mambasa, dans la province de l\u2019Ituri en R\u00e9publique d\u00e9mocratique du Congo (RDC)<\/span>, programme manager at Interpeace.<\/p>\n<p>Au cours des \u00e9changes, les participants ont avou\u00e9 avoir appris de nouvelles connaissances en rapport avec le domaine foncier. Pour eux, cette remise \u00e0 niveau constitue une \u00e9cole d'apprentissage pour g\u00e9rer les multiples conflits \u00e0 Mambasa. \"Nous f\u00e9licitons Interpeace pour ce renforcement de capacit\u00e9. Moi j'ai \u00e9t\u00e9 marqu\u00e9 par la proc\u00e9dure d'acquisition de terres et l'historique de la l\u00e9gislation fonci\u00e8re. (...) Vraiment merci beaucoup pour ces rappels\", a affirm\u00e9 un agent du service de l'urbanisme pr\u00e9sent dans la salle. Et le charg\u00e9 de relations publiques au parlement des jeunes de Mambasa, Papy Kalala, d\u2019ajouter : \u00ab il est important de savoir r\u00e9soudre les probl\u00e8mes (...) et la solution passe par une bonne ma\u00eetrise du domaine foncier. (...) Cet atelier est une occasion pour nous tous de renforcer nos connaissances en cette mati\u00e8re \u00bb.<\/p>\n<p>A travers ce projet, Interpeace souhaite mobiliser tous les membres de l\u2019administration fonci\u00e8re dans la r\u00e9solution des conflits fonciers pour r\u00e9tablir la paix et la cohabitation pacifique entre les communaut\u00e9s. \u00ab Je vous appelle \u00e0 nous pr\u00eater main forte dans ce que nous faisons afin que nous puissions d\u00e9raciner tous les conflits et toutes les m\u00e9sententes que conna\u00eet Mambasa. Nous sommes tous la terre et nous retournerons dans la terre \u00bb ,a d\u00e9clar\u00e9 Christian Vangazi .<\/p>\n<p>Impliqu\u00e9 activement dans la mise \u0153uvre de ce projet, l\u2019administrateur militaire adjoint du territoire de Mambasa a exhort\u00e9 les participants \u00e0 ne pas seulement v\u00e9hiculer les messages mais plut\u00f4t \u00e0 vulgariser le cadre l\u00e9gal mis en place par le l\u00e9gislateur. \u00ab Nous devons \u00eatre des mod\u00e8les dans la conduite des actions sur terrain et \u00eatre guid\u00e9s par l'esprit de la loi \u00e9tant donn\u00e9 que nous agissons au nom de l'Etat congolais \u00bb .<\/p>\n<p>Satisfaits, d\u2019autres participants ont avou\u00e9 que c'est gr\u00e2ce \u00e0 cette s\u00e9ance de capacitation qu'ils sont \u00e0 m\u00eame de faire la distinction entre les services de l'administration fonci\u00e8re et celui de l\u2019am\u00e9nagement du territoire. \"J'\u00e9tais dans la confusion. Je ne savais pas qui faisait quoi entre les affaires fonci\u00e8res et le cadastre. (...) Je suis tr\u00e8s reconnaissant envers Interpeace\", a d\u00e9clar\u00e9 le chef de service du plan \u00e0 Mambasa, Jean Maombi. \"Avant cette formation, je pensais que chacun pouvait disposer de la terre comme il pouvait. (...) Gr\u00e2ce \u00e0 cette formation, je viens d'apprendre beaucoup de choses. A nous maintenant de les mettre en pratique afin d'\u00e9viter de cr\u00e9er d'autres conflits fonciers \u00e0 Mambasa\", a affirm\u00e9 pour sa part une conseill\u00e8re aupr\u00e8s du chef de l\u2019un des quartiers de Mambasa, Asha Hamadi.<\/p>\n<p><span class=\"ui-provider fz b c d e f g h i j k l m n o p q r s t u v w x y z ab ac ae af ag ah ai aj ak\" dir=\"ltr\">Pour la coordination territoriale de la soci\u00e9t\u00e9 civile, cette session de renforcement de capacit\u00e9 tombe \u00e0 point nomm\u00e9. Selon sa responsable, Marie-Noelle Anotane, il fallait un \"rappel \u00e0 l'ordre des animateurs de l'administration fonci\u00e8re\", car d'apr\u00e8s elle, \"ce sont les services de l'administration fonci\u00e8re qui sont \u00e0 la base de plusieurs conflits\" \u00e0 Mambasa. Pour rappel, les consultations avec les acteurs de la province de l\u2019Ituri ont \u00e9t\u00e9 men\u00e9es depuis mai 2022 pour identifier les organisations \u0153uvrant dans le domaine de la consolidation de la paix. Celles-ci ont permis de toucher les autorit\u00e9s de l\u2019Etat de si\u00e8ge dans la r\u00e9gion ainsi que les ONG pour rendre plus op\u00e9rationnelle la tenue des m\u00e9diations sur les enjeux conflictuels prioritaires.<\/span><\/p>","protected":false},"excerpt":{"rendered":"<p>\"We are all land; it's better if the land feeds us and unites us...\". Christian Vangazi, Interpeace programme officer Effective land administration plays a crucial role in preventing conflicts between communities. Properly managing land resources is instrumental in reducing disputes related to land ownership, use, and access. In the Mambasa territory of the Ituri province [&hellip;]<\/p>\n","protected":false},"author":1,"featured_media":13946,"comment_status":"closed","ping_status":"closed","sticky":false,"template":"","format":"standard","meta":{"_acf_changed":false,"_editorskit_title_hidden":false,"_editorskit_reading_time":0,"_editorskit_is_block_options_detached":false,"_editorskit_block_options_position":"{}","editor_plus_copied_stylings":"{}","_exactmetrics_skip_tracking":false,"_exactmetrics_sitenote_active":false,"_exactmetrics_sitenote_note":"","_exactmetrics_sitenote_category":0,"footnotes":"","_links_to":"","_links_to_target":""},"categories":[1],"tags":[],"globales":[],"initiatives":[],"news_type":[],"programmes":[214],"resource_theme":[528],"videos_vimeo":[],"class_list":["post-13945","post","type-post","status-publish","format-standard","has-post-thumbnail","hentry","category-uncategorized","programmes-democratic-republic-of-the-congo","resource_theme-land-management"],"acf":[],"yoast_head":"<!-- This site is optimized with the Yoast SEO Premium plugin v27.4 (Yoast SEO v27.4) - https:\/\/yoast.com\/product\/yoast-seo-premium-wordpress\/ -->\n<title>Ituri: Involving land administration to prevent conflicts between communities - Interpeace<\/title>\n<meta name=\"robots\" content=\"index, follow, max-snippet:-1, max-image-preview:large, max-video-preview:-1\" \/>\n<link rel=\"canonical\" href=\"https:\/\/www.interpeace.org\/fr\/2023\/07\/ituri-involving-land-administration-to-prevent-conflicts-between-communities\/\" \/>\n<meta property=\"og:locale\" content=\"fr_FR\" \/>\n<meta property=\"og:type\" content=\"article\" \/>\n<meta property=\"og:title\" content=\"Ituri: Involving land administration to prevent conflicts between communities\" \/>\n<meta property=\"og:description\" content=\"&quot;We are all land; it&#039;s better if the land feeds us and unites us...&quot;. Christian Vangazi, Interpeace programme officer Effective land administration plays a crucial role in preventing conflicts between communities. Properly managing land resources is instrumental in reducing disputes related to land ownership, use, and access. In the Mambasa territory of the Ituri province [&hellip;]\" \/>\n<meta property=\"og:url\" content=\"https:\/\/www.interpeace.org\/fr\/2023\/07\/ituri-involving-land-administration-to-prevent-conflicts-between-communities\/\" \/>\n<meta property=\"og:site_name\" content=\"Interpeace\" \/>\n<meta property=\"article:publisher\" content=\"https:\/\/www.facebook.com\/Interpeace\" \/>\n<meta property=\"article:published_time\" content=\"2023-07-05T17:56:35+00:00\" \/>\n<meta property=\"article:modified_time\" content=\"2024-01-30T18:34:58+00:00\" \/>\n<meta property=\"og:image\" content=\"https:\/\/www.interpeace.org\/wp-content\/uploads\/2023\/07\/WhatsApp-Image-2023-03-13-at-11.39.13.jpeg\" \/>\n\t<meta property=\"og:image:width\" content=\"1600\" \/>\n\t<meta property=\"og:image:height\" content=\"1066\" \/>\n\t<meta property=\"og:image:type\" content=\"image\/jpeg\" \/>\n<meta name=\"author\" content=\"Alejandro\" \/>\n<meta name=\"twitter:card\" content=\"summary_large_image\" \/>\n<meta name=\"twitter:creator\" content=\"@InterpeaceTweet\" \/>\n<meta name=\"twitter:site\" content=\"@InterpeaceTweet\" \/>\n<meta name=\"twitter:label1\" content=\"\u00c9crit par\" \/>\n\t<meta name=\"twitter:data1\" content=\"Alejandro\" \/>\n\t<meta name=\"twitter:label2\" content=\"Dur\u00e9e de lecture estim\u00e9e\" \/>\n\t<meta name=\"twitter:data2\" content=\"3 minutes\" \/>\n<script type=\"application\/ld+json\" class=\"yoast-schema-graph\">{\"@context\":\"https:\\\/\\\/schema.org\",\"@graph\":[{\"@type\":\"Article\",\"@id\":\"https:\\\/\\\/www.interpeace.org\\\/fr\\\/2023\\\/07\\\/ituri-involving-land-administration-to-prevent-conflicts-between-communities\\\/#article\",\"isPartOf\":{\"@id\":\"https:\\\/\\\/www.interpeace.org\\\/fr\\\/2023\\\/07\\\/ituri-involving-land-administration-to-prevent-conflicts-between-communities\\\/\"},\"author\":{\"name\":\"Alejandro\",\"@id\":\"https:\\\/\\\/www.interpeace.org\\\/#\\\/schema\\\/person\\\/75fea8ede2ce310d5f1bea81166bf9a1\"},\"headline\":\"Ituri: Involving land administration to prevent conflicts between communities\",\"datePublished\":\"2023-07-05T17:56:35+00:00\",\"dateModified\":\"2024-01-30T18:34:58+00:00\",\"mainEntityOfPage\":{\"@id\":\"https:\\\/\\\/www.interpeace.org\\\/fr\\\/2023\\\/07\\\/ituri-involving-land-administration-to-prevent-conflicts-between-communities\\\/\"},\"wordCount\":561,\"publisher\":{\"@id\":\"https:\\\/\\\/www.interpeace.org\\\/#organization\"},\"image\":{\"@id\":\"https:\\\/\\\/www.interpeace.org\\\/fr\\\/2023\\\/07\\\/ituri-involving-land-administration-to-prevent-conflicts-between-communities\\\/#primaryimage\"},\"thumbnailUrl\":\"https:\\\/\\\/www.interpeace.org\\\/wp-content\\\/uploads\\\/2023\\\/07\\\/WhatsApp-Image-2023-03-13-at-11.39.13.jpeg\",\"articleSection\":[\"Uncategorized\"],\"inLanguage\":\"fr-FR\"},{\"@type\":\"WebPage\",\"@id\":\"https:\\\/\\\/www.interpeace.org\\\/fr\\\/2023\\\/07\\\/ituri-involving-land-administration-to-prevent-conflicts-between-communities\\\/\",\"url\":\"https:\\\/\\\/www.interpeace.org\\\/fr\\\/2023\\\/07\\\/ituri-involving-land-administration-to-prevent-conflicts-between-communities\\\/\",\"name\":\"Ituri: Involving land administration to prevent conflicts between communities - Interpeace\",\"isPartOf\":{\"@id\":\"https:\\\/\\\/www.interpeace.org\\\/#website\"},\"primaryImageOfPage\":{\"@id\":\"https:\\\/\\\/www.interpeace.org\\\/fr\\\/2023\\\/07\\\/ituri-involving-land-administration-to-prevent-conflicts-between-communities\\\/#primaryimage\"},\"image\":{\"@id\":\"https:\\\/\\\/www.interpeace.org\\\/fr\\\/2023\\\/07\\\/ituri-involving-land-administration-to-prevent-conflicts-between-communities\\\/#primaryimage\"},\"thumbnailUrl\":\"https:\\\/\\\/www.interpeace.org\\\/wp-content\\\/uploads\\\/2023\\\/07\\\/WhatsApp-Image-2023-03-13-at-11.39.13.jpeg\",\"datePublished\":\"2023-07-05T17:56:35+00:00\",\"dateModified\":\"2024-01-30T18:34:58+00:00\",\"breadcrumb\":{\"@id\":\"https:\\\/\\\/www.interpeace.org\\\/fr\\\/2023\\\/07\\\/ituri-involving-land-administration-to-prevent-conflicts-between-communities\\\/#breadcrumb\"},\"inLanguage\":\"fr-FR\",\"potentialAction\":[{\"@type\":\"ReadAction\",\"target\":[\"https:\\\/\\\/www.interpeace.org\\\/fr\\\/2023\\\/07\\\/ituri-involving-land-administration-to-prevent-conflicts-between-communities\\\/\"]}]},{\"@type\":\"ImageObject\",\"inLanguage\":\"fr-FR\",\"@id\":\"https:\\\/\\\/www.interpeace.org\\\/fr\\\/2023\\\/07\\\/ituri-involving-land-administration-to-prevent-conflicts-between-communities\\\/#primaryimage\",\"url\":\"https:\\\/\\\/www.interpeace.org\\\/wp-content\\\/uploads\\\/2023\\\/07\\\/WhatsApp-Image-2023-03-13-at-11.39.13.jpeg\",\"contentUrl\":\"https:\\\/\\\/www.interpeace.org\\\/wp-content\\\/uploads\\\/2023\\\/07\\\/WhatsApp-Image-2023-03-13-at-11.39.13.jpeg\",\"width\":1600,\"height\":1066},{\"@type\":\"BreadcrumbList\",\"@id\":\"https:\\\/\\\/www.interpeace.org\\\/fr\\\/2023\\\/07\\\/ituri-involving-land-administration-to-prevent-conflicts-between-communities\\\/#breadcrumb\",\"itemListElement\":[{\"@type\":\"ListItem\",\"position\":1,\"name\":\"Home\",\"item\":\"https:\\\/\\\/www.interpeace.org\\\/\"},{\"@type\":\"ListItem\",\"position\":2,\"name\":\"Ituri: Involving land administration to prevent conflicts between communities\"}]},{\"@type\":\"WebSite\",\"@id\":\"https:\\\/\\\/www.interpeace.org\\\/#website\",\"url\":\"https:\\\/\\\/www.interpeace.org\\\/\",\"name\":\"Interpeace\",\"description\":\"Enabling people to build lasting peace since 1994\",\"publisher\":{\"@id\":\"https:\\\/\\\/www.interpeace.org\\\/#organization\"},\"potentialAction\":[{\"@type\":\"SearchAction\",\"target\":{\"@type\":\"EntryPoint\",\"urlTemplate\":\"https:\\\/\\\/www.interpeace.org\\\/?s={search_term_string}\"},\"query-input\":{\"@type\":\"PropertyValueSpecification\",\"valueRequired\":true,\"valueName\":\"search_term_string\"}}],\"inLanguage\":\"fr-FR\"},{\"@type\":\"Organization\",\"@id\":\"https:\\\/\\\/www.interpeace.org\\\/#organization\",\"name\":\"INTERPEACE\",\"url\":\"https:\\\/\\\/www.interpeace.org\\\/\",\"logo\":{\"@type\":\"ImageObject\",\"inLanguage\":\"fr-FR\",\"@id\":\"https:\\\/\\\/www.interpeace.org\\\/#\\\/schema\\\/logo\\\/image\\\/\",\"url\":\"https:\\\/\\\/www.interpeace.org\\\/wp-content\\\/uploads\\\/2019\\\/11\\\/EN-Interpeace-small.png\",\"contentUrl\":\"https:\\\/\\\/www.interpeace.org\\\/wp-content\\\/uploads\\\/2019\\\/11\\\/EN-Interpeace-small.png\",\"width\":111,\"height\":85,\"caption\":\"INTERPEACE\"},\"image\":{\"@id\":\"https:\\\/\\\/www.interpeace.org\\\/#\\\/schema\\\/logo\\\/image\\\/\"},\"sameAs\":[\"https:\\\/\\\/www.facebook.com\\\/Interpeace\",\"https:\\\/\\\/x.com\\\/InterpeaceTweet\",\"https:\\\/\\\/www.instagram.com\\\/interpeace\\\/\"]},{\"@type\":\"Person\",\"@id\":\"https:\\\/\\\/www.interpeace.org\\\/#\\\/schema\\\/person\\\/75fea8ede2ce310d5f1bea81166bf9a1\",\"name\":\"Alejandro\",\"image\":{\"@type\":\"ImageObject\",\"inLanguage\":\"fr-FR\",\"@id\":\"https:\\\/\\\/secure.gravatar.com\\\/avatar\\\/a5627fb156910981ea3ab2405e881b80c8234e50bb58a577081f805dd3bfd753?s=96&d=mm&r=g\",\"url\":\"https:\\\/\\\/secure.gravatar.com\\\/avatar\\\/a5627fb156910981ea3ab2405e881b80c8234e50bb58a577081f805dd3bfd753?s=96&d=mm&r=g\",\"contentUrl\":\"https:\\\/\\\/secure.gravatar.com\\\/avatar\\\/a5627fb156910981ea3ab2405e881b80c8234e50bb58a577081f805dd3bfd753?s=96&d=mm&r=g\",\"caption\":\"Alejandro\"},\"url\":\"https:\\\/\\\/www.interpeace.org\\\/fr\\\/author\\\/amoralesruiz-gm\\\/\"}]}<\/script>\n<!-- \/ Yoast SEO Premium plugin. -->","yoast_head_json":{"title":"Ituri: Involving land administration to prevent conflicts between communities - Interpeace","robots":{"index":"index","follow":"follow","max-snippet":"max-snippet:-1","max-image-preview":"max-image-preview:large","max-video-preview":"max-video-preview:-1"},"canonical":"https:\/\/www.interpeace.org\/fr\/2023\/07\/ituri-involving-land-administration-to-prevent-conflicts-between-communities\/","og_locale":"fr_FR","og_type":"article","og_title":"Ituri: Involving land administration to prevent conflicts between communities","og_description":"\"We are all land; it's better if the land feeds us and unites us...\". Christian Vangazi, Interpeace programme officer Effective land administration plays a crucial role in preventing conflicts between communities. Properly managing land resources is instrumental in reducing disputes related to land ownership, use, and access. In the Mambasa territory of the Ituri province [&hellip;]","og_url":"https:\/\/www.interpeace.org\/fr\/2023\/07\/ituri-involving-land-administration-to-prevent-conflicts-between-communities\/","og_site_name":"Interpeace","article_publisher":"https:\/\/www.facebook.com\/Interpeace","article_published_time":"2023-07-05T17:56:35+00:00","article_modified_time":"2024-01-30T18:34:58+00:00","og_image":[{"width":1600,"height":1066,"url":"https:\/\/www.interpeace.org\/wp-content\/uploads\/2023\/07\/WhatsApp-Image-2023-03-13-at-11.39.13.jpeg","type":"image\/jpeg"}],"author":"Alejandro","twitter_card":"summary_large_image","twitter_creator":"@InterpeaceTweet","twitter_site":"@InterpeaceTweet","twitter_misc":{"\u00c9crit par":"Alejandro","Dur\u00e9e de lecture estim\u00e9e":"3 minutes"},"schema":{"@context":"https:\/\/schema.org","@graph":[{"@type":"Article","@id":"https:\/\/www.interpeace.org\/fr\/2023\/07\/ituri-involving-land-administration-to-prevent-conflicts-between-communities\/#article","isPartOf":{"@id":"https:\/\/www.interpeace.org\/fr\/2023\/07\/ituri-involving-land-administration-to-prevent-conflicts-between-communities\/"},"author":{"name":"Alejandro","@id":"https:\/\/www.interpeace.org\/#\/schema\/person\/75fea8ede2ce310d5f1bea81166bf9a1"},"headline":"Ituri: Involving land administration to prevent conflicts between communities","datePublished":"2023-07-05T17:56:35+00:00","dateModified":"2024-01-30T18:34:58+00:00","mainEntityOfPage":{"@id":"https:\/\/www.interpeace.org\/fr\/2023\/07\/ituri-involving-land-administration-to-prevent-conflicts-between-communities\/"},"wordCount":561,"publisher":{"@id":"https:\/\/www.interpeace.org\/#organization"},"image":{"@id":"https:\/\/www.interpeace.org\/fr\/2023\/07\/ituri-involving-land-administration-to-prevent-conflicts-between-communities\/#primaryimage"},"thumbnailUrl":"https:\/\/www.interpeace.org\/wp-content\/uploads\/2023\/07\/WhatsApp-Image-2023-03-13-at-11.39.13.jpeg","articleSection":["Uncategorized"],"inLanguage":"fr-FR"},{"@type":"WebPage","@id":"https:\/\/www.interpeace.org\/fr\/2023\/07\/ituri-involving-land-administration-to-prevent-conflicts-between-communities\/","url":"https:\/\/www.interpeace.org\/fr\/2023\/07\/ituri-involving-land-administration-to-prevent-conflicts-between-communities\/","name":"Ituri: Involving land administration to prevent conflicts between communities - Interpeace","isPartOf":{"@id":"https:\/\/www.interpeace.org\/#website"},"primaryImageOfPage":{"@id":"https:\/\/www.interpeace.org\/fr\/2023\/07\/ituri-involving-land-administration-to-prevent-conflicts-between-communities\/#primaryimage"},"image":{"@id":"https:\/\/www.interpeace.org\/fr\/2023\/07\/ituri-involving-land-administration-to-prevent-conflicts-between-communities\/#primaryimage"},"thumbnailUrl":"https:\/\/www.interpeace.org\/wp-content\/uploads\/2023\/07\/WhatsApp-Image-2023-03-13-at-11.39.13.jpeg","datePublished":"2023-07-05T17:56:35+00:00","dateModified":"2024-01-30T18:34:58+00:00","breadcrumb":{"@id":"https:\/\/www.interpeace.org\/fr\/2023\/07\/ituri-involving-land-administration-to-prevent-conflicts-between-communities\/#breadcrumb"},"inLanguage":"fr-FR","potentialAction":[{"@type":"ReadAction","target":["https:\/\/www.interpeace.org\/fr\/2023\/07\/ituri-involving-land-administration-to-prevent-conflicts-between-communities\/"]}]},{"@type":"ImageObject","inLanguage":"fr-FR","@id":"https:\/\/www.interpeace.org\/fr\/2023\/07\/ituri-involving-land-administration-to-prevent-conflicts-between-communities\/#primaryimage","url":"https:\/\/www.interpeace.org\/wp-content\/uploads\/2023\/07\/WhatsApp-Image-2023-03-13-at-11.39.13.jpeg","contentUrl":"https:\/\/www.interpeace.org\/wp-content\/uploads\/2023\/07\/WhatsApp-Image-2023-03-13-at-11.39.13.jpeg","width":1600,"height":1066},{"@type":"BreadcrumbList","@id":"https:\/\/www.interpeace.org\/fr\/2023\/07\/ituri-involving-land-administration-to-prevent-conflicts-between-communities\/#breadcrumb","itemListElement":[{"@type":"ListItem","position":1,"name":"Home","item":"https:\/\/www.interpeace.org\/"},{"@type":"ListItem","position":2,"name":"Ituri: Involving land administration to prevent conflicts between communities"}]},{"@type":"WebSite","@id":"https:\/\/www.interpeace.org\/#website","url":"https:\/\/www.interpeace.org\/","name":"Interpeace","description":"Permettre aux gens de construire une paix durable depuis 1994","publisher":{"@id":"https:\/\/www.interpeace.org\/#organization"},"potentialAction":[{"@type":"SearchAction","target":{"@type":"EntryPoint","urlTemplate":"https:\/\/www.interpeace.org\/?s={search_term_string}"},"query-input":{"@type":"PropertyValueSpecification","valueRequired":true,"valueName":"search_term_string"}}],"inLanguage":"fr-FR"},{"@type":"Organization","@id":"https:\/\/www.interpeace.org\/#organization","name":"INTERPEACE","url":"https:\/\/www.interpeace.org\/","logo":{"@type":"ImageObject","inLanguage":"fr-FR","@id":"https:\/\/www.interpeace.org\/#\/schema\/logo\/image\/","url":"https:\/\/www.interpeace.org\/wp-content\/uploads\/2019\/11\/EN-Interpeace-small.png","contentUrl":"https:\/\/www.interpeace.org\/wp-content\/uploads\/2019\/11\/EN-Interpeace-small.png","width":111,"height":85,"caption":"INTERPEACE"},"image":{"@id":"https:\/\/www.interpeace.org\/#\/schema\/logo\/image\/"},"sameAs":["https:\/\/www.facebook.com\/Interpeace","https:\/\/x.com\/InterpeaceTweet","https:\/\/www.instagram.com\/interpeace\/"]},{"@type":"Person","@id":"https:\/\/www.interpeace.org\/#\/schema\/person\/75fea8ede2ce310d5f1bea81166bf9a1","name":"Alejandro","image":{"@type":"ImageObject","inLanguage":"fr-FR","@id":"https:\/\/secure.gravatar.com\/avatar\/a5627fb156910981ea3ab2405e881b80c8234e50bb58a577081f805dd3bfd753?s=96&d=mm&r=g","url":"https:\/\/secure.gravatar.com\/avatar\/a5627fb156910981ea3ab2405e881b80c8234e50bb58a577081f805dd3bfd753?s=96&d=mm&r=g","contentUrl":"https:\/\/secure.gravatar.com\/avatar\/a5627fb156910981ea3ab2405e881b80c8234e50bb58a577081f805dd3bfd753?s=96&d=mm&r=g","caption":"Alejandro"},"url":"https:\/\/www.interpeace.org\/fr\/author\/amoralesruiz-gm\/"}]}},"_links":{"self":[{"href":"https:\/\/www.interpeace.org\/fr\/wp-json\/wp\/v2\/posts\/13945","targetHints":{"allow":["GET"]}}],"collection":[{"href":"https:\/\/www.interpeace.org\/fr\/wp-json\/wp\/v2\/posts"}],"about":[{"href":"https:\/\/www.interpeace.org\/fr\/wp-json\/wp\/v2\/types\/post"}],"author":[{"embeddable":true,"href":"https:\/\/www.interpeace.org\/fr\/wp-json\/wp\/v2\/users\/1"}],"replies":[{"embeddable":true,"href":"https:\/\/www.interpeace.org\/fr\/wp-json\/wp\/v2\/comments?post=13945"}],"version-history":[{"count":0,"href":"https:\/\/www.interpeace.org\/fr\/wp-json\/wp\/v2\/posts\/13945\/revisions"}],"wp:featuredmedia":[{"embeddable":true,"href":"https:\/\/www.interpeace.org\/fr\/wp-json\/wp\/v2\/media\/13946"}],"wp:attachment":[{"href":"https:\/\/www.interpeace.org\/fr\/wp-json\/wp\/v2\/media?parent=13945"}],"wp:term":[{"taxonomy":"category","embeddable":true,"href":"https:\/\/www.interpeace.org\/fr\/wp-json\/wp\/v2\/categories?post=13945"},{"taxonomy":"post_tag","embeddable":true,"href":"https:\/\/www.interpeace.org\/fr\/wp-json\/wp\/v2\/tags?post=13945"},{"taxonomy":"globales","embeddable":true,"href":"https:\/\/www.interpeace.org\/fr\/wp-json\/wp\/v2\/globales?post=13945"},{"taxonomy":"initiatives","embeddable":true,"href":"https:\/\/www.interpeace.org\/fr\/wp-json\/wp\/v2\/initiatives?post=13945"},{"taxonomy":"news_type","embeddable":true,"href":"https:\/\/www.interpeace.org\/fr\/wp-json\/wp\/v2\/news_type?post=13945"},{"taxonomy":"programmes","embeddable":true,"href":"https:\/\/www.interpeace.org\/fr\/wp-json\/wp\/v2\/programmes?post=13945"},{"taxonomy":"resource_theme","embeddable":true,"href":"https:\/\/www.interpeace.org\/fr\/wp-json\/wp\/v2\/resource_theme?post=13945"},{"taxonomy":"videos_vimeo","embeddable":true,"href":"https:\/\/www.interpeace.org\/fr\/wp-json\/wp\/v2\/videos_vimeo?post=13945"}],"curies":[{"name":"wp","href":"https:\/\/api.w.org\/{rel}","templated":true}]}}