{"id":13807,"date":"2023-06-01T15:24:02","date_gmt":"2023-06-01T13:24:02","guid":{"rendered":"https:\/\/www.interpeace.org\/?p=13807"},"modified":"2024-02-07T23:39:25","modified_gmt":"2024-02-07T22:39:25","slug":"remembering-champion-of-peace-agnes-abuom","status":"publish","type":"post","link":"https:\/\/www.interpeace.org\/fr\/2023\/06\/remembering-champion-of-peace-agnes-abuom\/","title":{"rendered":"En souvenir de la championne de la paix Agnes Abuom"},"content":{"rendered":"<p>Nous avons \u00e9t\u00e9 profond\u00e9ment attrist\u00e9s d'apprendre le d\u00e9c\u00e8s le 31 mai 2023 de Dr Agnes Abuom.<\/p>\n<p>Cette femme faisait partie du conseil d'administration d'Interpeace depuis d\u00e9cembre 2019. Auparavant, de 2014 \u00e0 2019, elle \u00e9tait membre du conseil affili\u00e9 d'Interpeace pour l'Afrique orientale et centrale bas\u00e9 \u00e0 Nairobi, au Kenya.<\/p>\n<p>N\u00e9e \u00e0 Nandi Hills, au nord-ouest du Kenya, en 1949, avec des membres de sa famille protestants, catholiques, anglicans et pentec\u00f4tistes, Agnes s'est engag\u00e9e tout au long de sa vie pour l'\u0153cum\u00e9nisme, la justice \u00e9conomique, la paix et la r\u00e9conciliation. Elle a \u00e9t\u00e9 pr\u00e9sidente et par la suite la premi\u00e8re femme mod\u00e9ratrice du Comit\u00e9 central du Conseil \u0153cum\u00e9nique des \u00c9glises.<\/p>\n<p>Au cours des ann\u00e9es 1970, le Dr Abuom a \u00e9tudi\u00e9 en Su\u00e8de et a obtenu un doctorat pour ses \u00e9tudes sur le r\u00f4le des ONG dans le d\u00e9veloppement avant de commencer \u00e0 travailler sur les probl\u00e8mes des r\u00e9fugi\u00e9s au Soudan. \u00c0 partir de 1989, apr\u00e8s avoir \u00e9t\u00e9 emprisonn\u00e9e pour avoir critiqu\u00e9 le gouvernement, elle a dirig\u00e9 des programmes sur le d\u00e9veloppement et la gouvernance civique pour l'\u00c9glise anglicane du Kenya. En 1997, elle fonde TAABCO, un cabinet de conseil en recherche et d\u00e9veloppement. Au Kenya et \u00e0 l'\u00e9tranger, elle a d\u00e9fendu la coop\u00e9ration et l'unit\u00e9 entre les religions, la justice \u00e9conomique et de genre pour les femmes et la paix.<\/p>\n<p>\"Agn\u00e8s a inspir\u00e9 une g\u00e9n\u00e9ration de consolidation de la paix par Interpeace, gr\u00e2ce \u00e0 ses encouragements enthousiastes pour notre travail et \u00e0 sa sagesse et ses conseils perspicaces\", a d\u00e9clar\u00e9 le pr\u00e9sident par int\u00e9rim d'Interpeace, Simon Gimson.<\/p>\n<p>\u00abSon engagement envers les valeurs de consolidation de la paix, en paroles et en actes, a toujours \u00e9t\u00e9 r\u00e9fl\u00e9chi et inclusif. Agn\u00e8s \u00e9tait une ardente d\u00e9fenseure des voix des sans-voix dans les communaut\u00e9s et une partisane enthousiaste de l'action pratique de consolidation de la paix. Agn\u00e8s nous manque profond\u00e9ment et restera toujours dans les m\u00e9moires avec chaleur, affection et appr\u00e9ciation durable par Interpeace \u00bb, a-t-il ajout\u00e9.<\/p>\n<p>De la part de tout le monde chez Interpeace, nous envoyons nos condol\u00e9ances \u00e0 la famille, aux amis et aux coll\u00e8gues d'Agn\u00e8s dans ses nombreux horizons.<\/p>\n<p><img loading=\"lazy\" decoding=\"async\" class=\"aligncenter size-full wp-image-15668\" src=\"https:\/\/www.interpeace.org\/wp-content\/uploads\/2023\/06\/Recurso-3PILLARS-1.png\" alt=\"\" width=\"681\" height=\"453\" srcset=\"https:\/\/www.interpeace.org\/wp-content\/uploads\/2023\/06\/Recurso-3PILLARS-1.png 681w, https:\/\/www.interpeace.org\/wp-content\/uploads\/2023\/06\/Recurso-3PILLARS-1-600x400.png 600w, https:\/\/www.interpeace.org\/wp-content\/uploads\/2023\/06\/Recurso-3PILLARS-1-300x200.png 300w, https:\/\/www.interpeace.org\/wp-content\/uploads\/2023\/06\/Recurso-3PILLARS-1-18x12.png 18w, https:\/\/www.interpeace.org\/wp-content\/uploads\/2023\/06\/Recurso-3PILLARS-1-500x333.png 500w\" sizes=\"auto, (max-width: 681px) 100vw, 681px\" \/><\/p>","protected":false},"excerpt":{"rendered":"<p>We have been deeply saddened to learn of the death on 31 May 2023 of Dr. Agnes Abuom. Dr. Abuom was a member of Interpeace\u2019s global Governing Board since December 2019. Prior to that, from 2014 to 2019, she was a member of Interpeace\u2019s affiliated Board for Eastern and Central Africa based in Nairobi, Kenya. [&hellip;]<\/p>\n","protected":false},"author":1,"featured_media":13813,"comment_status":"closed","ping_status":"closed","sticky":false,"template":"","format":"standard","meta":{"_acf_changed":false,"_editorskit_title_hidden":false,"_editorskit_reading_time":0,"_editorskit_is_block_options_detached":false,"_editorskit_block_options_position":"{}","editor_plus_copied_stylings":"{}","_exactmetrics_skip_tracking":false,"_exactmetrics_sitenote_active":false,"_exactmetrics_sitenote_note":"","_exactmetrics_sitenote_category":0,"footnotes":"","_links_to":"","_links_to_target":""},"categories":[1],"tags":[],"globales":[],"initiatives":[],"news_type":[],"programmes":[],"resource_theme":[],"videos_vimeo":[],"class_list":["post-13807","post","type-post","status-publish","format-standard","has-post-thumbnail","hentry","category-uncategorized"],"acf":[],"yoast_head":"<!-- This site is optimized with the Yoast SEO Premium plugin v27.4 (Yoast SEO v27.4) - https:\/\/yoast.com\/product\/yoast-seo-premium-wordpress\/ -->\n<title>Remembering Champion of Peace Agnes Abuom - Interpeace<\/title>\n<meta name=\"robots\" content=\"index, follow, max-snippet:-1, max-image-preview:large, max-video-preview:-1\" \/>\n<link rel=\"canonical\" href=\"https:\/\/www.interpeace.org\/fr\/2023\/06\/remembering-champion-of-peace-agnes-abuom\/\" \/>\n<meta property=\"og:locale\" content=\"fr_FR\" \/>\n<meta property=\"og:type\" content=\"article\" \/>\n<meta property=\"og:title\" content=\"Remembering Champion of Peace Agnes Abuom\" \/>\n<meta property=\"og:description\" content=\"We have been deeply saddened to learn of the death on 31 May 2023 of Dr. Agnes Abuom. Dr. Abuom was a member of Interpeace\u2019s global Governing Board since December 2019. Prior to that, from 2014 to 2019, she was a member of Interpeace\u2019s affiliated Board for Eastern and Central Africa based in Nairobi, Kenya. [&hellip;]\" \/>\n<meta property=\"og:url\" content=\"https:\/\/www.interpeace.org\/fr\/2023\/06\/remembering-champion-of-peace-agnes-abuom\/\" \/>\n<meta property=\"og:site_name\" content=\"Interpeace\" \/>\n<meta property=\"article:publisher\" content=\"https:\/\/www.facebook.com\/Interpeace\" \/>\n<meta property=\"article:published_time\" content=\"2023-06-01T13:24:02+00:00\" \/>\n<meta property=\"article:modified_time\" content=\"2024-02-07T22:39:25+00:00\" \/>\n<meta property=\"og:image\" content=\"https:\/\/www.interpeace.org\/wp-content\/uploads\/2023\/06\/Agnes-feature-image.png\" \/>\n\t<meta property=\"og:image:width\" content=\"1364\" \/>\n\t<meta property=\"og:image:height\" content=\"872\" \/>\n\t<meta property=\"og:image:type\" content=\"image\/png\" \/>\n<meta name=\"author\" content=\"Alejandro\" \/>\n<meta name=\"twitter:card\" content=\"summary_large_image\" \/>\n<meta name=\"twitter:creator\" content=\"@InterpeaceTweet\" \/>\n<meta name=\"twitter:site\" content=\"@InterpeaceTweet\" \/>\n<meta name=\"twitter:label1\" content=\"\u00c9crit par\" \/>\n\t<meta name=\"twitter:data1\" content=\"Alejandro\" \/>\n\t<meta name=\"twitter:label2\" content=\"Dur\u00e9e de lecture estim\u00e9e\" \/>\n\t<meta name=\"twitter:data2\" content=\"2 minutes\" \/>\n<script type=\"application\/ld+json\" class=\"yoast-schema-graph\">{\"@context\":\"https:\\\/\\\/schema.org\",\"@graph\":[{\"@type\":\"Article\",\"@id\":\"https:\\\/\\\/www.interpeace.org\\\/2023\\\/06\\\/remembering-champion-of-peace-agnes-abuom\\\/#article\",\"isPartOf\":{\"@id\":\"https:\\\/\\\/www.interpeace.org\\\/2023\\\/06\\\/remembering-champion-of-peace-agnes-abuom\\\/\"},\"author\":{\"name\":\"Alejandro\",\"@id\":\"https:\\\/\\\/www.interpeace.org\\\/#\\\/schema\\\/person\\\/75fea8ede2ce310d5f1bea81166bf9a1\"},\"headline\":\"Remembering Champion of Peace Agnes Abuom\",\"datePublished\":\"2023-06-01T13:24:02+00:00\",\"dateModified\":\"2024-02-07T22:39:25+00:00\",\"mainEntityOfPage\":{\"@id\":\"https:\\\/\\\/www.interpeace.org\\\/2023\\\/06\\\/remembering-champion-of-peace-agnes-abuom\\\/\"},\"wordCount\":290,\"publisher\":{\"@id\":\"https:\\\/\\\/www.interpeace.org\\\/#organization\"},\"image\":{\"@id\":\"https:\\\/\\\/www.interpeace.org\\\/2023\\\/06\\\/remembering-champion-of-peace-agnes-abuom\\\/#primaryimage\"},\"thumbnailUrl\":\"https:\\\/\\\/www.interpeace.org\\\/wp-content\\\/uploads\\\/2023\\\/06\\\/Agnes-feature-image.png\",\"articleSection\":[\"Uncategorized\"],\"inLanguage\":\"fr-FR\"},{\"@type\":\"WebPage\",\"@id\":\"https:\\\/\\\/www.interpeace.org\\\/2023\\\/06\\\/remembering-champion-of-peace-agnes-abuom\\\/\",\"url\":\"https:\\\/\\\/www.interpeace.org\\\/2023\\\/06\\\/remembering-champion-of-peace-agnes-abuom\\\/\",\"name\":\"Remembering Champion of Peace Agnes Abuom - Interpeace\",\"isPartOf\":{\"@id\":\"https:\\\/\\\/www.interpeace.org\\\/#website\"},\"primaryImageOfPage\":{\"@id\":\"https:\\\/\\\/www.interpeace.org\\\/2023\\\/06\\\/remembering-champion-of-peace-agnes-abuom\\\/#primaryimage\"},\"image\":{\"@id\":\"https:\\\/\\\/www.interpeace.org\\\/2023\\\/06\\\/remembering-champion-of-peace-agnes-abuom\\\/#primaryimage\"},\"thumbnailUrl\":\"https:\\\/\\\/www.interpeace.org\\\/wp-content\\\/uploads\\\/2023\\\/06\\\/Agnes-feature-image.png\",\"datePublished\":\"2023-06-01T13:24:02+00:00\",\"dateModified\":\"2024-02-07T22:39:25+00:00\",\"breadcrumb\":{\"@id\":\"https:\\\/\\\/www.interpeace.org\\\/2023\\\/06\\\/remembering-champion-of-peace-agnes-abuom\\\/#breadcrumb\"},\"inLanguage\":\"fr-FR\",\"potentialAction\":[{\"@type\":\"ReadAction\",\"target\":[\"https:\\\/\\\/www.interpeace.org\\\/2023\\\/06\\\/remembering-champion-of-peace-agnes-abuom\\\/\"]}]},{\"@type\":\"ImageObject\",\"inLanguage\":\"fr-FR\",\"@id\":\"https:\\\/\\\/www.interpeace.org\\\/2023\\\/06\\\/remembering-champion-of-peace-agnes-abuom\\\/#primaryimage\",\"url\":\"https:\\\/\\\/www.interpeace.org\\\/wp-content\\\/uploads\\\/2023\\\/06\\\/Agnes-feature-image.png\",\"contentUrl\":\"https:\\\/\\\/www.interpeace.org\\\/wp-content\\\/uploads\\\/2023\\\/06\\\/Agnes-feature-image.png\",\"width\":1364,\"height\":872},{\"@type\":\"BreadcrumbList\",\"@id\":\"https:\\\/\\\/www.interpeace.org\\\/2023\\\/06\\\/remembering-champion-of-peace-agnes-abuom\\\/#breadcrumb\",\"itemListElement\":[{\"@type\":\"ListItem\",\"position\":1,\"name\":\"Home\",\"item\":\"https:\\\/\\\/www.interpeace.org\\\/\"},{\"@type\":\"ListItem\",\"position\":2,\"name\":\"Remembering Champion of Peace Agnes Abuom\"}]},{\"@type\":\"WebSite\",\"@id\":\"https:\\\/\\\/www.interpeace.org\\\/#website\",\"url\":\"https:\\\/\\\/www.interpeace.org\\\/\",\"name\":\"Interpeace\",\"description\":\"Enabling people to build lasting peace since 1994\",\"publisher\":{\"@id\":\"https:\\\/\\\/www.interpeace.org\\\/#organization\"},\"potentialAction\":[{\"@type\":\"SearchAction\",\"target\":{\"@type\":\"EntryPoint\",\"urlTemplate\":\"https:\\\/\\\/www.interpeace.org\\\/?s={search_term_string}\"},\"query-input\":{\"@type\":\"PropertyValueSpecification\",\"valueRequired\":true,\"valueName\":\"search_term_string\"}}],\"inLanguage\":\"fr-FR\"},{\"@type\":\"Organization\",\"@id\":\"https:\\\/\\\/www.interpeace.org\\\/#organization\",\"name\":\"INTERPEACE\",\"url\":\"https:\\\/\\\/www.interpeace.org\\\/\",\"logo\":{\"@type\":\"ImageObject\",\"inLanguage\":\"fr-FR\",\"@id\":\"https:\\\/\\\/www.interpeace.org\\\/#\\\/schema\\\/logo\\\/image\\\/\",\"url\":\"https:\\\/\\\/www.interpeace.org\\\/wp-content\\\/uploads\\\/2019\\\/11\\\/EN-Interpeace-small.png\",\"contentUrl\":\"https:\\\/\\\/www.interpeace.org\\\/wp-content\\\/uploads\\\/2019\\\/11\\\/EN-Interpeace-small.png\",\"width\":111,\"height\":85,\"caption\":\"INTERPEACE\"},\"image\":{\"@id\":\"https:\\\/\\\/www.interpeace.org\\\/#\\\/schema\\\/logo\\\/image\\\/\"},\"sameAs\":[\"https:\\\/\\\/www.facebook.com\\\/Interpeace\",\"https:\\\/\\\/x.com\\\/InterpeaceTweet\",\"https:\\\/\\\/www.instagram.com\\\/interpeace\\\/\"]},{\"@type\":\"Person\",\"@id\":\"https:\\\/\\\/www.interpeace.org\\\/#\\\/schema\\\/person\\\/75fea8ede2ce310d5f1bea81166bf9a1\",\"name\":\"Alejandro\",\"image\":{\"@type\":\"ImageObject\",\"inLanguage\":\"fr-FR\",\"@id\":\"https:\\\/\\\/secure.gravatar.com\\\/avatar\\\/a5627fb156910981ea3ab2405e881b80c8234e50bb58a577081f805dd3bfd753?s=96&d=mm&r=g\",\"url\":\"https:\\\/\\\/secure.gravatar.com\\\/avatar\\\/a5627fb156910981ea3ab2405e881b80c8234e50bb58a577081f805dd3bfd753?s=96&d=mm&r=g\",\"contentUrl\":\"https:\\\/\\\/secure.gravatar.com\\\/avatar\\\/a5627fb156910981ea3ab2405e881b80c8234e50bb58a577081f805dd3bfd753?s=96&d=mm&r=g\",\"caption\":\"Alejandro\"},\"url\":\"https:\\\/\\\/www.interpeace.org\\\/fr\\\/author\\\/amoralesruiz-gm\\\/\"}]}<\/script>\n<!-- \/ Yoast SEO Premium plugin. -->","yoast_head_json":{"title":"Remembering Champion of Peace Agnes Abuom - Interpeace","robots":{"index":"index","follow":"follow","max-snippet":"max-snippet:-1","max-image-preview":"max-image-preview:large","max-video-preview":"max-video-preview:-1"},"canonical":"https:\/\/www.interpeace.org\/fr\/2023\/06\/remembering-champion-of-peace-agnes-abuom\/","og_locale":"fr_FR","og_type":"article","og_title":"Remembering Champion of Peace Agnes Abuom","og_description":"We have been deeply saddened to learn of the death on 31 May 2023 of Dr. Agnes Abuom. Dr. Abuom was a member of Interpeace\u2019s global Governing Board since December 2019. Prior to that, from 2014 to 2019, she was a member of Interpeace\u2019s affiliated Board for Eastern and Central Africa based in Nairobi, Kenya. [&hellip;]","og_url":"https:\/\/www.interpeace.org\/fr\/2023\/06\/remembering-champion-of-peace-agnes-abuom\/","og_site_name":"Interpeace","article_publisher":"https:\/\/www.facebook.com\/Interpeace","article_published_time":"2023-06-01T13:24:02+00:00","article_modified_time":"2024-02-07T22:39:25+00:00","og_image":[{"width":1364,"height":872,"url":"https:\/\/www.interpeace.org\/wp-content\/uploads\/2023\/06\/Agnes-feature-image.png","type":"image\/png"}],"author":"Alejandro","twitter_card":"summary_large_image","twitter_creator":"@InterpeaceTweet","twitter_site":"@InterpeaceTweet","twitter_misc":{"\u00c9crit par":"Alejandro","Dur\u00e9e de lecture estim\u00e9e":"2 minutes"},"schema":{"@context":"https:\/\/schema.org","@graph":[{"@type":"Article","@id":"https:\/\/www.interpeace.org\/2023\/06\/remembering-champion-of-peace-agnes-abuom\/#article","isPartOf":{"@id":"https:\/\/www.interpeace.org\/2023\/06\/remembering-champion-of-peace-agnes-abuom\/"},"author":{"name":"Alejandro","@id":"https:\/\/www.interpeace.org\/#\/schema\/person\/75fea8ede2ce310d5f1bea81166bf9a1"},"headline":"Remembering Champion of Peace Agnes Abuom","datePublished":"2023-06-01T13:24:02+00:00","dateModified":"2024-02-07T22:39:25+00:00","mainEntityOfPage":{"@id":"https:\/\/www.interpeace.org\/2023\/06\/remembering-champion-of-peace-agnes-abuom\/"},"wordCount":290,"publisher":{"@id":"https:\/\/www.interpeace.org\/#organization"},"image":{"@id":"https:\/\/www.interpeace.org\/2023\/06\/remembering-champion-of-peace-agnes-abuom\/#primaryimage"},"thumbnailUrl":"https:\/\/www.interpeace.org\/wp-content\/uploads\/2023\/06\/Agnes-feature-image.png","articleSection":["Uncategorized"],"inLanguage":"fr-FR"},{"@type":"WebPage","@id":"https:\/\/www.interpeace.org\/2023\/06\/remembering-champion-of-peace-agnes-abuom\/","url":"https:\/\/www.interpeace.org\/2023\/06\/remembering-champion-of-peace-agnes-abuom\/","name":"Remembering Champion of Peace Agnes Abuom - Interpeace","isPartOf":{"@id":"https:\/\/www.interpeace.org\/#website"},"primaryImageOfPage":{"@id":"https:\/\/www.interpeace.org\/2023\/06\/remembering-champion-of-peace-agnes-abuom\/#primaryimage"},"image":{"@id":"https:\/\/www.interpeace.org\/2023\/06\/remembering-champion-of-peace-agnes-abuom\/#primaryimage"},"thumbnailUrl":"https:\/\/www.interpeace.org\/wp-content\/uploads\/2023\/06\/Agnes-feature-image.png","datePublished":"2023-06-01T13:24:02+00:00","dateModified":"2024-02-07T22:39:25+00:00","breadcrumb":{"@id":"https:\/\/www.interpeace.org\/2023\/06\/remembering-champion-of-peace-agnes-abuom\/#breadcrumb"},"inLanguage":"fr-FR","potentialAction":[{"@type":"ReadAction","target":["https:\/\/www.interpeace.org\/2023\/06\/remembering-champion-of-peace-agnes-abuom\/"]}]},{"@type":"ImageObject","inLanguage":"fr-FR","@id":"https:\/\/www.interpeace.org\/2023\/06\/remembering-champion-of-peace-agnes-abuom\/#primaryimage","url":"https:\/\/www.interpeace.org\/wp-content\/uploads\/2023\/06\/Agnes-feature-image.png","contentUrl":"https:\/\/www.interpeace.org\/wp-content\/uploads\/2023\/06\/Agnes-feature-image.png","width":1364,"height":872},{"@type":"BreadcrumbList","@id":"https:\/\/www.interpeace.org\/2023\/06\/remembering-champion-of-peace-agnes-abuom\/#breadcrumb","itemListElement":[{"@type":"ListItem","position":1,"name":"Home","item":"https:\/\/www.interpeace.org\/"},{"@type":"ListItem","position":2,"name":"Remembering Champion of Peace Agnes Abuom"}]},{"@type":"WebSite","@id":"https:\/\/www.interpeace.org\/#website","url":"https:\/\/www.interpeace.org\/","name":"Interpeace","description":"Permettre aux gens de construire une paix durable depuis 1994","publisher":{"@id":"https:\/\/www.interpeace.org\/#organization"},"potentialAction":[{"@type":"SearchAction","target":{"@type":"EntryPoint","urlTemplate":"https:\/\/www.interpeace.org\/?s={search_term_string}"},"query-input":{"@type":"PropertyValueSpecification","valueRequired":true,"valueName":"search_term_string"}}],"inLanguage":"fr-FR"},{"@type":"Organization","@id":"https:\/\/www.interpeace.org\/#organization","name":"INTERPEACE","url":"https:\/\/www.interpeace.org\/","logo":{"@type":"ImageObject","inLanguage":"fr-FR","@id":"https:\/\/www.interpeace.org\/#\/schema\/logo\/image\/","url":"https:\/\/www.interpeace.org\/wp-content\/uploads\/2019\/11\/EN-Interpeace-small.png","contentUrl":"https:\/\/www.interpeace.org\/wp-content\/uploads\/2019\/11\/EN-Interpeace-small.png","width":111,"height":85,"caption":"INTERPEACE"},"image":{"@id":"https:\/\/www.interpeace.org\/#\/schema\/logo\/image\/"},"sameAs":["https:\/\/www.facebook.com\/Interpeace","https:\/\/x.com\/InterpeaceTweet","https:\/\/www.instagram.com\/interpeace\/"]},{"@type":"Person","@id":"https:\/\/www.interpeace.org\/#\/schema\/person\/75fea8ede2ce310d5f1bea81166bf9a1","name":"Alejandro","image":{"@type":"ImageObject","inLanguage":"fr-FR","@id":"https:\/\/secure.gravatar.com\/avatar\/a5627fb156910981ea3ab2405e881b80c8234e50bb58a577081f805dd3bfd753?s=96&d=mm&r=g","url":"https:\/\/secure.gravatar.com\/avatar\/a5627fb156910981ea3ab2405e881b80c8234e50bb58a577081f805dd3bfd753?s=96&d=mm&r=g","contentUrl":"https:\/\/secure.gravatar.com\/avatar\/a5627fb156910981ea3ab2405e881b80c8234e50bb58a577081f805dd3bfd753?s=96&d=mm&r=g","caption":"Alejandro"},"url":"https:\/\/www.interpeace.org\/fr\/author\/amoralesruiz-gm\/"}]}},"_links":{"self":[{"href":"https:\/\/www.interpeace.org\/fr\/wp-json\/wp\/v2\/posts\/13807","targetHints":{"allow":["GET"]}}],"collection":[{"href":"https:\/\/www.interpeace.org\/fr\/wp-json\/wp\/v2\/posts"}],"about":[{"href":"https:\/\/www.interpeace.org\/fr\/wp-json\/wp\/v2\/types\/post"}],"author":[{"embeddable":true,"href":"https:\/\/www.interpeace.org\/fr\/wp-json\/wp\/v2\/users\/1"}],"replies":[{"embeddable":true,"href":"https:\/\/www.interpeace.org\/fr\/wp-json\/wp\/v2\/comments?post=13807"}],"version-history":[{"count":0,"href":"https:\/\/www.interpeace.org\/fr\/wp-json\/wp\/v2\/posts\/13807\/revisions"}],"wp:featuredmedia":[{"embeddable":true,"href":"https:\/\/www.interpeace.org\/fr\/wp-json\/wp\/v2\/media\/13813"}],"wp:attachment":[{"href":"https:\/\/www.interpeace.org\/fr\/wp-json\/wp\/v2\/media?parent=13807"}],"wp:term":[{"taxonomy":"category","embeddable":true,"href":"https:\/\/www.interpeace.org\/fr\/wp-json\/wp\/v2\/categories?post=13807"},{"taxonomy":"post_tag","embeddable":true,"href":"https:\/\/www.interpeace.org\/fr\/wp-json\/wp\/v2\/tags?post=13807"},{"taxonomy":"globales","embeddable":true,"href":"https:\/\/www.interpeace.org\/fr\/wp-json\/wp\/v2\/globales?post=13807"},{"taxonomy":"initiatives","embeddable":true,"href":"https:\/\/www.interpeace.org\/fr\/wp-json\/wp\/v2\/initiatives?post=13807"},{"taxonomy":"news_type","embeddable":true,"href":"https:\/\/www.interpeace.org\/fr\/wp-json\/wp\/v2\/news_type?post=13807"},{"taxonomy":"programmes","embeddable":true,"href":"https:\/\/www.interpeace.org\/fr\/wp-json\/wp\/v2\/programmes?post=13807"},{"taxonomy":"resource_theme","embeddable":true,"href":"https:\/\/www.interpeace.org\/fr\/wp-json\/wp\/v2\/resource_theme?post=13807"},{"taxonomy":"videos_vimeo","embeddable":true,"href":"https:\/\/www.interpeace.org\/fr\/wp-json\/wp\/v2\/videos_vimeo?post=13807"}],"curies":[{"name":"wp","href":"https:\/\/api.w.org\/{rel}","templated":true}]}}