{"id":12980,"date":"2022-12-07T17:39:44","date_gmt":"2022-12-07T16:39:44","guid":{"rendered":"https:\/\/www.interpeace.org\/?p=12980"},"modified":"2022-12-07T17:39:44","modified_gmt":"2022-12-07T16:39:44","slug":"establishing-a-satellite-office-to-further-the-cause-of-peace-in-marsabit","status":"publish","type":"post","link":"https:\/\/www.interpeace.org\/fr\/2022\/12\/establishing-a-satellite-office-to-further-the-cause-of-peace-in-marsabit\/","title":{"rendered":"Etablir un bureau satellite pour faire avancer la paix \u00e0 Marsabit"},"content":{"rendered":"<p>Le comt\u00e9 de Marsabit a \u00e9t\u00e9 t\u00e9moin de conflits sporadiques entre les communaut\u00e9s au cours des derni\u00e8res d\u00e9cennies. Les cycles de violence se sont intensifi\u00e9s depuis 2005, les tensions atteignant un niveau record en 2021 et au d\u00e9but de 2022. Pour cette raison, la Commission nationale de coh\u00e9sion et d'int\u00e9gration (NCIC) et Interpeace ont commenc\u00e9 \u00e0 mettre en \u0153uvre une initiative conjointe de consolidation de la paix visant \u00e0 mettre fin \u00e0 ces probl\u00e8mes plus t\u00f4t cette ann\u00e9e. La <em>\u00ab phase de stabilisation du programme de consolidation de la paix du comt\u00e9 de Marsabit \u00bb<\/em> a \u00e9t\u00e9 officiellement lanc\u00e9e le 14 novembre, en m\u00eame temps qu'un \u00e9v\u00e9nement marquant l'ouverture du bureau satellite du NCIC dans la ville de Marsabit.<\/p>\n<p><img loading=\"lazy\" decoding=\"async\" class=\"aligncenter wp-image-12981 size-large\" src=\"https:\/\/www.interpeace.org\/wp-content\/uploads\/2022\/12\/Marsabit-1-600x400.jpg\" alt=\"\" width=\"600\" height=\"400\" srcset=\"https:\/\/www.interpeace.org\/wp-content\/uploads\/2022\/12\/Marsabit-1-600x400.jpg 600w, https:\/\/www.interpeace.org\/wp-content\/uploads\/2022\/12\/Marsabit-1-300x200.jpg 300w, https:\/\/www.interpeace.org\/wp-content\/uploads\/2022\/12\/Marsabit-1-768x511.jpg 768w, https:\/\/www.interpeace.org\/wp-content\/uploads\/2022\/12\/Marsabit-1-18x12.jpg 18w, https:\/\/www.interpeace.org\/wp-content\/uploads\/2022\/12\/Marsabit-1-150x100.jpg 150w, https:\/\/www.interpeace.org\/wp-content\/uploads\/2022\/12\/Marsabit-1-500x333.jpg 500w, https:\/\/www.interpeace.org\/wp-content\/uploads\/2022\/12\/Marsabit-1.jpg 1000w\" sizes=\"auto, (max-width: 600px) 100vw, 600px\" \/><\/p>\n<p>Lors des \u00e9lections r\u00e9centes au Kenya, le programme, soutenu par l'Union europ\u00e9enne (UE) et la Direction du d\u00e9veloppement et de la coop\u00e9ration (DDC) suisse, s'est concentr\u00e9 sur la pr\u00e9vention d'une escalade de la violence. Depuis lors, la situation s\u00e9curitaire s'est consid\u00e9rablement am\u00e9lior\u00e9e, apr\u00e8s que les communaut\u00e9s Gabra et Borana ont commenc\u00e9 \u00e0 se regrouper de leur propre initiative, acceptant de coexister pacifiquement. Cette situation a provoqu\u00e9 un retour progressif \u00e0 la normalit\u00e9, avec la r\u00e9ouverture des routes et la restitution du b\u00e9tail vol\u00e9. Le programme oriente d\u00e9sormais ses efforts vers le soutien de ces initiatives, tout en mettant en place les conditions pr\u00e9alables \u00e0 la paix en d\u00e9veloppant et en renfor\u00e7ant les structures de gestion durable et inclusive des conflits.<\/p>\n<p><img loading=\"lazy\" decoding=\"async\" class=\"aligncenter wp-image-12982 size-large\" src=\"https:\/\/www.interpeace.org\/wp-content\/uploads\/2022\/12\/Marsabit-2-600x400.jpg\" alt=\"\" width=\"600\" height=\"400\" srcset=\"https:\/\/www.interpeace.org\/wp-content\/uploads\/2022\/12\/Marsabit-2-600x400.jpg 600w, https:\/\/www.interpeace.org\/wp-content\/uploads\/2022\/12\/Marsabit-2-300x200.jpg 300w, https:\/\/www.interpeace.org\/wp-content\/uploads\/2022\/12\/Marsabit-2-768x511.jpg 768w, https:\/\/www.interpeace.org\/wp-content\/uploads\/2022\/12\/Marsabit-2-18x12.jpg 18w, https:\/\/www.interpeace.org\/wp-content\/uploads\/2022\/12\/Marsabit-2-150x100.jpg 150w, https:\/\/www.interpeace.org\/wp-content\/uploads\/2022\/12\/Marsabit-2-500x333.jpg 500w, https:\/\/www.interpeace.org\/wp-content\/uploads\/2022\/12\/Marsabit-2.jpg 1000w\" sizes=\"auto, (max-width: 600px) 100vw, 600px\" \/><\/p>\n<p>S'exprimant \u00e0 Marsabit lors de l'ouverture du nouveau bureau, le pr\u00e9sident du NCIC, le r\u00e9v\u00e9rend Dr Samuel Kobia, a d\u00e9clar\u00e9: \u00ab Le comt\u00e9 de Marsabit a perdu plus de 400 personnes \u00e0 cause de la violence intercommunautaire au cours des cinq derni\u00e8res ann\u00e9es, la circonscription de Saku \u00e9tant la plus touch\u00e9e \u00bb. \u00ab Le conflit a entra\u00een\u00e9 la perte de vies humaines, la destruction de biens, la perturbation de la prestation de services et la perturbation des activit\u00e9s de d\u00e9veloppement et des activit\u00e9s socio-\u00e9conomiques \u00bb, a-t-il ajout\u00e9.<\/p>\n<p>Selon M. Kobia, il est encourageant de noter que la normalit\u00e9 revient lentement dans la r\u00e9gion gr\u00e2ce aux efforts des dirigeants politiques, des chefs religieux, des acteurs de la paix et des \u00e9quipes de s\u00e9curit\u00e9 qui ont travaill\u00e9 sans rel\u00e2che pour maintenir la paix.<\/p>\n<p><img loading=\"lazy\" decoding=\"async\" class=\"aligncenter wp-image-12983 size-large\" src=\"https:\/\/www.interpeace.org\/wp-content\/uploads\/2022\/12\/Marsabit-3-600x400.jpg\" alt=\"\" width=\"600\" height=\"400\" srcset=\"https:\/\/www.interpeace.org\/wp-content\/uploads\/2022\/12\/Marsabit-3-600x400.jpg 600w, https:\/\/www.interpeace.org\/wp-content\/uploads\/2022\/12\/Marsabit-3-300x200.jpg 300w, https:\/\/www.interpeace.org\/wp-content\/uploads\/2022\/12\/Marsabit-3-768x511.jpg 768w, https:\/\/www.interpeace.org\/wp-content\/uploads\/2022\/12\/Marsabit-3-18x12.jpg 18w, https:\/\/www.interpeace.org\/wp-content\/uploads\/2022\/12\/Marsabit-3-150x100.jpg 150w, https:\/\/www.interpeace.org\/wp-content\/uploads\/2022\/12\/Marsabit-3-500x333.jpg 500w, https:\/\/www.interpeace.org\/wp-content\/uploads\/2022\/12\/Marsabit-3.jpg 1000w\" sizes=\"auto, (max-width: 600px) 100vw, 600px\" \/><\/p>\n<p>De son c\u00f4t\u00e9, le repr\u00e9sentant r\u00e9gional principal d'Interpeace pour la Corne de l'Afrique, Theo Hollander, a d\u00e9clar\u00e9 qu'il \u00e9tait heureux de voir que les incidents avaient commenc\u00e9 \u00e0 diminuer, mettant particuli\u00e8rement l'accent sur l'\u00e9mergence d'initiatives de paix locales.<\/p>\n<p>\"In the one and a half years after we did our rapid conflict assessment, we can see that security actors have stepped up and launched a security action that has opened a window of opportunity for the emergence of community-driven peace processes. Most importantly, we have seen significant efforts from the affected communities to bend the spear and try to reconcile. Interpeace is here to support these efforts,\" he noted.<\/p>\n<p><img loading=\"lazy\" decoding=\"async\" class=\"aligncenter wp-image-12984 size-large\" src=\"https:\/\/www.interpeace.org\/wp-content\/uploads\/2022\/12\/Marsabit-5-600x400.jpg\" alt=\"\" width=\"600\" height=\"400\" srcset=\"https:\/\/www.interpeace.org\/wp-content\/uploads\/2022\/12\/Marsabit-5-600x400.jpg 600w, https:\/\/www.interpeace.org\/wp-content\/uploads\/2022\/12\/Marsabit-5-300x200.jpg 300w, https:\/\/www.interpeace.org\/wp-content\/uploads\/2022\/12\/Marsabit-5-16x12.jpg 16w, https:\/\/www.interpeace.org\/wp-content\/uploads\/2022\/12\/Marsabit-5-150x100.jpg 150w\" sizes=\"auto, (max-width: 600px) 100vw, 600px\" \/><\/p>\n<p>Pour mieux comprendre les nuances des conflits, en mai 2021, la NCIC, Interpeace, le gouvernement du comt\u00e9 de Marsabit et le Comit\u00e9 directeur national sur la consolidation de la paix et la gestion des conflits ont entrepris une \u00e9valuation conjointe afin d'identifier les principales raisons de conflit et les sources de r\u00e9silience dans le Comt\u00e9 de Marsabit. Les r\u00e9sultats ont identifi\u00e9 l'ethnopolitisation, une approche \u00e0 somme nulle du pouvoir et des ressources, les griefs individuels et collectifs non r\u00e9solus, l'impunit\u00e9 et l'inaction du gouvernement comme facteurs cl\u00e9s alimentant les conflits violents. Le \u00ab Programme de consolidation de la paix de la NCIC et d\u2019Interpeace dans le Comt\u00e9 de Marsabit, phase de stabilisation \u00bb vise \u00e0 r\u00e9duire la violence, avant et apr\u00e8s les \u00e9lections de 2022, en mobilisant les acteurs de la soci\u00e9t\u00e9, tout en obtenant un consensus sur les besoins et les priorit\u00e9s \u00e0 long terme en mati\u00e8re de consolidation de la paix et de r\u00e9solution des conflits. <em>\u2018NCIC-Interpeace <\/em><em>Marsabit County Peacebuilding Programme- Stabilization Phase\u2019<\/em> seeks to reduce violence, before and after the 2022 elections, by mobilising actors across society, while gaining a consensus for long-term peacebuilding and conflict resolution needs and priorities.<\/p>\n<p>Gr\u00e2ce \u00e0 cette initiative, la confiance a \u00e9t\u00e9 r\u00e9tablie entre les communaut\u00e9s et la culture de la paix et de la r\u00e9conciliation s'est nourrie - abordant certains probl\u00e8mes structurels qui d\u00e9clenchent souvent des conflits avec la direction des communaut\u00e9s.<\/p>\n<p><iframe loading=\"lazy\" title=\"Marsabit Office Launch  2022\" width=\"500\" height=\"281\" src=\"https:\/\/www.youtube.com\/embed\/qzm15gHNwj4?feature=oembed\" frameborder=\"0\" allow=\"accelerometer; autoplay; clipboard-write; encrypted-media; gyroscope; picture-in-picture; web-share\" referrerpolicy=\"strict-origin-when-cross-origin\" allowfullscreen><\/iframe><\/p>","protected":false},"excerpt":{"rendered":"<p>Marsabit County has witnessed sporadic incidents of conflict between communities over the past decades. The cycles of violence in the county have intensified since 2005, with tensions escalating to an all-time high in 2021 and early 2022. Due to this intensification of violence, the National Cohesion and Integration Commission (NCIC) and Interpeace began implementing a [&hellip;]<\/p>\n","protected":false},"author":1,"featured_media":12982,"comment_status":"closed","ping_status":"closed","sticky":false,"template":"","format":"standard","meta":{"_acf_changed":false,"_editorskit_title_hidden":false,"_editorskit_reading_time":0,"_editorskit_is_block_options_detached":false,"_editorskit_block_options_position":"{}","editor_plus_copied_stylings":"{}","_exactmetrics_skip_tracking":false,"_exactmetrics_sitenote_active":false,"_exactmetrics_sitenote_note":"","_exactmetrics_sitenote_category":0,"footnotes":"","_links_to":"","_links_to_target":""},"categories":[1],"tags":[],"globales":[],"initiatives":[],"news_type":[],"programmes":[68,131],"resource_theme":[510],"videos_vimeo":[],"class_list":["post-12980","post","type-post","status-publish","format-standard","has-post-thumbnail","hentry","category-uncategorized","programmes-eastern-and-central-africa","programmes-kenya","resource_theme-dialogue"],"acf":[],"yoast_head":"<!-- This site is optimized with the Yoast SEO Premium plugin v27.4 (Yoast SEO v27.4) - https:\/\/yoast.com\/product\/yoast-seo-premium-wordpress\/ -->\n<title>Establishing a satellite office to further the cause of peace in Marsabit - Interpeace<\/title>\n<meta name=\"robots\" content=\"index, follow, max-snippet:-1, max-image-preview:large, max-video-preview:-1\" \/>\n<link rel=\"canonical\" href=\"https:\/\/www.interpeace.org\/fr\/2022\/12\/establishing-a-satellite-office-to-further-the-cause-of-peace-in-marsabit\/\" \/>\n<meta property=\"og:locale\" content=\"fr_FR\" \/>\n<meta property=\"og:type\" content=\"article\" \/>\n<meta property=\"og:title\" content=\"Establishing a satellite office to further the cause of peace in Marsabit\" \/>\n<meta property=\"og:description\" content=\"Marsabit County has witnessed sporadic incidents of conflict between communities over the past decades. The cycles of violence in the county have intensified since 2005, with tensions escalating to an all-time high in 2021 and early 2022. Due to this intensification of violence, the National Cohesion and Integration Commission (NCIC) and Interpeace began implementing a [&hellip;]\" \/>\n<meta property=\"og:url\" content=\"https:\/\/www.interpeace.org\/fr\/2022\/12\/establishing-a-satellite-office-to-further-the-cause-of-peace-in-marsabit\/\" \/>\n<meta property=\"og:site_name\" content=\"Interpeace\" \/>\n<meta property=\"article:publisher\" content=\"https:\/\/www.facebook.com\/Interpeace\" \/>\n<meta property=\"article:published_time\" content=\"2022-12-07T16:39:44+00:00\" \/>\n<meta property=\"og:image\" content=\"https:\/\/www.interpeace.org\/wp-content\/uploads\/2022\/12\/Marsabit-2-1000x500.jpg\" \/>\n\t<meta property=\"og:image:width\" content=\"1000\" \/>\n\t<meta property=\"og:image:height\" content=\"666\" \/>\n\t<meta property=\"og:image:type\" content=\"image\/jpeg\" \/>\n<meta name=\"author\" content=\"Alejandro\" \/>\n<meta name=\"twitter:card\" content=\"summary_large_image\" \/>\n<meta name=\"twitter:creator\" content=\"@InterpeaceTweet\" \/>\n<meta name=\"twitter:site\" content=\"@InterpeaceTweet\" \/>\n<meta name=\"twitter:label1\" content=\"\u00c9crit par\" \/>\n\t<meta name=\"twitter:data1\" content=\"Alejandro\" \/>\n\t<meta name=\"twitter:label2\" content=\"Dur\u00e9e de lecture estim\u00e9e\" \/>\n\t<meta name=\"twitter:data2\" content=\"4 minutes\" \/>\n<script type=\"application\/ld+json\" class=\"yoast-schema-graph\">{\"@context\":\"https:\\\/\\\/schema.org\",\"@graph\":[{\"@type\":\"Article\",\"@id\":\"https:\\\/\\\/www.interpeace.org\\\/2022\\\/12\\\/establishing-a-satellite-office-to-further-the-cause-of-peace-in-marsabit\\\/#article\",\"isPartOf\":{\"@id\":\"https:\\\/\\\/www.interpeace.org\\\/2022\\\/12\\\/establishing-a-satellite-office-to-further-the-cause-of-peace-in-marsabit\\\/\"},\"author\":{\"name\":\"Alejandro\",\"@id\":\"https:\\\/\\\/www.interpeace.org\\\/#\\\/schema\\\/person\\\/75fea8ede2ce310d5f1bea81166bf9a1\"},\"headline\":\"Establishing a satellite office to further the cause of peace in Marsabit\",\"datePublished\":\"2022-12-07T16:39:44+00:00\",\"mainEntityOfPage\":{\"@id\":\"https:\\\/\\\/www.interpeace.org\\\/2022\\\/12\\\/establishing-a-satellite-office-to-further-the-cause-of-peace-in-marsabit\\\/\"},\"wordCount\":556,\"publisher\":{\"@id\":\"https:\\\/\\\/www.interpeace.org\\\/#organization\"},\"image\":{\"@id\":\"https:\\\/\\\/www.interpeace.org\\\/2022\\\/12\\\/establishing-a-satellite-office-to-further-the-cause-of-peace-in-marsabit\\\/#primaryimage\"},\"thumbnailUrl\":\"https:\\\/\\\/www.interpeace.org\\\/wp-content\\\/uploads\\\/2022\\\/12\\\/Marsabit-2-1000x500.jpg\",\"articleSection\":[\"Uncategorized\"],\"inLanguage\":\"fr-FR\"},{\"@type\":\"WebPage\",\"@id\":\"https:\\\/\\\/www.interpeace.org\\\/2022\\\/12\\\/establishing-a-satellite-office-to-further-the-cause-of-peace-in-marsabit\\\/\",\"url\":\"https:\\\/\\\/www.interpeace.org\\\/2022\\\/12\\\/establishing-a-satellite-office-to-further-the-cause-of-peace-in-marsabit\\\/\",\"name\":\"Establishing a satellite office to further the cause of peace in Marsabit - Interpeace\",\"isPartOf\":{\"@id\":\"https:\\\/\\\/www.interpeace.org\\\/#website\"},\"primaryImageOfPage\":{\"@id\":\"https:\\\/\\\/www.interpeace.org\\\/2022\\\/12\\\/establishing-a-satellite-office-to-further-the-cause-of-peace-in-marsabit\\\/#primaryimage\"},\"image\":{\"@id\":\"https:\\\/\\\/www.interpeace.org\\\/2022\\\/12\\\/establishing-a-satellite-office-to-further-the-cause-of-peace-in-marsabit\\\/#primaryimage\"},\"thumbnailUrl\":\"https:\\\/\\\/www.interpeace.org\\\/wp-content\\\/uploads\\\/2022\\\/12\\\/Marsabit-2-1000x500.jpg\",\"datePublished\":\"2022-12-07T16:39:44+00:00\",\"breadcrumb\":{\"@id\":\"https:\\\/\\\/www.interpeace.org\\\/2022\\\/12\\\/establishing-a-satellite-office-to-further-the-cause-of-peace-in-marsabit\\\/#breadcrumb\"},\"inLanguage\":\"fr-FR\",\"potentialAction\":[{\"@type\":\"ReadAction\",\"target\":[\"https:\\\/\\\/www.interpeace.org\\\/2022\\\/12\\\/establishing-a-satellite-office-to-further-the-cause-of-peace-in-marsabit\\\/\"]}]},{\"@type\":\"ImageObject\",\"inLanguage\":\"fr-FR\",\"@id\":\"https:\\\/\\\/www.interpeace.org\\\/2022\\\/12\\\/establishing-a-satellite-office-to-further-the-cause-of-peace-in-marsabit\\\/#primaryimage\",\"url\":\"https:\\\/\\\/www.interpeace.org\\\/wp-content\\\/uploads\\\/2022\\\/12\\\/Marsabit-2-1000x500.jpg\",\"contentUrl\":\"https:\\\/\\\/www.interpeace.org\\\/wp-content\\\/uploads\\\/2022\\\/12\\\/Marsabit-2-1000x500.jpg\",\"width\":1000,\"height\":666},{\"@type\":\"BreadcrumbList\",\"@id\":\"https:\\\/\\\/www.interpeace.org\\\/2022\\\/12\\\/establishing-a-satellite-office-to-further-the-cause-of-peace-in-marsabit\\\/#breadcrumb\",\"itemListElement\":[{\"@type\":\"ListItem\",\"position\":1,\"name\":\"Home\",\"item\":\"https:\\\/\\\/www.interpeace.org\\\/\"},{\"@type\":\"ListItem\",\"position\":2,\"name\":\"Establishing a satellite office to further the cause of peace in Marsabit\"}]},{\"@type\":\"WebSite\",\"@id\":\"https:\\\/\\\/www.interpeace.org\\\/#website\",\"url\":\"https:\\\/\\\/www.interpeace.org\\\/\",\"name\":\"Interpeace\",\"description\":\"Enabling people to build lasting peace since 1994\",\"publisher\":{\"@id\":\"https:\\\/\\\/www.interpeace.org\\\/#organization\"},\"potentialAction\":[{\"@type\":\"SearchAction\",\"target\":{\"@type\":\"EntryPoint\",\"urlTemplate\":\"https:\\\/\\\/www.interpeace.org\\\/?s={search_term_string}\"},\"query-input\":{\"@type\":\"PropertyValueSpecification\",\"valueRequired\":true,\"valueName\":\"search_term_string\"}}],\"inLanguage\":\"fr-FR\"},{\"@type\":\"Organization\",\"@id\":\"https:\\\/\\\/www.interpeace.org\\\/#organization\",\"name\":\"INTERPEACE\",\"url\":\"https:\\\/\\\/www.interpeace.org\\\/\",\"logo\":{\"@type\":\"ImageObject\",\"inLanguage\":\"fr-FR\",\"@id\":\"https:\\\/\\\/www.interpeace.org\\\/#\\\/schema\\\/logo\\\/image\\\/\",\"url\":\"https:\\\/\\\/www.interpeace.org\\\/wp-content\\\/uploads\\\/2019\\\/11\\\/EN-Interpeace-small.png\",\"contentUrl\":\"https:\\\/\\\/www.interpeace.org\\\/wp-content\\\/uploads\\\/2019\\\/11\\\/EN-Interpeace-small.png\",\"width\":111,\"height\":85,\"caption\":\"INTERPEACE\"},\"image\":{\"@id\":\"https:\\\/\\\/www.interpeace.org\\\/#\\\/schema\\\/logo\\\/image\\\/\"},\"sameAs\":[\"https:\\\/\\\/www.facebook.com\\\/Interpeace\",\"https:\\\/\\\/x.com\\\/InterpeaceTweet\",\"https:\\\/\\\/www.instagram.com\\\/interpeace\\\/\"]},{\"@type\":\"Person\",\"@id\":\"https:\\\/\\\/www.interpeace.org\\\/#\\\/schema\\\/person\\\/75fea8ede2ce310d5f1bea81166bf9a1\",\"name\":\"Alejandro\",\"image\":{\"@type\":\"ImageObject\",\"inLanguage\":\"fr-FR\",\"@id\":\"https:\\\/\\\/secure.gravatar.com\\\/avatar\\\/a5627fb156910981ea3ab2405e881b80c8234e50bb58a577081f805dd3bfd753?s=96&d=mm&r=g\",\"url\":\"https:\\\/\\\/secure.gravatar.com\\\/avatar\\\/a5627fb156910981ea3ab2405e881b80c8234e50bb58a577081f805dd3bfd753?s=96&d=mm&r=g\",\"contentUrl\":\"https:\\\/\\\/secure.gravatar.com\\\/avatar\\\/a5627fb156910981ea3ab2405e881b80c8234e50bb58a577081f805dd3bfd753?s=96&d=mm&r=g\",\"caption\":\"Alejandro\"},\"url\":\"https:\\\/\\\/www.interpeace.org\\\/fr\\\/author\\\/amoralesruiz-gm\\\/\"}]}<\/script>\n<!-- \/ Yoast SEO Premium plugin. -->","yoast_head_json":{"title":"Establishing a satellite office to further the cause of peace in Marsabit - Interpeace","robots":{"index":"index","follow":"follow","max-snippet":"max-snippet:-1","max-image-preview":"max-image-preview:large","max-video-preview":"max-video-preview:-1"},"canonical":"https:\/\/www.interpeace.org\/fr\/2022\/12\/establishing-a-satellite-office-to-further-the-cause-of-peace-in-marsabit\/","og_locale":"fr_FR","og_type":"article","og_title":"Establishing a satellite office to further the cause of peace in Marsabit","og_description":"Marsabit County has witnessed sporadic incidents of conflict between communities over the past decades. The cycles of violence in the county have intensified since 2005, with tensions escalating to an all-time high in 2021 and early 2022. Due to this intensification of violence, the National Cohesion and Integration Commission (NCIC) and Interpeace began implementing a [&hellip;]","og_url":"https:\/\/www.interpeace.org\/fr\/2022\/12\/establishing-a-satellite-office-to-further-the-cause-of-peace-in-marsabit\/","og_site_name":"Interpeace","article_publisher":"https:\/\/www.facebook.com\/Interpeace","article_published_time":"2022-12-07T16:39:44+00:00","og_image":[{"width":1000,"height":666,"url":"https:\/\/www.interpeace.org\/wp-content\/uploads\/2022\/12\/Marsabit-2-1000x500.jpg","type":"image\/jpeg"}],"author":"Alejandro","twitter_card":"summary_large_image","twitter_creator":"@InterpeaceTweet","twitter_site":"@InterpeaceTweet","twitter_misc":{"\u00c9crit par":"Alejandro","Dur\u00e9e de lecture estim\u00e9e":"4 minutes"},"schema":{"@context":"https:\/\/schema.org","@graph":[{"@type":"Article","@id":"https:\/\/www.interpeace.org\/2022\/12\/establishing-a-satellite-office-to-further-the-cause-of-peace-in-marsabit\/#article","isPartOf":{"@id":"https:\/\/www.interpeace.org\/2022\/12\/establishing-a-satellite-office-to-further-the-cause-of-peace-in-marsabit\/"},"author":{"name":"Alejandro","@id":"https:\/\/www.interpeace.org\/#\/schema\/person\/75fea8ede2ce310d5f1bea81166bf9a1"},"headline":"Establishing a satellite office to further the cause of peace in Marsabit","datePublished":"2022-12-07T16:39:44+00:00","mainEntityOfPage":{"@id":"https:\/\/www.interpeace.org\/2022\/12\/establishing-a-satellite-office-to-further-the-cause-of-peace-in-marsabit\/"},"wordCount":556,"publisher":{"@id":"https:\/\/www.interpeace.org\/#organization"},"image":{"@id":"https:\/\/www.interpeace.org\/2022\/12\/establishing-a-satellite-office-to-further-the-cause-of-peace-in-marsabit\/#primaryimage"},"thumbnailUrl":"https:\/\/www.interpeace.org\/wp-content\/uploads\/2022\/12\/Marsabit-2-1000x500.jpg","articleSection":["Uncategorized"],"inLanguage":"fr-FR"},{"@type":"WebPage","@id":"https:\/\/www.interpeace.org\/2022\/12\/establishing-a-satellite-office-to-further-the-cause-of-peace-in-marsabit\/","url":"https:\/\/www.interpeace.org\/2022\/12\/establishing-a-satellite-office-to-further-the-cause-of-peace-in-marsabit\/","name":"Establishing a satellite office to further the cause of peace in Marsabit - Interpeace","isPartOf":{"@id":"https:\/\/www.interpeace.org\/#website"},"primaryImageOfPage":{"@id":"https:\/\/www.interpeace.org\/2022\/12\/establishing-a-satellite-office-to-further-the-cause-of-peace-in-marsabit\/#primaryimage"},"image":{"@id":"https:\/\/www.interpeace.org\/2022\/12\/establishing-a-satellite-office-to-further-the-cause-of-peace-in-marsabit\/#primaryimage"},"thumbnailUrl":"https:\/\/www.interpeace.org\/wp-content\/uploads\/2022\/12\/Marsabit-2-1000x500.jpg","datePublished":"2022-12-07T16:39:44+00:00","breadcrumb":{"@id":"https:\/\/www.interpeace.org\/2022\/12\/establishing-a-satellite-office-to-further-the-cause-of-peace-in-marsabit\/#breadcrumb"},"inLanguage":"fr-FR","potentialAction":[{"@type":"ReadAction","target":["https:\/\/www.interpeace.org\/2022\/12\/establishing-a-satellite-office-to-further-the-cause-of-peace-in-marsabit\/"]}]},{"@type":"ImageObject","inLanguage":"fr-FR","@id":"https:\/\/www.interpeace.org\/2022\/12\/establishing-a-satellite-office-to-further-the-cause-of-peace-in-marsabit\/#primaryimage","url":"https:\/\/www.interpeace.org\/wp-content\/uploads\/2022\/12\/Marsabit-2-1000x500.jpg","contentUrl":"https:\/\/www.interpeace.org\/wp-content\/uploads\/2022\/12\/Marsabit-2-1000x500.jpg","width":1000,"height":666},{"@type":"BreadcrumbList","@id":"https:\/\/www.interpeace.org\/2022\/12\/establishing-a-satellite-office-to-further-the-cause-of-peace-in-marsabit\/#breadcrumb","itemListElement":[{"@type":"ListItem","position":1,"name":"Home","item":"https:\/\/www.interpeace.org\/"},{"@type":"ListItem","position":2,"name":"Establishing a satellite office to further the cause of peace in Marsabit"}]},{"@type":"WebSite","@id":"https:\/\/www.interpeace.org\/#website","url":"https:\/\/www.interpeace.org\/","name":"Interpeace","description":"Permettre aux gens de construire une paix durable depuis 1994","publisher":{"@id":"https:\/\/www.interpeace.org\/#organization"},"potentialAction":[{"@type":"SearchAction","target":{"@type":"EntryPoint","urlTemplate":"https:\/\/www.interpeace.org\/?s={search_term_string}"},"query-input":{"@type":"PropertyValueSpecification","valueRequired":true,"valueName":"search_term_string"}}],"inLanguage":"fr-FR"},{"@type":"Organization","@id":"https:\/\/www.interpeace.org\/#organization","name":"INTERPEACE","url":"https:\/\/www.interpeace.org\/","logo":{"@type":"ImageObject","inLanguage":"fr-FR","@id":"https:\/\/www.interpeace.org\/#\/schema\/logo\/image\/","url":"https:\/\/www.interpeace.org\/wp-content\/uploads\/2019\/11\/EN-Interpeace-small.png","contentUrl":"https:\/\/www.interpeace.org\/wp-content\/uploads\/2019\/11\/EN-Interpeace-small.png","width":111,"height":85,"caption":"INTERPEACE"},"image":{"@id":"https:\/\/www.interpeace.org\/#\/schema\/logo\/image\/"},"sameAs":["https:\/\/www.facebook.com\/Interpeace","https:\/\/x.com\/InterpeaceTweet","https:\/\/www.instagram.com\/interpeace\/"]},{"@type":"Person","@id":"https:\/\/www.interpeace.org\/#\/schema\/person\/75fea8ede2ce310d5f1bea81166bf9a1","name":"Alejandro","image":{"@type":"ImageObject","inLanguage":"fr-FR","@id":"https:\/\/secure.gravatar.com\/avatar\/a5627fb156910981ea3ab2405e881b80c8234e50bb58a577081f805dd3bfd753?s=96&d=mm&r=g","url":"https:\/\/secure.gravatar.com\/avatar\/a5627fb156910981ea3ab2405e881b80c8234e50bb58a577081f805dd3bfd753?s=96&d=mm&r=g","contentUrl":"https:\/\/secure.gravatar.com\/avatar\/a5627fb156910981ea3ab2405e881b80c8234e50bb58a577081f805dd3bfd753?s=96&d=mm&r=g","caption":"Alejandro"},"url":"https:\/\/www.interpeace.org\/fr\/author\/amoralesruiz-gm\/"}]}},"_links":{"self":[{"href":"https:\/\/www.interpeace.org\/fr\/wp-json\/wp\/v2\/posts\/12980","targetHints":{"allow":["GET"]}}],"collection":[{"href":"https:\/\/www.interpeace.org\/fr\/wp-json\/wp\/v2\/posts"}],"about":[{"href":"https:\/\/www.interpeace.org\/fr\/wp-json\/wp\/v2\/types\/post"}],"author":[{"embeddable":true,"href":"https:\/\/www.interpeace.org\/fr\/wp-json\/wp\/v2\/users\/1"}],"replies":[{"embeddable":true,"href":"https:\/\/www.interpeace.org\/fr\/wp-json\/wp\/v2\/comments?post=12980"}],"version-history":[{"count":0,"href":"https:\/\/www.interpeace.org\/fr\/wp-json\/wp\/v2\/posts\/12980\/revisions"}],"wp:featuredmedia":[{"embeddable":true,"href":"https:\/\/www.interpeace.org\/fr\/wp-json\/wp\/v2\/media\/12982"}],"wp:attachment":[{"href":"https:\/\/www.interpeace.org\/fr\/wp-json\/wp\/v2\/media?parent=12980"}],"wp:term":[{"taxonomy":"category","embeddable":true,"href":"https:\/\/www.interpeace.org\/fr\/wp-json\/wp\/v2\/categories?post=12980"},{"taxonomy":"post_tag","embeddable":true,"href":"https:\/\/www.interpeace.org\/fr\/wp-json\/wp\/v2\/tags?post=12980"},{"taxonomy":"globales","embeddable":true,"href":"https:\/\/www.interpeace.org\/fr\/wp-json\/wp\/v2\/globales?post=12980"},{"taxonomy":"initiatives","embeddable":true,"href":"https:\/\/www.interpeace.org\/fr\/wp-json\/wp\/v2\/initiatives?post=12980"},{"taxonomy":"news_type","embeddable":true,"href":"https:\/\/www.interpeace.org\/fr\/wp-json\/wp\/v2\/news_type?post=12980"},{"taxonomy":"programmes","embeddable":true,"href":"https:\/\/www.interpeace.org\/fr\/wp-json\/wp\/v2\/programmes?post=12980"},{"taxonomy":"resource_theme","embeddable":true,"href":"https:\/\/www.interpeace.org\/fr\/wp-json\/wp\/v2\/resource_theme?post=12980"},{"taxonomy":"videos_vimeo","embeddable":true,"href":"https:\/\/www.interpeace.org\/fr\/wp-json\/wp\/v2\/videos_vimeo?post=12980"}],"curies":[{"name":"wp","href":"https:\/\/api.w.org\/{rel}","templated":true}]}}