{"id":12959,"date":"2022-11-24T14:23:19","date_gmt":"2022-11-24T13:23:19","guid":{"rendered":"https:\/\/www.interpeace.org\/?p=12959"},"modified":"2023-01-17T16:21:45","modified_gmt":"2023-01-17T15:21:45","slug":"promoting-an-inclusive-mediation-process-to-strengthen-resilience-and-peace-in-ituri-and-north-kivu","status":"publish","type":"post","link":"https:\/\/www.interpeace.org\/fr\/2022\/11\/promoting-an-inclusive-mediation-process-to-strengthen-resilience-and-peace-in-ituri-and-north-kivu\/","title":{"rendered":"Promouvoir un processus de m\u00e9diation inclusif pour la r\u00e9silience et la paix en Ituri et au Nord-Kivu"},"content":{"rendered":"<p>En R\u00e9publique d\u00e9mocratique du Congo (RDC), les femmes et les jeunes sont les plus touch\u00e9s par les conflits. Pourtant, ils sont sous-repr\u00e9sent\u00e9s dans les efforts de consolidation de la paix et de coh\u00e9sion sociale. Dans cette optique, ils devraient \u00eatre cibl\u00e9s parmi les acteurs de la paix dans le processus de m\u00e9diation actuel. \n\nC'est pourquoi un Groupe consultatif pour la m\u00e9diation en Ituri a \u00e9t\u00e9 \u00e9tabli, avec comme objectif d\u2019\u00eatre inclusif et de garantir une bonne repr\u00e9sentation des femmes et des jeunes. Il s'inscrit dans une vision d'appropriation et de durabilit\u00e9 des efforts de paix par les communaut\u00e9s locales et de renforcement de leurs capacit\u00e9s de r\u00e9solution des conflits. Dans le cadre de ce processus, des parties prenantes ont \u00e9t\u00e9 consult\u00e9es et les r\u00e9sultats de cette approche ont \u00e9t\u00e9 valid\u00e9s par les acteurs provinciaux venant des institutions publiques et de la soci\u00e9t\u00e9 civile, dont des associations de femmes et de jeunes.<\/p>\n<p>Formation of an advisory group is part of a vision of ownership and sustainability of peace efforts by local communities and of strengthening their capacity for conflict resolution. As part of this process, stakeholders were consulted and the results of this approach were validated by provincial actors from public institutions and civil society, including women and youth associations.<\/p>\n<p>Among its recent activities, the group organised a workshop on 29 September, a few days after the International Day of Peace, to relay mediation and negotiation skills to women and youth. Participants were asked \"What can be done for the return of peace in Ituri?\u201d In collaboration with the Ituri provincial government, and with the support of the European Union, this meeting took place in Bunia and was facilitated by the mediation consortium composed of Interpeace and its Action for Peace and Concord (APC) partners, and the Congo Research Group (CRG) of New York University (NYU).<\/p>\n<p>According to most of the participants, the workshop was beneficial in contributing to strengthening the involvement of youth and women in the existing peace mechanisms in their province. \"Ever since the word 'communitarianism' was first used in Ituri, each community has used this word to arm itself to face the opposing community. But this word has already destroyed Ituri. The community should therefore not be a place of identity withdrawal against others but a space for dialogue to live together,\" expressed a member of the Ituri Women's Collective.<\/p>\n<p>This opinion was also shared by the representatives of the public authorities. \"This kind of meeting is a good opportunity to raise awareness of the culture of living together,\" says Esther Maturu, Deputy Coordinator in Ituri of the Disarmament, Demobilisation, Community Rehabilitation and Stabilisation Programme (P-DDRCS\/Ituri).<\/p>\n<p>The advisor to the provincial military governor in charge of youth, Ir\u00e8ne Vaweka, reminded the assembly that \"for some time now, young people have increasingly become executioners and that women are the main victims. By bringing all these people together around the issue of peace, this workshop presents a golden opportunity for the young people present to show the world that they too can commit themselves to peace.\u201d<\/p>\n<p>Cette r\u00e9union a constitu\u00e9 une \u00e9tape importante dans les chantiers du Groupe consultatif pour la m\u00e9diation en Ituri. Celui-ci va poursuivre ses efforts pour que les femmes et les jeunes aient une opportunit\u00e9 de construire leurs comp\u00e9tences de transformation des conflits dans leurs communaut\u00e9s.<\/p>","protected":false},"excerpt":{"rendered":"<p>In the Democratic Republic of Congo (DRC), women and youth are the most affected by conflict, yet they are often under-represented in peacebuilding and social cohesion efforts. There is a need for them to be targeted as peace actors in the current mediation process, which is why an Ituri Mediation Advisory Group was established, with [&hellip;]<\/p>\n","protected":false},"author":1,"featured_media":12960,"comment_status":"closed","ping_status":"closed","sticky":false,"template":"","format":"standard","meta":{"_acf_changed":false,"_editorskit_title_hidden":false,"_editorskit_reading_time":0,"_editorskit_is_block_options_detached":false,"_editorskit_block_options_position":"{}","editor_plus_copied_stylings":"{}","_exactmetrics_skip_tracking":false,"_exactmetrics_sitenote_active":false,"_exactmetrics_sitenote_note":"","_exactmetrics_sitenote_category":0,"footnotes":"","_links_to":"","_links_to_target":""},"categories":[1],"tags":[],"globales":[],"initiatives":[863,865],"news_type":[],"programmes":[214],"resource_theme":[],"videos_vimeo":[],"class_list":["post-12959","post","type-post","status-publish","format-standard","has-post-thumbnail","hentry","category-uncategorized","initiatives-restoring-trust-region","initiatives-strengthening-population-response","programmes-democratic-republic-of-the-congo"],"acf":[],"yoast_head":"<!-- This site is optimized with the Yoast SEO Premium plugin v27.4 (Yoast SEO v27.4) - https:\/\/yoast.com\/product\/yoast-seo-premium-wordpress\/ -->\n<title>Promoting an inclusive mediation process to strengthen resilience and peace in Ituri and North Kivu - Interpeace<\/title>\n<meta name=\"robots\" content=\"index, follow, max-snippet:-1, max-image-preview:large, max-video-preview:-1\" \/>\n<link rel=\"canonical\" href=\"https:\/\/www.interpeace.org\/fr\/2022\/11\/promoting-an-inclusive-mediation-process-to-strengthen-resilience-and-peace-in-ituri-and-north-kivu\/\" \/>\n<meta property=\"og:locale\" content=\"fr_FR\" \/>\n<meta property=\"og:type\" content=\"article\" \/>\n<meta property=\"og:title\" content=\"Promoting an inclusive mediation process to strengthen resilience and peace in Ituri and North Kivu\" \/>\n<meta property=\"og:description\" content=\"In the Democratic Republic of Congo (DRC), women and youth are the most affected by conflict, yet they are often under-represented in peacebuilding and social cohesion efforts. There is a need for them to be targeted as peace actors in the current mediation process, which is why an Ituri Mediation Advisory Group was established, with [&hellip;]\" \/>\n<meta property=\"og:url\" content=\"https:\/\/www.interpeace.org\/fr\/2022\/11\/promoting-an-inclusive-mediation-process-to-strengthen-resilience-and-peace-in-ituri-and-north-kivu\/\" \/>\n<meta property=\"og:site_name\" content=\"Interpeace\" \/>\n<meta property=\"article:publisher\" content=\"https:\/\/www.facebook.com\/Interpeace\" \/>\n<meta property=\"article:published_time\" content=\"2022-11-24T13:23:19+00:00\" \/>\n<meta property=\"article:modified_time\" content=\"2023-01-17T15:21:45+00:00\" \/>\n<meta property=\"og:image\" content=\"https:\/\/www.interpeace.org\/wp-content\/uploads\/2022\/11\/Photo-4_Reunion-de-validation-des-enjeux-conflictuels_Chefs-et-notables-HemaLendu_Ituri_RDC-1080x500.jpg\" \/>\n\t<meta property=\"og:image:width\" content=\"1080\" \/>\n\t<meta property=\"og:image:height\" content=\"809\" \/>\n\t<meta property=\"og:image:type\" content=\"image\/jpeg\" \/>\n<meta name=\"author\" content=\"Alejandro\" \/>\n<meta name=\"twitter:card\" content=\"summary_large_image\" \/>\n<meta name=\"twitter:creator\" content=\"@InterpeaceTweet\" \/>\n<meta name=\"twitter:site\" content=\"@InterpeaceTweet\" \/>\n<meta name=\"twitter:label1\" content=\"\u00c9crit par\" \/>\n\t<meta name=\"twitter:data1\" content=\"Alejandro\" \/>\n\t<meta name=\"twitter:label2\" content=\"Dur\u00e9e de lecture estim\u00e9e\" \/>\n\t<meta name=\"twitter:data2\" content=\"3 minutes\" \/>\n<script type=\"application\/ld+json\" class=\"yoast-schema-graph\">{\"@context\":\"https:\\\/\\\/schema.org\",\"@graph\":[{\"@type\":\"Article\",\"@id\":\"https:\\\/\\\/www.interpeace.org\\\/2022\\\/11\\\/promoting-an-inclusive-mediation-process-to-strengthen-resilience-and-peace-in-ituri-and-north-kivu\\\/#article\",\"isPartOf\":{\"@id\":\"https:\\\/\\\/www.interpeace.org\\\/2022\\\/11\\\/promoting-an-inclusive-mediation-process-to-strengthen-resilience-and-peace-in-ituri-and-north-kivu\\\/\"},\"author\":{\"name\":\"Alejandro\",\"@id\":\"https:\\\/\\\/www.interpeace.org\\\/#\\\/schema\\\/person\\\/75fea8ede2ce310d5f1bea81166bf9a1\"},\"headline\":\"Promoting an inclusive mediation process to strengthen resilience and peace in Ituri and North Kivu\",\"datePublished\":\"2022-11-24T13:23:19+00:00\",\"dateModified\":\"2023-01-17T15:21:45+00:00\",\"mainEntityOfPage\":{\"@id\":\"https:\\\/\\\/www.interpeace.org\\\/2022\\\/11\\\/promoting-an-inclusive-mediation-process-to-strengthen-resilience-and-peace-in-ituri-and-north-kivu\\\/\"},\"wordCount\":490,\"publisher\":{\"@id\":\"https:\\\/\\\/www.interpeace.org\\\/#organization\"},\"image\":{\"@id\":\"https:\\\/\\\/www.interpeace.org\\\/2022\\\/11\\\/promoting-an-inclusive-mediation-process-to-strengthen-resilience-and-peace-in-ituri-and-north-kivu\\\/#primaryimage\"},\"thumbnailUrl\":\"https:\\\/\\\/www.interpeace.org\\\/wp-content\\\/uploads\\\/2022\\\/11\\\/Photo-4_Reunion-de-validation-des-enjeux-conflictuels_Chefs-et-notables-HemaLendu_Ituri_RDC-1080x500.jpg\",\"articleSection\":[\"Uncategorized\"],\"inLanguage\":\"fr-FR\"},{\"@type\":\"WebPage\",\"@id\":\"https:\\\/\\\/www.interpeace.org\\\/2022\\\/11\\\/promoting-an-inclusive-mediation-process-to-strengthen-resilience-and-peace-in-ituri-and-north-kivu\\\/\",\"url\":\"https:\\\/\\\/www.interpeace.org\\\/2022\\\/11\\\/promoting-an-inclusive-mediation-process-to-strengthen-resilience-and-peace-in-ituri-and-north-kivu\\\/\",\"name\":\"Promoting an inclusive mediation process to strengthen resilience and peace in Ituri and North Kivu - Interpeace\",\"isPartOf\":{\"@id\":\"https:\\\/\\\/www.interpeace.org\\\/#website\"},\"primaryImageOfPage\":{\"@id\":\"https:\\\/\\\/www.interpeace.org\\\/2022\\\/11\\\/promoting-an-inclusive-mediation-process-to-strengthen-resilience-and-peace-in-ituri-and-north-kivu\\\/#primaryimage\"},\"image\":{\"@id\":\"https:\\\/\\\/www.interpeace.org\\\/2022\\\/11\\\/promoting-an-inclusive-mediation-process-to-strengthen-resilience-and-peace-in-ituri-and-north-kivu\\\/#primaryimage\"},\"thumbnailUrl\":\"https:\\\/\\\/www.interpeace.org\\\/wp-content\\\/uploads\\\/2022\\\/11\\\/Photo-4_Reunion-de-validation-des-enjeux-conflictuels_Chefs-et-notables-HemaLendu_Ituri_RDC-1080x500.jpg\",\"datePublished\":\"2022-11-24T13:23:19+00:00\",\"dateModified\":\"2023-01-17T15:21:45+00:00\",\"breadcrumb\":{\"@id\":\"https:\\\/\\\/www.interpeace.org\\\/2022\\\/11\\\/promoting-an-inclusive-mediation-process-to-strengthen-resilience-and-peace-in-ituri-and-north-kivu\\\/#breadcrumb\"},\"inLanguage\":\"fr-FR\",\"potentialAction\":[{\"@type\":\"ReadAction\",\"target\":[\"https:\\\/\\\/www.interpeace.org\\\/2022\\\/11\\\/promoting-an-inclusive-mediation-process-to-strengthen-resilience-and-peace-in-ituri-and-north-kivu\\\/\"]}]},{\"@type\":\"ImageObject\",\"inLanguage\":\"fr-FR\",\"@id\":\"https:\\\/\\\/www.interpeace.org\\\/2022\\\/11\\\/promoting-an-inclusive-mediation-process-to-strengthen-resilience-and-peace-in-ituri-and-north-kivu\\\/#primaryimage\",\"url\":\"https:\\\/\\\/www.interpeace.org\\\/wp-content\\\/uploads\\\/2022\\\/11\\\/Photo-4_Reunion-de-validation-des-enjeux-conflictuels_Chefs-et-notables-HemaLendu_Ituri_RDC-1080x500.jpg\",\"contentUrl\":\"https:\\\/\\\/www.interpeace.org\\\/wp-content\\\/uploads\\\/2022\\\/11\\\/Photo-4_Reunion-de-validation-des-enjeux-conflictuels_Chefs-et-notables-HemaLendu_Ituri_RDC-1080x500.jpg\",\"width\":1080,\"height\":809},{\"@type\":\"BreadcrumbList\",\"@id\":\"https:\\\/\\\/www.interpeace.org\\\/2022\\\/11\\\/promoting-an-inclusive-mediation-process-to-strengthen-resilience-and-peace-in-ituri-and-north-kivu\\\/#breadcrumb\",\"itemListElement\":[{\"@type\":\"ListItem\",\"position\":1,\"name\":\"Home\",\"item\":\"https:\\\/\\\/www.interpeace.org\\\/\"},{\"@type\":\"ListItem\",\"position\":2,\"name\":\"Promoting an inclusive mediation process to strengthen resilience and peace in Ituri and North Kivu\"}]},{\"@type\":\"WebSite\",\"@id\":\"https:\\\/\\\/www.interpeace.org\\\/#website\",\"url\":\"https:\\\/\\\/www.interpeace.org\\\/\",\"name\":\"Interpeace\",\"description\":\"Enabling people to build lasting peace since 1994\",\"publisher\":{\"@id\":\"https:\\\/\\\/www.interpeace.org\\\/#organization\"},\"potentialAction\":[{\"@type\":\"SearchAction\",\"target\":{\"@type\":\"EntryPoint\",\"urlTemplate\":\"https:\\\/\\\/www.interpeace.org\\\/?s={search_term_string}\"},\"query-input\":{\"@type\":\"PropertyValueSpecification\",\"valueRequired\":true,\"valueName\":\"search_term_string\"}}],\"inLanguage\":\"fr-FR\"},{\"@type\":\"Organization\",\"@id\":\"https:\\\/\\\/www.interpeace.org\\\/#organization\",\"name\":\"INTERPEACE\",\"url\":\"https:\\\/\\\/www.interpeace.org\\\/\",\"logo\":{\"@type\":\"ImageObject\",\"inLanguage\":\"fr-FR\",\"@id\":\"https:\\\/\\\/www.interpeace.org\\\/#\\\/schema\\\/logo\\\/image\\\/\",\"url\":\"https:\\\/\\\/www.interpeace.org\\\/wp-content\\\/uploads\\\/2019\\\/11\\\/EN-Interpeace-small.png\",\"contentUrl\":\"https:\\\/\\\/www.interpeace.org\\\/wp-content\\\/uploads\\\/2019\\\/11\\\/EN-Interpeace-small.png\",\"width\":111,\"height\":85,\"caption\":\"INTERPEACE\"},\"image\":{\"@id\":\"https:\\\/\\\/www.interpeace.org\\\/#\\\/schema\\\/logo\\\/image\\\/\"},\"sameAs\":[\"https:\\\/\\\/www.facebook.com\\\/Interpeace\",\"https:\\\/\\\/x.com\\\/InterpeaceTweet\",\"https:\\\/\\\/www.instagram.com\\\/interpeace\\\/\"]},{\"@type\":\"Person\",\"@id\":\"https:\\\/\\\/www.interpeace.org\\\/#\\\/schema\\\/person\\\/75fea8ede2ce310d5f1bea81166bf9a1\",\"name\":\"Alejandro\",\"image\":{\"@type\":\"ImageObject\",\"inLanguage\":\"fr-FR\",\"@id\":\"https:\\\/\\\/secure.gravatar.com\\\/avatar\\\/a5627fb156910981ea3ab2405e881b80c8234e50bb58a577081f805dd3bfd753?s=96&d=mm&r=g\",\"url\":\"https:\\\/\\\/secure.gravatar.com\\\/avatar\\\/a5627fb156910981ea3ab2405e881b80c8234e50bb58a577081f805dd3bfd753?s=96&d=mm&r=g\",\"contentUrl\":\"https:\\\/\\\/secure.gravatar.com\\\/avatar\\\/a5627fb156910981ea3ab2405e881b80c8234e50bb58a577081f805dd3bfd753?s=96&d=mm&r=g\",\"caption\":\"Alejandro\"},\"url\":\"https:\\\/\\\/www.interpeace.org\\\/fr\\\/author\\\/amoralesruiz-gm\\\/\"}]}<\/script>\n<!-- \/ Yoast SEO Premium plugin. -->","yoast_head_json":{"title":"Promoting an inclusive mediation process to strengthen resilience and peace in Ituri and North Kivu - Interpeace","robots":{"index":"index","follow":"follow","max-snippet":"max-snippet:-1","max-image-preview":"max-image-preview:large","max-video-preview":"max-video-preview:-1"},"canonical":"https:\/\/www.interpeace.org\/fr\/2022\/11\/promoting-an-inclusive-mediation-process-to-strengthen-resilience-and-peace-in-ituri-and-north-kivu\/","og_locale":"fr_FR","og_type":"article","og_title":"Promoting an inclusive mediation process to strengthen resilience and peace in Ituri and North Kivu","og_description":"In the Democratic Republic of Congo (DRC), women and youth are the most affected by conflict, yet they are often under-represented in peacebuilding and social cohesion efforts. There is a need for them to be targeted as peace actors in the current mediation process, which is why an Ituri Mediation Advisory Group was established, with [&hellip;]","og_url":"https:\/\/www.interpeace.org\/fr\/2022\/11\/promoting-an-inclusive-mediation-process-to-strengthen-resilience-and-peace-in-ituri-and-north-kivu\/","og_site_name":"Interpeace","article_publisher":"https:\/\/www.facebook.com\/Interpeace","article_published_time":"2022-11-24T13:23:19+00:00","article_modified_time":"2023-01-17T15:21:45+00:00","og_image":[{"width":1080,"height":809,"url":"https:\/\/www.interpeace.org\/wp-content\/uploads\/2022\/11\/Photo-4_Reunion-de-validation-des-enjeux-conflictuels_Chefs-et-notables-HemaLendu_Ituri_RDC-1080x500.jpg","type":"image\/jpeg"}],"author":"Alejandro","twitter_card":"summary_large_image","twitter_creator":"@InterpeaceTweet","twitter_site":"@InterpeaceTweet","twitter_misc":{"\u00c9crit par":"Alejandro","Dur\u00e9e de lecture estim\u00e9e":"3 minutes"},"schema":{"@context":"https:\/\/schema.org","@graph":[{"@type":"Article","@id":"https:\/\/www.interpeace.org\/2022\/11\/promoting-an-inclusive-mediation-process-to-strengthen-resilience-and-peace-in-ituri-and-north-kivu\/#article","isPartOf":{"@id":"https:\/\/www.interpeace.org\/2022\/11\/promoting-an-inclusive-mediation-process-to-strengthen-resilience-and-peace-in-ituri-and-north-kivu\/"},"author":{"name":"Alejandro","@id":"https:\/\/www.interpeace.org\/#\/schema\/person\/75fea8ede2ce310d5f1bea81166bf9a1"},"headline":"Promoting an inclusive mediation process to strengthen resilience and peace in Ituri and North Kivu","datePublished":"2022-11-24T13:23:19+00:00","dateModified":"2023-01-17T15:21:45+00:00","mainEntityOfPage":{"@id":"https:\/\/www.interpeace.org\/2022\/11\/promoting-an-inclusive-mediation-process-to-strengthen-resilience-and-peace-in-ituri-and-north-kivu\/"},"wordCount":490,"publisher":{"@id":"https:\/\/www.interpeace.org\/#organization"},"image":{"@id":"https:\/\/www.interpeace.org\/2022\/11\/promoting-an-inclusive-mediation-process-to-strengthen-resilience-and-peace-in-ituri-and-north-kivu\/#primaryimage"},"thumbnailUrl":"https:\/\/www.interpeace.org\/wp-content\/uploads\/2022\/11\/Photo-4_Reunion-de-validation-des-enjeux-conflictuels_Chefs-et-notables-HemaLendu_Ituri_RDC-1080x500.jpg","articleSection":["Uncategorized"],"inLanguage":"fr-FR"},{"@type":"WebPage","@id":"https:\/\/www.interpeace.org\/2022\/11\/promoting-an-inclusive-mediation-process-to-strengthen-resilience-and-peace-in-ituri-and-north-kivu\/","url":"https:\/\/www.interpeace.org\/2022\/11\/promoting-an-inclusive-mediation-process-to-strengthen-resilience-and-peace-in-ituri-and-north-kivu\/","name":"Promoting an inclusive mediation process to strengthen resilience and peace in Ituri and North Kivu - Interpeace","isPartOf":{"@id":"https:\/\/www.interpeace.org\/#website"},"primaryImageOfPage":{"@id":"https:\/\/www.interpeace.org\/2022\/11\/promoting-an-inclusive-mediation-process-to-strengthen-resilience-and-peace-in-ituri-and-north-kivu\/#primaryimage"},"image":{"@id":"https:\/\/www.interpeace.org\/2022\/11\/promoting-an-inclusive-mediation-process-to-strengthen-resilience-and-peace-in-ituri-and-north-kivu\/#primaryimage"},"thumbnailUrl":"https:\/\/www.interpeace.org\/wp-content\/uploads\/2022\/11\/Photo-4_Reunion-de-validation-des-enjeux-conflictuels_Chefs-et-notables-HemaLendu_Ituri_RDC-1080x500.jpg","datePublished":"2022-11-24T13:23:19+00:00","dateModified":"2023-01-17T15:21:45+00:00","breadcrumb":{"@id":"https:\/\/www.interpeace.org\/2022\/11\/promoting-an-inclusive-mediation-process-to-strengthen-resilience-and-peace-in-ituri-and-north-kivu\/#breadcrumb"},"inLanguage":"fr-FR","potentialAction":[{"@type":"ReadAction","target":["https:\/\/www.interpeace.org\/2022\/11\/promoting-an-inclusive-mediation-process-to-strengthen-resilience-and-peace-in-ituri-and-north-kivu\/"]}]},{"@type":"ImageObject","inLanguage":"fr-FR","@id":"https:\/\/www.interpeace.org\/2022\/11\/promoting-an-inclusive-mediation-process-to-strengthen-resilience-and-peace-in-ituri-and-north-kivu\/#primaryimage","url":"https:\/\/www.interpeace.org\/wp-content\/uploads\/2022\/11\/Photo-4_Reunion-de-validation-des-enjeux-conflictuels_Chefs-et-notables-HemaLendu_Ituri_RDC-1080x500.jpg","contentUrl":"https:\/\/www.interpeace.org\/wp-content\/uploads\/2022\/11\/Photo-4_Reunion-de-validation-des-enjeux-conflictuels_Chefs-et-notables-HemaLendu_Ituri_RDC-1080x500.jpg","width":1080,"height":809},{"@type":"BreadcrumbList","@id":"https:\/\/www.interpeace.org\/2022\/11\/promoting-an-inclusive-mediation-process-to-strengthen-resilience-and-peace-in-ituri-and-north-kivu\/#breadcrumb","itemListElement":[{"@type":"ListItem","position":1,"name":"Home","item":"https:\/\/www.interpeace.org\/"},{"@type":"ListItem","position":2,"name":"Promoting an inclusive mediation process to strengthen resilience and peace in Ituri and North Kivu"}]},{"@type":"WebSite","@id":"https:\/\/www.interpeace.org\/#website","url":"https:\/\/www.interpeace.org\/","name":"Interpeace","description":"Permettre aux gens de construire une paix durable depuis 1994","publisher":{"@id":"https:\/\/www.interpeace.org\/#organization"},"potentialAction":[{"@type":"SearchAction","target":{"@type":"EntryPoint","urlTemplate":"https:\/\/www.interpeace.org\/?s={search_term_string}"},"query-input":{"@type":"PropertyValueSpecification","valueRequired":true,"valueName":"search_term_string"}}],"inLanguage":"fr-FR"},{"@type":"Organization","@id":"https:\/\/www.interpeace.org\/#organization","name":"INTERPEACE","url":"https:\/\/www.interpeace.org\/","logo":{"@type":"ImageObject","inLanguage":"fr-FR","@id":"https:\/\/www.interpeace.org\/#\/schema\/logo\/image\/","url":"https:\/\/www.interpeace.org\/wp-content\/uploads\/2019\/11\/EN-Interpeace-small.png","contentUrl":"https:\/\/www.interpeace.org\/wp-content\/uploads\/2019\/11\/EN-Interpeace-small.png","width":111,"height":85,"caption":"INTERPEACE"},"image":{"@id":"https:\/\/www.interpeace.org\/#\/schema\/logo\/image\/"},"sameAs":["https:\/\/www.facebook.com\/Interpeace","https:\/\/x.com\/InterpeaceTweet","https:\/\/www.instagram.com\/interpeace\/"]},{"@type":"Person","@id":"https:\/\/www.interpeace.org\/#\/schema\/person\/75fea8ede2ce310d5f1bea81166bf9a1","name":"Alejandro","image":{"@type":"ImageObject","inLanguage":"fr-FR","@id":"https:\/\/secure.gravatar.com\/avatar\/a5627fb156910981ea3ab2405e881b80c8234e50bb58a577081f805dd3bfd753?s=96&d=mm&r=g","url":"https:\/\/secure.gravatar.com\/avatar\/a5627fb156910981ea3ab2405e881b80c8234e50bb58a577081f805dd3bfd753?s=96&d=mm&r=g","contentUrl":"https:\/\/secure.gravatar.com\/avatar\/a5627fb156910981ea3ab2405e881b80c8234e50bb58a577081f805dd3bfd753?s=96&d=mm&r=g","caption":"Alejandro"},"url":"https:\/\/www.interpeace.org\/fr\/author\/amoralesruiz-gm\/"}]}},"_links":{"self":[{"href":"https:\/\/www.interpeace.org\/fr\/wp-json\/wp\/v2\/posts\/12959","targetHints":{"allow":["GET"]}}],"collection":[{"href":"https:\/\/www.interpeace.org\/fr\/wp-json\/wp\/v2\/posts"}],"about":[{"href":"https:\/\/www.interpeace.org\/fr\/wp-json\/wp\/v2\/types\/post"}],"author":[{"embeddable":true,"href":"https:\/\/www.interpeace.org\/fr\/wp-json\/wp\/v2\/users\/1"}],"replies":[{"embeddable":true,"href":"https:\/\/www.interpeace.org\/fr\/wp-json\/wp\/v2\/comments?post=12959"}],"version-history":[{"count":0,"href":"https:\/\/www.interpeace.org\/fr\/wp-json\/wp\/v2\/posts\/12959\/revisions"}],"wp:featuredmedia":[{"embeddable":true,"href":"https:\/\/www.interpeace.org\/fr\/wp-json\/wp\/v2\/media\/12960"}],"wp:attachment":[{"href":"https:\/\/www.interpeace.org\/fr\/wp-json\/wp\/v2\/media?parent=12959"}],"wp:term":[{"taxonomy":"category","embeddable":true,"href":"https:\/\/www.interpeace.org\/fr\/wp-json\/wp\/v2\/categories?post=12959"},{"taxonomy":"post_tag","embeddable":true,"href":"https:\/\/www.interpeace.org\/fr\/wp-json\/wp\/v2\/tags?post=12959"},{"taxonomy":"globales","embeddable":true,"href":"https:\/\/www.interpeace.org\/fr\/wp-json\/wp\/v2\/globales?post=12959"},{"taxonomy":"initiatives","embeddable":true,"href":"https:\/\/www.interpeace.org\/fr\/wp-json\/wp\/v2\/initiatives?post=12959"},{"taxonomy":"news_type","embeddable":true,"href":"https:\/\/www.interpeace.org\/fr\/wp-json\/wp\/v2\/news_type?post=12959"},{"taxonomy":"programmes","embeddable":true,"href":"https:\/\/www.interpeace.org\/fr\/wp-json\/wp\/v2\/programmes?post=12959"},{"taxonomy":"resource_theme","embeddable":true,"href":"https:\/\/www.interpeace.org\/fr\/wp-json\/wp\/v2\/resource_theme?post=12959"},{"taxonomy":"videos_vimeo","embeddable":true,"href":"https:\/\/www.interpeace.org\/fr\/wp-json\/wp\/v2\/videos_vimeo?post=12959"}],"curies":[{"name":"wp","href":"https:\/\/api.w.org\/{rel}","templated":true}]}}